{"id":1767,"date":"2025-03-18T17:13:12","date_gmt":"2025-03-18T16:13:12","guid":{"rendered":"https:\/\/paca.lpo.fr\/blogs\/pays-aix\/?p=1767"},"modified":"2025-03-18T17:13:13","modified_gmt":"2025-03-18T16:13:13","slug":"manifestation-nuit-de-la-chouette-au-domaine-du-grand-st-jean-samedi-15-mars-2025","status":"publish","type":"post","link":"http:\/\/paca.lpo.fr\/blogs\/pays-aix\/2025\/03\/18\/manifestation-nuit-de-la-chouette-au-domaine-du-grand-st-jean-samedi-15-mars-2025\/","title":{"rendered":"Manifestation \u00ab\u00a0Nuit de la Chouette\u00a0\u00bb au domaine du Grand St Jean samedi 15 mars 2025"},"content":{"rendered":"\n<p><\/p>\n\n\n\n<p>Le CPIE du Pays d&rsquo;Aix nous a accueilli dans ses locaux pour la pr\u00e9sentation d&rsquo;un diaporama sur les rapaces nocturnes, par Genevi\u00e8ve Delvoye et Alain Clermidy. 35 personnes attentives y ont assist\u00e9, dont quelques enfants. Cette projection a \u00e9t\u00e9 suivie de deux projevtions au choix :<\/p>\n\n\n\n<p>Sortie Chouette Chev\u00eache (Genevi\u00e8ve) : <\/p>\n\n\n\n<p>pas de chouette \u00e0 l&rsquo;horizon, ni de chant&#8230;Pour m\u00e9moire, nous avons vu ou entendu : 1 chant de merle noir, 21 corneilles noires en vol, allant au dortoir, 1 rougegorge, 2 rougequeues noirs, 1 fauvette m\u00e9lanoc\u00e9phale (alarme), des pigeons ramiers en vol&#8230;<\/p>\n\n\n\n<p>Sortie Grand-Duc-d&rsquo;Europe (Alain) :<\/p>\n\n\n\n<p>plus \u00ab\u00a0chanceux\u00a0\u00bb, comme disent les qu\u00e9b\u00e9cois : le grand-duc s&rsquo;est montr\u00e9, dans la p\u00e9nombre, a vol\u00e9 deux foisdevant le groupe de participants ravis, et au moment de partir, il s&rsquo;est manifest\u00e9 par quelques cris et d\u00e9but de chant. <\/p>\n\n\n\n<p>Merle noir et rougegorge ont \u00e9galement \u00e9t\u00e9 contact\u00e9 auditivement.<\/p>\n\n\n\n<p>Genevi\u00e8ve Delvoye<\/p>\n\n\n\n<p><\/p>\n\n\n\n<p><\/p>\n\n\n\n<p><\/p>\n\n\n\n<p><\/p>\n\n\n\n<p><\/p>\n\n\n\n<p><\/p>\n","protected":false},"excerpt":{"rendered":"<p>Le CPIE du Pays d&rsquo;Aix nous a accueilli dans ses locaux pour la pr\u00e9sentation d&rsquo;un diaporama sur les rapaces nocturnes, par Genevi\u00e8ve Delvoye et Alain Clermidy. 35 personnes attentives y ont assist\u00e9, dont quelques enfants. Cette projection a \u00e9t\u00e9 suivie de deux projevtions au choix : Sortie Chouette Chev\u00eache (Genevi\u00e8ve) : pas de chouette \u00e0 [&hellip;]<\/p>\n","protected":false},"author":34,"featured_media":0,"comment_status":"open","ping_status":"open","sticky":false,"template":"","format":"standard","meta":{"footnotes":""},"categories":[1],"tags":[44],"class_list":["post-1767","post","type-post","status-publish","format-standard","hentry","category-non-classe","tag-nuit-de-la-chouette"],"jetpack_featured_media_url":"","_links":{"self":[{"href":"http:\/\/paca.lpo.fr\/blogs\/pays-aix\/wp-json\/wp\/v2\/posts\/1767","targetHints":{"allow":["GET"]}}],"collection":[{"href":"http:\/\/paca.lpo.fr\/blogs\/pays-aix\/wp-json\/wp\/v2\/posts"}],"about":[{"href":"http:\/\/paca.lpo.fr\/blogs\/pays-aix\/wp-json\/wp\/v2\/types\/post"}],"author":[{"embeddable":true,"href":"http:\/\/paca.lpo.fr\/blogs\/pays-aix\/wp-json\/wp\/v2\/users\/34"}],"replies":[{"embeddable":true,"href":"http:\/\/paca.lpo.fr\/blogs\/pays-aix\/wp-json\/wp\/v2\/comments?post=1767"}],"version-history":[{"count":1,"href":"http:\/\/paca.lpo.fr\/blogs\/pays-aix\/wp-json\/wp\/v2\/posts\/1767\/revisions"}],"predecessor-version":[{"id":1768,"href":"http:\/\/paca.lpo.fr\/blogs\/pays-aix\/wp-json\/wp\/v2\/posts\/1767\/revisions\/1768"}],"wp:attachment":[{"href":"http:\/\/paca.lpo.fr\/blogs\/pays-aix\/wp-json\/wp\/v2\/media?parent=1767"}],"wp:term":[{"taxonomy":"category","embeddable":true,"href":"http:\/\/paca.lpo.fr\/blogs\/pays-aix\/wp-json\/wp\/v2\/categories?post=1767"},{"taxonomy":"post_tag","embeddable":true,"href":"http:\/\/paca.lpo.fr\/blogs\/pays-aix\/wp-json\/wp\/v2\/tags?post=1767"}],"curies":[{"name":"wp","href":"https:\/\/api.w.org\/{rel}","templated":true}]}}