{"id":20,"date":"2010-12-18T14:57:00","date_gmt":"2010-12-18T14:57:00","guid":{"rendered":"http:\/\/paca.lpo.fr\/blogs\/pays-gapencais\/?p=20"},"modified":"2012-06-29T13:06:07","modified_gmt":"2012-06-29T13:06:07","slug":"sortie-vautour-du-dimanche-19-decembre","status":"publish","type":"post","link":"http:\/\/paca.lpo.fr\/blogs\/pays-gapencais\/2010\/12\/18\/sortie-vautour-du-dimanche-19-decembre\/","title":{"rendered":"sortie vautour du Dimanche 19 d\u00e9cembre"},"content":{"rendered":"<div>\n<p>Salut\u00a0les blogueurs!<br \/>\nj&rsquo;ai eu Christian Teissier (Vautours Baronnies), au t\u00e9l\u00e9phone et en fin de matin\u00e9e aujourd&rsquo;hui, il a dit :<br \/>\n&#8211; demain dimanche, une f\u00eate pastorale est pr\u00e9vue sur le plateau de St-May, avec la mont\u00e9e d&rsquo;un troupeau de moutons\u00a0et\u00a0pr\u00e9s de\u00a0200\u00a0personnes (\u00e9ventuellement, quand le rassemblement a lieu,\u00a0toute cette affluence\u00a0peut g\u00eaner certains observateurs,\u00a0Christian Teissier le pr\u00e9cise). Sauf que \u00e7a reste improbable, vu la pr\u00e9vision m\u00e9t\u00e9o annonc\u00e9e pour demain.<br \/>\n&#8211; actuellement 15 cm de neige sur la route qui monte \u00e0 St-May; c&rsquo;est impraticable en voiture, dans l&rsquo;imm\u00e9diat.<br \/>\n&#8211; dans les Baronnies, la neige \u00ab\u00a0repart\u00a0\u00bb rapidement, d&rsquo;autant plus si on prend en compte le radoucissement\u00a0 annonc\u00e9\u00a0semaine\u00a0prochaine, et m\u00eame la pluie.<br \/>\n&#8211; observer les vautours \u00ab\u00a0en parade\u00a0\u00bb, c&rsquo;est int\u00e9ressant \u00e0 partir de maintenant et jusqu&rsquo;\u00e0 mi-f\u00e9vrier.<br \/>\n&#8211; les premi\u00e8res pontes ont lieu le 15 janvier, et les derni\u00e8res le 15 mars.<\/p>\n<p>Donc je propose de programmer une sortie au plus t\u00f4t, apr\u00e9s les f\u00eates, d\u00e9but janvier et pouvoir d\u00e9placer la date \u00e0 nouveau, si les mauvaises conditions m\u00e9t\u00e9o devaient se reproduire :<br \/>\n<strong>pourquoi pas dimanche 9\u00a0janvier?<br \/>\n<\/strong>D&rsquo;abord, comme le dit Paul Vedel, il faudrait pr\u00e9venir les \u00e9ventuels participants\u00a0que la sortie pr\u00e9vue demain est annul\u00e9e.<br \/>\nEliane ou bien ceux ou celles qui ont acc\u00e9s \u00e0 la \u00ab\u00a0liste dans l&rsquo;ordi\u00a0\u00bb, pouvez-vous passer le message? Concernant l&rsquo;agenda h\u00e9berg\u00e9 sur LPO-PACA, devons-nous intervenir et le pouvons-nous? Sinon \u00e0 travers le blog, qui peut s&rsquo;occuper de faire un petit encart? Eliane, H\u00e9l\u00e8ne, G\u00e9rard, ou bien Alain Hugues? (Je ne le propose pas moi-m\u00eame, je n&rsquo;ai pas suffisamment pratiqu\u00e9 la saisie des pages et\u00a0leur enregistrement, je reverrai tout \u00e7a plus tard avec l&rsquo;un d&rsquo;entre vous.)<\/p>\n<p>Donc la sortie \u00e0 R\u00e9muzat n&rsquo;aura pas lieu demain.<br \/>\nbon dimanche, corinne<\/p>\n<\/div>\n","protected":false},"excerpt":{"rendered":"<p>Salut\u00a0les blogueurs! j&rsquo;ai eu Christian Teissier (Vautours Baronnies), au t\u00e9l\u00e9phone et en fin de matin\u00e9e aujourd&rsquo;hui, il a dit : &#8211; demain dimanche, une f\u00eate pastorale est pr\u00e9vue sur le plateau de St-May, avec la mont\u00e9e d&rsquo;un troupeau de moutons\u00a0et\u00a0pr\u00e9s de\u00a0200\u00a0personnes (\u00e9ventuellement, quand le rassemblement a lieu,\u00a0toute cette affluence\u00a0peut g\u00eaner certains observateurs,\u00a0Christian Teissier le pr\u00e9cise). [&hellip;]<\/p>\n","protected":false},"author":1,"featured_media":0,"comment_status":"open","ping_status":"open","sticky":false,"template":"","format":"standard","meta":{"footnotes":""},"categories":[1],"tags":[],"class_list":["post-20","post","type-post","status-publish","format-standard","hentry","category-non-classe"],"yoast_head":"<!-- This site is optimized with the Yoast SEO plugin v28.3 - https:\/\/yoast.com\/product\/yoast-seo-wordpress\/ -->\n<title>sortie vautour du Dimanche 19 d\u00e9cembre  - Groupe local Pays Gapen\u00e7ais<\/title>\n<meta name=\"robots\" content=\"index, follow, max-snippet:-1, max-image-preview:large, max-video-preview:-1\" \/>\n<link rel=\"canonical\" href=\"https:\/\/paca.lpo.fr\/blogs\/pays-gapencais\/2010\/12\/18\/sortie-vautour-du-dimanche-19-decembre\/\" \/>\n<meta property=\"og:locale\" content=\"fr_FR\" \/>\n<meta property=\"og:type\" content=\"article\" \/>\n<meta property=\"og:title\" content=\"sortie vautour du Dimanche 19 d\u00e9cembre  - Groupe local Pays Gapen\u00e7ais\" \/>\n<meta property=\"og:description\" content=\"Salut\u00a0les blogueurs! j&rsquo;ai eu Christian Teissier (Vautours Baronnies), au t\u00e9l\u00e9phone et en fin de matin\u00e9e aujourd&rsquo;hui, il a dit : &#8211; demain dimanche, une f\u00eate pastorale est pr\u00e9vue sur le plateau de St-May, avec la mont\u00e9e d&rsquo;un troupeau de moutons\u00a0et\u00a0pr\u00e9s de\u00a0200\u00a0personnes (\u00e9ventuellement, quand le rassemblement a lieu,\u00a0toute cette affluence\u00a0peut g\u00eaner certains observateurs,\u00a0Christian Teissier le pr\u00e9cise). [&hellip;]\" \/>\n<meta property=\"og:url\" content=\"https:\/\/paca.lpo.fr\/blogs\/pays-gapencais\/2010\/12\/18\/sortie-vautour-du-dimanche-19-decembre\/\" \/>\n<meta property=\"og:site_name\" content=\"Groupe local Pays Gapen\u00e7ais\" \/>\n<meta property=\"article:published_time\" content=\"2010-12-18T14:57:00+00:00\" \/>\n<meta property=\"article:modified_time\" content=\"2012-06-29T13:06:07+00:00\" \/>\n<meta name=\"author\" content=\"LPOPACA\" \/>\n<meta name=\"twitter:card\" content=\"summary_large_image\" \/>\n<meta name=\"twitter:label1\" content=\"\u00c9crit par\" \/>\n\t<meta name=\"twitter:data1\" content=\"LPOPACA\" \/>\n\t<meta name=\"twitter:label2\" content=\"Dur\u00e9e de lecture estim\u00e9e\" \/>\n\t<meta name=\"twitter:data2\" content=\"2 minutes\" \/>\n<script type=\"application\/ld+json\" class=\"yoast-schema-graph\">{\"@context\":\"https:\\\/\\\/schema.org\",\"@graph\":[{\"@type\":\"Article\",\"@id\":\"https:\\\/\\\/paca.lpo.fr\\\/blogs\\\/pays-gapencais\\\/2010\\\/12\\\/18\\\/sortie-vautour-du-dimanche-19-decembre\\\/#article\",\"isPartOf\":{\"@id\":\"https:\\\/\\\/paca.lpo.fr\\\/blogs\\\/pays-gapencais\\\/2010\\\/12\\\/18\\\/sortie-vautour-du-dimanche-19-decembre\\\/\"},\"author\":{\"name\":\"LPOPACA\",\"@id\":\"https:\\\/\\\/paca.lpo.fr\\\/blogs\\\/pays-gapencais\\\/#\\\/schema\\\/person\\\/f4701c21e2e412e301d69ea575732a07\"},\"headline\":\"sortie vautour du Dimanche 19 d\u00e9cembre\",\"datePublished\":\"2010-12-18T14:57:00+00:00\",\"dateModified\":\"2012-06-29T13:06:07+00:00\",\"mainEntityOfPage\":{\"@id\":\"https:\\\/\\\/paca.lpo.fr\\\/blogs\\\/pays-gapencais\\\/2010\\\/12\\\/18\\\/sortie-vautour-du-dimanche-19-decembre\\\/\"},\"wordCount\":335,\"commentCount\":0,\"publisher\":{\"@id\":\"https:\\\/\\\/paca.lpo.fr\\\/blogs\\\/pays-gapencais\\\/#organization\"},\"inLanguage\":\"fr-FR\",\"potentialAction\":[{\"@type\":\"CommentAction\",\"name\":\"Comment\",\"target\":[\"https:\\\/\\\/paca.lpo.fr\\\/blogs\\\/pays-gapencais\\\/2010\\\/12\\\/18\\\/sortie-vautour-du-dimanche-19-decembre\\\/#respond\"]}]},{\"@type\":\"WebPage\",\"@id\":\"https:\\\/\\\/paca.lpo.fr\\\/blogs\\\/pays-gapencais\\\/2010\\\/12\\\/18\\\/sortie-vautour-du-dimanche-19-decembre\\\/\",\"url\":\"https:\\\/\\\/paca.lpo.fr\\\/blogs\\\/pays-gapencais\\\/2010\\\/12\\\/18\\\/sortie-vautour-du-dimanche-19-decembre\\\/\",\"name\":\"sortie vautour du Dimanche 19 d\u00e9cembre - Groupe local Pays Gapen\u00e7ais\",\"isPartOf\":{\"@id\":\"https:\\\/\\\/paca.lpo.fr\\\/blogs\\\/pays-gapencais\\\/#website\"},\"datePublished\":\"2010-12-18T14:57:00+00:00\",\"dateModified\":\"2012-06-29T13:06:07+00:00\",\"breadcrumb\":{\"@id\":\"https:\\\/\\\/paca.lpo.fr\\\/blogs\\\/pays-gapencais\\\/2010\\\/12\\\/18\\\/sortie-vautour-du-dimanche-19-decembre\\\/#breadcrumb\"},\"inLanguage\":\"fr-FR\",\"potentialAction\":[{\"@type\":\"ReadAction\",\"target\":[\"https:\\\/\\\/paca.lpo.fr\\\/blogs\\\/pays-gapencais\\\/2010\\\/12\\\/18\\\/sortie-vautour-du-dimanche-19-decembre\\\/\"]}]},{\"@type\":\"BreadcrumbList\",\"@id\":\"https:\\\/\\\/paca.lpo.fr\\\/blogs\\\/pays-gapencais\\\/2010\\\/12\\\/18\\\/sortie-vautour-du-dimanche-19-decembre\\\/#breadcrumb\",\"itemListElement\":[{\"@type\":\"ListItem\",\"position\":1,\"name\":\"Accueil\",\"item\":\"https:\\\/\\\/paca.lpo.fr\\\/blogs\\\/pays-gapencais\\\/\"},{\"@type\":\"ListItem\",\"position\":2,\"name\":\"sortie vautour du Dimanche 19 d\u00e9cembre\"}]},{\"@type\":\"WebSite\",\"@id\":\"https:\\\/\\\/paca.lpo.fr\\\/blogs\\\/pays-gapencais\\\/#website\",\"url\":\"https:\\\/\\\/paca.lpo.fr\\\/blogs\\\/pays-gapencais\\\/\",\"name\":\"Groupe local Pays Gapen\u00e7ais\",\"description\":\"Groupe local Pays Gapen\u00e7ais\",\"publisher\":{\"@id\":\"https:\\\/\\\/paca.lpo.fr\\\/blogs\\\/pays-gapencais\\\/#organization\"},\"potentialAction\":[{\"@type\":\"SearchAction\",\"target\":{\"@type\":\"EntryPoint\",\"urlTemplate\":\"https:\\\/\\\/paca.lpo.fr\\\/blogs\\\/pays-gapencais\\\/?s={search_term_string}\"},\"query-input\":{\"@type\":\"PropertyValueSpecification\",\"valueRequired\":true,\"valueName\":\"search_term_string\"}}],\"inLanguage\":\"fr-FR\"},{\"@type\":\"Organization\",\"@id\":\"https:\\\/\\\/paca.lpo.fr\\\/blogs\\\/pays-gapencais\\\/#organization\",\"name\":\"Groupe local Pays Gapen\u00e7ais\",\"url\":\"https:\\\/\\\/paca.lpo.fr\\\/blogs\\\/pays-gapencais\\\/\",\"logo\":{\"@type\":\"ImageObject\",\"inLanguage\":\"fr-FR\",\"@id\":\"https:\\\/\\\/paca.lpo.fr\\\/blogs\\\/pays-gapencais\\\/#\\\/schema\\\/logo\\\/image\\\/\",\"url\":\"https:\\\/\\\/paca.lpo.fr\\\/blogs\\\/pays-gapencais\\\/files\\\/2024\\\/01\\\/cropped-rvb-lpo-paca-logotype-signature-droite-mini-500.jpg\",\"contentUrl\":\"https:\\\/\\\/paca.lpo.fr\\\/blogs\\\/pays-gapencais\\\/files\\\/2024\\\/01\\\/cropped-rvb-lpo-paca-logotype-signature-droite-mini-500.jpg\",\"width\":500,\"height\":210,\"caption\":\"Groupe local Pays Gapen\u00e7ais\"},\"image\":{\"@id\":\"https:\\\/\\\/paca.lpo.fr\\\/blogs\\\/pays-gapencais\\\/#\\\/schema\\\/logo\\\/image\\\/\"}},{\"@type\":\"Person\",\"@id\":\"https:\\\/\\\/paca.lpo.fr\\\/blogs\\\/pays-gapencais\\\/#\\\/schema\\\/person\\\/f4701c21e2e412e301d69ea575732a07\",\"name\":\"LPOPACA\",\"image\":{\"@type\":\"ImageObject\",\"inLanguage\":\"fr-FR\",\"@id\":\"https:\\\/\\\/secure.gravatar.com\\\/avatar\\\/61b4fe4aeb906264475360b018582a8a825394c21df85ee757345c68c15ddd14?s=96&d=mm&r=g\",\"url\":\"https:\\\/\\\/secure.gravatar.com\\\/avatar\\\/61b4fe4aeb906264475360b018582a8a825394c21df85ee757345c68c15ddd14?s=96&d=mm&r=g\",\"contentUrl\":\"https:\\\/\\\/secure.gravatar.com\\\/avatar\\\/61b4fe4aeb906264475360b018582a8a825394c21df85ee757345c68c15ddd14?s=96&d=mm&r=g\",\"caption\":\"LPOPACA\"},\"url\":\"http:\\\/\\\/paca.lpo.fr\\\/blogs\\\/pays-gapencais\\\/author\\\/lpopaca\\\/\"}]}<\/script>\n<!-- \/ Yoast SEO plugin. -->","yoast_head_json":{"title":"sortie vautour du Dimanche 19 d\u00e9cembre  - Groupe local Pays Gapen\u00e7ais","robots":{"index":"index","follow":"follow","max-snippet":"max-snippet:-1","max-image-preview":"max-image-preview:large","max-video-preview":"max-video-preview:-1"},"canonical":"https:\/\/paca.lpo.fr\/blogs\/pays-gapencais\/2010\/12\/18\/sortie-vautour-du-dimanche-19-decembre\/","og_locale":"fr_FR","og_type":"article","og_title":"sortie vautour du Dimanche 19 d\u00e9cembre  - Groupe local Pays Gapen\u00e7ais","og_description":"Salut\u00a0les blogueurs! j&rsquo;ai eu Christian Teissier (Vautours Baronnies), au t\u00e9l\u00e9phone et en fin de matin\u00e9e aujourd&rsquo;hui, il a dit : &#8211; demain dimanche, une f\u00eate pastorale est pr\u00e9vue sur le plateau de St-May, avec la mont\u00e9e d&rsquo;un troupeau de moutons\u00a0et\u00a0pr\u00e9s de\u00a0200\u00a0personnes (\u00e9ventuellement, quand le rassemblement a lieu,\u00a0toute cette affluence\u00a0peut g\u00eaner certains observateurs,\u00a0Christian Teissier le pr\u00e9cise). [&hellip;]","og_url":"https:\/\/paca.lpo.fr\/blogs\/pays-gapencais\/2010\/12\/18\/sortie-vautour-du-dimanche-19-decembre\/","og_site_name":"Groupe local Pays Gapen\u00e7ais","article_published_time":"2010-12-18T14:57:00+00:00","article_modified_time":"2012-06-29T13:06:07+00:00","author":"LPOPACA","twitter_card":"summary_large_image","twitter_misc":{"\u00c9crit par":"LPOPACA","Dur\u00e9e de lecture estim\u00e9e":"2 minutes"},"schema":{"@context":"https:\/\/schema.org","@graph":[{"@type":"Article","@id":"https:\/\/paca.lpo.fr\/blogs\/pays-gapencais\/2010\/12\/18\/sortie-vautour-du-dimanche-19-decembre\/#article","isPartOf":{"@id":"https:\/\/paca.lpo.fr\/blogs\/pays-gapencais\/2010\/12\/18\/sortie-vautour-du-dimanche-19-decembre\/"},"author":{"name":"LPOPACA","@id":"https:\/\/paca.lpo.fr\/blogs\/pays-gapencais\/#\/schema\/person\/f4701c21e2e412e301d69ea575732a07"},"headline":"sortie vautour du Dimanche 19 d\u00e9cembre","datePublished":"2010-12-18T14:57:00+00:00","dateModified":"2012-06-29T13:06:07+00:00","mainEntityOfPage":{"@id":"https:\/\/paca.lpo.fr\/blogs\/pays-gapencais\/2010\/12\/18\/sortie-vautour-du-dimanche-19-decembre\/"},"wordCount":335,"commentCount":0,"publisher":{"@id":"https:\/\/paca.lpo.fr\/blogs\/pays-gapencais\/#organization"},"inLanguage":"fr-FR","potentialAction":[{"@type":"CommentAction","name":"Comment","target":["https:\/\/paca.lpo.fr\/blogs\/pays-gapencais\/2010\/12\/18\/sortie-vautour-du-dimanche-19-decembre\/#respond"]}]},{"@type":"WebPage","@id":"https:\/\/paca.lpo.fr\/blogs\/pays-gapencais\/2010\/12\/18\/sortie-vautour-du-dimanche-19-decembre\/","url":"https:\/\/paca.lpo.fr\/blogs\/pays-gapencais\/2010\/12\/18\/sortie-vautour-du-dimanche-19-decembre\/","name":"sortie vautour du Dimanche 19 d\u00e9cembre - Groupe local Pays Gapen\u00e7ais","isPartOf":{"@id":"https:\/\/paca.lpo.fr\/blogs\/pays-gapencais\/#website"},"datePublished":"2010-12-18T14:57:00+00:00","dateModified":"2012-06-29T13:06:07+00:00","breadcrumb":{"@id":"https:\/\/paca.lpo.fr\/blogs\/pays-gapencais\/2010\/12\/18\/sortie-vautour-du-dimanche-19-decembre\/#breadcrumb"},"inLanguage":"fr-FR","potentialAction":[{"@type":"ReadAction","target":["https:\/\/paca.lpo.fr\/blogs\/pays-gapencais\/2010\/12\/18\/sortie-vautour-du-dimanche-19-decembre\/"]}]},{"@type":"BreadcrumbList","@id":"https:\/\/paca.lpo.fr\/blogs\/pays-gapencais\/2010\/12\/18\/sortie-vautour-du-dimanche-19-decembre\/#breadcrumb","itemListElement":[{"@type":"ListItem","position":1,"name":"Accueil","item":"https:\/\/paca.lpo.fr\/blogs\/pays-gapencais\/"},{"@type":"ListItem","position":2,"name":"sortie vautour du Dimanche 19 d\u00e9cembre"}]},{"@type":"WebSite","@id":"https:\/\/paca.lpo.fr\/blogs\/pays-gapencais\/#website","url":"https:\/\/paca.lpo.fr\/blogs\/pays-gapencais\/","name":"Groupe local Pays Gapen\u00e7ais","description":"Groupe local Pays Gapen\u00e7ais","publisher":{"@id":"https:\/\/paca.lpo.fr\/blogs\/pays-gapencais\/#organization"},"potentialAction":[{"@type":"SearchAction","target":{"@type":"EntryPoint","urlTemplate":"https:\/\/paca.lpo.fr\/blogs\/pays-gapencais\/?s={search_term_string}"},"query-input":{"@type":"PropertyValueSpecification","valueRequired":true,"valueName":"search_term_string"}}],"inLanguage":"fr-FR"},{"@type":"Organization","@id":"https:\/\/paca.lpo.fr\/blogs\/pays-gapencais\/#organization","name":"Groupe local Pays Gapen\u00e7ais","url":"https:\/\/paca.lpo.fr\/blogs\/pays-gapencais\/","logo":{"@type":"ImageObject","inLanguage":"fr-FR","@id":"https:\/\/paca.lpo.fr\/blogs\/pays-gapencais\/#\/schema\/logo\/image\/","url":"https:\/\/paca.lpo.fr\/blogs\/pays-gapencais\/files\/2024\/01\/cropped-rvb-lpo-paca-logotype-signature-droite-mini-500.jpg","contentUrl":"https:\/\/paca.lpo.fr\/blogs\/pays-gapencais\/files\/2024\/01\/cropped-rvb-lpo-paca-logotype-signature-droite-mini-500.jpg","width":500,"height":210,"caption":"Groupe local Pays Gapen\u00e7ais"},"image":{"@id":"https:\/\/paca.lpo.fr\/blogs\/pays-gapencais\/#\/schema\/logo\/image\/"}},{"@type":"Person","@id":"https:\/\/paca.lpo.fr\/blogs\/pays-gapencais\/#\/schema\/person\/f4701c21e2e412e301d69ea575732a07","name":"LPOPACA","image":{"@type":"ImageObject","inLanguage":"fr-FR","@id":"https:\/\/secure.gravatar.com\/avatar\/61b4fe4aeb906264475360b018582a8a825394c21df85ee757345c68c15ddd14?s=96&d=mm&r=g","url":"https:\/\/secure.gravatar.com\/avatar\/61b4fe4aeb906264475360b018582a8a825394c21df85ee757345c68c15ddd14?s=96&d=mm&r=g","contentUrl":"https:\/\/secure.gravatar.com\/avatar\/61b4fe4aeb906264475360b018582a8a825394c21df85ee757345c68c15ddd14?s=96&d=mm&r=g","caption":"LPOPACA"},"url":"http:\/\/paca.lpo.fr\/blogs\/pays-gapencais\/author\/lpopaca\/"}]}},"jetpack_featured_media_url":"","_links":{"self":[{"href":"http:\/\/paca.lpo.fr\/blogs\/pays-gapencais\/wp-json\/wp\/v2\/posts\/20","targetHints":{"allow":["GET"]}}],"collection":[{"href":"http:\/\/paca.lpo.fr\/blogs\/pays-gapencais\/wp-json\/wp\/v2\/posts"}],"about":[{"href":"http:\/\/paca.lpo.fr\/blogs\/pays-gapencais\/wp-json\/wp\/v2\/types\/post"}],"author":[{"embeddable":true,"href":"http:\/\/paca.lpo.fr\/blogs\/pays-gapencais\/wp-json\/wp\/v2\/users\/1"}],"replies":[{"embeddable":true,"href":"http:\/\/paca.lpo.fr\/blogs\/pays-gapencais\/wp-json\/wp\/v2\/comments?post=20"}],"version-history":[{"count":4,"href":"http:\/\/paca.lpo.fr\/blogs\/pays-gapencais\/wp-json\/wp\/v2\/posts\/20\/revisions"}],"predecessor-version":[{"id":23,"href":"http:\/\/paca.lpo.fr\/blogs\/pays-gapencais\/wp-json\/wp\/v2\/posts\/20\/revisions\/23"}],"wp:attachment":[{"href":"http:\/\/paca.lpo.fr\/blogs\/pays-gapencais\/wp-json\/wp\/v2\/media?parent=20"}],"wp:term":[{"taxonomy":"category","embeddable":true,"href":"http:\/\/paca.lpo.fr\/blogs\/pays-gapencais\/wp-json\/wp\/v2\/categories?post=20"},{"taxonomy":"post_tag","embeddable":true,"href":"http:\/\/paca.lpo.fr\/blogs\/pays-gapencais\/wp-json\/wp\/v2\/tags?post=20"}],"curies":[{"name":"wp","href":"https:\/\/api.w.org\/{rel}","templated":true}]}}