{"id":233,"date":"2013-12-02T21:21:01","date_gmt":"2013-12-02T21:21:01","guid":{"rendered":"http:\/\/paca.lpo.fr\/blogs\/pays-gapencais\/?p=233"},"modified":"2014-10-31T13:12:22","modified_gmt":"2014-10-31T13:12:22","slug":"les-geants-du-caire","status":"publish","type":"post","link":"http:\/\/paca.lpo.fr\/blogs\/pays-gapencais\/2013\/12\/02\/les-geants-du-caire\/","title":{"rendered":"Les G\u00e9ants du Caire"},"content":{"rendered":"<p>Le dimanche <span style=\"font-size: 16px\">1<span style=\"font-size: 10px\">er<\/span><\/span> d\u00e9cembre, 16 personnes ont covoitur\u00e9 jusqu&rsquo;\u00e0 R\u00e9muzat pour la traditionnelle visite de fin d&rsquo;ann\u00e9e \u00e0 la colonie de vautours. Cette p\u00e9riode est tr\u00e8s favorable pour observer des vols en tandem. Les oiseaux sont revenus des territoires d&rsquo;estive, les p\u00e2turages hauts-alpins ou savoyards,\u00a0en compagnie des troupeaux de moutons&#8230; Et comme c&rsquo;est bient\u00f4t le moment de la nidification, ils doivent rejoindre leurs quartiers d&rsquo;hiver, chercher ou retrouver leur partenaire, commencer ou retaper l&rsquo;aire qui accueillera la prog\u00e9niture.<\/p>\n<figure id=\"attachment_237\" aria-describedby=\"caption-attachment-237\" style=\"width: 448px\" class=\"wp-caption aligncenter\"><a href=\"http:\/\/paca.lpo.fr\/blogs\/pays-gapencais\/files\/2013\/12\/RA66589RD.jpg\"><img loading=\"lazy\" decoding=\"async\" class=\"size-full wp-image-237 \" alt=\"La salle de bal des Vautours\" src=\"http:\/\/paca.lpo.fr\/blogs\/pays-gapencais\/files\/2013\/12\/RA66589RD.jpg\" width=\"448\" height=\"293\" \/><\/a><figcaption id=\"caption-attachment-237\" class=\"wp-caption-text\">La salle de bal des Vautours (Ph. Jean RAILLOT)<\/figcaption><\/figure>\n<p>Gr\u00e2ce \u00e0 une m\u00e9t\u00e9o id\u00e9ale pour la saison, nous avons bien profit\u00e9 de la journ\u00e9e. Un premier arr\u00eat vers l&rsquo;abbaye de Baudon a permis d&rsquo;observer quelques all\u00e9es et venues au-dessus de la voli\u00e8re de St May, ainsi qu&rsquo;un Vautour moine. Apr\u00e8s le parking, il faut marcher \u00e0 peine une demi-heure pour gagner le sommet du Caire. \u00a0Et l\u00e0, c&rsquo;est le festival. Un ballet incessant de grands voiliers qui fr\u00f4lent la falaise, passent au-dessus de nos t\u00eates, se posent sur les vires o\u00f9 les longues-vues sont dirig\u00e9es aussit\u00f4t&#8230; Les photographes cherchent les meilleurs emplacements pour les prises de vue les plus originales. Les habitu\u00e9s fournissent moultes explications aux novices qui s&rsquo;extasient. M\u00eame le pique-nique n&rsquo;interrompt pas les observations, bien que le soleil et l&rsquo;herbe s\u00e8che inciteraient plut\u00f4t \u00e0 la sieste !<\/p>\n<p>Vers 14h, un groupe redescend \u00e0 la Maison des Vautours o\u00f9 un film est projet\u00e9. Christian TESSIER, le ma\u00eetre des lieux, \u00a0compl\u00e8te aimablement les informations. La seconde \u00e9quipe, qui ne s&rsquo;est pas d\u00e9cid\u00e9e pas \u00e0 quitter le site, prolonge la balade sur la cr\u00eate pour admirer le paysage sous le soleil qui d\u00e9cline.<\/p>\n<figure id=\"attachment_238\" aria-describedby=\"caption-attachment-238\" style=\"width: 299px\" class=\"wp-caption aligncenter\"><a href=\"http:\/\/paca.lpo.fr\/blogs\/pays-gapencais\/files\/2013\/12\/MP-vautour-fauve-05-RD.jpg\"><img loading=\"lazy\" decoding=\"async\" class=\"size-full wp-image-238 \" alt=\"Vols en tandem\" src=\"http:\/\/paca.lpo.fr\/blogs\/pays-gapencais\/files\/2013\/12\/MP-vautour-fauve-05-RD.jpg\" width=\"299\" height=\"448\" \/><\/a><figcaption id=\"caption-attachment-238\" class=\"wp-caption-text\">Vols en tandem (Ph. Marc PROVOST)<\/figcaption><\/figure>\n","protected":false},"excerpt":{"rendered":"<p>Le dimanche 1er d\u00e9cembre, 16 personnes ont covoitur\u00e9 jusqu&rsquo;\u00e0 R\u00e9muzat pour la traditionnelle visite de fin d&rsquo;ann\u00e9e \u00e0 la colonie de vautours. Cette p\u00e9riode est tr\u00e8s favorable pour observer des vols en tandem. Les oiseaux sont revenus des territoires d&rsquo;estive, les p\u00e2turages hauts-alpins ou savoyards,\u00a0en compagnie des troupeaux de moutons&#8230; Et comme c&rsquo;est bient\u00f4t le [&hellip;]<\/p>\n","protected":false},"author":20,"featured_media":238,"comment_status":"open","ping_status":"open","sticky":false,"template":"","format":"standard","meta":{"footnotes":""},"categories":[1],"tags":[],"class_list":["post-233","post","type-post","status-publish","format-standard","has-post-thumbnail","hentry","category-non-classe"],"yoast_head":"<!-- This site is optimized with the Yoast SEO plugin v28.3 - https:\/\/yoast.com\/product\/yoast-seo-wordpress\/ -->\n<title>Les G\u00e9ants du Caire - Groupe local Pays Gapen\u00e7ais<\/title>\n<meta name=\"robots\" content=\"index, follow, max-snippet:-1, max-image-preview:large, max-video-preview:-1\" \/>\n<link rel=\"canonical\" href=\"http:\/\/paca.lpo.fr\/blogs\/pays-gapencais\/2013\/12\/02\/les-geants-du-caire\/\" \/>\n<meta property=\"og:locale\" content=\"fr_FR\" \/>\n<meta property=\"og:type\" content=\"article\" \/>\n<meta property=\"og:title\" content=\"Les G\u00e9ants du Caire - Groupe local Pays Gapen\u00e7ais\" \/>\n<meta property=\"og:description\" content=\"Le dimanche 1er d\u00e9cembre, 16 personnes ont covoitur\u00e9 jusqu&rsquo;\u00e0 R\u00e9muzat pour la traditionnelle visite de fin d&rsquo;ann\u00e9e \u00e0 la colonie de vautours. Cette p\u00e9riode est tr\u00e8s favorable pour observer des vols en tandem. Les oiseaux sont revenus des territoires d&rsquo;estive, les p\u00e2turages hauts-alpins ou savoyards,\u00a0en compagnie des troupeaux de moutons&#8230; Et comme c&rsquo;est bient\u00f4t le [&hellip;]\" \/>\n<meta property=\"og:url\" content=\"http:\/\/paca.lpo.fr\/blogs\/pays-gapencais\/2013\/12\/02\/les-geants-du-caire\/\" \/>\n<meta property=\"og:site_name\" content=\"Groupe local Pays Gapen\u00e7ais\" \/>\n<meta property=\"article:published_time\" content=\"2013-12-02T21:21:01+00:00\" \/>\n<meta property=\"article:modified_time\" content=\"2014-10-31T13:12:22+00:00\" \/>\n<meta property=\"og:image\" content=\"https:\/\/paca.lpo.fr\/blogs\/pays-gapencais\/files\/2013\/12\/MP-vautour-fauve-05-RD.jpg\" \/>\n\t<meta property=\"og:image:width\" content=\"299\" \/>\n\t<meta property=\"og:image:height\" content=\"448\" \/>\n\t<meta property=\"og:image:type\" content=\"image\/jpeg\" \/>\n<meta name=\"author\" content=\"LPO Pays Gapen\u00e7ais\" \/>\n<meta name=\"twitter:card\" content=\"summary_large_image\" \/>\n<meta name=\"twitter:label1\" content=\"\u00c9crit par\" \/>\n\t<meta name=\"twitter:data1\" content=\"LPO Pays Gapen\u00e7ais\" \/>\n\t<meta name=\"twitter:label2\" content=\"Dur\u00e9e de lecture estim\u00e9e\" \/>\n\t<meta name=\"twitter:data2\" content=\"2 minutes\" \/>\n<script type=\"application\/ld+json\" class=\"yoast-schema-graph\">{\"@context\":\"https:\\\/\\\/schema.org\",\"@graph\":[{\"@type\":\"Article\",\"@id\":\"http:\\\/\\\/paca.lpo.fr\\\/blogs\\\/pays-gapencais\\\/2013\\\/12\\\/02\\\/les-geants-du-caire\\\/#article\",\"isPartOf\":{\"@id\":\"http:\\\/\\\/paca.lpo.fr\\\/blogs\\\/pays-gapencais\\\/2013\\\/12\\\/02\\\/les-geants-du-caire\\\/\"},\"author\":{\"name\":\"LPO Pays Gapen\u00e7ais\",\"@id\":\"https:\\\/\\\/paca.lpo.fr\\\/blogs\\\/pays-gapencais\\\/#\\\/schema\\\/person\\\/f04b4317576a566640b52fd10cb73f42\"},\"headline\":\"Les G\u00e9ants du Caire\",\"datePublished\":\"2013-12-02T21:21:01+00:00\",\"dateModified\":\"2014-10-31T13:12:22+00:00\",\"mainEntityOfPage\":{\"@id\":\"http:\\\/\\\/paca.lpo.fr\\\/blogs\\\/pays-gapencais\\\/2013\\\/12\\\/02\\\/les-geants-du-caire\\\/\"},\"wordCount\":332,\"commentCount\":0,\"publisher\":{\"@id\":\"https:\\\/\\\/paca.lpo.fr\\\/blogs\\\/pays-gapencais\\\/#organization\"},\"image\":{\"@id\":\"http:\\\/\\\/paca.lpo.fr\\\/blogs\\\/pays-gapencais\\\/2013\\\/12\\\/02\\\/les-geants-du-caire\\\/#primaryimage\"},\"thumbnailUrl\":\"https:\\\/\\\/paca.lpo.fr\\\/blogs\\\/pays-gapencais\\\/files\\\/2013\\\/12\\\/MP-vautour-fauve-05-RD.jpg\",\"inLanguage\":\"fr-FR\",\"potentialAction\":[{\"@type\":\"CommentAction\",\"name\":\"Comment\",\"target\":[\"http:\\\/\\\/paca.lpo.fr\\\/blogs\\\/pays-gapencais\\\/2013\\\/12\\\/02\\\/les-geants-du-caire\\\/#respond\"]}]},{\"@type\":\"WebPage\",\"@id\":\"http:\\\/\\\/paca.lpo.fr\\\/blogs\\\/pays-gapencais\\\/2013\\\/12\\\/02\\\/les-geants-du-caire\\\/\",\"url\":\"http:\\\/\\\/paca.lpo.fr\\\/blogs\\\/pays-gapencais\\\/2013\\\/12\\\/02\\\/les-geants-du-caire\\\/\",\"name\":\"Les G\u00e9ants du Caire - Groupe local Pays Gapen\u00e7ais\",\"isPartOf\":{\"@id\":\"https:\\\/\\\/paca.lpo.fr\\\/blogs\\\/pays-gapencais\\\/#website\"},\"primaryImageOfPage\":{\"@id\":\"http:\\\/\\\/paca.lpo.fr\\\/blogs\\\/pays-gapencais\\\/2013\\\/12\\\/02\\\/les-geants-du-caire\\\/#primaryimage\"},\"image\":{\"@id\":\"http:\\\/\\\/paca.lpo.fr\\\/blogs\\\/pays-gapencais\\\/2013\\\/12\\\/02\\\/les-geants-du-caire\\\/#primaryimage\"},\"thumbnailUrl\":\"https:\\\/\\\/paca.lpo.fr\\\/blogs\\\/pays-gapencais\\\/files\\\/2013\\\/12\\\/MP-vautour-fauve-05-RD.jpg\",\"datePublished\":\"2013-12-02T21:21:01+00:00\",\"dateModified\":\"2014-10-31T13:12:22+00:00\",\"breadcrumb\":{\"@id\":\"http:\\\/\\\/paca.lpo.fr\\\/blogs\\\/pays-gapencais\\\/2013\\\/12\\\/02\\\/les-geants-du-caire\\\/#breadcrumb\"},\"inLanguage\":\"fr-FR\",\"potentialAction\":[{\"@type\":\"ReadAction\",\"target\":[\"http:\\\/\\\/paca.lpo.fr\\\/blogs\\\/pays-gapencais\\\/2013\\\/12\\\/02\\\/les-geants-du-caire\\\/\"]}]},{\"@type\":\"ImageObject\",\"inLanguage\":\"fr-FR\",\"@id\":\"http:\\\/\\\/paca.lpo.fr\\\/blogs\\\/pays-gapencais\\\/2013\\\/12\\\/02\\\/les-geants-du-caire\\\/#primaryimage\",\"url\":\"https:\\\/\\\/paca.lpo.fr\\\/blogs\\\/pays-gapencais\\\/files\\\/2013\\\/12\\\/MP-vautour-fauve-05-RD.jpg\",\"contentUrl\":\"https:\\\/\\\/paca.lpo.fr\\\/blogs\\\/pays-gapencais\\\/files\\\/2013\\\/12\\\/MP-vautour-fauve-05-RD.jpg\",\"width\":299,\"height\":448,\"caption\":\"Vols en tandem\"},{\"@type\":\"BreadcrumbList\",\"@id\":\"http:\\\/\\\/paca.lpo.fr\\\/blogs\\\/pays-gapencais\\\/2013\\\/12\\\/02\\\/les-geants-du-caire\\\/#breadcrumb\",\"itemListElement\":[{\"@type\":\"ListItem\",\"position\":1,\"name\":\"Accueil\",\"item\":\"https:\\\/\\\/paca.lpo.fr\\\/blogs\\\/pays-gapencais\\\/\"},{\"@type\":\"ListItem\",\"position\":2,\"name\":\"Les G\u00e9ants du Caire\"}]},{\"@type\":\"WebSite\",\"@id\":\"https:\\\/\\\/paca.lpo.fr\\\/blogs\\\/pays-gapencais\\\/#website\",\"url\":\"https:\\\/\\\/paca.lpo.fr\\\/blogs\\\/pays-gapencais\\\/\",\"name\":\"Groupe local Pays Gapen\u00e7ais\",\"description\":\"Groupe local Pays Gapen\u00e7ais\",\"publisher\":{\"@id\":\"https:\\\/\\\/paca.lpo.fr\\\/blogs\\\/pays-gapencais\\\/#organization\"},\"potentialAction\":[{\"@type\":\"SearchAction\",\"target\":{\"@type\":\"EntryPoint\",\"urlTemplate\":\"https:\\\/\\\/paca.lpo.fr\\\/blogs\\\/pays-gapencais\\\/?s={search_term_string}\"},\"query-input\":{\"@type\":\"PropertyValueSpecification\",\"valueRequired\":true,\"valueName\":\"search_term_string\"}}],\"inLanguage\":\"fr-FR\"},{\"@type\":\"Organization\",\"@id\":\"https:\\\/\\\/paca.lpo.fr\\\/blogs\\\/pays-gapencais\\\/#organization\",\"name\":\"Groupe local Pays Gapen\u00e7ais\",\"url\":\"https:\\\/\\\/paca.lpo.fr\\\/blogs\\\/pays-gapencais\\\/\",\"logo\":{\"@type\":\"ImageObject\",\"inLanguage\":\"fr-FR\",\"@id\":\"https:\\\/\\\/paca.lpo.fr\\\/blogs\\\/pays-gapencais\\\/#\\\/schema\\\/logo\\\/image\\\/\",\"url\":\"https:\\\/\\\/paca.lpo.fr\\\/blogs\\\/pays-gapencais\\\/files\\\/2024\\\/01\\\/cropped-rvb-lpo-paca-logotype-signature-droite-mini-500.jpg\",\"contentUrl\":\"https:\\\/\\\/paca.lpo.fr\\\/blogs\\\/pays-gapencais\\\/files\\\/2024\\\/01\\\/cropped-rvb-lpo-paca-logotype-signature-droite-mini-500.jpg\",\"width\":500,\"height\":210,\"caption\":\"Groupe local Pays Gapen\u00e7ais\"},\"image\":{\"@id\":\"https:\\\/\\\/paca.lpo.fr\\\/blogs\\\/pays-gapencais\\\/#\\\/schema\\\/logo\\\/image\\\/\"}},{\"@type\":\"Person\",\"@id\":\"https:\\\/\\\/paca.lpo.fr\\\/blogs\\\/pays-gapencais\\\/#\\\/schema\\\/person\\\/f04b4317576a566640b52fd10cb73f42\",\"name\":\"LPO Pays Gapen\u00e7ais\",\"image\":{\"@type\":\"ImageObject\",\"inLanguage\":\"fr-FR\",\"@id\":\"https:\\\/\\\/secure.gravatar.com\\\/avatar\\\/0ad60f70598d35f5834aaa24844d0685f1c44e5307491303924c152e7ee710eb?s=96&d=mm&r=g\",\"url\":\"https:\\\/\\\/secure.gravatar.com\\\/avatar\\\/0ad60f70598d35f5834aaa24844d0685f1c44e5307491303924c152e7ee710eb?s=96&d=mm&r=g\",\"contentUrl\":\"https:\\\/\\\/secure.gravatar.com\\\/avatar\\\/0ad60f70598d35f5834aaa24844d0685f1c44e5307491303924c152e7ee710eb?s=96&d=mm&r=g\",\"caption\":\"LPO Pays Gapen\u00e7ais\"},\"url\":\"http:\\\/\\\/paca.lpo.fr\\\/blogs\\\/pays-gapencais\\\/author\\\/paysgapencais\\\/\"}]}<\/script>\n<!-- \/ Yoast SEO plugin. -->","yoast_head_json":{"title":"Les G\u00e9ants du Caire - Groupe local Pays Gapen\u00e7ais","robots":{"index":"index","follow":"follow","max-snippet":"max-snippet:-1","max-image-preview":"max-image-preview:large","max-video-preview":"max-video-preview:-1"},"canonical":"http:\/\/paca.lpo.fr\/blogs\/pays-gapencais\/2013\/12\/02\/les-geants-du-caire\/","og_locale":"fr_FR","og_type":"article","og_title":"Les G\u00e9ants du Caire - Groupe local Pays Gapen\u00e7ais","og_description":"Le dimanche 1er d\u00e9cembre, 16 personnes ont covoitur\u00e9 jusqu&rsquo;\u00e0 R\u00e9muzat pour la traditionnelle visite de fin d&rsquo;ann\u00e9e \u00e0 la colonie de vautours. Cette p\u00e9riode est tr\u00e8s favorable pour observer des vols en tandem. Les oiseaux sont revenus des territoires d&rsquo;estive, les p\u00e2turages hauts-alpins ou savoyards,\u00a0en compagnie des troupeaux de moutons&#8230; Et comme c&rsquo;est bient\u00f4t le [&hellip;]","og_url":"http:\/\/paca.lpo.fr\/blogs\/pays-gapencais\/2013\/12\/02\/les-geants-du-caire\/","og_site_name":"Groupe local Pays Gapen\u00e7ais","article_published_time":"2013-12-02T21:21:01+00:00","article_modified_time":"2014-10-31T13:12:22+00:00","og_image":[{"width":299,"height":448,"url":"https:\/\/paca.lpo.fr\/blogs\/pays-gapencais\/files\/2013\/12\/MP-vautour-fauve-05-RD.jpg","type":"image\/jpeg"}],"author":"LPO Pays Gapen\u00e7ais","twitter_card":"summary_large_image","twitter_misc":{"\u00c9crit par":"LPO Pays Gapen\u00e7ais","Dur\u00e9e de lecture estim\u00e9e":"2 minutes"},"schema":{"@context":"https:\/\/schema.org","@graph":[{"@type":"Article","@id":"http:\/\/paca.lpo.fr\/blogs\/pays-gapencais\/2013\/12\/02\/les-geants-du-caire\/#article","isPartOf":{"@id":"http:\/\/paca.lpo.fr\/blogs\/pays-gapencais\/2013\/12\/02\/les-geants-du-caire\/"},"author":{"name":"LPO Pays Gapen\u00e7ais","@id":"https:\/\/paca.lpo.fr\/blogs\/pays-gapencais\/#\/schema\/person\/f04b4317576a566640b52fd10cb73f42"},"headline":"Les G\u00e9ants du Caire","datePublished":"2013-12-02T21:21:01+00:00","dateModified":"2014-10-31T13:12:22+00:00","mainEntityOfPage":{"@id":"http:\/\/paca.lpo.fr\/blogs\/pays-gapencais\/2013\/12\/02\/les-geants-du-caire\/"},"wordCount":332,"commentCount":0,"publisher":{"@id":"https:\/\/paca.lpo.fr\/blogs\/pays-gapencais\/#organization"},"image":{"@id":"http:\/\/paca.lpo.fr\/blogs\/pays-gapencais\/2013\/12\/02\/les-geants-du-caire\/#primaryimage"},"thumbnailUrl":"https:\/\/paca.lpo.fr\/blogs\/pays-gapencais\/files\/2013\/12\/MP-vautour-fauve-05-RD.jpg","inLanguage":"fr-FR","potentialAction":[{"@type":"CommentAction","name":"Comment","target":["http:\/\/paca.lpo.fr\/blogs\/pays-gapencais\/2013\/12\/02\/les-geants-du-caire\/#respond"]}]},{"@type":"WebPage","@id":"http:\/\/paca.lpo.fr\/blogs\/pays-gapencais\/2013\/12\/02\/les-geants-du-caire\/","url":"http:\/\/paca.lpo.fr\/blogs\/pays-gapencais\/2013\/12\/02\/les-geants-du-caire\/","name":"Les G\u00e9ants du Caire - Groupe local Pays Gapen\u00e7ais","isPartOf":{"@id":"https:\/\/paca.lpo.fr\/blogs\/pays-gapencais\/#website"},"primaryImageOfPage":{"@id":"http:\/\/paca.lpo.fr\/blogs\/pays-gapencais\/2013\/12\/02\/les-geants-du-caire\/#primaryimage"},"image":{"@id":"http:\/\/paca.lpo.fr\/blogs\/pays-gapencais\/2013\/12\/02\/les-geants-du-caire\/#primaryimage"},"thumbnailUrl":"https:\/\/paca.lpo.fr\/blogs\/pays-gapencais\/files\/2013\/12\/MP-vautour-fauve-05-RD.jpg","datePublished":"2013-12-02T21:21:01+00:00","dateModified":"2014-10-31T13:12:22+00:00","breadcrumb":{"@id":"http:\/\/paca.lpo.fr\/blogs\/pays-gapencais\/2013\/12\/02\/les-geants-du-caire\/#breadcrumb"},"inLanguage":"fr-FR","potentialAction":[{"@type":"ReadAction","target":["http:\/\/paca.lpo.fr\/blogs\/pays-gapencais\/2013\/12\/02\/les-geants-du-caire\/"]}]},{"@type":"ImageObject","inLanguage":"fr-FR","@id":"http:\/\/paca.lpo.fr\/blogs\/pays-gapencais\/2013\/12\/02\/les-geants-du-caire\/#primaryimage","url":"https:\/\/paca.lpo.fr\/blogs\/pays-gapencais\/files\/2013\/12\/MP-vautour-fauve-05-RD.jpg","contentUrl":"https:\/\/paca.lpo.fr\/blogs\/pays-gapencais\/files\/2013\/12\/MP-vautour-fauve-05-RD.jpg","width":299,"height":448,"caption":"Vols en tandem"},{"@type":"BreadcrumbList","@id":"http:\/\/paca.lpo.fr\/blogs\/pays-gapencais\/2013\/12\/02\/les-geants-du-caire\/#breadcrumb","itemListElement":[{"@type":"ListItem","position":1,"name":"Accueil","item":"https:\/\/paca.lpo.fr\/blogs\/pays-gapencais\/"},{"@type":"ListItem","position":2,"name":"Les G\u00e9ants du Caire"}]},{"@type":"WebSite","@id":"https:\/\/paca.lpo.fr\/blogs\/pays-gapencais\/#website","url":"https:\/\/paca.lpo.fr\/blogs\/pays-gapencais\/","name":"Groupe local Pays Gapen\u00e7ais","description":"Groupe local Pays Gapen\u00e7ais","publisher":{"@id":"https:\/\/paca.lpo.fr\/blogs\/pays-gapencais\/#organization"},"potentialAction":[{"@type":"SearchAction","target":{"@type":"EntryPoint","urlTemplate":"https:\/\/paca.lpo.fr\/blogs\/pays-gapencais\/?s={search_term_string}"},"query-input":{"@type":"PropertyValueSpecification","valueRequired":true,"valueName":"search_term_string"}}],"inLanguage":"fr-FR"},{"@type":"Organization","@id":"https:\/\/paca.lpo.fr\/blogs\/pays-gapencais\/#organization","name":"Groupe local Pays Gapen\u00e7ais","url":"https:\/\/paca.lpo.fr\/blogs\/pays-gapencais\/","logo":{"@type":"ImageObject","inLanguage":"fr-FR","@id":"https:\/\/paca.lpo.fr\/blogs\/pays-gapencais\/#\/schema\/logo\/image\/","url":"https:\/\/paca.lpo.fr\/blogs\/pays-gapencais\/files\/2024\/01\/cropped-rvb-lpo-paca-logotype-signature-droite-mini-500.jpg","contentUrl":"https:\/\/paca.lpo.fr\/blogs\/pays-gapencais\/files\/2024\/01\/cropped-rvb-lpo-paca-logotype-signature-droite-mini-500.jpg","width":500,"height":210,"caption":"Groupe local Pays Gapen\u00e7ais"},"image":{"@id":"https:\/\/paca.lpo.fr\/blogs\/pays-gapencais\/#\/schema\/logo\/image\/"}},{"@type":"Person","@id":"https:\/\/paca.lpo.fr\/blogs\/pays-gapencais\/#\/schema\/person\/f04b4317576a566640b52fd10cb73f42","name":"LPO Pays Gapen\u00e7ais","image":{"@type":"ImageObject","inLanguage":"fr-FR","@id":"https:\/\/secure.gravatar.com\/avatar\/0ad60f70598d35f5834aaa24844d0685f1c44e5307491303924c152e7ee710eb?s=96&d=mm&r=g","url":"https:\/\/secure.gravatar.com\/avatar\/0ad60f70598d35f5834aaa24844d0685f1c44e5307491303924c152e7ee710eb?s=96&d=mm&r=g","contentUrl":"https:\/\/secure.gravatar.com\/avatar\/0ad60f70598d35f5834aaa24844d0685f1c44e5307491303924c152e7ee710eb?s=96&d=mm&r=g","caption":"LPO Pays Gapen\u00e7ais"},"url":"http:\/\/paca.lpo.fr\/blogs\/pays-gapencais\/author\/paysgapencais\/"}]}},"jetpack_featured_media_url":"https:\/\/paca.lpo.fr\/blogs\/pays-gapencais\/files\/2013\/12\/MP-vautour-fauve-05-RD.jpg","_links":{"self":[{"href":"http:\/\/paca.lpo.fr\/blogs\/pays-gapencais\/wp-json\/wp\/v2\/posts\/233","targetHints":{"allow":["GET"]}}],"collection":[{"href":"http:\/\/paca.lpo.fr\/blogs\/pays-gapencais\/wp-json\/wp\/v2\/posts"}],"about":[{"href":"http:\/\/paca.lpo.fr\/blogs\/pays-gapencais\/wp-json\/wp\/v2\/types\/post"}],"author":[{"embeddable":true,"href":"http:\/\/paca.lpo.fr\/blogs\/pays-gapencais\/wp-json\/wp\/v2\/users\/20"}],"replies":[{"embeddable":true,"href":"http:\/\/paca.lpo.fr\/blogs\/pays-gapencais\/wp-json\/wp\/v2\/comments?post=233"}],"version-history":[{"count":4,"href":"http:\/\/paca.lpo.fr\/blogs\/pays-gapencais\/wp-json\/wp\/v2\/posts\/233\/revisions"}],"predecessor-version":[{"id":240,"href":"http:\/\/paca.lpo.fr\/blogs\/pays-gapencais\/wp-json\/wp\/v2\/posts\/233\/revisions\/240"}],"wp:featuredmedia":[{"embeddable":true,"href":"http:\/\/paca.lpo.fr\/blogs\/pays-gapencais\/wp-json\/wp\/v2\/media\/238"}],"wp:attachment":[{"href":"http:\/\/paca.lpo.fr\/blogs\/pays-gapencais\/wp-json\/wp\/v2\/media?parent=233"}],"wp:term":[{"taxonomy":"category","embeddable":true,"href":"http:\/\/paca.lpo.fr\/blogs\/pays-gapencais\/wp-json\/wp\/v2\/categories?post=233"},{"taxonomy":"post_tag","embeddable":true,"href":"http:\/\/paca.lpo.fr\/blogs\/pays-gapencais\/wp-json\/wp\/v2\/tags?post=233"}],"curies":[{"name":"wp","href":"https:\/\/api.w.org\/{rel}","templated":true}]}}