{"id":300,"date":"2014-09-30T09:59:23","date_gmt":"2014-09-30T09:59:23","guid":{"rendered":"http:\/\/paca.lpo.fr\/blogs\/pays-gapencais\/?p=300"},"modified":"2014-10-31T13:08:27","modified_gmt":"2014-10-31T13:08:27","slug":"le-peuple-migrateur-le-tournage","status":"publish","type":"post","link":"http:\/\/paca.lpo.fr\/blogs\/pays-gapencais\/2014\/09\/30\/le-peuple-migrateur-le-tournage\/","title":{"rendered":"Le Peuple Migrateur : le tournage"},"content":{"rendered":"<p><strong>Le vendredi 12 septembre, le groupe local Pays Gapen\u00e7ais recevait Bernard DUPONT. Pilote d&rsquo;ULM, il a particip\u00e9 au d\u00e9but des ann\u00e9es 2000\u00a0au tournage du film de Bernard\u00a0PERRIN \u00ab\u00a0Le Peuple migrateur\u00a0\u00bb. Soir\u00e9e tr\u00e8s instructive et passionnante\u00a0sur ce qu&rsquo;on ne voit pas dans les salles de cin\u00e9ma : la vie avec les animaux avant et en dehors des p\u00e9riodes de tournage.<\/strong><\/p>\n<p><strong>L&rsquo;auditoire captiv\u00e9 :<a href=\"http:\/\/paca.lpo.fr\/blogs\/pays-gapencais\/files\/2014\/09\/P1130846rd.jpg\"><img loading=\"lazy\" decoding=\"async\" class=\"aligncenter size-full wp-image-301\" src=\"http:\/\/paca.lpo.fr\/blogs\/pays-gapencais\/files\/2014\/09\/P1130846rd.jpg\" alt=\"P1130846rd\" width=\"448\" height=\"336\" \/><\/a>\u00a0<\/strong><strong>Le film en quelques chiffres:<\/strong><\/p>\n<p><strong>&#8211; 100 esp\u00e8ces sauvages film\u00e9es, pas seulement des oies ! <\/strong><\/p>\n<p><strong>&#8211; 1000 oiseaux \u00e9lev\u00e9s \u00e0 Bois Roger (propri\u00e9t\u00e9 de Jacques Perrin)<\/strong><\/p>\n<p><strong>&#8211; 175 sites de tournage dans 50 pays<\/strong><\/p>\n<p><strong>&#8211; 13 chefs op\u00e9rateurs et 59 assistants<\/strong><\/p>\n<p><strong>&#8211; 40 \u00ab\u00a0impr\u00e9gnateurs\u00a0\u00bb, jeunes \u00e9co-volontaires, \u00e9tudiants ou stagiaires<\/strong><\/p>\n<p><strong>&#8211; 24 pilotes<\/strong><\/p>\n<p><strong>&#8211; 3 ans de tournage + 1 ann\u00e9e pour \u00e9lever les oiseaux<\/strong><\/p>\n<p><strong>&#8211; 220h d&rsquo;enregistrement et 10 mois de montage<\/strong><\/p>\n<p><strong>&#8211; 450 km de pellicule pour garder au final 1h40 de r\u00eave.<\/strong><\/p>\n<figure id=\"attachment_302\" aria-describedby=\"caption-attachment-302\" style=\"width: 448px\" class=\"wp-caption alignleft\"><a href=\"http:\/\/paca.lpo.fr\/blogs\/pays-gapencais\/files\/2014\/09\/Impr\u00e9gnation-01-rd.jpg\"><img loading=\"lazy\" decoding=\"async\" class=\"size-full wp-image-302\" src=\"http:\/\/paca.lpo.fr\/blogs\/pays-gapencais\/files\/2014\/09\/Impr\u00e9gnation-01-rd.jpg\" alt=\"L'impr\u00e9gnation commence avant l'\u00e9closion\" width=\"448\" height=\"336\" \/><\/a><figcaption id=\"caption-attachment-302\" class=\"wp-caption-text\">L&rsquo;impr\u00e9gnation commence avant l&rsquo;\u00e9closion<\/figcaption><\/figure>\n<figure id=\"attachment_304\" aria-describedby=\"caption-attachment-304\" style=\"width: 448px\" class=\"wp-caption alignleft\"><a href=\"http:\/\/paca.lpo.fr\/blogs\/pays-gapencais\/files\/2014\/09\/P\u00e9licans-rd.jpg\"><img loading=\"lazy\" decoding=\"async\" class=\"size-full wp-image-304\" src=\"http:\/\/paca.lpo.fr\/blogs\/pays-gapencais\/files\/2014\/09\/P\u00e9licans-rd.jpg\" alt=\"L'impr\u00e9gnateur vit avec SES oiseaux 24h sur 24. La relation est tr\u00e8s intime !\" width=\"448\" height=\"336\" \/><\/a><figcaption id=\"caption-attachment-304\" class=\"wp-caption-text\">L&rsquo;impr\u00e9gnateur vit avec SES oiseaux 24h sur 24. La relation est tr\u00e8s intime !<\/figcaption><\/figure>\n<figure id=\"attachment_305\" aria-describedby=\"caption-attachment-305\" style=\"width: 448px\" class=\"wp-caption alignleft\"><a href=\"http:\/\/paca.lpo.fr\/blogs\/pays-gapencais\/files\/2014\/09\/Vol-ULM-rd.jpg\"><img loading=\"lazy\" decoding=\"async\" class=\"size-full wp-image-305\" src=\"http:\/\/paca.lpo.fr\/blogs\/pays-gapencais\/files\/2014\/09\/Vol-ULM-rd.jpg\" alt=\"L'ULM devient oiseau parmi les oiseaux\" width=\"448\" height=\"304\" \/><\/a><figcaption id=\"caption-attachment-305\" class=\"wp-caption-text\">L&rsquo;ULM devient oiseau parmi les oiseaux<\/figcaption><\/figure>\n<figure id=\"attachment_306\" aria-describedby=\"caption-attachment-306\" style=\"width: 448px\" class=\"wp-caption alignleft\"><a href=\"http:\/\/paca.lpo.fr\/blogs\/pays-gapencais\/files\/2014\/09\/Vol-ville-rd.jpg\"><img loading=\"lazy\" decoding=\"async\" class=\"size-full wp-image-306\" src=\"http:\/\/paca.lpo.fr\/blogs\/pays-gapencais\/files\/2014\/09\/Vol-ville-rd.jpg\" alt=\"Une sc\u00e8ne de film\" width=\"448\" height=\"336\" \/><\/a><figcaption id=\"caption-attachment-306\" class=\"wp-caption-text\">Une sc\u00e8ne de film<\/figcaption><\/figure>\n","protected":false},"excerpt":{"rendered":"<p>Le vendredi 12 septembre, le groupe local Pays Gapen\u00e7ais recevait Bernard DUPONT. Pilote d&rsquo;ULM, il a particip\u00e9 au d\u00e9but des ann\u00e9es 2000\u00a0au tournage du film de Bernard\u00a0PERRIN \u00ab\u00a0Le Peuple migrateur\u00a0\u00bb. Soir\u00e9e tr\u00e8s instructive et passionnante\u00a0sur ce qu&rsquo;on ne voit pas dans les salles de cin\u00e9ma : la vie avec les animaux avant et en dehors [&hellip;]<\/p>\n","protected":false},"author":20,"featured_media":306,"comment_status":"open","ping_status":"open","sticky":false,"template":"","format":"standard","meta":{"footnotes":""},"categories":[1],"tags":[],"class_list":["post-300","post","type-post","status-publish","format-standard","has-post-thumbnail","hentry","category-non-classe"],"yoast_head":"<!-- This site is optimized with the Yoast SEO plugin v28.3 - https:\/\/yoast.com\/product\/yoast-seo-wordpress\/ -->\n<title>Le Peuple Migrateur : le tournage - Groupe local Pays Gapen\u00e7ais<\/title>\n<meta name=\"robots\" content=\"index, follow, max-snippet:-1, max-image-preview:large, max-video-preview:-1\" \/>\n<link rel=\"canonical\" href=\"http:\/\/paca.lpo.fr\/blogs\/pays-gapencais\/2014\/09\/30\/le-peuple-migrateur-le-tournage\/\" \/>\n<meta property=\"og:locale\" content=\"fr_FR\" \/>\n<meta property=\"og:type\" content=\"article\" \/>\n<meta property=\"og:title\" content=\"Le Peuple Migrateur : le tournage - Groupe local Pays Gapen\u00e7ais\" \/>\n<meta property=\"og:description\" content=\"Le vendredi 12 septembre, le groupe local Pays Gapen\u00e7ais recevait Bernard DUPONT. Pilote d&rsquo;ULM, il a particip\u00e9 au d\u00e9but des ann\u00e9es 2000\u00a0au tournage du film de Bernard\u00a0PERRIN \u00ab\u00a0Le Peuple migrateur\u00a0\u00bb. Soir\u00e9e tr\u00e8s instructive et passionnante\u00a0sur ce qu&rsquo;on ne voit pas dans les salles de cin\u00e9ma : la vie avec les animaux avant et en dehors [&hellip;]\" \/>\n<meta property=\"og:url\" content=\"http:\/\/paca.lpo.fr\/blogs\/pays-gapencais\/2014\/09\/30\/le-peuple-migrateur-le-tournage\/\" \/>\n<meta property=\"og:site_name\" content=\"Groupe local Pays Gapen\u00e7ais\" \/>\n<meta property=\"article:published_time\" content=\"2014-09-30T09:59:23+00:00\" \/>\n<meta property=\"article:modified_time\" content=\"2014-10-31T13:08:27+00:00\" \/>\n<meta property=\"og:image\" content=\"https:\/\/paca.lpo.fr\/blogs\/pays-gapencais\/files\/2014\/09\/Vol-ville-rd.jpg\" \/>\n\t<meta property=\"og:image:width\" content=\"448\" \/>\n\t<meta property=\"og:image:height\" content=\"336\" \/>\n\t<meta property=\"og:image:type\" content=\"image\/jpeg\" \/>\n<meta name=\"author\" content=\"LPO Pays Gapen\u00e7ais\" \/>\n<meta name=\"twitter:card\" content=\"summary_large_image\" \/>\n<meta name=\"twitter:label1\" content=\"\u00c9crit par\" \/>\n\t<meta name=\"twitter:data1\" content=\"LPO Pays Gapen\u00e7ais\" \/>\n\t<meta name=\"twitter:label2\" content=\"Dur\u00e9e de lecture estim\u00e9e\" \/>\n\t<meta name=\"twitter:data2\" content=\"1 minute\" \/>\n<script type=\"application\/ld+json\" class=\"yoast-schema-graph\">{\"@context\":\"https:\\\/\\\/schema.org\",\"@graph\":[{\"@type\":\"Article\",\"@id\":\"http:\\\/\\\/paca.lpo.fr\\\/blogs\\\/pays-gapencais\\\/2014\\\/09\\\/30\\\/le-peuple-migrateur-le-tournage\\\/#article\",\"isPartOf\":{\"@id\":\"http:\\\/\\\/paca.lpo.fr\\\/blogs\\\/pays-gapencais\\\/2014\\\/09\\\/30\\\/le-peuple-migrateur-le-tournage\\\/\"},\"author\":{\"name\":\"LPO Pays Gapen\u00e7ais\",\"@id\":\"https:\\\/\\\/paca.lpo.fr\\\/blogs\\\/pays-gapencais\\\/#\\\/schema\\\/person\\\/f04b4317576a566640b52fd10cb73f42\"},\"headline\":\"Le Peuple Migrateur : le tournage\",\"datePublished\":\"2014-09-30T09:59:23+00:00\",\"dateModified\":\"2014-10-31T13:08:27+00:00\",\"mainEntityOfPage\":{\"@id\":\"http:\\\/\\\/paca.lpo.fr\\\/blogs\\\/pays-gapencais\\\/2014\\\/09\\\/30\\\/le-peuple-migrateur-le-tournage\\\/\"},\"wordCount\":216,\"commentCount\":0,\"publisher\":{\"@id\":\"https:\\\/\\\/paca.lpo.fr\\\/blogs\\\/pays-gapencais\\\/#organization\"},\"image\":{\"@id\":\"http:\\\/\\\/paca.lpo.fr\\\/blogs\\\/pays-gapencais\\\/2014\\\/09\\\/30\\\/le-peuple-migrateur-le-tournage\\\/#primaryimage\"},\"thumbnailUrl\":\"https:\\\/\\\/paca.lpo.fr\\\/blogs\\\/pays-gapencais\\\/files\\\/2014\\\/09\\\/Vol-ville-rd.jpg\",\"inLanguage\":\"fr-FR\",\"potentialAction\":[{\"@type\":\"CommentAction\",\"name\":\"Comment\",\"target\":[\"http:\\\/\\\/paca.lpo.fr\\\/blogs\\\/pays-gapencais\\\/2014\\\/09\\\/30\\\/le-peuple-migrateur-le-tournage\\\/#respond\"]}]},{\"@type\":\"WebPage\",\"@id\":\"http:\\\/\\\/paca.lpo.fr\\\/blogs\\\/pays-gapencais\\\/2014\\\/09\\\/30\\\/le-peuple-migrateur-le-tournage\\\/\",\"url\":\"http:\\\/\\\/paca.lpo.fr\\\/blogs\\\/pays-gapencais\\\/2014\\\/09\\\/30\\\/le-peuple-migrateur-le-tournage\\\/\",\"name\":\"Le Peuple Migrateur : le tournage - Groupe local Pays Gapen\u00e7ais\",\"isPartOf\":{\"@id\":\"https:\\\/\\\/paca.lpo.fr\\\/blogs\\\/pays-gapencais\\\/#website\"},\"primaryImageOfPage\":{\"@id\":\"http:\\\/\\\/paca.lpo.fr\\\/blogs\\\/pays-gapencais\\\/2014\\\/09\\\/30\\\/le-peuple-migrateur-le-tournage\\\/#primaryimage\"},\"image\":{\"@id\":\"http:\\\/\\\/paca.lpo.fr\\\/blogs\\\/pays-gapencais\\\/2014\\\/09\\\/30\\\/le-peuple-migrateur-le-tournage\\\/#primaryimage\"},\"thumbnailUrl\":\"https:\\\/\\\/paca.lpo.fr\\\/blogs\\\/pays-gapencais\\\/files\\\/2014\\\/09\\\/Vol-ville-rd.jpg\",\"datePublished\":\"2014-09-30T09:59:23+00:00\",\"dateModified\":\"2014-10-31T13:08:27+00:00\",\"breadcrumb\":{\"@id\":\"http:\\\/\\\/paca.lpo.fr\\\/blogs\\\/pays-gapencais\\\/2014\\\/09\\\/30\\\/le-peuple-migrateur-le-tournage\\\/#breadcrumb\"},\"inLanguage\":\"fr-FR\",\"potentialAction\":[{\"@type\":\"ReadAction\",\"target\":[\"http:\\\/\\\/paca.lpo.fr\\\/blogs\\\/pays-gapencais\\\/2014\\\/09\\\/30\\\/le-peuple-migrateur-le-tournage\\\/\"]}]},{\"@type\":\"ImageObject\",\"inLanguage\":\"fr-FR\",\"@id\":\"http:\\\/\\\/paca.lpo.fr\\\/blogs\\\/pays-gapencais\\\/2014\\\/09\\\/30\\\/le-peuple-migrateur-le-tournage\\\/#primaryimage\",\"url\":\"https:\\\/\\\/paca.lpo.fr\\\/blogs\\\/pays-gapencais\\\/files\\\/2014\\\/09\\\/Vol-ville-rd.jpg\",\"contentUrl\":\"https:\\\/\\\/paca.lpo.fr\\\/blogs\\\/pays-gapencais\\\/files\\\/2014\\\/09\\\/Vol-ville-rd.jpg\",\"width\":448,\"height\":336,\"caption\":\"Une sc\u00e8ne de film\"},{\"@type\":\"BreadcrumbList\",\"@id\":\"http:\\\/\\\/paca.lpo.fr\\\/blogs\\\/pays-gapencais\\\/2014\\\/09\\\/30\\\/le-peuple-migrateur-le-tournage\\\/#breadcrumb\",\"itemListElement\":[{\"@type\":\"ListItem\",\"position\":1,\"name\":\"Accueil\",\"item\":\"https:\\\/\\\/paca.lpo.fr\\\/blogs\\\/pays-gapencais\\\/\"},{\"@type\":\"ListItem\",\"position\":2,\"name\":\"Le Peuple Migrateur : le tournage\"}]},{\"@type\":\"WebSite\",\"@id\":\"https:\\\/\\\/paca.lpo.fr\\\/blogs\\\/pays-gapencais\\\/#website\",\"url\":\"https:\\\/\\\/paca.lpo.fr\\\/blogs\\\/pays-gapencais\\\/\",\"name\":\"Groupe local Pays Gapen\u00e7ais\",\"description\":\"Groupe local Pays Gapen\u00e7ais\",\"publisher\":{\"@id\":\"https:\\\/\\\/paca.lpo.fr\\\/blogs\\\/pays-gapencais\\\/#organization\"},\"potentialAction\":[{\"@type\":\"SearchAction\",\"target\":{\"@type\":\"EntryPoint\",\"urlTemplate\":\"https:\\\/\\\/paca.lpo.fr\\\/blogs\\\/pays-gapencais\\\/?s={search_term_string}\"},\"query-input\":{\"@type\":\"PropertyValueSpecification\",\"valueRequired\":true,\"valueName\":\"search_term_string\"}}],\"inLanguage\":\"fr-FR\"},{\"@type\":\"Organization\",\"@id\":\"https:\\\/\\\/paca.lpo.fr\\\/blogs\\\/pays-gapencais\\\/#organization\",\"name\":\"Groupe local Pays Gapen\u00e7ais\",\"url\":\"https:\\\/\\\/paca.lpo.fr\\\/blogs\\\/pays-gapencais\\\/\",\"logo\":{\"@type\":\"ImageObject\",\"inLanguage\":\"fr-FR\",\"@id\":\"https:\\\/\\\/paca.lpo.fr\\\/blogs\\\/pays-gapencais\\\/#\\\/schema\\\/logo\\\/image\\\/\",\"url\":\"https:\\\/\\\/paca.lpo.fr\\\/blogs\\\/pays-gapencais\\\/files\\\/2024\\\/01\\\/cropped-rvb-lpo-paca-logotype-signature-droite-mini-500.jpg\",\"contentUrl\":\"https:\\\/\\\/paca.lpo.fr\\\/blogs\\\/pays-gapencais\\\/files\\\/2024\\\/01\\\/cropped-rvb-lpo-paca-logotype-signature-droite-mini-500.jpg\",\"width\":500,\"height\":210,\"caption\":\"Groupe local Pays Gapen\u00e7ais\"},\"image\":{\"@id\":\"https:\\\/\\\/paca.lpo.fr\\\/blogs\\\/pays-gapencais\\\/#\\\/schema\\\/logo\\\/image\\\/\"}},{\"@type\":\"Person\",\"@id\":\"https:\\\/\\\/paca.lpo.fr\\\/blogs\\\/pays-gapencais\\\/#\\\/schema\\\/person\\\/f04b4317576a566640b52fd10cb73f42\",\"name\":\"LPO Pays Gapen\u00e7ais\",\"image\":{\"@type\":\"ImageObject\",\"inLanguage\":\"fr-FR\",\"@id\":\"https:\\\/\\\/secure.gravatar.com\\\/avatar\\\/0ad60f70598d35f5834aaa24844d0685f1c44e5307491303924c152e7ee710eb?s=96&d=mm&r=g\",\"url\":\"https:\\\/\\\/secure.gravatar.com\\\/avatar\\\/0ad60f70598d35f5834aaa24844d0685f1c44e5307491303924c152e7ee710eb?s=96&d=mm&r=g\",\"contentUrl\":\"https:\\\/\\\/secure.gravatar.com\\\/avatar\\\/0ad60f70598d35f5834aaa24844d0685f1c44e5307491303924c152e7ee710eb?s=96&d=mm&r=g\",\"caption\":\"LPO Pays Gapen\u00e7ais\"},\"url\":\"http:\\\/\\\/paca.lpo.fr\\\/blogs\\\/pays-gapencais\\\/author\\\/paysgapencais\\\/\"}]}<\/script>\n<!-- \/ Yoast SEO plugin. -->","yoast_head_json":{"title":"Le Peuple Migrateur : le tournage - Groupe local Pays Gapen\u00e7ais","robots":{"index":"index","follow":"follow","max-snippet":"max-snippet:-1","max-image-preview":"max-image-preview:large","max-video-preview":"max-video-preview:-1"},"canonical":"http:\/\/paca.lpo.fr\/blogs\/pays-gapencais\/2014\/09\/30\/le-peuple-migrateur-le-tournage\/","og_locale":"fr_FR","og_type":"article","og_title":"Le Peuple Migrateur : le tournage - Groupe local Pays Gapen\u00e7ais","og_description":"Le vendredi 12 septembre, le groupe local Pays Gapen\u00e7ais recevait Bernard DUPONT. Pilote d&rsquo;ULM, il a particip\u00e9 au d\u00e9but des ann\u00e9es 2000\u00a0au tournage du film de Bernard\u00a0PERRIN \u00ab\u00a0Le Peuple migrateur\u00a0\u00bb. Soir\u00e9e tr\u00e8s instructive et passionnante\u00a0sur ce qu&rsquo;on ne voit pas dans les salles de cin\u00e9ma : la vie avec les animaux avant et en dehors [&hellip;]","og_url":"http:\/\/paca.lpo.fr\/blogs\/pays-gapencais\/2014\/09\/30\/le-peuple-migrateur-le-tournage\/","og_site_name":"Groupe local Pays Gapen\u00e7ais","article_published_time":"2014-09-30T09:59:23+00:00","article_modified_time":"2014-10-31T13:08:27+00:00","og_image":[{"width":448,"height":336,"url":"https:\/\/paca.lpo.fr\/blogs\/pays-gapencais\/files\/2014\/09\/Vol-ville-rd.jpg","type":"image\/jpeg"}],"author":"LPO Pays Gapen\u00e7ais","twitter_card":"summary_large_image","twitter_misc":{"\u00c9crit par":"LPO Pays Gapen\u00e7ais","Dur\u00e9e de lecture estim\u00e9e":"1 minute"},"schema":{"@context":"https:\/\/schema.org","@graph":[{"@type":"Article","@id":"http:\/\/paca.lpo.fr\/blogs\/pays-gapencais\/2014\/09\/30\/le-peuple-migrateur-le-tournage\/#article","isPartOf":{"@id":"http:\/\/paca.lpo.fr\/blogs\/pays-gapencais\/2014\/09\/30\/le-peuple-migrateur-le-tournage\/"},"author":{"name":"LPO Pays Gapen\u00e7ais","@id":"https:\/\/paca.lpo.fr\/blogs\/pays-gapencais\/#\/schema\/person\/f04b4317576a566640b52fd10cb73f42"},"headline":"Le Peuple Migrateur : le tournage","datePublished":"2014-09-30T09:59:23+00:00","dateModified":"2014-10-31T13:08:27+00:00","mainEntityOfPage":{"@id":"http:\/\/paca.lpo.fr\/blogs\/pays-gapencais\/2014\/09\/30\/le-peuple-migrateur-le-tournage\/"},"wordCount":216,"commentCount":0,"publisher":{"@id":"https:\/\/paca.lpo.fr\/blogs\/pays-gapencais\/#organization"},"image":{"@id":"http:\/\/paca.lpo.fr\/blogs\/pays-gapencais\/2014\/09\/30\/le-peuple-migrateur-le-tournage\/#primaryimage"},"thumbnailUrl":"https:\/\/paca.lpo.fr\/blogs\/pays-gapencais\/files\/2014\/09\/Vol-ville-rd.jpg","inLanguage":"fr-FR","potentialAction":[{"@type":"CommentAction","name":"Comment","target":["http:\/\/paca.lpo.fr\/blogs\/pays-gapencais\/2014\/09\/30\/le-peuple-migrateur-le-tournage\/#respond"]}]},{"@type":"WebPage","@id":"http:\/\/paca.lpo.fr\/blogs\/pays-gapencais\/2014\/09\/30\/le-peuple-migrateur-le-tournage\/","url":"http:\/\/paca.lpo.fr\/blogs\/pays-gapencais\/2014\/09\/30\/le-peuple-migrateur-le-tournage\/","name":"Le Peuple Migrateur : le tournage - Groupe local Pays Gapen\u00e7ais","isPartOf":{"@id":"https:\/\/paca.lpo.fr\/blogs\/pays-gapencais\/#website"},"primaryImageOfPage":{"@id":"http:\/\/paca.lpo.fr\/blogs\/pays-gapencais\/2014\/09\/30\/le-peuple-migrateur-le-tournage\/#primaryimage"},"image":{"@id":"http:\/\/paca.lpo.fr\/blogs\/pays-gapencais\/2014\/09\/30\/le-peuple-migrateur-le-tournage\/#primaryimage"},"thumbnailUrl":"https:\/\/paca.lpo.fr\/blogs\/pays-gapencais\/files\/2014\/09\/Vol-ville-rd.jpg","datePublished":"2014-09-30T09:59:23+00:00","dateModified":"2014-10-31T13:08:27+00:00","breadcrumb":{"@id":"http:\/\/paca.lpo.fr\/blogs\/pays-gapencais\/2014\/09\/30\/le-peuple-migrateur-le-tournage\/#breadcrumb"},"inLanguage":"fr-FR","potentialAction":[{"@type":"ReadAction","target":["http:\/\/paca.lpo.fr\/blogs\/pays-gapencais\/2014\/09\/30\/le-peuple-migrateur-le-tournage\/"]}]},{"@type":"ImageObject","inLanguage":"fr-FR","@id":"http:\/\/paca.lpo.fr\/blogs\/pays-gapencais\/2014\/09\/30\/le-peuple-migrateur-le-tournage\/#primaryimage","url":"https:\/\/paca.lpo.fr\/blogs\/pays-gapencais\/files\/2014\/09\/Vol-ville-rd.jpg","contentUrl":"https:\/\/paca.lpo.fr\/blogs\/pays-gapencais\/files\/2014\/09\/Vol-ville-rd.jpg","width":448,"height":336,"caption":"Une sc\u00e8ne de film"},{"@type":"BreadcrumbList","@id":"http:\/\/paca.lpo.fr\/blogs\/pays-gapencais\/2014\/09\/30\/le-peuple-migrateur-le-tournage\/#breadcrumb","itemListElement":[{"@type":"ListItem","position":1,"name":"Accueil","item":"https:\/\/paca.lpo.fr\/blogs\/pays-gapencais\/"},{"@type":"ListItem","position":2,"name":"Le Peuple Migrateur : le tournage"}]},{"@type":"WebSite","@id":"https:\/\/paca.lpo.fr\/blogs\/pays-gapencais\/#website","url":"https:\/\/paca.lpo.fr\/blogs\/pays-gapencais\/","name":"Groupe local Pays Gapen\u00e7ais","description":"Groupe local Pays Gapen\u00e7ais","publisher":{"@id":"https:\/\/paca.lpo.fr\/blogs\/pays-gapencais\/#organization"},"potentialAction":[{"@type":"SearchAction","target":{"@type":"EntryPoint","urlTemplate":"https:\/\/paca.lpo.fr\/blogs\/pays-gapencais\/?s={search_term_string}"},"query-input":{"@type":"PropertyValueSpecification","valueRequired":true,"valueName":"search_term_string"}}],"inLanguage":"fr-FR"},{"@type":"Organization","@id":"https:\/\/paca.lpo.fr\/blogs\/pays-gapencais\/#organization","name":"Groupe local Pays Gapen\u00e7ais","url":"https:\/\/paca.lpo.fr\/blogs\/pays-gapencais\/","logo":{"@type":"ImageObject","inLanguage":"fr-FR","@id":"https:\/\/paca.lpo.fr\/blogs\/pays-gapencais\/#\/schema\/logo\/image\/","url":"https:\/\/paca.lpo.fr\/blogs\/pays-gapencais\/files\/2024\/01\/cropped-rvb-lpo-paca-logotype-signature-droite-mini-500.jpg","contentUrl":"https:\/\/paca.lpo.fr\/blogs\/pays-gapencais\/files\/2024\/01\/cropped-rvb-lpo-paca-logotype-signature-droite-mini-500.jpg","width":500,"height":210,"caption":"Groupe local Pays Gapen\u00e7ais"},"image":{"@id":"https:\/\/paca.lpo.fr\/blogs\/pays-gapencais\/#\/schema\/logo\/image\/"}},{"@type":"Person","@id":"https:\/\/paca.lpo.fr\/blogs\/pays-gapencais\/#\/schema\/person\/f04b4317576a566640b52fd10cb73f42","name":"LPO Pays Gapen\u00e7ais","image":{"@type":"ImageObject","inLanguage":"fr-FR","@id":"https:\/\/secure.gravatar.com\/avatar\/0ad60f70598d35f5834aaa24844d0685f1c44e5307491303924c152e7ee710eb?s=96&d=mm&r=g","url":"https:\/\/secure.gravatar.com\/avatar\/0ad60f70598d35f5834aaa24844d0685f1c44e5307491303924c152e7ee710eb?s=96&d=mm&r=g","contentUrl":"https:\/\/secure.gravatar.com\/avatar\/0ad60f70598d35f5834aaa24844d0685f1c44e5307491303924c152e7ee710eb?s=96&d=mm&r=g","caption":"LPO Pays Gapen\u00e7ais"},"url":"http:\/\/paca.lpo.fr\/blogs\/pays-gapencais\/author\/paysgapencais\/"}]}},"jetpack_featured_media_url":"https:\/\/paca.lpo.fr\/blogs\/pays-gapencais\/files\/2014\/09\/Vol-ville-rd.jpg","_links":{"self":[{"href":"http:\/\/paca.lpo.fr\/blogs\/pays-gapencais\/wp-json\/wp\/v2\/posts\/300","targetHints":{"allow":["GET"]}}],"collection":[{"href":"http:\/\/paca.lpo.fr\/blogs\/pays-gapencais\/wp-json\/wp\/v2\/posts"}],"about":[{"href":"http:\/\/paca.lpo.fr\/blogs\/pays-gapencais\/wp-json\/wp\/v2\/types\/post"}],"author":[{"embeddable":true,"href":"http:\/\/paca.lpo.fr\/blogs\/pays-gapencais\/wp-json\/wp\/v2\/users\/20"}],"replies":[{"embeddable":true,"href":"http:\/\/paca.lpo.fr\/blogs\/pays-gapencais\/wp-json\/wp\/v2\/comments?post=300"}],"version-history":[{"count":4,"href":"http:\/\/paca.lpo.fr\/blogs\/pays-gapencais\/wp-json\/wp\/v2\/posts\/300\/revisions"}],"predecessor-version":[{"id":309,"href":"http:\/\/paca.lpo.fr\/blogs\/pays-gapencais\/wp-json\/wp\/v2\/posts\/300\/revisions\/309"}],"wp:featuredmedia":[{"embeddable":true,"href":"http:\/\/paca.lpo.fr\/blogs\/pays-gapencais\/wp-json\/wp\/v2\/media\/306"}],"wp:attachment":[{"href":"http:\/\/paca.lpo.fr\/blogs\/pays-gapencais\/wp-json\/wp\/v2\/media?parent=300"}],"wp:term":[{"taxonomy":"category","embeddable":true,"href":"http:\/\/paca.lpo.fr\/blogs\/pays-gapencais\/wp-json\/wp\/v2\/categories?post=300"},{"taxonomy":"post_tag","embeddable":true,"href":"http:\/\/paca.lpo.fr\/blogs\/pays-gapencais\/wp-json\/wp\/v2\/tags?post=300"}],"curies":[{"name":"wp","href":"https:\/\/api.w.org\/{rel}","templated":true}]}}