{"id":313,"date":"2014-10-07T19:54:25","date_gmt":"2014-10-07T19:54:25","guid":{"rendered":"http:\/\/paca.lpo.fr\/blogs\/pays-gapencais\/?p=313"},"modified":"2014-10-31T13:07:48","modified_gmt":"2014-10-31T13:07:48","slug":"week-end-en-montagne-de-lure","status":"publish","type":"post","link":"http:\/\/paca.lpo.fr\/blogs\/pays-gapencais\/2014\/10\/07\/week-end-en-montagne-de-lure\/","title":{"rendered":"Week-end en Montagne de Lure"},"content":{"rendered":"<p>Le groupe local Pays Gapen\u00e7ais organisait fin septembre un week-end sp\u00e9cial : \u00ab\u00a0Le brame du Cerf\u00a0\u00bb en Montagne de Lure. Une telle annonce dans l&rsquo;agenda LPO a toujours du succ\u00e8s. Le g\u00eete d&rsquo;Ongles \u00e9tait complet et, comme d&rsquo;habitude, la famille Bertaina-Valentin s&rsquo;est mise en quatre pour satisfaire tout un chacun. Il n&rsquo;est pas possible d&rsquo;observer les grands cervid\u00e9s qui restent cach\u00e9s dans la for\u00eat, mais les entendre est d\u00e9j\u00e0 une exp\u00e9rience \u00e9mouvante. Apr\u00e8s deux heures pass\u00e9es au bord d&rsquo;un champ de sauge, c&rsquo;est une tr\u00e8s bonne\u00a0odeur qui\u00a0persiste !<\/p>\n<p><a href=\"http:\/\/paca.lpo.fr\/blogs\/pays-gapencais\/files\/2014\/10\/P1140328rd.jpg\"><img loading=\"lazy\" decoding=\"async\" class=\"alignleft size-full wp-image-316\" src=\"http:\/\/paca.lpo.fr\/blogs\/pays-gapencais\/files\/2014\/10\/P1140328rd.jpg\" alt=\"P1140328rd\" width=\"448\" height=\"336\" \/><\/a>Le lendemain, Tony a conduit le groupe sur les cr\u00eates de Lure o\u00f9 il observe r\u00e9guli\u00e8rement de nombreux oiseaux, surtout en cette p\u00e9riode de migration. Malheureusement, le vent \u00e9tait tr\u00e8s violent. Faute d&rsquo;oiseaux, nous avons admir\u00e9\u00a0le splendide paysage.\u00a0Et un traquet motteux qui est rest\u00e9 longuement post\u00e9 sur un rocher.<\/p>\n<p>La surprise nous attendait sur le chemin du retour : une Vip\u00e8re d&rsquo;Orsini ! Pas \u00e9tonnant puisqu&rsquo;elle est responsable du statut de protection du site. Mais c&rsquo;\u00e9tait une coche pour les vingt personnes pr\u00e9sentes. On peut donc dire que le week-end s&rsquo;est termin\u00e9 en apoth\u00e9ose.\u00a0 Merci Tony !<\/p>\n<p><a href=\"http:\/\/paca.lpo.fr\/blogs\/pays-gapencais\/files\/2014\/10\/Vip\u00e8re-dOrsini-28sept14.jpg\"><img loading=\"lazy\" decoding=\"async\" class=\"alignleft size-full wp-image-320\" src=\"http:\/\/paca.lpo.fr\/blogs\/pays-gapencais\/files\/2014\/10\/Vip\u00e8re-dOrsini-28sept14.jpg\" alt=\"Vip\u00e8re d'Orsini 28sept14\" width=\"392\" height=\"344\" \/><\/a><a href=\"http:\/\/paca.lpo.fr\/blogs\/pays-gapencais\/files\/2014\/10\/P1140363rd.jpg\"><img loading=\"lazy\" decoding=\"async\" class=\"alignleft size-medium wp-image-319\" src=\"http:\/\/paca.lpo.fr\/blogs\/pays-gapencais\/files\/2014\/10\/P1140363rd-462x480.jpg\" alt=\"P1140363rd\" width=\"462\" height=\"480\" srcset=\"https:\/\/paca.lpo.fr\/blogs\/pays-gapencais\/files\/2014\/10\/P1140363rd-462x480.jpg 462w, https:\/\/paca.lpo.fr\/blogs\/pays-gapencais\/files\/2014\/10\/P1140363rd.jpg 646w\" sizes=\"auto, (max-width: 462px) 100vw, 462px\" \/><\/a><\/p>\n","protected":false},"excerpt":{"rendered":"<p>Le groupe local Pays Gapen\u00e7ais organisait fin septembre un week-end sp\u00e9cial : \u00ab\u00a0Le brame du Cerf\u00a0\u00bb en Montagne de Lure. Une telle annonce dans l&rsquo;agenda LPO a toujours du succ\u00e8s. Le g\u00eete d&rsquo;Ongles \u00e9tait complet et, comme d&rsquo;habitude, la famille Bertaina-Valentin s&rsquo;est mise en quatre pour satisfaire tout un chacun. Il n&rsquo;est pas possible d&rsquo;observer [&hellip;]<\/p>\n","protected":false},"author":20,"featured_media":316,"comment_status":"open","ping_status":"open","sticky":false,"template":"","format":"standard","meta":{"footnotes":""},"categories":[1],"tags":[],"class_list":["post-313","post","type-post","status-publish","format-standard","has-post-thumbnail","hentry","category-non-classe"],"yoast_head":"<!-- This site is optimized with the Yoast SEO plugin v28.3 - https:\/\/yoast.com\/product\/yoast-seo-wordpress\/ -->\n<title>Week-end en Montagne de Lure - Groupe local Pays Gapen\u00e7ais<\/title>\n<meta name=\"robots\" content=\"index, follow, max-snippet:-1, max-image-preview:large, max-video-preview:-1\" \/>\n<link rel=\"canonical\" href=\"http:\/\/paca.lpo.fr\/blogs\/pays-gapencais\/2014\/10\/07\/week-end-en-montagne-de-lure\/\" \/>\n<meta property=\"og:locale\" content=\"fr_FR\" \/>\n<meta property=\"og:type\" content=\"article\" \/>\n<meta property=\"og:title\" content=\"Week-end en Montagne de Lure - Groupe local Pays Gapen\u00e7ais\" \/>\n<meta property=\"og:description\" content=\"Le groupe local Pays Gapen\u00e7ais organisait fin septembre un week-end sp\u00e9cial : \u00ab\u00a0Le brame du Cerf\u00a0\u00bb en Montagne de Lure. Une telle annonce dans l&rsquo;agenda LPO a toujours du succ\u00e8s. Le g\u00eete d&rsquo;Ongles \u00e9tait complet et, comme d&rsquo;habitude, la famille Bertaina-Valentin s&rsquo;est mise en quatre pour satisfaire tout un chacun. Il n&rsquo;est pas possible d&rsquo;observer [&hellip;]\" \/>\n<meta property=\"og:url\" content=\"http:\/\/paca.lpo.fr\/blogs\/pays-gapencais\/2014\/10\/07\/week-end-en-montagne-de-lure\/\" \/>\n<meta property=\"og:site_name\" content=\"Groupe local Pays Gapen\u00e7ais\" \/>\n<meta property=\"article:published_time\" content=\"2014-10-07T19:54:25+00:00\" \/>\n<meta property=\"article:modified_time\" content=\"2014-10-31T13:07:48+00:00\" \/>\n<meta property=\"og:image\" content=\"https:\/\/paca.lpo.fr\/blogs\/pays-gapencais\/files\/2014\/10\/P1140328rd.jpg\" \/>\n\t<meta property=\"og:image:width\" content=\"448\" \/>\n\t<meta property=\"og:image:height\" content=\"336\" \/>\n\t<meta property=\"og:image:type\" content=\"image\/jpeg\" \/>\n<meta name=\"author\" content=\"LPO Pays Gapen\u00e7ais\" \/>\n<meta name=\"twitter:card\" content=\"summary_large_image\" \/>\n<meta name=\"twitter:label1\" content=\"\u00c9crit par\" \/>\n\t<meta name=\"twitter:data1\" content=\"LPO Pays Gapen\u00e7ais\" \/>\n\t<meta name=\"twitter:label2\" content=\"Dur\u00e9e de lecture estim\u00e9e\" \/>\n\t<meta name=\"twitter:data2\" content=\"1 minute\" \/>\n<script type=\"application\/ld+json\" class=\"yoast-schema-graph\">{\"@context\":\"https:\\\/\\\/schema.org\",\"@graph\":[{\"@type\":\"Article\",\"@id\":\"http:\\\/\\\/paca.lpo.fr\\\/blogs\\\/pays-gapencais\\\/2014\\\/10\\\/07\\\/week-end-en-montagne-de-lure\\\/#article\",\"isPartOf\":{\"@id\":\"http:\\\/\\\/paca.lpo.fr\\\/blogs\\\/pays-gapencais\\\/2014\\\/10\\\/07\\\/week-end-en-montagne-de-lure\\\/\"},\"author\":{\"name\":\"LPO Pays Gapen\u00e7ais\",\"@id\":\"https:\\\/\\\/paca.lpo.fr\\\/blogs\\\/pays-gapencais\\\/#\\\/schema\\\/person\\\/f04b4317576a566640b52fd10cb73f42\"},\"headline\":\"Week-end en Montagne de Lure\",\"datePublished\":\"2014-10-07T19:54:25+00:00\",\"dateModified\":\"2014-10-31T13:07:48+00:00\",\"mainEntityOfPage\":{\"@id\":\"http:\\\/\\\/paca.lpo.fr\\\/blogs\\\/pays-gapencais\\\/2014\\\/10\\\/07\\\/week-end-en-montagne-de-lure\\\/\"},\"wordCount\":222,\"commentCount\":0,\"publisher\":{\"@id\":\"https:\\\/\\\/paca.lpo.fr\\\/blogs\\\/pays-gapencais\\\/#organization\"},\"image\":{\"@id\":\"http:\\\/\\\/paca.lpo.fr\\\/blogs\\\/pays-gapencais\\\/2014\\\/10\\\/07\\\/week-end-en-montagne-de-lure\\\/#primaryimage\"},\"thumbnailUrl\":\"https:\\\/\\\/paca.lpo.fr\\\/blogs\\\/pays-gapencais\\\/files\\\/2014\\\/10\\\/P1140328rd.jpg\",\"inLanguage\":\"fr-FR\",\"potentialAction\":[{\"@type\":\"CommentAction\",\"name\":\"Comment\",\"target\":[\"http:\\\/\\\/paca.lpo.fr\\\/blogs\\\/pays-gapencais\\\/2014\\\/10\\\/07\\\/week-end-en-montagne-de-lure\\\/#respond\"]}]},{\"@type\":\"WebPage\",\"@id\":\"http:\\\/\\\/paca.lpo.fr\\\/blogs\\\/pays-gapencais\\\/2014\\\/10\\\/07\\\/week-end-en-montagne-de-lure\\\/\",\"url\":\"http:\\\/\\\/paca.lpo.fr\\\/blogs\\\/pays-gapencais\\\/2014\\\/10\\\/07\\\/week-end-en-montagne-de-lure\\\/\",\"name\":\"Week-end en Montagne de Lure - Groupe local Pays Gapen\u00e7ais\",\"isPartOf\":{\"@id\":\"https:\\\/\\\/paca.lpo.fr\\\/blogs\\\/pays-gapencais\\\/#website\"},\"primaryImageOfPage\":{\"@id\":\"http:\\\/\\\/paca.lpo.fr\\\/blogs\\\/pays-gapencais\\\/2014\\\/10\\\/07\\\/week-end-en-montagne-de-lure\\\/#primaryimage\"},\"image\":{\"@id\":\"http:\\\/\\\/paca.lpo.fr\\\/blogs\\\/pays-gapencais\\\/2014\\\/10\\\/07\\\/week-end-en-montagne-de-lure\\\/#primaryimage\"},\"thumbnailUrl\":\"https:\\\/\\\/paca.lpo.fr\\\/blogs\\\/pays-gapencais\\\/files\\\/2014\\\/10\\\/P1140328rd.jpg\",\"datePublished\":\"2014-10-07T19:54:25+00:00\",\"dateModified\":\"2014-10-31T13:07:48+00:00\",\"breadcrumb\":{\"@id\":\"http:\\\/\\\/paca.lpo.fr\\\/blogs\\\/pays-gapencais\\\/2014\\\/10\\\/07\\\/week-end-en-montagne-de-lure\\\/#breadcrumb\"},\"inLanguage\":\"fr-FR\",\"potentialAction\":[{\"@type\":\"ReadAction\",\"target\":[\"http:\\\/\\\/paca.lpo.fr\\\/blogs\\\/pays-gapencais\\\/2014\\\/10\\\/07\\\/week-end-en-montagne-de-lure\\\/\"]}]},{\"@type\":\"ImageObject\",\"inLanguage\":\"fr-FR\",\"@id\":\"http:\\\/\\\/paca.lpo.fr\\\/blogs\\\/pays-gapencais\\\/2014\\\/10\\\/07\\\/week-end-en-montagne-de-lure\\\/#primaryimage\",\"url\":\"https:\\\/\\\/paca.lpo.fr\\\/blogs\\\/pays-gapencais\\\/files\\\/2014\\\/10\\\/P1140328rd.jpg\",\"contentUrl\":\"https:\\\/\\\/paca.lpo.fr\\\/blogs\\\/pays-gapencais\\\/files\\\/2014\\\/10\\\/P1140328rd.jpg\",\"width\":448,\"height\":336},{\"@type\":\"BreadcrumbList\",\"@id\":\"http:\\\/\\\/paca.lpo.fr\\\/blogs\\\/pays-gapencais\\\/2014\\\/10\\\/07\\\/week-end-en-montagne-de-lure\\\/#breadcrumb\",\"itemListElement\":[{\"@type\":\"ListItem\",\"position\":1,\"name\":\"Accueil\",\"item\":\"https:\\\/\\\/paca.lpo.fr\\\/blogs\\\/pays-gapencais\\\/\"},{\"@type\":\"ListItem\",\"position\":2,\"name\":\"Week-end en Montagne de Lure\"}]},{\"@type\":\"WebSite\",\"@id\":\"https:\\\/\\\/paca.lpo.fr\\\/blogs\\\/pays-gapencais\\\/#website\",\"url\":\"https:\\\/\\\/paca.lpo.fr\\\/blogs\\\/pays-gapencais\\\/\",\"name\":\"Groupe local Pays Gapen\u00e7ais\",\"description\":\"Groupe local Pays Gapen\u00e7ais\",\"publisher\":{\"@id\":\"https:\\\/\\\/paca.lpo.fr\\\/blogs\\\/pays-gapencais\\\/#organization\"},\"potentialAction\":[{\"@type\":\"SearchAction\",\"target\":{\"@type\":\"EntryPoint\",\"urlTemplate\":\"https:\\\/\\\/paca.lpo.fr\\\/blogs\\\/pays-gapencais\\\/?s={search_term_string}\"},\"query-input\":{\"@type\":\"PropertyValueSpecification\",\"valueRequired\":true,\"valueName\":\"search_term_string\"}}],\"inLanguage\":\"fr-FR\"},{\"@type\":\"Organization\",\"@id\":\"https:\\\/\\\/paca.lpo.fr\\\/blogs\\\/pays-gapencais\\\/#organization\",\"name\":\"Groupe local Pays Gapen\u00e7ais\",\"url\":\"https:\\\/\\\/paca.lpo.fr\\\/blogs\\\/pays-gapencais\\\/\",\"logo\":{\"@type\":\"ImageObject\",\"inLanguage\":\"fr-FR\",\"@id\":\"https:\\\/\\\/paca.lpo.fr\\\/blogs\\\/pays-gapencais\\\/#\\\/schema\\\/logo\\\/image\\\/\",\"url\":\"https:\\\/\\\/paca.lpo.fr\\\/blogs\\\/pays-gapencais\\\/files\\\/2024\\\/01\\\/cropped-rvb-lpo-paca-logotype-signature-droite-mini-500.jpg\",\"contentUrl\":\"https:\\\/\\\/paca.lpo.fr\\\/blogs\\\/pays-gapencais\\\/files\\\/2024\\\/01\\\/cropped-rvb-lpo-paca-logotype-signature-droite-mini-500.jpg\",\"width\":500,\"height\":210,\"caption\":\"Groupe local Pays Gapen\u00e7ais\"},\"image\":{\"@id\":\"https:\\\/\\\/paca.lpo.fr\\\/blogs\\\/pays-gapencais\\\/#\\\/schema\\\/logo\\\/image\\\/\"}},{\"@type\":\"Person\",\"@id\":\"https:\\\/\\\/paca.lpo.fr\\\/blogs\\\/pays-gapencais\\\/#\\\/schema\\\/person\\\/f04b4317576a566640b52fd10cb73f42\",\"name\":\"LPO Pays Gapen\u00e7ais\",\"image\":{\"@type\":\"ImageObject\",\"inLanguage\":\"fr-FR\",\"@id\":\"https:\\\/\\\/secure.gravatar.com\\\/avatar\\\/0ad60f70598d35f5834aaa24844d0685f1c44e5307491303924c152e7ee710eb?s=96&d=mm&r=g\",\"url\":\"https:\\\/\\\/secure.gravatar.com\\\/avatar\\\/0ad60f70598d35f5834aaa24844d0685f1c44e5307491303924c152e7ee710eb?s=96&d=mm&r=g\",\"contentUrl\":\"https:\\\/\\\/secure.gravatar.com\\\/avatar\\\/0ad60f70598d35f5834aaa24844d0685f1c44e5307491303924c152e7ee710eb?s=96&d=mm&r=g\",\"caption\":\"LPO Pays Gapen\u00e7ais\"},\"url\":\"http:\\\/\\\/paca.lpo.fr\\\/blogs\\\/pays-gapencais\\\/author\\\/paysgapencais\\\/\"}]}<\/script>\n<!-- \/ Yoast SEO plugin. -->","yoast_head_json":{"title":"Week-end en Montagne de Lure - Groupe local Pays Gapen\u00e7ais","robots":{"index":"index","follow":"follow","max-snippet":"max-snippet:-1","max-image-preview":"max-image-preview:large","max-video-preview":"max-video-preview:-1"},"canonical":"http:\/\/paca.lpo.fr\/blogs\/pays-gapencais\/2014\/10\/07\/week-end-en-montagne-de-lure\/","og_locale":"fr_FR","og_type":"article","og_title":"Week-end en Montagne de Lure - Groupe local Pays Gapen\u00e7ais","og_description":"Le groupe local Pays Gapen\u00e7ais organisait fin septembre un week-end sp\u00e9cial : \u00ab\u00a0Le brame du Cerf\u00a0\u00bb en Montagne de Lure. Une telle annonce dans l&rsquo;agenda LPO a toujours du succ\u00e8s. Le g\u00eete d&rsquo;Ongles \u00e9tait complet et, comme d&rsquo;habitude, la famille Bertaina-Valentin s&rsquo;est mise en quatre pour satisfaire tout un chacun. Il n&rsquo;est pas possible d&rsquo;observer [&hellip;]","og_url":"http:\/\/paca.lpo.fr\/blogs\/pays-gapencais\/2014\/10\/07\/week-end-en-montagne-de-lure\/","og_site_name":"Groupe local Pays Gapen\u00e7ais","article_published_time":"2014-10-07T19:54:25+00:00","article_modified_time":"2014-10-31T13:07:48+00:00","og_image":[{"width":448,"height":336,"url":"https:\/\/paca.lpo.fr\/blogs\/pays-gapencais\/files\/2014\/10\/P1140328rd.jpg","type":"image\/jpeg"}],"author":"LPO Pays Gapen\u00e7ais","twitter_card":"summary_large_image","twitter_misc":{"\u00c9crit par":"LPO Pays Gapen\u00e7ais","Dur\u00e9e de lecture estim\u00e9e":"1 minute"},"schema":{"@context":"https:\/\/schema.org","@graph":[{"@type":"Article","@id":"http:\/\/paca.lpo.fr\/blogs\/pays-gapencais\/2014\/10\/07\/week-end-en-montagne-de-lure\/#article","isPartOf":{"@id":"http:\/\/paca.lpo.fr\/blogs\/pays-gapencais\/2014\/10\/07\/week-end-en-montagne-de-lure\/"},"author":{"name":"LPO Pays Gapen\u00e7ais","@id":"https:\/\/paca.lpo.fr\/blogs\/pays-gapencais\/#\/schema\/person\/f04b4317576a566640b52fd10cb73f42"},"headline":"Week-end en Montagne de Lure","datePublished":"2014-10-07T19:54:25+00:00","dateModified":"2014-10-31T13:07:48+00:00","mainEntityOfPage":{"@id":"http:\/\/paca.lpo.fr\/blogs\/pays-gapencais\/2014\/10\/07\/week-end-en-montagne-de-lure\/"},"wordCount":222,"commentCount":0,"publisher":{"@id":"https:\/\/paca.lpo.fr\/blogs\/pays-gapencais\/#organization"},"image":{"@id":"http:\/\/paca.lpo.fr\/blogs\/pays-gapencais\/2014\/10\/07\/week-end-en-montagne-de-lure\/#primaryimage"},"thumbnailUrl":"https:\/\/paca.lpo.fr\/blogs\/pays-gapencais\/files\/2014\/10\/P1140328rd.jpg","inLanguage":"fr-FR","potentialAction":[{"@type":"CommentAction","name":"Comment","target":["http:\/\/paca.lpo.fr\/blogs\/pays-gapencais\/2014\/10\/07\/week-end-en-montagne-de-lure\/#respond"]}]},{"@type":"WebPage","@id":"http:\/\/paca.lpo.fr\/blogs\/pays-gapencais\/2014\/10\/07\/week-end-en-montagne-de-lure\/","url":"http:\/\/paca.lpo.fr\/blogs\/pays-gapencais\/2014\/10\/07\/week-end-en-montagne-de-lure\/","name":"Week-end en Montagne de Lure - Groupe local Pays Gapen\u00e7ais","isPartOf":{"@id":"https:\/\/paca.lpo.fr\/blogs\/pays-gapencais\/#website"},"primaryImageOfPage":{"@id":"http:\/\/paca.lpo.fr\/blogs\/pays-gapencais\/2014\/10\/07\/week-end-en-montagne-de-lure\/#primaryimage"},"image":{"@id":"http:\/\/paca.lpo.fr\/blogs\/pays-gapencais\/2014\/10\/07\/week-end-en-montagne-de-lure\/#primaryimage"},"thumbnailUrl":"https:\/\/paca.lpo.fr\/blogs\/pays-gapencais\/files\/2014\/10\/P1140328rd.jpg","datePublished":"2014-10-07T19:54:25+00:00","dateModified":"2014-10-31T13:07:48+00:00","breadcrumb":{"@id":"http:\/\/paca.lpo.fr\/blogs\/pays-gapencais\/2014\/10\/07\/week-end-en-montagne-de-lure\/#breadcrumb"},"inLanguage":"fr-FR","potentialAction":[{"@type":"ReadAction","target":["http:\/\/paca.lpo.fr\/blogs\/pays-gapencais\/2014\/10\/07\/week-end-en-montagne-de-lure\/"]}]},{"@type":"ImageObject","inLanguage":"fr-FR","@id":"http:\/\/paca.lpo.fr\/blogs\/pays-gapencais\/2014\/10\/07\/week-end-en-montagne-de-lure\/#primaryimage","url":"https:\/\/paca.lpo.fr\/blogs\/pays-gapencais\/files\/2014\/10\/P1140328rd.jpg","contentUrl":"https:\/\/paca.lpo.fr\/blogs\/pays-gapencais\/files\/2014\/10\/P1140328rd.jpg","width":448,"height":336},{"@type":"BreadcrumbList","@id":"http:\/\/paca.lpo.fr\/blogs\/pays-gapencais\/2014\/10\/07\/week-end-en-montagne-de-lure\/#breadcrumb","itemListElement":[{"@type":"ListItem","position":1,"name":"Accueil","item":"https:\/\/paca.lpo.fr\/blogs\/pays-gapencais\/"},{"@type":"ListItem","position":2,"name":"Week-end en Montagne de Lure"}]},{"@type":"WebSite","@id":"https:\/\/paca.lpo.fr\/blogs\/pays-gapencais\/#website","url":"https:\/\/paca.lpo.fr\/blogs\/pays-gapencais\/","name":"Groupe local Pays Gapen\u00e7ais","description":"Groupe local Pays Gapen\u00e7ais","publisher":{"@id":"https:\/\/paca.lpo.fr\/blogs\/pays-gapencais\/#organization"},"potentialAction":[{"@type":"SearchAction","target":{"@type":"EntryPoint","urlTemplate":"https:\/\/paca.lpo.fr\/blogs\/pays-gapencais\/?s={search_term_string}"},"query-input":{"@type":"PropertyValueSpecification","valueRequired":true,"valueName":"search_term_string"}}],"inLanguage":"fr-FR"},{"@type":"Organization","@id":"https:\/\/paca.lpo.fr\/blogs\/pays-gapencais\/#organization","name":"Groupe local Pays Gapen\u00e7ais","url":"https:\/\/paca.lpo.fr\/blogs\/pays-gapencais\/","logo":{"@type":"ImageObject","inLanguage":"fr-FR","@id":"https:\/\/paca.lpo.fr\/blogs\/pays-gapencais\/#\/schema\/logo\/image\/","url":"https:\/\/paca.lpo.fr\/blogs\/pays-gapencais\/files\/2024\/01\/cropped-rvb-lpo-paca-logotype-signature-droite-mini-500.jpg","contentUrl":"https:\/\/paca.lpo.fr\/blogs\/pays-gapencais\/files\/2024\/01\/cropped-rvb-lpo-paca-logotype-signature-droite-mini-500.jpg","width":500,"height":210,"caption":"Groupe local Pays Gapen\u00e7ais"},"image":{"@id":"https:\/\/paca.lpo.fr\/blogs\/pays-gapencais\/#\/schema\/logo\/image\/"}},{"@type":"Person","@id":"https:\/\/paca.lpo.fr\/blogs\/pays-gapencais\/#\/schema\/person\/f04b4317576a566640b52fd10cb73f42","name":"LPO Pays Gapen\u00e7ais","image":{"@type":"ImageObject","inLanguage":"fr-FR","@id":"https:\/\/secure.gravatar.com\/avatar\/0ad60f70598d35f5834aaa24844d0685f1c44e5307491303924c152e7ee710eb?s=96&d=mm&r=g","url":"https:\/\/secure.gravatar.com\/avatar\/0ad60f70598d35f5834aaa24844d0685f1c44e5307491303924c152e7ee710eb?s=96&d=mm&r=g","contentUrl":"https:\/\/secure.gravatar.com\/avatar\/0ad60f70598d35f5834aaa24844d0685f1c44e5307491303924c152e7ee710eb?s=96&d=mm&r=g","caption":"LPO Pays Gapen\u00e7ais"},"url":"http:\/\/paca.lpo.fr\/blogs\/pays-gapencais\/author\/paysgapencais\/"}]}},"jetpack_featured_media_url":"https:\/\/paca.lpo.fr\/blogs\/pays-gapencais\/files\/2014\/10\/P1140328rd.jpg","_links":{"self":[{"href":"http:\/\/paca.lpo.fr\/blogs\/pays-gapencais\/wp-json\/wp\/v2\/posts\/313","targetHints":{"allow":["GET"]}}],"collection":[{"href":"http:\/\/paca.lpo.fr\/blogs\/pays-gapencais\/wp-json\/wp\/v2\/posts"}],"about":[{"href":"http:\/\/paca.lpo.fr\/blogs\/pays-gapencais\/wp-json\/wp\/v2\/types\/post"}],"author":[{"embeddable":true,"href":"http:\/\/paca.lpo.fr\/blogs\/pays-gapencais\/wp-json\/wp\/v2\/users\/20"}],"replies":[{"embeddable":true,"href":"http:\/\/paca.lpo.fr\/blogs\/pays-gapencais\/wp-json\/wp\/v2\/comments?post=313"}],"version-history":[{"count":4,"href":"http:\/\/paca.lpo.fr\/blogs\/pays-gapencais\/wp-json\/wp\/v2\/posts\/313\/revisions"}],"predecessor-version":[{"id":322,"href":"http:\/\/paca.lpo.fr\/blogs\/pays-gapencais\/wp-json\/wp\/v2\/posts\/313\/revisions\/322"}],"wp:featuredmedia":[{"embeddable":true,"href":"http:\/\/paca.lpo.fr\/blogs\/pays-gapencais\/wp-json\/wp\/v2\/media\/316"}],"wp:attachment":[{"href":"http:\/\/paca.lpo.fr\/blogs\/pays-gapencais\/wp-json\/wp\/v2\/media?parent=313"}],"wp:term":[{"taxonomy":"category","embeddable":true,"href":"http:\/\/paca.lpo.fr\/blogs\/pays-gapencais\/wp-json\/wp\/v2\/categories?post=313"},{"taxonomy":"post_tag","embeddable":true,"href":"http:\/\/paca.lpo.fr\/blogs\/pays-gapencais\/wp-json\/wp\/v2\/tags?post=313"}],"curies":[{"name":"wp","href":"https:\/\/api.w.org\/{rel}","templated":true}]}}