{"id":34,"date":"2011-01-19T16:39:43","date_gmt":"2011-01-19T16:39:43","guid":{"rendered":"http:\/\/paca.lpo.fr\/blogs\/pays-gapencais\/?p=34"},"modified":"2012-06-29T13:13:54","modified_gmt":"2012-06-29T13:13:54","slug":"les-oiseaux-du-bocage","status":"publish","type":"post","link":"http:\/\/paca.lpo.fr\/blogs\/pays-gapencais\/2011\/01\/19\/les-oiseaux-du-bocage\/","title":{"rendered":"Les oiseaux du bocage"},"content":{"rendered":"<div>\n<figure style=\"width: 450px\" class=\"wp-caption alignnone\"><img loading=\"lazy\" decoding=\"async\" src=\"http:\/\/paca.lpo.fr\/media\/k2\/items\/cache\/88f135a483ef01fac8d7b920488085e4_L.jpg\" alt=\"\" width=\"450\" height=\"338\" \/><figcaption class=\"wp-caption-text\">Au loin, le Pic de Bure\u00a0\u00a0\u00a0\u00a0\u00a0\u00a0\u00a0\u00a0\u00a0\u00a0\u00a0\u00a0\u00a0\u00a0\u00a0\u00a0\u00a0\u00a0\u00a0\u00a0\u00a0\u00a0\u00a0\u00a0\u00a0\u00a0\u00a0\u00a0\u00a0\u00a0\u00a0\u00a0\u00a0\u00a0\u00a0\u00a0\u00a0\u00a0\u00a0\u00a0\u00a0\u00a0\u00a0\u00a0\u00a0\u00a0\u00a0\u00a0\u00a0\u00a0\u00a0\u00a0\u00a0\u00a0\u00a0\u00a0\u00a0\u00a0\u00a0\u00a0\u00a0\u00a0\u00a0\u00a0\u00a0\u00a0\u00a0\u00a0\u00a0\u00a0\u00a0\u00a0\u00a0\u00a0\u00a0\u00a0\u00a0 HClv<\/figcaption><\/figure>\n<p>Nous \u00e9tions 15, \u00e0 la d\u00e9couverte des oiseaux du bocage, par une belle journ\u00e9e qui, apr\u00e8s la fra\u00eecheur matinale, fut encore printani\u00e8re ; d&rsquo;ailleurs les oiseaux se laissaient aller \u00e0 chanter.<\/p>\n<p>Certains d&rsquo;entre nous ayant des obligations, c&rsquo;est \u00e0 9 que nous avons termin\u00e9 cette journ\u00e9e d&rsquo;observations. Paul nous a m\u00eame trouv\u00e9 un chamois, l\u00e0-bas, tr\u00e8s loin, tr\u00e8s haut sur les pentes du Pic de Bure. En passant pr\u00e8s de la zone humide, ce sont des fum\u00e9es de cerf que nous avons rencontr\u00e9es et aussi, dans un buisson \u00e9pineux, un ancien nid de fauvettes qui, \u00e0 la vue des restes, avait probablement servi \u00e0 un petit rongeur&#8230;<\/p>\n<p>Inutile de pr\u00e9ciser que nous avons, encore une fois, pass\u00e9 une tr\u00e8s bonne journ\u00e9e.<\/p>\n<p>Les observations sont visibles sur <a href=\"http:\/\/www.faune-paca.org\">www.faune-paca.org<\/a><\/p>\n<p>LN<\/p>\n<\/div>\n","protected":false},"excerpt":{"rendered":"<p>Nous \u00e9tions 15, \u00e0 la d\u00e9couverte des oiseaux du bocage, par une belle journ\u00e9e qui, apr\u00e8s la fra\u00eecheur matinale, fut encore printani\u00e8re ; d&rsquo;ailleurs les oiseaux se laissaient aller \u00e0 chanter. Certains d&rsquo;entre nous ayant des obligations, c&rsquo;est \u00e0 9 que nous avons termin\u00e9 cette journ\u00e9e d&rsquo;observations. Paul nous a m\u00eame trouv\u00e9 un chamois, l\u00e0-bas, [&hellip;]<\/p>\n","protected":false},"author":1,"featured_media":0,"comment_status":"open","ping_status":"open","sticky":false,"template":"","format":"standard","meta":{"footnotes":""},"categories":[1],"tags":[19,20,3,4],"class_list":["post-34","post","type-post","status-publish","format-standard","hentry","category-non-classe","tag-bocage","tag-correo","tag-gap","tag-hautesalpes"],"yoast_head":"<!-- This site is optimized with the Yoast SEO plugin v28.3 - https:\/\/yoast.com\/product\/yoast-seo-wordpress\/ -->\n<title>Les oiseaux du bocage  - Groupe local Pays Gapen\u00e7ais<\/title>\n<meta name=\"robots\" content=\"index, follow, max-snippet:-1, max-image-preview:large, max-video-preview:-1\" \/>\n<link rel=\"canonical\" href=\"http:\/\/paca.lpo.fr\/blogs\/pays-gapencais\/2011\/01\/19\/les-oiseaux-du-bocage\/\" \/>\n<meta property=\"og:locale\" content=\"fr_FR\" \/>\n<meta property=\"og:type\" content=\"article\" \/>\n<meta property=\"og:title\" content=\"Les oiseaux du bocage  - Groupe local Pays Gapen\u00e7ais\" \/>\n<meta property=\"og:description\" content=\"Nous \u00e9tions 15, \u00e0 la d\u00e9couverte des oiseaux du bocage, par une belle journ\u00e9e qui, apr\u00e8s la fra\u00eecheur matinale, fut encore printani\u00e8re ; d&rsquo;ailleurs les oiseaux se laissaient aller \u00e0 chanter. Certains d&rsquo;entre nous ayant des obligations, c&rsquo;est \u00e0 9 que nous avons termin\u00e9 cette journ\u00e9e d&rsquo;observations. Paul nous a m\u00eame trouv\u00e9 un chamois, l\u00e0-bas, [&hellip;]\" \/>\n<meta property=\"og:url\" content=\"http:\/\/paca.lpo.fr\/blogs\/pays-gapencais\/2011\/01\/19\/les-oiseaux-du-bocage\/\" \/>\n<meta property=\"og:site_name\" content=\"Groupe local Pays Gapen\u00e7ais\" \/>\n<meta property=\"article:published_time\" content=\"2011-01-19T16:39:43+00:00\" \/>\n<meta property=\"article:modified_time\" content=\"2012-06-29T13:13:54+00:00\" \/>\n<meta property=\"og:image\" content=\"http:\/\/paca.lpo.fr\/media\/k2\/items\/cache\/88f135a483ef01fac8d7b920488085e4_L.jpg\" \/>\n<meta name=\"author\" content=\"LPOPACA\" \/>\n<meta name=\"twitter:card\" content=\"summary_large_image\" \/>\n<meta name=\"twitter:label1\" content=\"\u00c9crit par\" \/>\n\t<meta name=\"twitter:data1\" content=\"LPOPACA\" \/>\n\t<meta name=\"twitter:label2\" content=\"Dur\u00e9e de lecture estim\u00e9e\" \/>\n\t<meta name=\"twitter:data2\" content=\"1 minute\" \/>\n<script type=\"application\/ld+json\" class=\"yoast-schema-graph\">{\"@context\":\"https:\\\/\\\/schema.org\",\"@graph\":[{\"@type\":\"Article\",\"@id\":\"http:\\\/\\\/paca.lpo.fr\\\/blogs\\\/pays-gapencais\\\/2011\\\/01\\\/19\\\/les-oiseaux-du-bocage\\\/#article\",\"isPartOf\":{\"@id\":\"http:\\\/\\\/paca.lpo.fr\\\/blogs\\\/pays-gapencais\\\/2011\\\/01\\\/19\\\/les-oiseaux-du-bocage\\\/\"},\"author\":{\"name\":\"LPOPACA\",\"@id\":\"https:\\\/\\\/paca.lpo.fr\\\/blogs\\\/pays-gapencais\\\/#\\\/schema\\\/person\\\/f4701c21e2e412e301d69ea575732a07\"},\"headline\":\"Les oiseaux du bocage\",\"datePublished\":\"2011-01-19T16:39:43+00:00\",\"dateModified\":\"2012-06-29T13:13:54+00:00\",\"mainEntityOfPage\":{\"@id\":\"http:\\\/\\\/paca.lpo.fr\\\/blogs\\\/pays-gapencais\\\/2011\\\/01\\\/19\\\/les-oiseaux-du-bocage\\\/\"},\"wordCount\":159,\"commentCount\":0,\"publisher\":{\"@id\":\"https:\\\/\\\/paca.lpo.fr\\\/blogs\\\/pays-gapencais\\\/#organization\"},\"image\":{\"@id\":\"http:\\\/\\\/paca.lpo.fr\\\/blogs\\\/pays-gapencais\\\/2011\\\/01\\\/19\\\/les-oiseaux-du-bocage\\\/#primaryimage\"},\"thumbnailUrl\":\"http:\\\/\\\/paca.lpo.fr\\\/media\\\/k2\\\/items\\\/cache\\\/88f135a483ef01fac8d7b920488085e4_L.jpg\",\"keywords\":[\"Bocage\",\"Corr\u00e9o\",\"gap\",\"HautesAlpes\"],\"inLanguage\":\"fr-FR\",\"potentialAction\":[{\"@type\":\"CommentAction\",\"name\":\"Comment\",\"target\":[\"http:\\\/\\\/paca.lpo.fr\\\/blogs\\\/pays-gapencais\\\/2011\\\/01\\\/19\\\/les-oiseaux-du-bocage\\\/#respond\"]}]},{\"@type\":\"WebPage\",\"@id\":\"http:\\\/\\\/paca.lpo.fr\\\/blogs\\\/pays-gapencais\\\/2011\\\/01\\\/19\\\/les-oiseaux-du-bocage\\\/\",\"url\":\"http:\\\/\\\/paca.lpo.fr\\\/blogs\\\/pays-gapencais\\\/2011\\\/01\\\/19\\\/les-oiseaux-du-bocage\\\/\",\"name\":\"Les oiseaux du bocage - Groupe local Pays Gapen\u00e7ais\",\"isPartOf\":{\"@id\":\"https:\\\/\\\/paca.lpo.fr\\\/blogs\\\/pays-gapencais\\\/#website\"},\"primaryImageOfPage\":{\"@id\":\"http:\\\/\\\/paca.lpo.fr\\\/blogs\\\/pays-gapencais\\\/2011\\\/01\\\/19\\\/les-oiseaux-du-bocage\\\/#primaryimage\"},\"image\":{\"@id\":\"http:\\\/\\\/paca.lpo.fr\\\/blogs\\\/pays-gapencais\\\/2011\\\/01\\\/19\\\/les-oiseaux-du-bocage\\\/#primaryimage\"},\"thumbnailUrl\":\"http:\\\/\\\/paca.lpo.fr\\\/media\\\/k2\\\/items\\\/cache\\\/88f135a483ef01fac8d7b920488085e4_L.jpg\",\"datePublished\":\"2011-01-19T16:39:43+00:00\",\"dateModified\":\"2012-06-29T13:13:54+00:00\",\"breadcrumb\":{\"@id\":\"http:\\\/\\\/paca.lpo.fr\\\/blogs\\\/pays-gapencais\\\/2011\\\/01\\\/19\\\/les-oiseaux-du-bocage\\\/#breadcrumb\"},\"inLanguage\":\"fr-FR\",\"potentialAction\":[{\"@type\":\"ReadAction\",\"target\":[\"http:\\\/\\\/paca.lpo.fr\\\/blogs\\\/pays-gapencais\\\/2011\\\/01\\\/19\\\/les-oiseaux-du-bocage\\\/\"]}]},{\"@type\":\"ImageObject\",\"inLanguage\":\"fr-FR\",\"@id\":\"http:\\\/\\\/paca.lpo.fr\\\/blogs\\\/pays-gapencais\\\/2011\\\/01\\\/19\\\/les-oiseaux-du-bocage\\\/#primaryimage\",\"url\":\"http:\\\/\\\/paca.lpo.fr\\\/media\\\/k2\\\/items\\\/cache\\\/88f135a483ef01fac8d7b920488085e4_L.jpg\",\"contentUrl\":\"http:\\\/\\\/paca.lpo.fr\\\/media\\\/k2\\\/items\\\/cache\\\/88f135a483ef01fac8d7b920488085e4_L.jpg\"},{\"@type\":\"BreadcrumbList\",\"@id\":\"http:\\\/\\\/paca.lpo.fr\\\/blogs\\\/pays-gapencais\\\/2011\\\/01\\\/19\\\/les-oiseaux-du-bocage\\\/#breadcrumb\",\"itemListElement\":[{\"@type\":\"ListItem\",\"position\":1,\"name\":\"Accueil\",\"item\":\"https:\\\/\\\/paca.lpo.fr\\\/blogs\\\/pays-gapencais\\\/\"},{\"@type\":\"ListItem\",\"position\":2,\"name\":\"Les oiseaux du bocage\"}]},{\"@type\":\"WebSite\",\"@id\":\"https:\\\/\\\/paca.lpo.fr\\\/blogs\\\/pays-gapencais\\\/#website\",\"url\":\"https:\\\/\\\/paca.lpo.fr\\\/blogs\\\/pays-gapencais\\\/\",\"name\":\"Groupe local Pays Gapen\u00e7ais\",\"description\":\"Groupe local Pays Gapen\u00e7ais\",\"publisher\":{\"@id\":\"https:\\\/\\\/paca.lpo.fr\\\/blogs\\\/pays-gapencais\\\/#organization\"},\"potentialAction\":[{\"@type\":\"SearchAction\",\"target\":{\"@type\":\"EntryPoint\",\"urlTemplate\":\"https:\\\/\\\/paca.lpo.fr\\\/blogs\\\/pays-gapencais\\\/?s={search_term_string}\"},\"query-input\":{\"@type\":\"PropertyValueSpecification\",\"valueRequired\":true,\"valueName\":\"search_term_string\"}}],\"inLanguage\":\"fr-FR\"},{\"@type\":\"Organization\",\"@id\":\"https:\\\/\\\/paca.lpo.fr\\\/blogs\\\/pays-gapencais\\\/#organization\",\"name\":\"Groupe local Pays Gapen\u00e7ais\",\"url\":\"https:\\\/\\\/paca.lpo.fr\\\/blogs\\\/pays-gapencais\\\/\",\"logo\":{\"@type\":\"ImageObject\",\"inLanguage\":\"fr-FR\",\"@id\":\"https:\\\/\\\/paca.lpo.fr\\\/blogs\\\/pays-gapencais\\\/#\\\/schema\\\/logo\\\/image\\\/\",\"url\":\"https:\\\/\\\/paca.lpo.fr\\\/blogs\\\/pays-gapencais\\\/files\\\/2024\\\/01\\\/cropped-rvb-lpo-paca-logotype-signature-droite-mini-500.jpg\",\"contentUrl\":\"https:\\\/\\\/paca.lpo.fr\\\/blogs\\\/pays-gapencais\\\/files\\\/2024\\\/01\\\/cropped-rvb-lpo-paca-logotype-signature-droite-mini-500.jpg\",\"width\":500,\"height\":210,\"caption\":\"Groupe local Pays Gapen\u00e7ais\"},\"image\":{\"@id\":\"https:\\\/\\\/paca.lpo.fr\\\/blogs\\\/pays-gapencais\\\/#\\\/schema\\\/logo\\\/image\\\/\"}},{\"@type\":\"Person\",\"@id\":\"https:\\\/\\\/paca.lpo.fr\\\/blogs\\\/pays-gapencais\\\/#\\\/schema\\\/person\\\/f4701c21e2e412e301d69ea575732a07\",\"name\":\"LPOPACA\",\"image\":{\"@type\":\"ImageObject\",\"inLanguage\":\"fr-FR\",\"@id\":\"https:\\\/\\\/secure.gravatar.com\\\/avatar\\\/61b4fe4aeb906264475360b018582a8a825394c21df85ee757345c68c15ddd14?s=96&d=mm&r=g\",\"url\":\"https:\\\/\\\/secure.gravatar.com\\\/avatar\\\/61b4fe4aeb906264475360b018582a8a825394c21df85ee757345c68c15ddd14?s=96&d=mm&r=g\",\"contentUrl\":\"https:\\\/\\\/secure.gravatar.com\\\/avatar\\\/61b4fe4aeb906264475360b018582a8a825394c21df85ee757345c68c15ddd14?s=96&d=mm&r=g\",\"caption\":\"LPOPACA\"},\"url\":\"http:\\\/\\\/paca.lpo.fr\\\/blogs\\\/pays-gapencais\\\/author\\\/lpopaca\\\/\"}]}<\/script>\n<!-- \/ Yoast SEO plugin. -->","yoast_head_json":{"title":"Les oiseaux du bocage  - Groupe local Pays Gapen\u00e7ais","robots":{"index":"index","follow":"follow","max-snippet":"max-snippet:-1","max-image-preview":"max-image-preview:large","max-video-preview":"max-video-preview:-1"},"canonical":"http:\/\/paca.lpo.fr\/blogs\/pays-gapencais\/2011\/01\/19\/les-oiseaux-du-bocage\/","og_locale":"fr_FR","og_type":"article","og_title":"Les oiseaux du bocage  - Groupe local Pays Gapen\u00e7ais","og_description":"Nous \u00e9tions 15, \u00e0 la d\u00e9couverte des oiseaux du bocage, par une belle journ\u00e9e qui, apr\u00e8s la fra\u00eecheur matinale, fut encore printani\u00e8re ; d&rsquo;ailleurs les oiseaux se laissaient aller \u00e0 chanter. Certains d&rsquo;entre nous ayant des obligations, c&rsquo;est \u00e0 9 que nous avons termin\u00e9 cette journ\u00e9e d&rsquo;observations. Paul nous a m\u00eame trouv\u00e9 un chamois, l\u00e0-bas, [&hellip;]","og_url":"http:\/\/paca.lpo.fr\/blogs\/pays-gapencais\/2011\/01\/19\/les-oiseaux-du-bocage\/","og_site_name":"Groupe local Pays Gapen\u00e7ais","article_published_time":"2011-01-19T16:39:43+00:00","article_modified_time":"2012-06-29T13:13:54+00:00","og_image":[{"url":"http:\/\/paca.lpo.fr\/media\/k2\/items\/cache\/88f135a483ef01fac8d7b920488085e4_L.jpg","type":"","width":"","height":""}],"author":"LPOPACA","twitter_card":"summary_large_image","twitter_misc":{"\u00c9crit par":"LPOPACA","Dur\u00e9e de lecture estim\u00e9e":"1 minute"},"schema":{"@context":"https:\/\/schema.org","@graph":[{"@type":"Article","@id":"http:\/\/paca.lpo.fr\/blogs\/pays-gapencais\/2011\/01\/19\/les-oiseaux-du-bocage\/#article","isPartOf":{"@id":"http:\/\/paca.lpo.fr\/blogs\/pays-gapencais\/2011\/01\/19\/les-oiseaux-du-bocage\/"},"author":{"name":"LPOPACA","@id":"https:\/\/paca.lpo.fr\/blogs\/pays-gapencais\/#\/schema\/person\/f4701c21e2e412e301d69ea575732a07"},"headline":"Les oiseaux du bocage","datePublished":"2011-01-19T16:39:43+00:00","dateModified":"2012-06-29T13:13:54+00:00","mainEntityOfPage":{"@id":"http:\/\/paca.lpo.fr\/blogs\/pays-gapencais\/2011\/01\/19\/les-oiseaux-du-bocage\/"},"wordCount":159,"commentCount":0,"publisher":{"@id":"https:\/\/paca.lpo.fr\/blogs\/pays-gapencais\/#organization"},"image":{"@id":"http:\/\/paca.lpo.fr\/blogs\/pays-gapencais\/2011\/01\/19\/les-oiseaux-du-bocage\/#primaryimage"},"thumbnailUrl":"http:\/\/paca.lpo.fr\/media\/k2\/items\/cache\/88f135a483ef01fac8d7b920488085e4_L.jpg","keywords":["Bocage","Corr\u00e9o","gap","HautesAlpes"],"inLanguage":"fr-FR","potentialAction":[{"@type":"CommentAction","name":"Comment","target":["http:\/\/paca.lpo.fr\/blogs\/pays-gapencais\/2011\/01\/19\/les-oiseaux-du-bocage\/#respond"]}]},{"@type":"WebPage","@id":"http:\/\/paca.lpo.fr\/blogs\/pays-gapencais\/2011\/01\/19\/les-oiseaux-du-bocage\/","url":"http:\/\/paca.lpo.fr\/blogs\/pays-gapencais\/2011\/01\/19\/les-oiseaux-du-bocage\/","name":"Les oiseaux du bocage - Groupe local Pays Gapen\u00e7ais","isPartOf":{"@id":"https:\/\/paca.lpo.fr\/blogs\/pays-gapencais\/#website"},"primaryImageOfPage":{"@id":"http:\/\/paca.lpo.fr\/blogs\/pays-gapencais\/2011\/01\/19\/les-oiseaux-du-bocage\/#primaryimage"},"image":{"@id":"http:\/\/paca.lpo.fr\/blogs\/pays-gapencais\/2011\/01\/19\/les-oiseaux-du-bocage\/#primaryimage"},"thumbnailUrl":"http:\/\/paca.lpo.fr\/media\/k2\/items\/cache\/88f135a483ef01fac8d7b920488085e4_L.jpg","datePublished":"2011-01-19T16:39:43+00:00","dateModified":"2012-06-29T13:13:54+00:00","breadcrumb":{"@id":"http:\/\/paca.lpo.fr\/blogs\/pays-gapencais\/2011\/01\/19\/les-oiseaux-du-bocage\/#breadcrumb"},"inLanguage":"fr-FR","potentialAction":[{"@type":"ReadAction","target":["http:\/\/paca.lpo.fr\/blogs\/pays-gapencais\/2011\/01\/19\/les-oiseaux-du-bocage\/"]}]},{"@type":"ImageObject","inLanguage":"fr-FR","@id":"http:\/\/paca.lpo.fr\/blogs\/pays-gapencais\/2011\/01\/19\/les-oiseaux-du-bocage\/#primaryimage","url":"http:\/\/paca.lpo.fr\/media\/k2\/items\/cache\/88f135a483ef01fac8d7b920488085e4_L.jpg","contentUrl":"http:\/\/paca.lpo.fr\/media\/k2\/items\/cache\/88f135a483ef01fac8d7b920488085e4_L.jpg"},{"@type":"BreadcrumbList","@id":"http:\/\/paca.lpo.fr\/blogs\/pays-gapencais\/2011\/01\/19\/les-oiseaux-du-bocage\/#breadcrumb","itemListElement":[{"@type":"ListItem","position":1,"name":"Accueil","item":"https:\/\/paca.lpo.fr\/blogs\/pays-gapencais\/"},{"@type":"ListItem","position":2,"name":"Les oiseaux du bocage"}]},{"@type":"WebSite","@id":"https:\/\/paca.lpo.fr\/blogs\/pays-gapencais\/#website","url":"https:\/\/paca.lpo.fr\/blogs\/pays-gapencais\/","name":"Groupe local Pays Gapen\u00e7ais","description":"Groupe local Pays Gapen\u00e7ais","publisher":{"@id":"https:\/\/paca.lpo.fr\/blogs\/pays-gapencais\/#organization"},"potentialAction":[{"@type":"SearchAction","target":{"@type":"EntryPoint","urlTemplate":"https:\/\/paca.lpo.fr\/blogs\/pays-gapencais\/?s={search_term_string}"},"query-input":{"@type":"PropertyValueSpecification","valueRequired":true,"valueName":"search_term_string"}}],"inLanguage":"fr-FR"},{"@type":"Organization","@id":"https:\/\/paca.lpo.fr\/blogs\/pays-gapencais\/#organization","name":"Groupe local Pays Gapen\u00e7ais","url":"https:\/\/paca.lpo.fr\/blogs\/pays-gapencais\/","logo":{"@type":"ImageObject","inLanguage":"fr-FR","@id":"https:\/\/paca.lpo.fr\/blogs\/pays-gapencais\/#\/schema\/logo\/image\/","url":"https:\/\/paca.lpo.fr\/blogs\/pays-gapencais\/files\/2024\/01\/cropped-rvb-lpo-paca-logotype-signature-droite-mini-500.jpg","contentUrl":"https:\/\/paca.lpo.fr\/blogs\/pays-gapencais\/files\/2024\/01\/cropped-rvb-lpo-paca-logotype-signature-droite-mini-500.jpg","width":500,"height":210,"caption":"Groupe local Pays Gapen\u00e7ais"},"image":{"@id":"https:\/\/paca.lpo.fr\/blogs\/pays-gapencais\/#\/schema\/logo\/image\/"}},{"@type":"Person","@id":"https:\/\/paca.lpo.fr\/blogs\/pays-gapencais\/#\/schema\/person\/f4701c21e2e412e301d69ea575732a07","name":"LPOPACA","image":{"@type":"ImageObject","inLanguage":"fr-FR","@id":"https:\/\/secure.gravatar.com\/avatar\/61b4fe4aeb906264475360b018582a8a825394c21df85ee757345c68c15ddd14?s=96&d=mm&r=g","url":"https:\/\/secure.gravatar.com\/avatar\/61b4fe4aeb906264475360b018582a8a825394c21df85ee757345c68c15ddd14?s=96&d=mm&r=g","contentUrl":"https:\/\/secure.gravatar.com\/avatar\/61b4fe4aeb906264475360b018582a8a825394c21df85ee757345c68c15ddd14?s=96&d=mm&r=g","caption":"LPOPACA"},"url":"http:\/\/paca.lpo.fr\/blogs\/pays-gapencais\/author\/lpopaca\/"}]}},"jetpack_featured_media_url":"","_links":{"self":[{"href":"http:\/\/paca.lpo.fr\/blogs\/pays-gapencais\/wp-json\/wp\/v2\/posts\/34","targetHints":{"allow":["GET"]}}],"collection":[{"href":"http:\/\/paca.lpo.fr\/blogs\/pays-gapencais\/wp-json\/wp\/v2\/posts"}],"about":[{"href":"http:\/\/paca.lpo.fr\/blogs\/pays-gapencais\/wp-json\/wp\/v2\/types\/post"}],"author":[{"embeddable":true,"href":"http:\/\/paca.lpo.fr\/blogs\/pays-gapencais\/wp-json\/wp\/v2\/users\/1"}],"replies":[{"embeddable":true,"href":"http:\/\/paca.lpo.fr\/blogs\/pays-gapencais\/wp-json\/wp\/v2\/comments?post=34"}],"version-history":[{"count":2,"href":"http:\/\/paca.lpo.fr\/blogs\/pays-gapencais\/wp-json\/wp\/v2\/posts\/34\/revisions"}],"predecessor-version":[{"id":36,"href":"http:\/\/paca.lpo.fr\/blogs\/pays-gapencais\/wp-json\/wp\/v2\/posts\/34\/revisions\/36"}],"wp:attachment":[{"href":"http:\/\/paca.lpo.fr\/blogs\/pays-gapencais\/wp-json\/wp\/v2\/media?parent=34"}],"wp:term":[{"taxonomy":"category","embeddable":true,"href":"http:\/\/paca.lpo.fr\/blogs\/pays-gapencais\/wp-json\/wp\/v2\/categories?post=34"},{"taxonomy":"post_tag","embeddable":true,"href":"http:\/\/paca.lpo.fr\/blogs\/pays-gapencais\/wp-json\/wp\/v2\/tags?post=34"}],"curies":[{"name":"wp","href":"https:\/\/api.w.org\/{rel}","templated":true}]}}