{"id":348,"date":"2015-11-19T09:57:38","date_gmt":"2015-11-19T09:57:38","guid":{"rendered":"http:\/\/paca.lpo.fr\/blogs\/pays-gapencais\/?p=348"},"modified":"2015-11-19T10:37:57","modified_gmt":"2015-11-19T10:37:57","slug":"sorties-dautomne","status":"publish","type":"post","link":"http:\/\/paca.lpo.fr\/blogs\/pays-gapencais\/2015\/11\/19\/sorties-dautomne\/","title":{"rendered":"Sorties d&rsquo;automne"},"content":{"rendered":"<p><a href=\"http:\/\/paca.lpo.fr\/blogs\/pays-gapencais\/files\/2015\/11\/IMG_6395.jpg\"><img loading=\"lazy\" decoding=\"async\" class=\"alignleft size-medium wp-image-357\" src=\"http:\/\/paca.lpo.fr\/blogs\/pays-gapencais\/files\/2015\/11\/IMG_6395-480x320.jpg\" alt=\"IMG_6395\" width=\"480\" height=\"320\" srcset=\"https:\/\/paca.lpo.fr\/blogs\/pays-gapencais\/files\/2015\/11\/IMG_6395-480x320.jpg 480w, https:\/\/paca.lpo.fr\/blogs\/pays-gapencais\/files\/2015\/11\/IMG_6395-700x467.jpg 700w, https:\/\/paca.lpo.fr\/blogs\/pays-gapencais\/files\/2015\/11\/IMG_6395.jpg 720w\" sizes=\"auto, (max-width: 480px) 100vw, 480px\" \/><\/a> <strong><a href=\"http:\/\/paca.lpo.fr\/blogs\/pays-gapencais\/files\/2015\/11\/IMG_6309.jpg\"><img loading=\"lazy\" decoding=\"async\" class=\"alignleft size-medium wp-image-356\" src=\"http:\/\/paca.lpo.fr\/blogs\/pays-gapencais\/files\/2015\/11\/IMG_6309-480x320.jpg\" alt=\"IMG_6309\" width=\"480\" height=\"320\" srcset=\"https:\/\/paca.lpo.fr\/blogs\/pays-gapencais\/files\/2015\/11\/IMG_6309-480x320.jpg 480w, https:\/\/paca.lpo.fr\/blogs\/pays-gapencais\/files\/2015\/11\/IMG_6309-700x467.jpg 700w, https:\/\/paca.lpo.fr\/blogs\/pays-gapencais\/files\/2015\/11\/IMG_6309.jpg 720w\" sizes=\"auto, (max-width: 480px) 100vw, 480px\" \/><\/a>Quelques photos de nos derni\u00e8res sorties&#8230; de quoi donner envie\u00a0 n&rsquo;est-ce pas ?<a href=\"http:\/\/paca.lpo.fr\/blogs\/pays-gapencais\/files\/2015\/11\/P1200237rd.jpg\"><img loading=\"lazy\" decoding=\"async\" class=\"alignleft size-medium wp-image-362\" src=\"http:\/\/paca.lpo.fr\/blogs\/pays-gapencais\/files\/2015\/11\/P1200237rd-480x360.jpg\" alt=\"P1200237rd\" width=\"480\" height=\"360\" srcset=\"https:\/\/paca.lpo.fr\/blogs\/pays-gapencais\/files\/2015\/11\/P1200237rd-480x360.jpg 480w, https:\/\/paca.lpo.fr\/blogs\/pays-gapencais\/files\/2015\/11\/P1200237rd.jpg 640w\" sizes=\"auto, (max-width: 480px) 100vw, 480px\" \/><\/a><\/strong><a href=\"http:\/\/paca.lpo.fr\/blogs\/pays-gapencais\/files\/2015\/11\/P1200938rd.jpg\"><img loading=\"lazy\" decoding=\"async\" class=\"alignleft size-medium wp-image-354\" src=\"http:\/\/paca.lpo.fr\/blogs\/pays-gapencais\/files\/2015\/11\/P1200938rd-480x360.jpg\" alt=\"P1200938rd\" width=\"480\" height=\"360\" srcset=\"https:\/\/paca.lpo.fr\/blogs\/pays-gapencais\/files\/2015\/11\/P1200938rd-480x360.jpg 480w, https:\/\/paca.lpo.fr\/blogs\/pays-gapencais\/files\/2015\/11\/P1200938rd.jpg 640w\" sizes=\"auto, (max-width: 480px) 100vw, 480px\" \/><\/a><a href=\"http:\/\/paca.lpo.fr\/blogs\/pays-gapencais\/files\/2015\/11\/P1200751rd.jpg\"><img loading=\"lazy\" decoding=\"async\" class=\"alignleft size-medium wp-image-349\" src=\"http:\/\/paca.lpo.fr\/blogs\/pays-gapencais\/files\/2015\/11\/P1200751rd-480x360.jpg\" alt=\"P1200751rd\" width=\"480\" height=\"360\" srcset=\"https:\/\/paca.lpo.fr\/blogs\/pays-gapencais\/files\/2015\/11\/P1200751rd-480x360.jpg 480w, https:\/\/paca.lpo.fr\/blogs\/pays-gapencais\/files\/2015\/11\/P1200751rd.jpg 640w\" sizes=\"auto, (max-width: 480px) 100vw, 480px\" \/><\/a><\/p>\n<p>Week-end \u00ab\u00a0Brame du cerf\u00a0\u00bb dans le Queyras, les 3 est 4 octobre 2015. A d\u00e9faut de cerfs nous avons profit\u00e9 de journ\u00e9es magnifiques aux alentours de Villargaudin et du Lac de Roue o\u00f9 les libellules \u00e9taient encore abondantes<\/p>\n<p>&nbsp;<\/p>\n<p>&nbsp;<\/p>\n<p>&nbsp;<\/p>\n<p>&nbsp;<\/p>\n<p>&nbsp;<\/p>\n<p>&nbsp;<\/p>\n<p>&nbsp;<\/p>\n<p>&nbsp;<\/p>\n<p>&nbsp;<\/p>\n<p>&nbsp;<\/p>\n<p>&nbsp;<\/p>\n<p>&nbsp;<\/p>\n<p>&nbsp;<\/p>\n<p>&nbsp;<\/p>\n<p>&nbsp;<\/p>\n<p>&nbsp;<\/p>\n<p>Au lac d&rsquo;Espinasses<\/p>\n<p>Le mercredi 18 novembre 2015<\/p>\n<p>&nbsp;<\/p>\n<p>&nbsp;<\/p>\n<p>&nbsp;<\/p>\n<p>&nbsp;<\/p>\n<p>&nbsp;<\/p>\n<p>&nbsp;<\/p>\n<p>&nbsp;<\/p>\n<p>&nbsp;<\/p>\n<p><a href=\"http:\/\/paca.lpo.fr\/blogs\/pays-gapencais\/files\/2015\/11\/P1200761rd.jpg\">Au lac de Pelleautier le dimanche 8 novembre 2015<\/a><\/p>\n<p><img loading=\"lazy\" decoding=\"async\" class=\"alignleft size-medium wp-image-350\" src=\"http:\/\/paca.lpo.fr\/blogs\/pays-gapencais\/files\/2015\/11\/P1200761rd-480x360.jpg\" alt=\"P1200761rd\" width=\"480\" height=\"360\" srcset=\"https:\/\/paca.lpo.fr\/blogs\/pays-gapencais\/files\/2015\/11\/P1200761rd-480x360.jpg 480w, https:\/\/paca.lpo.fr\/blogs\/pays-gapencais\/files\/2015\/11\/P1200761rd.jpg 640w\" sizes=\"auto, (max-width: 480px) 100vw, 480px\" \/><\/p>\n<p>&nbsp;<\/p>\n<p>&nbsp;<\/p>\n<p>&nbsp;<\/p>\n<p>&nbsp;<\/p>\n<p>&nbsp;<\/p>\n<p>&nbsp;<\/p>\n<p>&nbsp;<\/p>\n<p>&nbsp;<\/p>\n<p>&nbsp;<\/p>\n<p>&nbsp;<\/p>\n<p>&nbsp;<\/p>\n<p><a href=\"http:\/\/paca.lpo.fr\/blogs\/pays-gapencais\/files\/2015\/11\/IMG_0029rd.jpg\"><img loading=\"lazy\" decoding=\"async\" class=\"alignleft size-medium wp-image-351\" src=\"http:\/\/paca.lpo.fr\/blogs\/pays-gapencais\/files\/2015\/11\/IMG_0029rd-480x360.jpg\" alt=\"IMG_0029rd\" width=\"480\" height=\"360\" srcset=\"https:\/\/paca.lpo.fr\/blogs\/pays-gapencais\/files\/2015\/11\/IMG_0029rd-480x360.jpg 480w, https:\/\/paca.lpo.fr\/blogs\/pays-gapencais\/files\/2015\/11\/IMG_0029rd.jpg 640w\" sizes=\"auto, (max-width: 480px) 100vw, 480px\" \/><br \/>\n<\/a><\/p>\n<p>&nbsp;<\/p>\n<p>Sur la cr\u00eate de Chabre, au-dessus des Gorges de la M\u00e9ouge<\/p>\n<p>le mercredi 21 octobre 2015<\/p>\n<p>&nbsp;<\/p>\n<p>&nbsp;<\/p>\n<p>&nbsp;<\/p>\n","protected":false},"excerpt":{"rendered":"<p>Quelques photos de nos derni\u00e8res sorties&#8230; de quoi donner envie\u00a0 n&rsquo;est-ce pas ? Week-end \u00ab\u00a0Brame du cerf\u00a0\u00bb dans le Queyras, les 3 est 4 octobre 2015. A d\u00e9faut de cerfs nous avons profit\u00e9 de journ\u00e9es magnifiques aux alentours de Villargaudin et du Lac de Roue o\u00f9 les libellules \u00e9taient encore abondantes &nbsp; &nbsp; &nbsp; &nbsp; [&hellip;]<\/p>\n","protected":false},"author":20,"featured_media":0,"comment_status":"open","ping_status":"open","sticky":false,"template":"","format":"standard","meta":{"footnotes":""},"categories":[1],"tags":[],"class_list":["post-348","post","type-post","status-publish","format-standard","hentry","category-non-classe"],"yoast_head":"<!-- This site is optimized with the Yoast SEO plugin v28.3 - https:\/\/yoast.com\/product\/yoast-seo-wordpress\/ -->\n<title>Sorties d&#039;automne - Groupe local Pays Gapen\u00e7ais<\/title>\n<meta name=\"robots\" content=\"index, follow, max-snippet:-1, max-image-preview:large, max-video-preview:-1\" \/>\n<link rel=\"canonical\" href=\"http:\/\/paca.lpo.fr\/blogs\/pays-gapencais\/2015\/11\/19\/sorties-dautomne\/\" \/>\n<meta property=\"og:locale\" content=\"fr_FR\" \/>\n<meta property=\"og:type\" content=\"article\" \/>\n<meta property=\"og:title\" content=\"Sorties d&#039;automne - Groupe local Pays Gapen\u00e7ais\" \/>\n<meta property=\"og:description\" content=\"Quelques photos de nos derni\u00e8res sorties&#8230; de quoi donner envie\u00a0 n&rsquo;est-ce pas ? Week-end \u00ab\u00a0Brame du cerf\u00a0\u00bb dans le Queyras, les 3 est 4 octobre 2015. A d\u00e9faut de cerfs nous avons profit\u00e9 de journ\u00e9es magnifiques aux alentours de Villargaudin et du Lac de Roue o\u00f9 les libellules \u00e9taient encore abondantes &nbsp; &nbsp; &nbsp; &nbsp; [&hellip;]\" \/>\n<meta property=\"og:url\" content=\"http:\/\/paca.lpo.fr\/blogs\/pays-gapencais\/2015\/11\/19\/sorties-dautomne\/\" \/>\n<meta property=\"og:site_name\" content=\"Groupe local Pays Gapen\u00e7ais\" \/>\n<meta property=\"article:published_time\" content=\"2015-11-19T09:57:38+00:00\" \/>\n<meta property=\"article:modified_time\" content=\"2015-11-19T10:37:57+00:00\" \/>\n<meta property=\"og:image\" content=\"http:\/\/paca.lpo.fr\/blogs\/pays-gapencais\/files\/2015\/11\/IMG_6395-480x320.jpg\" \/>\n<meta name=\"author\" content=\"LPO Pays Gapen\u00e7ais\" \/>\n<meta name=\"twitter:card\" content=\"summary_large_image\" \/>\n<meta name=\"twitter:label1\" content=\"\u00c9crit par\" \/>\n\t<meta name=\"twitter:data1\" content=\"LPO Pays Gapen\u00e7ais\" \/>\n\t<meta name=\"twitter:label2\" content=\"Dur\u00e9e de lecture estim\u00e9e\" \/>\n\t<meta name=\"twitter:data2\" content=\"1 minute\" \/>\n<script type=\"application\/ld+json\" class=\"yoast-schema-graph\">{\"@context\":\"https:\\\/\\\/schema.org\",\"@graph\":[{\"@type\":\"Article\",\"@id\":\"http:\\\/\\\/paca.lpo.fr\\\/blogs\\\/pays-gapencais\\\/2015\\\/11\\\/19\\\/sorties-dautomne\\\/#article\",\"isPartOf\":{\"@id\":\"http:\\\/\\\/paca.lpo.fr\\\/blogs\\\/pays-gapencais\\\/2015\\\/11\\\/19\\\/sorties-dautomne\\\/\"},\"author\":{\"name\":\"LPO Pays Gapen\u00e7ais\",\"@id\":\"https:\\\/\\\/paca.lpo.fr\\\/blogs\\\/pays-gapencais\\\/#\\\/schema\\\/person\\\/f04b4317576a566640b52fd10cb73f42\"},\"headline\":\"Sorties d&rsquo;automne\",\"datePublished\":\"2015-11-19T09:57:38+00:00\",\"dateModified\":\"2015-11-19T10:37:57+00:00\",\"mainEntityOfPage\":{\"@id\":\"http:\\\/\\\/paca.lpo.fr\\\/blogs\\\/pays-gapencais\\\/2015\\\/11\\\/19\\\/sorties-dautomne\\\/\"},\"wordCount\":123,\"commentCount\":0,\"publisher\":{\"@id\":\"https:\\\/\\\/paca.lpo.fr\\\/blogs\\\/pays-gapencais\\\/#organization\"},\"image\":{\"@id\":\"http:\\\/\\\/paca.lpo.fr\\\/blogs\\\/pays-gapencais\\\/2015\\\/11\\\/19\\\/sorties-dautomne\\\/#primaryimage\"},\"thumbnailUrl\":\"http:\\\/\\\/paca.lpo.fr\\\/blogs\\\/pays-gapencais\\\/files\\\/2015\\\/11\\\/IMG_6395-480x320.jpg\",\"inLanguage\":\"fr-FR\",\"potentialAction\":[{\"@type\":\"CommentAction\",\"name\":\"Comment\",\"target\":[\"http:\\\/\\\/paca.lpo.fr\\\/blogs\\\/pays-gapencais\\\/2015\\\/11\\\/19\\\/sorties-dautomne\\\/#respond\"]}]},{\"@type\":\"WebPage\",\"@id\":\"http:\\\/\\\/paca.lpo.fr\\\/blogs\\\/pays-gapencais\\\/2015\\\/11\\\/19\\\/sorties-dautomne\\\/\",\"url\":\"http:\\\/\\\/paca.lpo.fr\\\/blogs\\\/pays-gapencais\\\/2015\\\/11\\\/19\\\/sorties-dautomne\\\/\",\"name\":\"Sorties d'automne - Groupe local Pays Gapen\u00e7ais\",\"isPartOf\":{\"@id\":\"https:\\\/\\\/paca.lpo.fr\\\/blogs\\\/pays-gapencais\\\/#website\"},\"primaryImageOfPage\":{\"@id\":\"http:\\\/\\\/paca.lpo.fr\\\/blogs\\\/pays-gapencais\\\/2015\\\/11\\\/19\\\/sorties-dautomne\\\/#primaryimage\"},\"image\":{\"@id\":\"http:\\\/\\\/paca.lpo.fr\\\/blogs\\\/pays-gapencais\\\/2015\\\/11\\\/19\\\/sorties-dautomne\\\/#primaryimage\"},\"thumbnailUrl\":\"http:\\\/\\\/paca.lpo.fr\\\/blogs\\\/pays-gapencais\\\/files\\\/2015\\\/11\\\/IMG_6395-480x320.jpg\",\"datePublished\":\"2015-11-19T09:57:38+00:00\",\"dateModified\":\"2015-11-19T10:37:57+00:00\",\"breadcrumb\":{\"@id\":\"http:\\\/\\\/paca.lpo.fr\\\/blogs\\\/pays-gapencais\\\/2015\\\/11\\\/19\\\/sorties-dautomne\\\/#breadcrumb\"},\"inLanguage\":\"fr-FR\",\"potentialAction\":[{\"@type\":\"ReadAction\",\"target\":[\"http:\\\/\\\/paca.lpo.fr\\\/blogs\\\/pays-gapencais\\\/2015\\\/11\\\/19\\\/sorties-dautomne\\\/\"]}]},{\"@type\":\"ImageObject\",\"inLanguage\":\"fr-FR\",\"@id\":\"http:\\\/\\\/paca.lpo.fr\\\/blogs\\\/pays-gapencais\\\/2015\\\/11\\\/19\\\/sorties-dautomne\\\/#primaryimage\",\"url\":\"http:\\\/\\\/paca.lpo.fr\\\/blogs\\\/pays-gapencais\\\/files\\\/2015\\\/11\\\/IMG_6395-480x320.jpg\",\"contentUrl\":\"http:\\\/\\\/paca.lpo.fr\\\/blogs\\\/pays-gapencais\\\/files\\\/2015\\\/11\\\/IMG_6395-480x320.jpg\"},{\"@type\":\"BreadcrumbList\",\"@id\":\"http:\\\/\\\/paca.lpo.fr\\\/blogs\\\/pays-gapencais\\\/2015\\\/11\\\/19\\\/sorties-dautomne\\\/#breadcrumb\",\"itemListElement\":[{\"@type\":\"ListItem\",\"position\":1,\"name\":\"Accueil\",\"item\":\"https:\\\/\\\/paca.lpo.fr\\\/blogs\\\/pays-gapencais\\\/\"},{\"@type\":\"ListItem\",\"position\":2,\"name\":\"Sorties d&rsquo;automne\"}]},{\"@type\":\"WebSite\",\"@id\":\"https:\\\/\\\/paca.lpo.fr\\\/blogs\\\/pays-gapencais\\\/#website\",\"url\":\"https:\\\/\\\/paca.lpo.fr\\\/blogs\\\/pays-gapencais\\\/\",\"name\":\"Groupe local Pays Gapen\u00e7ais\",\"description\":\"Groupe local Pays Gapen\u00e7ais\",\"publisher\":{\"@id\":\"https:\\\/\\\/paca.lpo.fr\\\/blogs\\\/pays-gapencais\\\/#organization\"},\"potentialAction\":[{\"@type\":\"SearchAction\",\"target\":{\"@type\":\"EntryPoint\",\"urlTemplate\":\"https:\\\/\\\/paca.lpo.fr\\\/blogs\\\/pays-gapencais\\\/?s={search_term_string}\"},\"query-input\":{\"@type\":\"PropertyValueSpecification\",\"valueRequired\":true,\"valueName\":\"search_term_string\"}}],\"inLanguage\":\"fr-FR\"},{\"@type\":\"Organization\",\"@id\":\"https:\\\/\\\/paca.lpo.fr\\\/blogs\\\/pays-gapencais\\\/#organization\",\"name\":\"Groupe local Pays Gapen\u00e7ais\",\"url\":\"https:\\\/\\\/paca.lpo.fr\\\/blogs\\\/pays-gapencais\\\/\",\"logo\":{\"@type\":\"ImageObject\",\"inLanguage\":\"fr-FR\",\"@id\":\"https:\\\/\\\/paca.lpo.fr\\\/blogs\\\/pays-gapencais\\\/#\\\/schema\\\/logo\\\/image\\\/\",\"url\":\"https:\\\/\\\/paca.lpo.fr\\\/blogs\\\/pays-gapencais\\\/files\\\/2024\\\/01\\\/cropped-rvb-lpo-paca-logotype-signature-droite-mini-500.jpg\",\"contentUrl\":\"https:\\\/\\\/paca.lpo.fr\\\/blogs\\\/pays-gapencais\\\/files\\\/2024\\\/01\\\/cropped-rvb-lpo-paca-logotype-signature-droite-mini-500.jpg\",\"width\":500,\"height\":210,\"caption\":\"Groupe local Pays Gapen\u00e7ais\"},\"image\":{\"@id\":\"https:\\\/\\\/paca.lpo.fr\\\/blogs\\\/pays-gapencais\\\/#\\\/schema\\\/logo\\\/image\\\/\"}},{\"@type\":\"Person\",\"@id\":\"https:\\\/\\\/paca.lpo.fr\\\/blogs\\\/pays-gapencais\\\/#\\\/schema\\\/person\\\/f04b4317576a566640b52fd10cb73f42\",\"name\":\"LPO Pays Gapen\u00e7ais\",\"image\":{\"@type\":\"ImageObject\",\"inLanguage\":\"fr-FR\",\"@id\":\"https:\\\/\\\/secure.gravatar.com\\\/avatar\\\/0ad60f70598d35f5834aaa24844d0685f1c44e5307491303924c152e7ee710eb?s=96&d=mm&r=g\",\"url\":\"https:\\\/\\\/secure.gravatar.com\\\/avatar\\\/0ad60f70598d35f5834aaa24844d0685f1c44e5307491303924c152e7ee710eb?s=96&d=mm&r=g\",\"contentUrl\":\"https:\\\/\\\/secure.gravatar.com\\\/avatar\\\/0ad60f70598d35f5834aaa24844d0685f1c44e5307491303924c152e7ee710eb?s=96&d=mm&r=g\",\"caption\":\"LPO Pays Gapen\u00e7ais\"},\"url\":\"http:\\\/\\\/paca.lpo.fr\\\/blogs\\\/pays-gapencais\\\/author\\\/paysgapencais\\\/\"}]}<\/script>\n<!-- \/ Yoast SEO plugin. -->","yoast_head_json":{"title":"Sorties d'automne - Groupe local Pays Gapen\u00e7ais","robots":{"index":"index","follow":"follow","max-snippet":"max-snippet:-1","max-image-preview":"max-image-preview:large","max-video-preview":"max-video-preview:-1"},"canonical":"http:\/\/paca.lpo.fr\/blogs\/pays-gapencais\/2015\/11\/19\/sorties-dautomne\/","og_locale":"fr_FR","og_type":"article","og_title":"Sorties d'automne - Groupe local Pays Gapen\u00e7ais","og_description":"Quelques photos de nos derni\u00e8res sorties&#8230; de quoi donner envie\u00a0 n&rsquo;est-ce pas ? Week-end \u00ab\u00a0Brame du cerf\u00a0\u00bb dans le Queyras, les 3 est 4 octobre 2015. A d\u00e9faut de cerfs nous avons profit\u00e9 de journ\u00e9es magnifiques aux alentours de Villargaudin et du Lac de Roue o\u00f9 les libellules \u00e9taient encore abondantes &nbsp; &nbsp; &nbsp; &nbsp; [&hellip;]","og_url":"http:\/\/paca.lpo.fr\/blogs\/pays-gapencais\/2015\/11\/19\/sorties-dautomne\/","og_site_name":"Groupe local Pays Gapen\u00e7ais","article_published_time":"2015-11-19T09:57:38+00:00","article_modified_time":"2015-11-19T10:37:57+00:00","og_image":[{"url":"http:\/\/paca.lpo.fr\/blogs\/pays-gapencais\/files\/2015\/11\/IMG_6395-480x320.jpg","type":"","width":"","height":""}],"author":"LPO Pays Gapen\u00e7ais","twitter_card":"summary_large_image","twitter_misc":{"\u00c9crit par":"LPO Pays Gapen\u00e7ais","Dur\u00e9e de lecture estim\u00e9e":"1 minute"},"schema":{"@context":"https:\/\/schema.org","@graph":[{"@type":"Article","@id":"http:\/\/paca.lpo.fr\/blogs\/pays-gapencais\/2015\/11\/19\/sorties-dautomne\/#article","isPartOf":{"@id":"http:\/\/paca.lpo.fr\/blogs\/pays-gapencais\/2015\/11\/19\/sorties-dautomne\/"},"author":{"name":"LPO Pays Gapen\u00e7ais","@id":"https:\/\/paca.lpo.fr\/blogs\/pays-gapencais\/#\/schema\/person\/f04b4317576a566640b52fd10cb73f42"},"headline":"Sorties d&rsquo;automne","datePublished":"2015-11-19T09:57:38+00:00","dateModified":"2015-11-19T10:37:57+00:00","mainEntityOfPage":{"@id":"http:\/\/paca.lpo.fr\/blogs\/pays-gapencais\/2015\/11\/19\/sorties-dautomne\/"},"wordCount":123,"commentCount":0,"publisher":{"@id":"https:\/\/paca.lpo.fr\/blogs\/pays-gapencais\/#organization"},"image":{"@id":"http:\/\/paca.lpo.fr\/blogs\/pays-gapencais\/2015\/11\/19\/sorties-dautomne\/#primaryimage"},"thumbnailUrl":"http:\/\/paca.lpo.fr\/blogs\/pays-gapencais\/files\/2015\/11\/IMG_6395-480x320.jpg","inLanguage":"fr-FR","potentialAction":[{"@type":"CommentAction","name":"Comment","target":["http:\/\/paca.lpo.fr\/blogs\/pays-gapencais\/2015\/11\/19\/sorties-dautomne\/#respond"]}]},{"@type":"WebPage","@id":"http:\/\/paca.lpo.fr\/blogs\/pays-gapencais\/2015\/11\/19\/sorties-dautomne\/","url":"http:\/\/paca.lpo.fr\/blogs\/pays-gapencais\/2015\/11\/19\/sorties-dautomne\/","name":"Sorties d'automne - Groupe local Pays Gapen\u00e7ais","isPartOf":{"@id":"https:\/\/paca.lpo.fr\/blogs\/pays-gapencais\/#website"},"primaryImageOfPage":{"@id":"http:\/\/paca.lpo.fr\/blogs\/pays-gapencais\/2015\/11\/19\/sorties-dautomne\/#primaryimage"},"image":{"@id":"http:\/\/paca.lpo.fr\/blogs\/pays-gapencais\/2015\/11\/19\/sorties-dautomne\/#primaryimage"},"thumbnailUrl":"http:\/\/paca.lpo.fr\/blogs\/pays-gapencais\/files\/2015\/11\/IMG_6395-480x320.jpg","datePublished":"2015-11-19T09:57:38+00:00","dateModified":"2015-11-19T10:37:57+00:00","breadcrumb":{"@id":"http:\/\/paca.lpo.fr\/blogs\/pays-gapencais\/2015\/11\/19\/sorties-dautomne\/#breadcrumb"},"inLanguage":"fr-FR","potentialAction":[{"@type":"ReadAction","target":["http:\/\/paca.lpo.fr\/blogs\/pays-gapencais\/2015\/11\/19\/sorties-dautomne\/"]}]},{"@type":"ImageObject","inLanguage":"fr-FR","@id":"http:\/\/paca.lpo.fr\/blogs\/pays-gapencais\/2015\/11\/19\/sorties-dautomne\/#primaryimage","url":"http:\/\/paca.lpo.fr\/blogs\/pays-gapencais\/files\/2015\/11\/IMG_6395-480x320.jpg","contentUrl":"http:\/\/paca.lpo.fr\/blogs\/pays-gapencais\/files\/2015\/11\/IMG_6395-480x320.jpg"},{"@type":"BreadcrumbList","@id":"http:\/\/paca.lpo.fr\/blogs\/pays-gapencais\/2015\/11\/19\/sorties-dautomne\/#breadcrumb","itemListElement":[{"@type":"ListItem","position":1,"name":"Accueil","item":"https:\/\/paca.lpo.fr\/blogs\/pays-gapencais\/"},{"@type":"ListItem","position":2,"name":"Sorties d&rsquo;automne"}]},{"@type":"WebSite","@id":"https:\/\/paca.lpo.fr\/blogs\/pays-gapencais\/#website","url":"https:\/\/paca.lpo.fr\/blogs\/pays-gapencais\/","name":"Groupe local Pays Gapen\u00e7ais","description":"Groupe local Pays Gapen\u00e7ais","publisher":{"@id":"https:\/\/paca.lpo.fr\/blogs\/pays-gapencais\/#organization"},"potentialAction":[{"@type":"SearchAction","target":{"@type":"EntryPoint","urlTemplate":"https:\/\/paca.lpo.fr\/blogs\/pays-gapencais\/?s={search_term_string}"},"query-input":{"@type":"PropertyValueSpecification","valueRequired":true,"valueName":"search_term_string"}}],"inLanguage":"fr-FR"},{"@type":"Organization","@id":"https:\/\/paca.lpo.fr\/blogs\/pays-gapencais\/#organization","name":"Groupe local Pays Gapen\u00e7ais","url":"https:\/\/paca.lpo.fr\/blogs\/pays-gapencais\/","logo":{"@type":"ImageObject","inLanguage":"fr-FR","@id":"https:\/\/paca.lpo.fr\/blogs\/pays-gapencais\/#\/schema\/logo\/image\/","url":"https:\/\/paca.lpo.fr\/blogs\/pays-gapencais\/files\/2024\/01\/cropped-rvb-lpo-paca-logotype-signature-droite-mini-500.jpg","contentUrl":"https:\/\/paca.lpo.fr\/blogs\/pays-gapencais\/files\/2024\/01\/cropped-rvb-lpo-paca-logotype-signature-droite-mini-500.jpg","width":500,"height":210,"caption":"Groupe local Pays Gapen\u00e7ais"},"image":{"@id":"https:\/\/paca.lpo.fr\/blogs\/pays-gapencais\/#\/schema\/logo\/image\/"}},{"@type":"Person","@id":"https:\/\/paca.lpo.fr\/blogs\/pays-gapencais\/#\/schema\/person\/f04b4317576a566640b52fd10cb73f42","name":"LPO Pays Gapen\u00e7ais","image":{"@type":"ImageObject","inLanguage":"fr-FR","@id":"https:\/\/secure.gravatar.com\/avatar\/0ad60f70598d35f5834aaa24844d0685f1c44e5307491303924c152e7ee710eb?s=96&d=mm&r=g","url":"https:\/\/secure.gravatar.com\/avatar\/0ad60f70598d35f5834aaa24844d0685f1c44e5307491303924c152e7ee710eb?s=96&d=mm&r=g","contentUrl":"https:\/\/secure.gravatar.com\/avatar\/0ad60f70598d35f5834aaa24844d0685f1c44e5307491303924c152e7ee710eb?s=96&d=mm&r=g","caption":"LPO Pays Gapen\u00e7ais"},"url":"http:\/\/paca.lpo.fr\/blogs\/pays-gapencais\/author\/paysgapencais\/"}]}},"jetpack_featured_media_url":"","_links":{"self":[{"href":"http:\/\/paca.lpo.fr\/blogs\/pays-gapencais\/wp-json\/wp\/v2\/posts\/348","targetHints":{"allow":["GET"]}}],"collection":[{"href":"http:\/\/paca.lpo.fr\/blogs\/pays-gapencais\/wp-json\/wp\/v2\/posts"}],"about":[{"href":"http:\/\/paca.lpo.fr\/blogs\/pays-gapencais\/wp-json\/wp\/v2\/types\/post"}],"author":[{"embeddable":true,"href":"http:\/\/paca.lpo.fr\/blogs\/pays-gapencais\/wp-json\/wp\/v2\/users\/20"}],"replies":[{"embeddable":true,"href":"http:\/\/paca.lpo.fr\/blogs\/pays-gapencais\/wp-json\/wp\/v2\/comments?post=348"}],"version-history":[{"count":4,"href":"http:\/\/paca.lpo.fr\/blogs\/pays-gapencais\/wp-json\/wp\/v2\/posts\/348\/revisions"}],"predecessor-version":[{"id":363,"href":"http:\/\/paca.lpo.fr\/blogs\/pays-gapencais\/wp-json\/wp\/v2\/posts\/348\/revisions\/363"}],"wp:attachment":[{"href":"http:\/\/paca.lpo.fr\/blogs\/pays-gapencais\/wp-json\/wp\/v2\/media?parent=348"}],"wp:term":[{"taxonomy":"category","embeddable":true,"href":"http:\/\/paca.lpo.fr\/blogs\/pays-gapencais\/wp-json\/wp\/v2\/categories?post=348"},{"taxonomy":"post_tag","embeddable":true,"href":"http:\/\/paca.lpo.fr\/blogs\/pays-gapencais\/wp-json\/wp\/v2\/tags?post=348"}],"curies":[{"name":"wp","href":"https:\/\/api.w.org\/{rel}","templated":true}]}}