{"id":394,"date":"2016-01-20T16:38:31","date_gmt":"2016-01-20T16:38:31","guid":{"rendered":"http:\/\/paca.lpo.fr\/blogs\/pays-gapencais\/?p=394"},"modified":"2016-01-20T16:38:31","modified_gmt":"2016-01-20T16:38:31","slug":"les-traces-dans-la-neige-2","status":"publish","type":"post","link":"http:\/\/paca.lpo.fr\/blogs\/pays-gapencais\/2016\/01\/20\/les-traces-dans-la-neige-2\/","title":{"rendered":"Les traces dans la neige"},"content":{"rendered":"<p>Aujourd&rsquo;hui, apr\u00e8s une petite chute de neige et avec le retour du soleil, les conditions \u00e9taient id\u00e9ales pour se promener \u00e0 Sigoyer, \u00e0 partir du Pont des Roses. Le long de la piste foresti\u00e8re puis dans la for\u00eat vers le monument des Maquisards, les pistes animales \u00e9taient nombreuses. Il faut les voir sur la neige pour se rendre compte que la faune est tr\u00e8s pr\u00e9sente alors qu&rsquo;il est\u00a0n&rsquo;est pas\u00a0si fr\u00e9quent et facile\u00a0de voir les chevreuils, \u00e9cureuils et micromammif\u00e8res&#8230;<\/p>\n<p>J&rsquo;esp\u00e8re que les photos mises sur FAUNE PACA permettront d&rsquo;identifier quelques-unes de ces traces ind\u00e9termin\u00e9es. Nous avons essay\u00e9 de raconter leur histoire : la recherche de nourriture, la poursuite d&rsquo;une proie, la fuite, les cachettes, les rencontres, les obstacles qui retiennent quelques touffes de poils&#8230;<img loading=\"lazy\" decoding=\"async\" class=\"alignleft size-full wp-image-397\" src=\"http:\/\/paca.lpo.fr\/blogs\/pays-gapencais\/files\/2016\/01\/Sanglier1.jpg\" alt=\"Sanglier1\" width=\"448\" height=\"336\" \/><\/p>\n<p><img loading=\"lazy\" decoding=\"async\" class=\"alignleft size-medium wp-image-395\" src=\"http:\/\/paca.lpo.fr\/blogs\/pays-gapencais\/files\/2016\/01\/Groupe-480x360.jpg\" alt=\"Groupe\" width=\"480\" height=\"360\" srcset=\"https:\/\/paca.lpo.fr\/blogs\/pays-gapencais\/files\/2016\/01\/Groupe-480x360.jpg 480w, https:\/\/paca.lpo.fr\/blogs\/pays-gapencais\/files\/2016\/01\/Groupe.jpg 640w\" sizes=\"auto, (max-width: 480px) 100vw, 480px\" \/><img loading=\"lazy\" decoding=\"async\" class=\"alignleft size-medium wp-image-396\" src=\"http:\/\/paca.lpo.fr\/blogs\/pays-gapencais\/files\/2016\/01\/Paysage-480x360.jpg\" alt=\"Paysage\" width=\"480\" height=\"360\" srcset=\"https:\/\/paca.lpo.fr\/blogs\/pays-gapencais\/files\/2016\/01\/Paysage-480x360.jpg 480w, https:\/\/paca.lpo.fr\/blogs\/pays-gapencais\/files\/2016\/01\/Paysage.jpg 640w\" sizes=\"auto, (max-width: 480px) 100vw, 480px\" \/><\/p>\n<p>&nbsp;<\/p>\n<p>&nbsp;<\/p>\n<p>&nbsp;<\/p>\n<p>&nbsp;<\/p>\n<p>&nbsp;<\/p>\n<p>&nbsp;<\/p>\n<p>&nbsp;<\/p>\n<p>&nbsp;<\/p>\n<p>&nbsp;<\/p>\n<p>&nbsp;<\/p>\n<p>&nbsp;<\/p>\n<p>&nbsp;<\/p>\n<p>&nbsp;<\/p>\n<p>&nbsp;<\/p>\n<p>&nbsp;<\/p>\n<p>&nbsp;<\/p>\n<p>&nbsp;<\/p>\n<p>&nbsp;<\/p>\n<p>&nbsp;<\/p>\n<p>&nbsp;<\/p>\n<p>&nbsp;<\/p>\n<p>&nbsp;<\/p>\n<p>Pour terminer la balade, nous sommes entr\u00e9s dans la grotte des Maquisards, \u00e9mouvant souvenir de ces soldats de la libert\u00e9 qui ont \u00e9t\u00e9 d\u00e9nonc\u00e9s, fusill\u00e9s ou d\u00e9port\u00e9s.<\/p>\n<p><img loading=\"lazy\" decoding=\"async\" class=\"alignleft size-medium wp-image-399\" src=\"http:\/\/paca.lpo.fr\/blogs\/pays-gapencais\/files\/2016\/01\/Maquisards-1-480x360.jpg\" alt=\"Maquisards\" width=\"480\" height=\"360\" srcset=\"https:\/\/paca.lpo.fr\/blogs\/pays-gapencais\/files\/2016\/01\/Maquisards-1-480x360.jpg 480w, https:\/\/paca.lpo.fr\/blogs\/pays-gapencais\/files\/2016\/01\/Maquisards-1.jpg 640w\" sizes=\"auto, (max-width: 480px) 100vw, 480px\" \/><\/p>\n<p>&nbsp;<\/p>\n","protected":false},"excerpt":{"rendered":"<p>Aujourd&rsquo;hui, apr\u00e8s une petite chute de neige et avec le retour du soleil, les conditions \u00e9taient id\u00e9ales pour se promener \u00e0 Sigoyer, \u00e0 partir du Pont des Roses. Le long de la piste foresti\u00e8re puis dans la for\u00eat vers le monument des Maquisards, les pistes animales \u00e9taient nombreuses. Il faut les voir sur la neige [&hellip;]<\/p>\n","protected":false},"author":20,"featured_media":0,"comment_status":"open","ping_status":"open","sticky":false,"template":"","format":"standard","meta":{"footnotes":""},"categories":[1],"tags":[],"class_list":["post-394","post","type-post","status-publish","format-standard","hentry","category-non-classe"],"yoast_head":"<!-- This site is optimized with the Yoast SEO plugin v28.3 - https:\/\/yoast.com\/product\/yoast-seo-wordpress\/ -->\n<title>Les traces dans la neige - Groupe local Pays Gapen\u00e7ais<\/title>\n<meta name=\"robots\" content=\"index, follow, max-snippet:-1, max-image-preview:large, max-video-preview:-1\" \/>\n<link rel=\"canonical\" href=\"http:\/\/paca.lpo.fr\/blogs\/pays-gapencais\/2016\/01\/20\/les-traces-dans-la-neige-2\/\" \/>\n<meta property=\"og:locale\" content=\"fr_FR\" \/>\n<meta property=\"og:type\" content=\"article\" \/>\n<meta property=\"og:title\" content=\"Les traces dans la neige - Groupe local Pays Gapen\u00e7ais\" \/>\n<meta property=\"og:description\" content=\"Aujourd&rsquo;hui, apr\u00e8s une petite chute de neige et avec le retour du soleil, les conditions \u00e9taient id\u00e9ales pour se promener \u00e0 Sigoyer, \u00e0 partir du Pont des Roses. Le long de la piste foresti\u00e8re puis dans la for\u00eat vers le monument des Maquisards, les pistes animales \u00e9taient nombreuses. Il faut les voir sur la neige [&hellip;]\" \/>\n<meta property=\"og:url\" content=\"http:\/\/paca.lpo.fr\/blogs\/pays-gapencais\/2016\/01\/20\/les-traces-dans-la-neige-2\/\" \/>\n<meta property=\"og:site_name\" content=\"Groupe local Pays Gapen\u00e7ais\" \/>\n<meta property=\"article:published_time\" content=\"2016-01-20T16:38:31+00:00\" \/>\n<meta property=\"og:image\" content=\"http:\/\/paca.lpo.fr\/blogs\/pays-gapencais\/files\/2016\/01\/Sanglier1.jpg\" \/>\n<meta name=\"author\" content=\"LPO Pays Gapen\u00e7ais\" \/>\n<meta name=\"twitter:card\" content=\"summary_large_image\" \/>\n<meta name=\"twitter:label1\" content=\"\u00c9crit par\" \/>\n\t<meta name=\"twitter:data1\" content=\"LPO Pays Gapen\u00e7ais\" \/>\n\t<meta name=\"twitter:label2\" content=\"Dur\u00e9e de lecture estim\u00e9e\" \/>\n\t<meta name=\"twitter:data2\" content=\"1 minute\" \/>\n<script type=\"application\/ld+json\" class=\"yoast-schema-graph\">{\"@context\":\"https:\\\/\\\/schema.org\",\"@graph\":[{\"@type\":\"Article\",\"@id\":\"http:\\\/\\\/paca.lpo.fr\\\/blogs\\\/pays-gapencais\\\/2016\\\/01\\\/20\\\/les-traces-dans-la-neige-2\\\/#article\",\"isPartOf\":{\"@id\":\"http:\\\/\\\/paca.lpo.fr\\\/blogs\\\/pays-gapencais\\\/2016\\\/01\\\/20\\\/les-traces-dans-la-neige-2\\\/\"},\"author\":{\"name\":\"LPO Pays Gapen\u00e7ais\",\"@id\":\"https:\\\/\\\/paca.lpo.fr\\\/blogs\\\/pays-gapencais\\\/#\\\/schema\\\/person\\\/f04b4317576a566640b52fd10cb73f42\"},\"headline\":\"Les traces dans la neige\",\"datePublished\":\"2016-01-20T16:38:31+00:00\",\"mainEntityOfPage\":{\"@id\":\"http:\\\/\\\/paca.lpo.fr\\\/blogs\\\/pays-gapencais\\\/2016\\\/01\\\/20\\\/les-traces-dans-la-neige-2\\\/\"},\"wordCount\":201,\"commentCount\":0,\"publisher\":{\"@id\":\"https:\\\/\\\/paca.lpo.fr\\\/blogs\\\/pays-gapencais\\\/#organization\"},\"image\":{\"@id\":\"http:\\\/\\\/paca.lpo.fr\\\/blogs\\\/pays-gapencais\\\/2016\\\/01\\\/20\\\/les-traces-dans-la-neige-2\\\/#primaryimage\"},\"thumbnailUrl\":\"http:\\\/\\\/paca.lpo.fr\\\/blogs\\\/pays-gapencais\\\/files\\\/2016\\\/01\\\/Sanglier1.jpg\",\"inLanguage\":\"fr-FR\",\"potentialAction\":[{\"@type\":\"CommentAction\",\"name\":\"Comment\",\"target\":[\"http:\\\/\\\/paca.lpo.fr\\\/blogs\\\/pays-gapencais\\\/2016\\\/01\\\/20\\\/les-traces-dans-la-neige-2\\\/#respond\"]}]},{\"@type\":\"WebPage\",\"@id\":\"http:\\\/\\\/paca.lpo.fr\\\/blogs\\\/pays-gapencais\\\/2016\\\/01\\\/20\\\/les-traces-dans-la-neige-2\\\/\",\"url\":\"http:\\\/\\\/paca.lpo.fr\\\/blogs\\\/pays-gapencais\\\/2016\\\/01\\\/20\\\/les-traces-dans-la-neige-2\\\/\",\"name\":\"Les traces dans la neige - Groupe local Pays Gapen\u00e7ais\",\"isPartOf\":{\"@id\":\"https:\\\/\\\/paca.lpo.fr\\\/blogs\\\/pays-gapencais\\\/#website\"},\"primaryImageOfPage\":{\"@id\":\"http:\\\/\\\/paca.lpo.fr\\\/blogs\\\/pays-gapencais\\\/2016\\\/01\\\/20\\\/les-traces-dans-la-neige-2\\\/#primaryimage\"},\"image\":{\"@id\":\"http:\\\/\\\/paca.lpo.fr\\\/blogs\\\/pays-gapencais\\\/2016\\\/01\\\/20\\\/les-traces-dans-la-neige-2\\\/#primaryimage\"},\"thumbnailUrl\":\"http:\\\/\\\/paca.lpo.fr\\\/blogs\\\/pays-gapencais\\\/files\\\/2016\\\/01\\\/Sanglier1.jpg\",\"datePublished\":\"2016-01-20T16:38:31+00:00\",\"breadcrumb\":{\"@id\":\"http:\\\/\\\/paca.lpo.fr\\\/blogs\\\/pays-gapencais\\\/2016\\\/01\\\/20\\\/les-traces-dans-la-neige-2\\\/#breadcrumb\"},\"inLanguage\":\"fr-FR\",\"potentialAction\":[{\"@type\":\"ReadAction\",\"target\":[\"http:\\\/\\\/paca.lpo.fr\\\/blogs\\\/pays-gapencais\\\/2016\\\/01\\\/20\\\/les-traces-dans-la-neige-2\\\/\"]}]},{\"@type\":\"ImageObject\",\"inLanguage\":\"fr-FR\",\"@id\":\"http:\\\/\\\/paca.lpo.fr\\\/blogs\\\/pays-gapencais\\\/2016\\\/01\\\/20\\\/les-traces-dans-la-neige-2\\\/#primaryimage\",\"url\":\"http:\\\/\\\/paca.lpo.fr\\\/blogs\\\/pays-gapencais\\\/files\\\/2016\\\/01\\\/Sanglier1.jpg\",\"contentUrl\":\"http:\\\/\\\/paca.lpo.fr\\\/blogs\\\/pays-gapencais\\\/files\\\/2016\\\/01\\\/Sanglier1.jpg\"},{\"@type\":\"BreadcrumbList\",\"@id\":\"http:\\\/\\\/paca.lpo.fr\\\/blogs\\\/pays-gapencais\\\/2016\\\/01\\\/20\\\/les-traces-dans-la-neige-2\\\/#breadcrumb\",\"itemListElement\":[{\"@type\":\"ListItem\",\"position\":1,\"name\":\"Accueil\",\"item\":\"https:\\\/\\\/paca.lpo.fr\\\/blogs\\\/pays-gapencais\\\/\"},{\"@type\":\"ListItem\",\"position\":2,\"name\":\"Les traces dans la neige\"}]},{\"@type\":\"WebSite\",\"@id\":\"https:\\\/\\\/paca.lpo.fr\\\/blogs\\\/pays-gapencais\\\/#website\",\"url\":\"https:\\\/\\\/paca.lpo.fr\\\/blogs\\\/pays-gapencais\\\/\",\"name\":\"Groupe local Pays Gapen\u00e7ais\",\"description\":\"Groupe local Pays Gapen\u00e7ais\",\"publisher\":{\"@id\":\"https:\\\/\\\/paca.lpo.fr\\\/blogs\\\/pays-gapencais\\\/#organization\"},\"potentialAction\":[{\"@type\":\"SearchAction\",\"target\":{\"@type\":\"EntryPoint\",\"urlTemplate\":\"https:\\\/\\\/paca.lpo.fr\\\/blogs\\\/pays-gapencais\\\/?s={search_term_string}\"},\"query-input\":{\"@type\":\"PropertyValueSpecification\",\"valueRequired\":true,\"valueName\":\"search_term_string\"}}],\"inLanguage\":\"fr-FR\"},{\"@type\":\"Organization\",\"@id\":\"https:\\\/\\\/paca.lpo.fr\\\/blogs\\\/pays-gapencais\\\/#organization\",\"name\":\"Groupe local Pays Gapen\u00e7ais\",\"url\":\"https:\\\/\\\/paca.lpo.fr\\\/blogs\\\/pays-gapencais\\\/\",\"logo\":{\"@type\":\"ImageObject\",\"inLanguage\":\"fr-FR\",\"@id\":\"https:\\\/\\\/paca.lpo.fr\\\/blogs\\\/pays-gapencais\\\/#\\\/schema\\\/logo\\\/image\\\/\",\"url\":\"https:\\\/\\\/paca.lpo.fr\\\/blogs\\\/pays-gapencais\\\/files\\\/2024\\\/01\\\/cropped-rvb-lpo-paca-logotype-signature-droite-mini-500.jpg\",\"contentUrl\":\"https:\\\/\\\/paca.lpo.fr\\\/blogs\\\/pays-gapencais\\\/files\\\/2024\\\/01\\\/cropped-rvb-lpo-paca-logotype-signature-droite-mini-500.jpg\",\"width\":500,\"height\":210,\"caption\":\"Groupe local Pays Gapen\u00e7ais\"},\"image\":{\"@id\":\"https:\\\/\\\/paca.lpo.fr\\\/blogs\\\/pays-gapencais\\\/#\\\/schema\\\/logo\\\/image\\\/\"}},{\"@type\":\"Person\",\"@id\":\"https:\\\/\\\/paca.lpo.fr\\\/blogs\\\/pays-gapencais\\\/#\\\/schema\\\/person\\\/f04b4317576a566640b52fd10cb73f42\",\"name\":\"LPO Pays Gapen\u00e7ais\",\"image\":{\"@type\":\"ImageObject\",\"inLanguage\":\"fr-FR\",\"@id\":\"https:\\\/\\\/secure.gravatar.com\\\/avatar\\\/0ad60f70598d35f5834aaa24844d0685f1c44e5307491303924c152e7ee710eb?s=96&d=mm&r=g\",\"url\":\"https:\\\/\\\/secure.gravatar.com\\\/avatar\\\/0ad60f70598d35f5834aaa24844d0685f1c44e5307491303924c152e7ee710eb?s=96&d=mm&r=g\",\"contentUrl\":\"https:\\\/\\\/secure.gravatar.com\\\/avatar\\\/0ad60f70598d35f5834aaa24844d0685f1c44e5307491303924c152e7ee710eb?s=96&d=mm&r=g\",\"caption\":\"LPO Pays Gapen\u00e7ais\"},\"url\":\"http:\\\/\\\/paca.lpo.fr\\\/blogs\\\/pays-gapencais\\\/author\\\/paysgapencais\\\/\"}]}<\/script>\n<!-- \/ Yoast SEO plugin. -->","yoast_head_json":{"title":"Les traces dans la neige - Groupe local Pays Gapen\u00e7ais","robots":{"index":"index","follow":"follow","max-snippet":"max-snippet:-1","max-image-preview":"max-image-preview:large","max-video-preview":"max-video-preview:-1"},"canonical":"http:\/\/paca.lpo.fr\/blogs\/pays-gapencais\/2016\/01\/20\/les-traces-dans-la-neige-2\/","og_locale":"fr_FR","og_type":"article","og_title":"Les traces dans la neige - Groupe local Pays Gapen\u00e7ais","og_description":"Aujourd&rsquo;hui, apr\u00e8s une petite chute de neige et avec le retour du soleil, les conditions \u00e9taient id\u00e9ales pour se promener \u00e0 Sigoyer, \u00e0 partir du Pont des Roses. Le long de la piste foresti\u00e8re puis dans la for\u00eat vers le monument des Maquisards, les pistes animales \u00e9taient nombreuses. Il faut les voir sur la neige [&hellip;]","og_url":"http:\/\/paca.lpo.fr\/blogs\/pays-gapencais\/2016\/01\/20\/les-traces-dans-la-neige-2\/","og_site_name":"Groupe local Pays Gapen\u00e7ais","article_published_time":"2016-01-20T16:38:31+00:00","og_image":[{"url":"http:\/\/paca.lpo.fr\/blogs\/pays-gapencais\/files\/2016\/01\/Sanglier1.jpg","type":"","width":"","height":""}],"author":"LPO Pays Gapen\u00e7ais","twitter_card":"summary_large_image","twitter_misc":{"\u00c9crit par":"LPO Pays Gapen\u00e7ais","Dur\u00e9e de lecture estim\u00e9e":"1 minute"},"schema":{"@context":"https:\/\/schema.org","@graph":[{"@type":"Article","@id":"http:\/\/paca.lpo.fr\/blogs\/pays-gapencais\/2016\/01\/20\/les-traces-dans-la-neige-2\/#article","isPartOf":{"@id":"http:\/\/paca.lpo.fr\/blogs\/pays-gapencais\/2016\/01\/20\/les-traces-dans-la-neige-2\/"},"author":{"name":"LPO Pays Gapen\u00e7ais","@id":"https:\/\/paca.lpo.fr\/blogs\/pays-gapencais\/#\/schema\/person\/f04b4317576a566640b52fd10cb73f42"},"headline":"Les traces dans la neige","datePublished":"2016-01-20T16:38:31+00:00","mainEntityOfPage":{"@id":"http:\/\/paca.lpo.fr\/blogs\/pays-gapencais\/2016\/01\/20\/les-traces-dans-la-neige-2\/"},"wordCount":201,"commentCount":0,"publisher":{"@id":"https:\/\/paca.lpo.fr\/blogs\/pays-gapencais\/#organization"},"image":{"@id":"http:\/\/paca.lpo.fr\/blogs\/pays-gapencais\/2016\/01\/20\/les-traces-dans-la-neige-2\/#primaryimage"},"thumbnailUrl":"http:\/\/paca.lpo.fr\/blogs\/pays-gapencais\/files\/2016\/01\/Sanglier1.jpg","inLanguage":"fr-FR","potentialAction":[{"@type":"CommentAction","name":"Comment","target":["http:\/\/paca.lpo.fr\/blogs\/pays-gapencais\/2016\/01\/20\/les-traces-dans-la-neige-2\/#respond"]}]},{"@type":"WebPage","@id":"http:\/\/paca.lpo.fr\/blogs\/pays-gapencais\/2016\/01\/20\/les-traces-dans-la-neige-2\/","url":"http:\/\/paca.lpo.fr\/blogs\/pays-gapencais\/2016\/01\/20\/les-traces-dans-la-neige-2\/","name":"Les traces dans la neige - Groupe local Pays Gapen\u00e7ais","isPartOf":{"@id":"https:\/\/paca.lpo.fr\/blogs\/pays-gapencais\/#website"},"primaryImageOfPage":{"@id":"http:\/\/paca.lpo.fr\/blogs\/pays-gapencais\/2016\/01\/20\/les-traces-dans-la-neige-2\/#primaryimage"},"image":{"@id":"http:\/\/paca.lpo.fr\/blogs\/pays-gapencais\/2016\/01\/20\/les-traces-dans-la-neige-2\/#primaryimage"},"thumbnailUrl":"http:\/\/paca.lpo.fr\/blogs\/pays-gapencais\/files\/2016\/01\/Sanglier1.jpg","datePublished":"2016-01-20T16:38:31+00:00","breadcrumb":{"@id":"http:\/\/paca.lpo.fr\/blogs\/pays-gapencais\/2016\/01\/20\/les-traces-dans-la-neige-2\/#breadcrumb"},"inLanguage":"fr-FR","potentialAction":[{"@type":"ReadAction","target":["http:\/\/paca.lpo.fr\/blogs\/pays-gapencais\/2016\/01\/20\/les-traces-dans-la-neige-2\/"]}]},{"@type":"ImageObject","inLanguage":"fr-FR","@id":"http:\/\/paca.lpo.fr\/blogs\/pays-gapencais\/2016\/01\/20\/les-traces-dans-la-neige-2\/#primaryimage","url":"http:\/\/paca.lpo.fr\/blogs\/pays-gapencais\/files\/2016\/01\/Sanglier1.jpg","contentUrl":"http:\/\/paca.lpo.fr\/blogs\/pays-gapencais\/files\/2016\/01\/Sanglier1.jpg"},{"@type":"BreadcrumbList","@id":"http:\/\/paca.lpo.fr\/blogs\/pays-gapencais\/2016\/01\/20\/les-traces-dans-la-neige-2\/#breadcrumb","itemListElement":[{"@type":"ListItem","position":1,"name":"Accueil","item":"https:\/\/paca.lpo.fr\/blogs\/pays-gapencais\/"},{"@type":"ListItem","position":2,"name":"Les traces dans la neige"}]},{"@type":"WebSite","@id":"https:\/\/paca.lpo.fr\/blogs\/pays-gapencais\/#website","url":"https:\/\/paca.lpo.fr\/blogs\/pays-gapencais\/","name":"Groupe local Pays Gapen\u00e7ais","description":"Groupe local Pays Gapen\u00e7ais","publisher":{"@id":"https:\/\/paca.lpo.fr\/blogs\/pays-gapencais\/#organization"},"potentialAction":[{"@type":"SearchAction","target":{"@type":"EntryPoint","urlTemplate":"https:\/\/paca.lpo.fr\/blogs\/pays-gapencais\/?s={search_term_string}"},"query-input":{"@type":"PropertyValueSpecification","valueRequired":true,"valueName":"search_term_string"}}],"inLanguage":"fr-FR"},{"@type":"Organization","@id":"https:\/\/paca.lpo.fr\/blogs\/pays-gapencais\/#organization","name":"Groupe local Pays Gapen\u00e7ais","url":"https:\/\/paca.lpo.fr\/blogs\/pays-gapencais\/","logo":{"@type":"ImageObject","inLanguage":"fr-FR","@id":"https:\/\/paca.lpo.fr\/blogs\/pays-gapencais\/#\/schema\/logo\/image\/","url":"https:\/\/paca.lpo.fr\/blogs\/pays-gapencais\/files\/2024\/01\/cropped-rvb-lpo-paca-logotype-signature-droite-mini-500.jpg","contentUrl":"https:\/\/paca.lpo.fr\/blogs\/pays-gapencais\/files\/2024\/01\/cropped-rvb-lpo-paca-logotype-signature-droite-mini-500.jpg","width":500,"height":210,"caption":"Groupe local Pays Gapen\u00e7ais"},"image":{"@id":"https:\/\/paca.lpo.fr\/blogs\/pays-gapencais\/#\/schema\/logo\/image\/"}},{"@type":"Person","@id":"https:\/\/paca.lpo.fr\/blogs\/pays-gapencais\/#\/schema\/person\/f04b4317576a566640b52fd10cb73f42","name":"LPO Pays Gapen\u00e7ais","image":{"@type":"ImageObject","inLanguage":"fr-FR","@id":"https:\/\/secure.gravatar.com\/avatar\/0ad60f70598d35f5834aaa24844d0685f1c44e5307491303924c152e7ee710eb?s=96&d=mm&r=g","url":"https:\/\/secure.gravatar.com\/avatar\/0ad60f70598d35f5834aaa24844d0685f1c44e5307491303924c152e7ee710eb?s=96&d=mm&r=g","contentUrl":"https:\/\/secure.gravatar.com\/avatar\/0ad60f70598d35f5834aaa24844d0685f1c44e5307491303924c152e7ee710eb?s=96&d=mm&r=g","caption":"LPO Pays Gapen\u00e7ais"},"url":"http:\/\/paca.lpo.fr\/blogs\/pays-gapencais\/author\/paysgapencais\/"}]}},"jetpack_featured_media_url":"","_links":{"self":[{"href":"http:\/\/paca.lpo.fr\/blogs\/pays-gapencais\/wp-json\/wp\/v2\/posts\/394","targetHints":{"allow":["GET"]}}],"collection":[{"href":"http:\/\/paca.lpo.fr\/blogs\/pays-gapencais\/wp-json\/wp\/v2\/posts"}],"about":[{"href":"http:\/\/paca.lpo.fr\/blogs\/pays-gapencais\/wp-json\/wp\/v2\/types\/post"}],"author":[{"embeddable":true,"href":"http:\/\/paca.lpo.fr\/blogs\/pays-gapencais\/wp-json\/wp\/v2\/users\/20"}],"replies":[{"embeddable":true,"href":"http:\/\/paca.lpo.fr\/blogs\/pays-gapencais\/wp-json\/wp\/v2\/comments?post=394"}],"version-history":[{"count":1,"href":"http:\/\/paca.lpo.fr\/blogs\/pays-gapencais\/wp-json\/wp\/v2\/posts\/394\/revisions"}],"predecessor-version":[{"id":400,"href":"http:\/\/paca.lpo.fr\/blogs\/pays-gapencais\/wp-json\/wp\/v2\/posts\/394\/revisions\/400"}],"wp:attachment":[{"href":"http:\/\/paca.lpo.fr\/blogs\/pays-gapencais\/wp-json\/wp\/v2\/media?parent=394"}],"wp:term":[{"taxonomy":"category","embeddable":true,"href":"http:\/\/paca.lpo.fr\/blogs\/pays-gapencais\/wp-json\/wp\/v2\/categories?post=394"},{"taxonomy":"post_tag","embeddable":true,"href":"http:\/\/paca.lpo.fr\/blogs\/pays-gapencais\/wp-json\/wp\/v2\/tags?post=394"}],"curies":[{"name":"wp","href":"https:\/\/api.w.org\/{rel}","templated":true}]}}