{"id":464,"date":"2017-01-26T16:39:13","date_gmt":"2017-01-26T16:39:13","guid":{"rendered":"http:\/\/paca.lpo.fr\/blogs\/pays-gapencais\/?p=464"},"modified":"2017-02-06T07:40:07","modified_gmt":"2017-02-06T07:40:07","slug":"a-la-maniere-de-jean-henri-fabre","status":"publish","type":"post","link":"http:\/\/paca.lpo.fr\/blogs\/pays-gapencais\/2017\/01\/26\/a-la-maniere-de-jean-henri-fabre\/","title":{"rendered":"A la mani\u00e8re de Jean-Henri Fabre"},"content":{"rendered":"<p>C\u2019est une conf\u00e9rence d\u2019un genre totalement inattendu qui a \u00e9t\u00e9 offerte au groupe local LPO Pays Gapen\u00e7ais le mercredi 25 janvier par G\u00e9rard de Wailly. G\u00e9rard est un entomologiste expert\u2026 en exp\u00e9rimentation\u00a0! Un peu comme le faisait Jean-Henri Fabre, il pr\u00e9l\u00e8ve dans la nature le contenu d\u2019un petit aquarium, le pose sur son bureau et observe\u2026 nuit et jour. Mais les moyens modernes d\u2019observation, de photographie, de num\u00e9risation, de recherche et de documentation donnent une autre dimension \u00e0 la communication\u00a0!<img loading=\"lazy\" decoding=\"async\" class=\"aligncenter\" src=\"http:\/\/paca.lpo.fr\/blogs\/pays-gapencais\/files\/2017\/01\/Expos\u00e9GRENHA5sept16TRD-480x467.jpg\" alt=\"\" width=\"480\" height=\"467\" \/><\/p>\n<p>Sous nos yeux \u00e9bahis, il a montr\u00e9 les larves aquatiques \u00e9voluant au milieu des v\u00e9g\u00e9taux, chassant, se nourrissant\u2026 Nous avons pu voir les d\u00e9tails de ces larves minuscules, invisibles \u00e0 l\u2019\u0153il nu\u00a0 et en action : yeux, mandibules, branchies, soies, griffes\u2026 jusqu\u2019aux cerques, pseudopodes, \u00e9piproctes, stemmates et fourreaux alaires\u00a0!<img loading=\"lazy\" decoding=\"async\" class=\"aligncenter\" src=\"http:\/\/paca.lpo.fr\/blogs\/pays-gapencais\/files\/2017\/01\/LarvesTRD-480x335.jpg\" alt=\"\" width=\"480\" height=\"335\" \/><\/p>\n<p>En scientifique consciencieux, G\u00e9rard a replac\u00e9 toutes les esp\u00e8ces bien identifi\u00e9es dans la classification syst\u00e9matique. Et n\u2019a montr\u00e9 que celles qu\u2019il a captur\u00e9es et \u00e9lev\u00e9es, puis rel\u00e2ch\u00e9es dans leur milieu d\u2019origine. C\u2019est pourquoi nous avons fait connaissance avec les Eph\u00e9m\u00e8res, Odonates, Dipt\u00e8res, Col\u00e9opt\u00e8res et Trichopt\u00e8res. Les deux grandes familles manquantes, Pl\u00e9copt\u00e8res et H\u00e9t\u00e9ropt\u00e8res, feront, il l\u2019esp\u00e8re, l\u2019objet de prochaines exp\u00e9rimentations. Son objectif principal \u00e9tant d\u2019arriver \u00e0 suivre un cycle de vie complet.<img loading=\"lazy\" decoding=\"async\" class=\"aligncenter\" src=\"http:\/\/paca.lpo.fr\/blogs\/pays-gapencais\/files\/2017\/01\/Mat\u00e9rielBureauTRD2-480x270.jpg\" alt=\"\" width=\"480\" height=\"270\" \/><\/p>\n<p>Voici son bureau-laboratoire : un ordinateur avec grand \u00e9cran, des microscopes et loupes binoculaires, des appareils photos&#8230; et le minuscule aquarium qu&rsquo;il montre juste sous sa main!<\/p>\n","protected":false},"excerpt":{"rendered":"<p>C\u2019est une conf\u00e9rence d\u2019un genre totalement inattendu qui a \u00e9t\u00e9 offerte au groupe local LPO Pays Gapen\u00e7ais le mercredi 25 janvier par G\u00e9rard de Wailly. G\u00e9rard est un entomologiste expert\u2026 en exp\u00e9rimentation\u00a0! Un peu comme le faisait Jean-Henri Fabre, il pr\u00e9l\u00e8ve dans la nature le contenu d\u2019un petit aquarium, le pose sur son bureau et [&hellip;]<\/p>\n","protected":false},"author":20,"featured_media":0,"comment_status":"open","ping_status":"open","sticky":false,"template":"","format":"standard","meta":{"footnotes":""},"categories":[1],"tags":[],"class_list":["post-464","post","type-post","status-publish","format-standard","hentry","category-non-classe"],"yoast_head":"<!-- This site is optimized with the Yoast SEO plugin v28.3 - https:\/\/yoast.com\/product\/yoast-seo-wordpress\/ -->\n<title>A la mani\u00e8re de Jean-Henri Fabre - Groupe local Pays Gapen\u00e7ais<\/title>\n<meta name=\"robots\" content=\"index, follow, max-snippet:-1, max-image-preview:large, max-video-preview:-1\" \/>\n<link rel=\"canonical\" href=\"http:\/\/paca.lpo.fr\/blogs\/pays-gapencais\/2017\/01\/26\/a-la-maniere-de-jean-henri-fabre\/\" \/>\n<meta property=\"og:locale\" content=\"fr_FR\" \/>\n<meta property=\"og:type\" content=\"article\" \/>\n<meta property=\"og:title\" content=\"A la mani\u00e8re de Jean-Henri Fabre - Groupe local Pays Gapen\u00e7ais\" \/>\n<meta property=\"og:description\" content=\"C\u2019est une conf\u00e9rence d\u2019un genre totalement inattendu qui a \u00e9t\u00e9 offerte au groupe local LPO Pays Gapen\u00e7ais le mercredi 25 janvier par G\u00e9rard de Wailly. G\u00e9rard est un entomologiste expert\u2026 en exp\u00e9rimentation\u00a0! Un peu comme le faisait Jean-Henri Fabre, il pr\u00e9l\u00e8ve dans la nature le contenu d\u2019un petit aquarium, le pose sur son bureau et [&hellip;]\" \/>\n<meta property=\"og:url\" content=\"http:\/\/paca.lpo.fr\/blogs\/pays-gapencais\/2017\/01\/26\/a-la-maniere-de-jean-henri-fabre\/\" \/>\n<meta property=\"og:site_name\" content=\"Groupe local Pays Gapen\u00e7ais\" \/>\n<meta property=\"article:published_time\" content=\"2017-01-26T16:39:13+00:00\" \/>\n<meta property=\"article:modified_time\" content=\"2017-02-06T07:40:07+00:00\" \/>\n<meta property=\"og:image\" content=\"http:\/\/paca.lpo.fr\/blogs\/pays-gapencais\/files\/2017\/01\/LarvesTRD-480x335.jpg\" \/>\n<meta name=\"author\" content=\"LPO Pays Gapen\u00e7ais\" \/>\n<meta name=\"twitter:card\" content=\"summary_large_image\" \/>\n<meta name=\"twitter:label1\" content=\"\u00c9crit par\" \/>\n\t<meta name=\"twitter:data1\" content=\"LPO Pays Gapen\u00e7ais\" \/>\n\t<meta name=\"twitter:label2\" content=\"Dur\u00e9e de lecture estim\u00e9e\" \/>\n\t<meta name=\"twitter:data2\" content=\"1 minute\" \/>\n<script type=\"application\/ld+json\" class=\"yoast-schema-graph\">{\"@context\":\"https:\\\/\\\/schema.org\",\"@graph\":[{\"@type\":\"Article\",\"@id\":\"http:\\\/\\\/paca.lpo.fr\\\/blogs\\\/pays-gapencais\\\/2017\\\/01\\\/26\\\/a-la-maniere-de-jean-henri-fabre\\\/#article\",\"isPartOf\":{\"@id\":\"http:\\\/\\\/paca.lpo.fr\\\/blogs\\\/pays-gapencais\\\/2017\\\/01\\\/26\\\/a-la-maniere-de-jean-henri-fabre\\\/\"},\"author\":{\"name\":\"LPO Pays Gapen\u00e7ais\",\"@id\":\"https:\\\/\\\/paca.lpo.fr\\\/blogs\\\/pays-gapencais\\\/#\\\/schema\\\/person\\\/f04b4317576a566640b52fd10cb73f42\"},\"headline\":\"A la mani\u00e8re de Jean-Henri Fabre\",\"datePublished\":\"2017-01-26T16:39:13+00:00\",\"dateModified\":\"2017-02-06T07:40:07+00:00\",\"mainEntityOfPage\":{\"@id\":\"http:\\\/\\\/paca.lpo.fr\\\/blogs\\\/pays-gapencais\\\/2017\\\/01\\\/26\\\/a-la-maniere-de-jean-henri-fabre\\\/\"},\"wordCount\":275,\"commentCount\":0,\"publisher\":{\"@id\":\"https:\\\/\\\/paca.lpo.fr\\\/blogs\\\/pays-gapencais\\\/#organization\"},\"image\":{\"@id\":\"http:\\\/\\\/paca.lpo.fr\\\/blogs\\\/pays-gapencais\\\/2017\\\/01\\\/26\\\/a-la-maniere-de-jean-henri-fabre\\\/#primaryimage\"},\"thumbnailUrl\":\"http:\\\/\\\/paca.lpo.fr\\\/blogs\\\/pays-gapencais\\\/files\\\/2017\\\/01\\\/LarvesTRD-480x335.jpg\",\"inLanguage\":\"fr-FR\",\"potentialAction\":[{\"@type\":\"CommentAction\",\"name\":\"Comment\",\"target\":[\"http:\\\/\\\/paca.lpo.fr\\\/blogs\\\/pays-gapencais\\\/2017\\\/01\\\/26\\\/a-la-maniere-de-jean-henri-fabre\\\/#respond\"]}]},{\"@type\":\"WebPage\",\"@id\":\"http:\\\/\\\/paca.lpo.fr\\\/blogs\\\/pays-gapencais\\\/2017\\\/01\\\/26\\\/a-la-maniere-de-jean-henri-fabre\\\/\",\"url\":\"http:\\\/\\\/paca.lpo.fr\\\/blogs\\\/pays-gapencais\\\/2017\\\/01\\\/26\\\/a-la-maniere-de-jean-henri-fabre\\\/\",\"name\":\"A la mani\u00e8re de Jean-Henri Fabre - Groupe local Pays Gapen\u00e7ais\",\"isPartOf\":{\"@id\":\"https:\\\/\\\/paca.lpo.fr\\\/blogs\\\/pays-gapencais\\\/#website\"},\"primaryImageOfPage\":{\"@id\":\"http:\\\/\\\/paca.lpo.fr\\\/blogs\\\/pays-gapencais\\\/2017\\\/01\\\/26\\\/a-la-maniere-de-jean-henri-fabre\\\/#primaryimage\"},\"image\":{\"@id\":\"http:\\\/\\\/paca.lpo.fr\\\/blogs\\\/pays-gapencais\\\/2017\\\/01\\\/26\\\/a-la-maniere-de-jean-henri-fabre\\\/#primaryimage\"},\"thumbnailUrl\":\"http:\\\/\\\/paca.lpo.fr\\\/blogs\\\/pays-gapencais\\\/files\\\/2017\\\/01\\\/LarvesTRD-480x335.jpg\",\"datePublished\":\"2017-01-26T16:39:13+00:00\",\"dateModified\":\"2017-02-06T07:40:07+00:00\",\"breadcrumb\":{\"@id\":\"http:\\\/\\\/paca.lpo.fr\\\/blogs\\\/pays-gapencais\\\/2017\\\/01\\\/26\\\/a-la-maniere-de-jean-henri-fabre\\\/#breadcrumb\"},\"inLanguage\":\"fr-FR\",\"potentialAction\":[{\"@type\":\"ReadAction\",\"target\":[\"http:\\\/\\\/paca.lpo.fr\\\/blogs\\\/pays-gapencais\\\/2017\\\/01\\\/26\\\/a-la-maniere-de-jean-henri-fabre\\\/\"]}]},{\"@type\":\"ImageObject\",\"inLanguage\":\"fr-FR\",\"@id\":\"http:\\\/\\\/paca.lpo.fr\\\/blogs\\\/pays-gapencais\\\/2017\\\/01\\\/26\\\/a-la-maniere-de-jean-henri-fabre\\\/#primaryimage\",\"url\":\"http:\\\/\\\/paca.lpo.fr\\\/blogs\\\/pays-gapencais\\\/files\\\/2017\\\/01\\\/LarvesTRD-480x335.jpg\",\"contentUrl\":\"http:\\\/\\\/paca.lpo.fr\\\/blogs\\\/pays-gapencais\\\/files\\\/2017\\\/01\\\/LarvesTRD-480x335.jpg\"},{\"@type\":\"BreadcrumbList\",\"@id\":\"http:\\\/\\\/paca.lpo.fr\\\/blogs\\\/pays-gapencais\\\/2017\\\/01\\\/26\\\/a-la-maniere-de-jean-henri-fabre\\\/#breadcrumb\",\"itemListElement\":[{\"@type\":\"ListItem\",\"position\":1,\"name\":\"Accueil\",\"item\":\"https:\\\/\\\/paca.lpo.fr\\\/blogs\\\/pays-gapencais\\\/\"},{\"@type\":\"ListItem\",\"position\":2,\"name\":\"A la mani\u00e8re de Jean-Henri Fabre\"}]},{\"@type\":\"WebSite\",\"@id\":\"https:\\\/\\\/paca.lpo.fr\\\/blogs\\\/pays-gapencais\\\/#website\",\"url\":\"https:\\\/\\\/paca.lpo.fr\\\/blogs\\\/pays-gapencais\\\/\",\"name\":\"Groupe local Pays Gapen\u00e7ais\",\"description\":\"Groupe local Pays Gapen\u00e7ais\",\"publisher\":{\"@id\":\"https:\\\/\\\/paca.lpo.fr\\\/blogs\\\/pays-gapencais\\\/#organization\"},\"potentialAction\":[{\"@type\":\"SearchAction\",\"target\":{\"@type\":\"EntryPoint\",\"urlTemplate\":\"https:\\\/\\\/paca.lpo.fr\\\/blogs\\\/pays-gapencais\\\/?s={search_term_string}\"},\"query-input\":{\"@type\":\"PropertyValueSpecification\",\"valueRequired\":true,\"valueName\":\"search_term_string\"}}],\"inLanguage\":\"fr-FR\"},{\"@type\":\"Organization\",\"@id\":\"https:\\\/\\\/paca.lpo.fr\\\/blogs\\\/pays-gapencais\\\/#organization\",\"name\":\"Groupe local Pays Gapen\u00e7ais\",\"url\":\"https:\\\/\\\/paca.lpo.fr\\\/blogs\\\/pays-gapencais\\\/\",\"logo\":{\"@type\":\"ImageObject\",\"inLanguage\":\"fr-FR\",\"@id\":\"https:\\\/\\\/paca.lpo.fr\\\/blogs\\\/pays-gapencais\\\/#\\\/schema\\\/logo\\\/image\\\/\",\"url\":\"https:\\\/\\\/paca.lpo.fr\\\/blogs\\\/pays-gapencais\\\/files\\\/2024\\\/01\\\/cropped-rvb-lpo-paca-logotype-signature-droite-mini-500.jpg\",\"contentUrl\":\"https:\\\/\\\/paca.lpo.fr\\\/blogs\\\/pays-gapencais\\\/files\\\/2024\\\/01\\\/cropped-rvb-lpo-paca-logotype-signature-droite-mini-500.jpg\",\"width\":500,\"height\":210,\"caption\":\"Groupe local Pays Gapen\u00e7ais\"},\"image\":{\"@id\":\"https:\\\/\\\/paca.lpo.fr\\\/blogs\\\/pays-gapencais\\\/#\\\/schema\\\/logo\\\/image\\\/\"}},{\"@type\":\"Person\",\"@id\":\"https:\\\/\\\/paca.lpo.fr\\\/blogs\\\/pays-gapencais\\\/#\\\/schema\\\/person\\\/f04b4317576a566640b52fd10cb73f42\",\"name\":\"LPO Pays Gapen\u00e7ais\",\"image\":{\"@type\":\"ImageObject\",\"inLanguage\":\"fr-FR\",\"@id\":\"https:\\\/\\\/secure.gravatar.com\\\/avatar\\\/0ad60f70598d35f5834aaa24844d0685f1c44e5307491303924c152e7ee710eb?s=96&d=mm&r=g\",\"url\":\"https:\\\/\\\/secure.gravatar.com\\\/avatar\\\/0ad60f70598d35f5834aaa24844d0685f1c44e5307491303924c152e7ee710eb?s=96&d=mm&r=g\",\"contentUrl\":\"https:\\\/\\\/secure.gravatar.com\\\/avatar\\\/0ad60f70598d35f5834aaa24844d0685f1c44e5307491303924c152e7ee710eb?s=96&d=mm&r=g\",\"caption\":\"LPO Pays Gapen\u00e7ais\"},\"url\":\"http:\\\/\\\/paca.lpo.fr\\\/blogs\\\/pays-gapencais\\\/author\\\/paysgapencais\\\/\"}]}<\/script>\n<!-- \/ Yoast SEO plugin. -->","yoast_head_json":{"title":"A la mani\u00e8re de Jean-Henri Fabre - Groupe local Pays Gapen\u00e7ais","robots":{"index":"index","follow":"follow","max-snippet":"max-snippet:-1","max-image-preview":"max-image-preview:large","max-video-preview":"max-video-preview:-1"},"canonical":"http:\/\/paca.lpo.fr\/blogs\/pays-gapencais\/2017\/01\/26\/a-la-maniere-de-jean-henri-fabre\/","og_locale":"fr_FR","og_type":"article","og_title":"A la mani\u00e8re de Jean-Henri Fabre - Groupe local Pays Gapen\u00e7ais","og_description":"C\u2019est une conf\u00e9rence d\u2019un genre totalement inattendu qui a \u00e9t\u00e9 offerte au groupe local LPO Pays Gapen\u00e7ais le mercredi 25 janvier par G\u00e9rard de Wailly. G\u00e9rard est un entomologiste expert\u2026 en exp\u00e9rimentation\u00a0! Un peu comme le faisait Jean-Henri Fabre, il pr\u00e9l\u00e8ve dans la nature le contenu d\u2019un petit aquarium, le pose sur son bureau et [&hellip;]","og_url":"http:\/\/paca.lpo.fr\/blogs\/pays-gapencais\/2017\/01\/26\/a-la-maniere-de-jean-henri-fabre\/","og_site_name":"Groupe local Pays Gapen\u00e7ais","article_published_time":"2017-01-26T16:39:13+00:00","article_modified_time":"2017-02-06T07:40:07+00:00","og_image":[{"url":"http:\/\/paca.lpo.fr\/blogs\/pays-gapencais\/files\/2017\/01\/LarvesTRD-480x335.jpg","type":"","width":"","height":""}],"author":"LPO Pays Gapen\u00e7ais","twitter_card":"summary_large_image","twitter_misc":{"\u00c9crit par":"LPO Pays Gapen\u00e7ais","Dur\u00e9e de lecture estim\u00e9e":"1 minute"},"schema":{"@context":"https:\/\/schema.org","@graph":[{"@type":"Article","@id":"http:\/\/paca.lpo.fr\/blogs\/pays-gapencais\/2017\/01\/26\/a-la-maniere-de-jean-henri-fabre\/#article","isPartOf":{"@id":"http:\/\/paca.lpo.fr\/blogs\/pays-gapencais\/2017\/01\/26\/a-la-maniere-de-jean-henri-fabre\/"},"author":{"name":"LPO Pays Gapen\u00e7ais","@id":"https:\/\/paca.lpo.fr\/blogs\/pays-gapencais\/#\/schema\/person\/f04b4317576a566640b52fd10cb73f42"},"headline":"A la mani\u00e8re de Jean-Henri Fabre","datePublished":"2017-01-26T16:39:13+00:00","dateModified":"2017-02-06T07:40:07+00:00","mainEntityOfPage":{"@id":"http:\/\/paca.lpo.fr\/blogs\/pays-gapencais\/2017\/01\/26\/a-la-maniere-de-jean-henri-fabre\/"},"wordCount":275,"commentCount":0,"publisher":{"@id":"https:\/\/paca.lpo.fr\/blogs\/pays-gapencais\/#organization"},"image":{"@id":"http:\/\/paca.lpo.fr\/blogs\/pays-gapencais\/2017\/01\/26\/a-la-maniere-de-jean-henri-fabre\/#primaryimage"},"thumbnailUrl":"http:\/\/paca.lpo.fr\/blogs\/pays-gapencais\/files\/2017\/01\/LarvesTRD-480x335.jpg","inLanguage":"fr-FR","potentialAction":[{"@type":"CommentAction","name":"Comment","target":["http:\/\/paca.lpo.fr\/blogs\/pays-gapencais\/2017\/01\/26\/a-la-maniere-de-jean-henri-fabre\/#respond"]}]},{"@type":"WebPage","@id":"http:\/\/paca.lpo.fr\/blogs\/pays-gapencais\/2017\/01\/26\/a-la-maniere-de-jean-henri-fabre\/","url":"http:\/\/paca.lpo.fr\/blogs\/pays-gapencais\/2017\/01\/26\/a-la-maniere-de-jean-henri-fabre\/","name":"A la mani\u00e8re de Jean-Henri Fabre - Groupe local Pays Gapen\u00e7ais","isPartOf":{"@id":"https:\/\/paca.lpo.fr\/blogs\/pays-gapencais\/#website"},"primaryImageOfPage":{"@id":"http:\/\/paca.lpo.fr\/blogs\/pays-gapencais\/2017\/01\/26\/a-la-maniere-de-jean-henri-fabre\/#primaryimage"},"image":{"@id":"http:\/\/paca.lpo.fr\/blogs\/pays-gapencais\/2017\/01\/26\/a-la-maniere-de-jean-henri-fabre\/#primaryimage"},"thumbnailUrl":"http:\/\/paca.lpo.fr\/blogs\/pays-gapencais\/files\/2017\/01\/LarvesTRD-480x335.jpg","datePublished":"2017-01-26T16:39:13+00:00","dateModified":"2017-02-06T07:40:07+00:00","breadcrumb":{"@id":"http:\/\/paca.lpo.fr\/blogs\/pays-gapencais\/2017\/01\/26\/a-la-maniere-de-jean-henri-fabre\/#breadcrumb"},"inLanguage":"fr-FR","potentialAction":[{"@type":"ReadAction","target":["http:\/\/paca.lpo.fr\/blogs\/pays-gapencais\/2017\/01\/26\/a-la-maniere-de-jean-henri-fabre\/"]}]},{"@type":"ImageObject","inLanguage":"fr-FR","@id":"http:\/\/paca.lpo.fr\/blogs\/pays-gapencais\/2017\/01\/26\/a-la-maniere-de-jean-henri-fabre\/#primaryimage","url":"http:\/\/paca.lpo.fr\/blogs\/pays-gapencais\/files\/2017\/01\/LarvesTRD-480x335.jpg","contentUrl":"http:\/\/paca.lpo.fr\/blogs\/pays-gapencais\/files\/2017\/01\/LarvesTRD-480x335.jpg"},{"@type":"BreadcrumbList","@id":"http:\/\/paca.lpo.fr\/blogs\/pays-gapencais\/2017\/01\/26\/a-la-maniere-de-jean-henri-fabre\/#breadcrumb","itemListElement":[{"@type":"ListItem","position":1,"name":"Accueil","item":"https:\/\/paca.lpo.fr\/blogs\/pays-gapencais\/"},{"@type":"ListItem","position":2,"name":"A la mani\u00e8re de Jean-Henri Fabre"}]},{"@type":"WebSite","@id":"https:\/\/paca.lpo.fr\/blogs\/pays-gapencais\/#website","url":"https:\/\/paca.lpo.fr\/blogs\/pays-gapencais\/","name":"Groupe local Pays Gapen\u00e7ais","description":"Groupe local Pays Gapen\u00e7ais","publisher":{"@id":"https:\/\/paca.lpo.fr\/blogs\/pays-gapencais\/#organization"},"potentialAction":[{"@type":"SearchAction","target":{"@type":"EntryPoint","urlTemplate":"https:\/\/paca.lpo.fr\/blogs\/pays-gapencais\/?s={search_term_string}"},"query-input":{"@type":"PropertyValueSpecification","valueRequired":true,"valueName":"search_term_string"}}],"inLanguage":"fr-FR"},{"@type":"Organization","@id":"https:\/\/paca.lpo.fr\/blogs\/pays-gapencais\/#organization","name":"Groupe local Pays Gapen\u00e7ais","url":"https:\/\/paca.lpo.fr\/blogs\/pays-gapencais\/","logo":{"@type":"ImageObject","inLanguage":"fr-FR","@id":"https:\/\/paca.lpo.fr\/blogs\/pays-gapencais\/#\/schema\/logo\/image\/","url":"https:\/\/paca.lpo.fr\/blogs\/pays-gapencais\/files\/2024\/01\/cropped-rvb-lpo-paca-logotype-signature-droite-mini-500.jpg","contentUrl":"https:\/\/paca.lpo.fr\/blogs\/pays-gapencais\/files\/2024\/01\/cropped-rvb-lpo-paca-logotype-signature-droite-mini-500.jpg","width":500,"height":210,"caption":"Groupe local Pays Gapen\u00e7ais"},"image":{"@id":"https:\/\/paca.lpo.fr\/blogs\/pays-gapencais\/#\/schema\/logo\/image\/"}},{"@type":"Person","@id":"https:\/\/paca.lpo.fr\/blogs\/pays-gapencais\/#\/schema\/person\/f04b4317576a566640b52fd10cb73f42","name":"LPO Pays Gapen\u00e7ais","image":{"@type":"ImageObject","inLanguage":"fr-FR","@id":"https:\/\/secure.gravatar.com\/avatar\/0ad60f70598d35f5834aaa24844d0685f1c44e5307491303924c152e7ee710eb?s=96&d=mm&r=g","url":"https:\/\/secure.gravatar.com\/avatar\/0ad60f70598d35f5834aaa24844d0685f1c44e5307491303924c152e7ee710eb?s=96&d=mm&r=g","contentUrl":"https:\/\/secure.gravatar.com\/avatar\/0ad60f70598d35f5834aaa24844d0685f1c44e5307491303924c152e7ee710eb?s=96&d=mm&r=g","caption":"LPO Pays Gapen\u00e7ais"},"url":"http:\/\/paca.lpo.fr\/blogs\/pays-gapencais\/author\/paysgapencais\/"}]}},"jetpack_featured_media_url":"","_links":{"self":[{"href":"http:\/\/paca.lpo.fr\/blogs\/pays-gapencais\/wp-json\/wp\/v2\/posts\/464","targetHints":{"allow":["GET"]}}],"collection":[{"href":"http:\/\/paca.lpo.fr\/blogs\/pays-gapencais\/wp-json\/wp\/v2\/posts"}],"about":[{"href":"http:\/\/paca.lpo.fr\/blogs\/pays-gapencais\/wp-json\/wp\/v2\/types\/post"}],"author":[{"embeddable":true,"href":"http:\/\/paca.lpo.fr\/blogs\/pays-gapencais\/wp-json\/wp\/v2\/users\/20"}],"replies":[{"embeddable":true,"href":"http:\/\/paca.lpo.fr\/blogs\/pays-gapencais\/wp-json\/wp\/v2\/comments?post=464"}],"version-history":[{"count":4,"href":"http:\/\/paca.lpo.fr\/blogs\/pays-gapencais\/wp-json\/wp\/v2\/posts\/464\/revisions"}],"predecessor-version":[{"id":480,"href":"http:\/\/paca.lpo.fr\/blogs\/pays-gapencais\/wp-json\/wp\/v2\/posts\/464\/revisions\/480"}],"wp:attachment":[{"href":"http:\/\/paca.lpo.fr\/blogs\/pays-gapencais\/wp-json\/wp\/v2\/media?parent=464"}],"wp:term":[{"taxonomy":"category","embeddable":true,"href":"http:\/\/paca.lpo.fr\/blogs\/pays-gapencais\/wp-json\/wp\/v2\/categories?post=464"},{"taxonomy":"post_tag","embeddable":true,"href":"http:\/\/paca.lpo.fr\/blogs\/pays-gapencais\/wp-json\/wp\/v2\/tags?post=464"}],"curies":[{"name":"wp","href":"https:\/\/api.w.org\/{rel}","templated":true}]}}