{"id":53,"date":"2011-02-18T17:10:48","date_gmt":"2011-02-18T17:10:48","guid":{"rendered":"http:\/\/paca.lpo.fr\/blogs\/pays-gapencais\/?p=53"},"modified":"2012-06-29T13:26:45","modified_gmt":"2012-06-29T13:26:45","slug":"formation-faune-paca","status":"publish","type":"post","link":"http:\/\/paca.lpo.fr\/blogs\/pays-gapencais\/2011\/02\/18\/formation-faune-paca\/","title":{"rendered":"Formation FAUNE PACA"},"content":{"rendered":"<div>\n<figure style=\"width: 450px\" class=\"wp-caption aligncenter\"><img loading=\"lazy\" decoding=\"async\" src=\"http:\/\/paca.lpo.fr\/media\/k2\/items\/cache\/97aa066dcc42404e7602768333af5659_L.jpg\" alt=\"\" width=\"450\" height=\"338\" \/><figcaption class=\"wp-caption-text\">Des \u00e9l\u00e8ves attentifs\u00a0\u00a0\u00a0\u00a0\u00a0\u00a0\u00a0\u00a0\u00a0\u00a0\u00a0\u00a0\u00a0\u00a0\u00a0\u00a0\u00a0\u00a0\u00a0\u00a0\u00a0\u00a0\u00a0\u00a0\u00a0\u00a0\u00a0\u00a0\u00a0\u00a0\u00a0\u00a0\u00a0\u00a0\u00a0\u00a0\u00a0\u00a0\u00a0\u00a0\u00a0\u00a0\u00a0\u00a0\u00a0\u00a0\u00a0\u00a0\u00a0\u00a0\u00a0\u00a0\u00a0\u00a0\u00a0\u00a0\u00a0\u00a0\u00a0\u00a0\u00a0\u00a0\u00a0\u00a0\u00a0\u00a0\u00a0\u00a0\u00a0\u00a0\u00a0\u00a0\u00a0\u00a0\u00a0\u00a0\u00a0\u00a0\u00a0\u00a0\u00a0\u00a0\u00a0\u00a0\u00a0\u00a0\u00a0\u00a0 Ph, ED<\/figcaption><\/figure>\n<p>Nous avons eu l&rsquo;honneur de recevoir Amine FLITTI \u00e0 Tallard pour une apr\u00e8s-midi d&rsquo;information sur la base de donn\u00e9es en ligne\u00a0\u00ab\u00a0FAUNE PACA\u00a0\u00bb<\/p>\n<p>Dans une salle confortable et bien \u00e9quip\u00e9e, 15 personnes, plus ou moins n\u00e9ophytes, ont\u00a0pu profiter des comp\u00e9tences et de la p\u00e9dagogie d&rsquo;Amine. En effet, beaucoup d&rsquo;observateurs n&rsquo;osent pas encore transmettre leurs donn\u00e9es sur le site ou ne savent pas comment faire, ou n&rsquo;en voient pas l&rsquo;utilit\u00e9&#8230; D&rsquo;autres se posent des questions\u00a0sur l&rsquo;utilisation qui en est faite. Amine a su apporter tous les \u00e9claircissements attendus et mettre en valeur le r\u00f4le individuel des ornithologues qui partagent leurs d\u00e9couvertes. Ils peuvent ainsi participer \u00e0 la connaissance de la biodiversit\u00e9 sur pratiquement tout le territoire fran\u00e7ais et bient\u00f4t europ\u00e9en.<\/p>\n<\/div>\n","protected":false},"excerpt":{"rendered":"<p>Nous avons eu l&rsquo;honneur de recevoir Amine FLITTI \u00e0 Tallard pour une apr\u00e8s-midi d&rsquo;information sur la base de donn\u00e9es en ligne\u00a0\u00ab\u00a0FAUNE PACA\u00a0\u00bb Dans une salle confortable et bien \u00e9quip\u00e9e, 15 personnes, plus ou moins n\u00e9ophytes, ont\u00a0pu profiter des comp\u00e9tences et de la p\u00e9dagogie d&rsquo;Amine. En effet, beaucoup d&rsquo;observateurs n&rsquo;osent pas encore transmettre leurs donn\u00e9es sur [&hellip;]<\/p>\n","protected":false},"author":1,"featured_media":0,"comment_status":"open","ping_status":"open","sticky":false,"template":"","format":"standard","meta":{"footnotes":""},"categories":[1],"tags":[],"class_list":["post-53","post","type-post","status-publish","format-standard","hentry","category-non-classe"],"yoast_head":"<!-- This site is optimized with the Yoast SEO plugin v28.3 - https:\/\/yoast.com\/product\/yoast-seo-wordpress\/ -->\n<title>Formation FAUNE PACA - Groupe local Pays Gapen\u00e7ais<\/title>\n<meta name=\"robots\" content=\"index, follow, max-snippet:-1, max-image-preview:large, max-video-preview:-1\" \/>\n<link rel=\"canonical\" href=\"http:\/\/paca.lpo.fr\/blogs\/pays-gapencais\/2011\/02\/18\/formation-faune-paca\/\" \/>\n<meta property=\"og:locale\" content=\"fr_FR\" \/>\n<meta property=\"og:type\" content=\"article\" \/>\n<meta property=\"og:title\" content=\"Formation FAUNE PACA - Groupe local Pays Gapen\u00e7ais\" \/>\n<meta property=\"og:description\" content=\"Nous avons eu l&rsquo;honneur de recevoir Amine FLITTI \u00e0 Tallard pour une apr\u00e8s-midi d&rsquo;information sur la base de donn\u00e9es en ligne\u00a0\u00ab\u00a0FAUNE PACA\u00a0\u00bb Dans une salle confortable et bien \u00e9quip\u00e9e, 15 personnes, plus ou moins n\u00e9ophytes, ont\u00a0pu profiter des comp\u00e9tences et de la p\u00e9dagogie d&rsquo;Amine. En effet, beaucoup d&rsquo;observateurs n&rsquo;osent pas encore transmettre leurs donn\u00e9es sur [&hellip;]\" \/>\n<meta property=\"og:url\" content=\"http:\/\/paca.lpo.fr\/blogs\/pays-gapencais\/2011\/02\/18\/formation-faune-paca\/\" \/>\n<meta property=\"og:site_name\" content=\"Groupe local Pays Gapen\u00e7ais\" \/>\n<meta property=\"article:published_time\" content=\"2011-02-18T17:10:48+00:00\" \/>\n<meta property=\"article:modified_time\" content=\"2012-06-29T13:26:45+00:00\" \/>\n<meta property=\"og:image\" content=\"http:\/\/paca.lpo.fr\/media\/k2\/items\/cache\/97aa066dcc42404e7602768333af5659_L.jpg\" \/>\n<meta name=\"author\" content=\"LPOPACA\" \/>\n<meta name=\"twitter:card\" content=\"summary_large_image\" \/>\n<meta name=\"twitter:label1\" content=\"\u00c9crit par\" \/>\n\t<meta name=\"twitter:data1\" content=\"LPOPACA\" \/>\n\t<meta name=\"twitter:label2\" content=\"Dur\u00e9e de lecture estim\u00e9e\" \/>\n\t<meta name=\"twitter:data2\" content=\"1 minute\" \/>\n<script type=\"application\/ld+json\" class=\"yoast-schema-graph\">{\"@context\":\"https:\\\/\\\/schema.org\",\"@graph\":[{\"@type\":\"Article\",\"@id\":\"http:\\\/\\\/paca.lpo.fr\\\/blogs\\\/pays-gapencais\\\/2011\\\/02\\\/18\\\/formation-faune-paca\\\/#article\",\"isPartOf\":{\"@id\":\"http:\\\/\\\/paca.lpo.fr\\\/blogs\\\/pays-gapencais\\\/2011\\\/02\\\/18\\\/formation-faune-paca\\\/\"},\"author\":{\"name\":\"LPOPACA\",\"@id\":\"https:\\\/\\\/paca.lpo.fr\\\/blogs\\\/pays-gapencais\\\/#\\\/schema\\\/person\\\/f4701c21e2e412e301d69ea575732a07\"},\"headline\":\"Formation FAUNE PACA\",\"datePublished\":\"2011-02-18T17:10:48+00:00\",\"dateModified\":\"2012-06-29T13:26:45+00:00\",\"mainEntityOfPage\":{\"@id\":\"http:\\\/\\\/paca.lpo.fr\\\/blogs\\\/pays-gapencais\\\/2011\\\/02\\\/18\\\/formation-faune-paca\\\/\"},\"wordCount\":154,\"commentCount\":0,\"publisher\":{\"@id\":\"https:\\\/\\\/paca.lpo.fr\\\/blogs\\\/pays-gapencais\\\/#organization\"},\"image\":{\"@id\":\"http:\\\/\\\/paca.lpo.fr\\\/blogs\\\/pays-gapencais\\\/2011\\\/02\\\/18\\\/formation-faune-paca\\\/#primaryimage\"},\"thumbnailUrl\":\"http:\\\/\\\/paca.lpo.fr\\\/media\\\/k2\\\/items\\\/cache\\\/97aa066dcc42404e7602768333af5659_L.jpg\",\"inLanguage\":\"fr-FR\",\"potentialAction\":[{\"@type\":\"CommentAction\",\"name\":\"Comment\",\"target\":[\"http:\\\/\\\/paca.lpo.fr\\\/blogs\\\/pays-gapencais\\\/2011\\\/02\\\/18\\\/formation-faune-paca\\\/#respond\"]}]},{\"@type\":\"WebPage\",\"@id\":\"http:\\\/\\\/paca.lpo.fr\\\/blogs\\\/pays-gapencais\\\/2011\\\/02\\\/18\\\/formation-faune-paca\\\/\",\"url\":\"http:\\\/\\\/paca.lpo.fr\\\/blogs\\\/pays-gapencais\\\/2011\\\/02\\\/18\\\/formation-faune-paca\\\/\",\"name\":\"Formation FAUNE PACA - Groupe local Pays Gapen\u00e7ais\",\"isPartOf\":{\"@id\":\"https:\\\/\\\/paca.lpo.fr\\\/blogs\\\/pays-gapencais\\\/#website\"},\"primaryImageOfPage\":{\"@id\":\"http:\\\/\\\/paca.lpo.fr\\\/blogs\\\/pays-gapencais\\\/2011\\\/02\\\/18\\\/formation-faune-paca\\\/#primaryimage\"},\"image\":{\"@id\":\"http:\\\/\\\/paca.lpo.fr\\\/blogs\\\/pays-gapencais\\\/2011\\\/02\\\/18\\\/formation-faune-paca\\\/#primaryimage\"},\"thumbnailUrl\":\"http:\\\/\\\/paca.lpo.fr\\\/media\\\/k2\\\/items\\\/cache\\\/97aa066dcc42404e7602768333af5659_L.jpg\",\"datePublished\":\"2011-02-18T17:10:48+00:00\",\"dateModified\":\"2012-06-29T13:26:45+00:00\",\"breadcrumb\":{\"@id\":\"http:\\\/\\\/paca.lpo.fr\\\/blogs\\\/pays-gapencais\\\/2011\\\/02\\\/18\\\/formation-faune-paca\\\/#breadcrumb\"},\"inLanguage\":\"fr-FR\",\"potentialAction\":[{\"@type\":\"ReadAction\",\"target\":[\"http:\\\/\\\/paca.lpo.fr\\\/blogs\\\/pays-gapencais\\\/2011\\\/02\\\/18\\\/formation-faune-paca\\\/\"]}]},{\"@type\":\"ImageObject\",\"inLanguage\":\"fr-FR\",\"@id\":\"http:\\\/\\\/paca.lpo.fr\\\/blogs\\\/pays-gapencais\\\/2011\\\/02\\\/18\\\/formation-faune-paca\\\/#primaryimage\",\"url\":\"http:\\\/\\\/paca.lpo.fr\\\/media\\\/k2\\\/items\\\/cache\\\/97aa066dcc42404e7602768333af5659_L.jpg\",\"contentUrl\":\"http:\\\/\\\/paca.lpo.fr\\\/media\\\/k2\\\/items\\\/cache\\\/97aa066dcc42404e7602768333af5659_L.jpg\"},{\"@type\":\"BreadcrumbList\",\"@id\":\"http:\\\/\\\/paca.lpo.fr\\\/blogs\\\/pays-gapencais\\\/2011\\\/02\\\/18\\\/formation-faune-paca\\\/#breadcrumb\",\"itemListElement\":[{\"@type\":\"ListItem\",\"position\":1,\"name\":\"Accueil\",\"item\":\"https:\\\/\\\/paca.lpo.fr\\\/blogs\\\/pays-gapencais\\\/\"},{\"@type\":\"ListItem\",\"position\":2,\"name\":\"Formation FAUNE PACA\"}]},{\"@type\":\"WebSite\",\"@id\":\"https:\\\/\\\/paca.lpo.fr\\\/blogs\\\/pays-gapencais\\\/#website\",\"url\":\"https:\\\/\\\/paca.lpo.fr\\\/blogs\\\/pays-gapencais\\\/\",\"name\":\"Groupe local Pays Gapen\u00e7ais\",\"description\":\"Groupe local Pays Gapen\u00e7ais\",\"publisher\":{\"@id\":\"https:\\\/\\\/paca.lpo.fr\\\/blogs\\\/pays-gapencais\\\/#organization\"},\"potentialAction\":[{\"@type\":\"SearchAction\",\"target\":{\"@type\":\"EntryPoint\",\"urlTemplate\":\"https:\\\/\\\/paca.lpo.fr\\\/blogs\\\/pays-gapencais\\\/?s={search_term_string}\"},\"query-input\":{\"@type\":\"PropertyValueSpecification\",\"valueRequired\":true,\"valueName\":\"search_term_string\"}}],\"inLanguage\":\"fr-FR\"},{\"@type\":\"Organization\",\"@id\":\"https:\\\/\\\/paca.lpo.fr\\\/blogs\\\/pays-gapencais\\\/#organization\",\"name\":\"Groupe local Pays Gapen\u00e7ais\",\"url\":\"https:\\\/\\\/paca.lpo.fr\\\/blogs\\\/pays-gapencais\\\/\",\"logo\":{\"@type\":\"ImageObject\",\"inLanguage\":\"fr-FR\",\"@id\":\"https:\\\/\\\/paca.lpo.fr\\\/blogs\\\/pays-gapencais\\\/#\\\/schema\\\/logo\\\/image\\\/\",\"url\":\"https:\\\/\\\/paca.lpo.fr\\\/blogs\\\/pays-gapencais\\\/files\\\/2024\\\/01\\\/cropped-rvb-lpo-paca-logotype-signature-droite-mini-500.jpg\",\"contentUrl\":\"https:\\\/\\\/paca.lpo.fr\\\/blogs\\\/pays-gapencais\\\/files\\\/2024\\\/01\\\/cropped-rvb-lpo-paca-logotype-signature-droite-mini-500.jpg\",\"width\":500,\"height\":210,\"caption\":\"Groupe local Pays Gapen\u00e7ais\"},\"image\":{\"@id\":\"https:\\\/\\\/paca.lpo.fr\\\/blogs\\\/pays-gapencais\\\/#\\\/schema\\\/logo\\\/image\\\/\"}},{\"@type\":\"Person\",\"@id\":\"https:\\\/\\\/paca.lpo.fr\\\/blogs\\\/pays-gapencais\\\/#\\\/schema\\\/person\\\/f4701c21e2e412e301d69ea575732a07\",\"name\":\"LPOPACA\",\"image\":{\"@type\":\"ImageObject\",\"inLanguage\":\"fr-FR\",\"@id\":\"https:\\\/\\\/secure.gravatar.com\\\/avatar\\\/61b4fe4aeb906264475360b018582a8a825394c21df85ee757345c68c15ddd14?s=96&d=mm&r=g\",\"url\":\"https:\\\/\\\/secure.gravatar.com\\\/avatar\\\/61b4fe4aeb906264475360b018582a8a825394c21df85ee757345c68c15ddd14?s=96&d=mm&r=g\",\"contentUrl\":\"https:\\\/\\\/secure.gravatar.com\\\/avatar\\\/61b4fe4aeb906264475360b018582a8a825394c21df85ee757345c68c15ddd14?s=96&d=mm&r=g\",\"caption\":\"LPOPACA\"},\"url\":\"http:\\\/\\\/paca.lpo.fr\\\/blogs\\\/pays-gapencais\\\/author\\\/lpopaca\\\/\"}]}<\/script>\n<!-- \/ Yoast SEO plugin. -->","yoast_head_json":{"title":"Formation FAUNE PACA - Groupe local Pays Gapen\u00e7ais","robots":{"index":"index","follow":"follow","max-snippet":"max-snippet:-1","max-image-preview":"max-image-preview:large","max-video-preview":"max-video-preview:-1"},"canonical":"http:\/\/paca.lpo.fr\/blogs\/pays-gapencais\/2011\/02\/18\/formation-faune-paca\/","og_locale":"fr_FR","og_type":"article","og_title":"Formation FAUNE PACA - Groupe local Pays Gapen\u00e7ais","og_description":"Nous avons eu l&rsquo;honneur de recevoir Amine FLITTI \u00e0 Tallard pour une apr\u00e8s-midi d&rsquo;information sur la base de donn\u00e9es en ligne\u00a0\u00ab\u00a0FAUNE PACA\u00a0\u00bb Dans une salle confortable et bien \u00e9quip\u00e9e, 15 personnes, plus ou moins n\u00e9ophytes, ont\u00a0pu profiter des comp\u00e9tences et de la p\u00e9dagogie d&rsquo;Amine. En effet, beaucoup d&rsquo;observateurs n&rsquo;osent pas encore transmettre leurs donn\u00e9es sur [&hellip;]","og_url":"http:\/\/paca.lpo.fr\/blogs\/pays-gapencais\/2011\/02\/18\/formation-faune-paca\/","og_site_name":"Groupe local Pays Gapen\u00e7ais","article_published_time":"2011-02-18T17:10:48+00:00","article_modified_time":"2012-06-29T13:26:45+00:00","og_image":[{"url":"http:\/\/paca.lpo.fr\/media\/k2\/items\/cache\/97aa066dcc42404e7602768333af5659_L.jpg","type":"","width":"","height":""}],"author":"LPOPACA","twitter_card":"summary_large_image","twitter_misc":{"\u00c9crit par":"LPOPACA","Dur\u00e9e de lecture estim\u00e9e":"1 minute"},"schema":{"@context":"https:\/\/schema.org","@graph":[{"@type":"Article","@id":"http:\/\/paca.lpo.fr\/blogs\/pays-gapencais\/2011\/02\/18\/formation-faune-paca\/#article","isPartOf":{"@id":"http:\/\/paca.lpo.fr\/blogs\/pays-gapencais\/2011\/02\/18\/formation-faune-paca\/"},"author":{"name":"LPOPACA","@id":"https:\/\/paca.lpo.fr\/blogs\/pays-gapencais\/#\/schema\/person\/f4701c21e2e412e301d69ea575732a07"},"headline":"Formation FAUNE PACA","datePublished":"2011-02-18T17:10:48+00:00","dateModified":"2012-06-29T13:26:45+00:00","mainEntityOfPage":{"@id":"http:\/\/paca.lpo.fr\/blogs\/pays-gapencais\/2011\/02\/18\/formation-faune-paca\/"},"wordCount":154,"commentCount":0,"publisher":{"@id":"https:\/\/paca.lpo.fr\/blogs\/pays-gapencais\/#organization"},"image":{"@id":"http:\/\/paca.lpo.fr\/blogs\/pays-gapencais\/2011\/02\/18\/formation-faune-paca\/#primaryimage"},"thumbnailUrl":"http:\/\/paca.lpo.fr\/media\/k2\/items\/cache\/97aa066dcc42404e7602768333af5659_L.jpg","inLanguage":"fr-FR","potentialAction":[{"@type":"CommentAction","name":"Comment","target":["http:\/\/paca.lpo.fr\/blogs\/pays-gapencais\/2011\/02\/18\/formation-faune-paca\/#respond"]}]},{"@type":"WebPage","@id":"http:\/\/paca.lpo.fr\/blogs\/pays-gapencais\/2011\/02\/18\/formation-faune-paca\/","url":"http:\/\/paca.lpo.fr\/blogs\/pays-gapencais\/2011\/02\/18\/formation-faune-paca\/","name":"Formation FAUNE PACA - Groupe local Pays Gapen\u00e7ais","isPartOf":{"@id":"https:\/\/paca.lpo.fr\/blogs\/pays-gapencais\/#website"},"primaryImageOfPage":{"@id":"http:\/\/paca.lpo.fr\/blogs\/pays-gapencais\/2011\/02\/18\/formation-faune-paca\/#primaryimage"},"image":{"@id":"http:\/\/paca.lpo.fr\/blogs\/pays-gapencais\/2011\/02\/18\/formation-faune-paca\/#primaryimage"},"thumbnailUrl":"http:\/\/paca.lpo.fr\/media\/k2\/items\/cache\/97aa066dcc42404e7602768333af5659_L.jpg","datePublished":"2011-02-18T17:10:48+00:00","dateModified":"2012-06-29T13:26:45+00:00","breadcrumb":{"@id":"http:\/\/paca.lpo.fr\/blogs\/pays-gapencais\/2011\/02\/18\/formation-faune-paca\/#breadcrumb"},"inLanguage":"fr-FR","potentialAction":[{"@type":"ReadAction","target":["http:\/\/paca.lpo.fr\/blogs\/pays-gapencais\/2011\/02\/18\/formation-faune-paca\/"]}]},{"@type":"ImageObject","inLanguage":"fr-FR","@id":"http:\/\/paca.lpo.fr\/blogs\/pays-gapencais\/2011\/02\/18\/formation-faune-paca\/#primaryimage","url":"http:\/\/paca.lpo.fr\/media\/k2\/items\/cache\/97aa066dcc42404e7602768333af5659_L.jpg","contentUrl":"http:\/\/paca.lpo.fr\/media\/k2\/items\/cache\/97aa066dcc42404e7602768333af5659_L.jpg"},{"@type":"BreadcrumbList","@id":"http:\/\/paca.lpo.fr\/blogs\/pays-gapencais\/2011\/02\/18\/formation-faune-paca\/#breadcrumb","itemListElement":[{"@type":"ListItem","position":1,"name":"Accueil","item":"https:\/\/paca.lpo.fr\/blogs\/pays-gapencais\/"},{"@type":"ListItem","position":2,"name":"Formation FAUNE PACA"}]},{"@type":"WebSite","@id":"https:\/\/paca.lpo.fr\/blogs\/pays-gapencais\/#website","url":"https:\/\/paca.lpo.fr\/blogs\/pays-gapencais\/","name":"Groupe local Pays Gapen\u00e7ais","description":"Groupe local Pays Gapen\u00e7ais","publisher":{"@id":"https:\/\/paca.lpo.fr\/blogs\/pays-gapencais\/#organization"},"potentialAction":[{"@type":"SearchAction","target":{"@type":"EntryPoint","urlTemplate":"https:\/\/paca.lpo.fr\/blogs\/pays-gapencais\/?s={search_term_string}"},"query-input":{"@type":"PropertyValueSpecification","valueRequired":true,"valueName":"search_term_string"}}],"inLanguage":"fr-FR"},{"@type":"Organization","@id":"https:\/\/paca.lpo.fr\/blogs\/pays-gapencais\/#organization","name":"Groupe local Pays Gapen\u00e7ais","url":"https:\/\/paca.lpo.fr\/blogs\/pays-gapencais\/","logo":{"@type":"ImageObject","inLanguage":"fr-FR","@id":"https:\/\/paca.lpo.fr\/blogs\/pays-gapencais\/#\/schema\/logo\/image\/","url":"https:\/\/paca.lpo.fr\/blogs\/pays-gapencais\/files\/2024\/01\/cropped-rvb-lpo-paca-logotype-signature-droite-mini-500.jpg","contentUrl":"https:\/\/paca.lpo.fr\/blogs\/pays-gapencais\/files\/2024\/01\/cropped-rvb-lpo-paca-logotype-signature-droite-mini-500.jpg","width":500,"height":210,"caption":"Groupe local Pays Gapen\u00e7ais"},"image":{"@id":"https:\/\/paca.lpo.fr\/blogs\/pays-gapencais\/#\/schema\/logo\/image\/"}},{"@type":"Person","@id":"https:\/\/paca.lpo.fr\/blogs\/pays-gapencais\/#\/schema\/person\/f4701c21e2e412e301d69ea575732a07","name":"LPOPACA","image":{"@type":"ImageObject","inLanguage":"fr-FR","@id":"https:\/\/secure.gravatar.com\/avatar\/61b4fe4aeb906264475360b018582a8a825394c21df85ee757345c68c15ddd14?s=96&d=mm&r=g","url":"https:\/\/secure.gravatar.com\/avatar\/61b4fe4aeb906264475360b018582a8a825394c21df85ee757345c68c15ddd14?s=96&d=mm&r=g","contentUrl":"https:\/\/secure.gravatar.com\/avatar\/61b4fe4aeb906264475360b018582a8a825394c21df85ee757345c68c15ddd14?s=96&d=mm&r=g","caption":"LPOPACA"},"url":"http:\/\/paca.lpo.fr\/blogs\/pays-gapencais\/author\/lpopaca\/"}]}},"jetpack_featured_media_url":"","_links":{"self":[{"href":"http:\/\/paca.lpo.fr\/blogs\/pays-gapencais\/wp-json\/wp\/v2\/posts\/53","targetHints":{"allow":["GET"]}}],"collection":[{"href":"http:\/\/paca.lpo.fr\/blogs\/pays-gapencais\/wp-json\/wp\/v2\/posts"}],"about":[{"href":"http:\/\/paca.lpo.fr\/blogs\/pays-gapencais\/wp-json\/wp\/v2\/types\/post"}],"author":[{"embeddable":true,"href":"http:\/\/paca.lpo.fr\/blogs\/pays-gapencais\/wp-json\/wp\/v2\/users\/1"}],"replies":[{"embeddable":true,"href":"http:\/\/paca.lpo.fr\/blogs\/pays-gapencais\/wp-json\/wp\/v2\/comments?post=53"}],"version-history":[{"count":2,"href":"http:\/\/paca.lpo.fr\/blogs\/pays-gapencais\/wp-json\/wp\/v2\/posts\/53\/revisions"}],"predecessor-version":[{"id":55,"href":"http:\/\/paca.lpo.fr\/blogs\/pays-gapencais\/wp-json\/wp\/v2\/posts\/53\/revisions\/55"}],"wp:attachment":[{"href":"http:\/\/paca.lpo.fr\/blogs\/pays-gapencais\/wp-json\/wp\/v2\/media?parent=53"}],"wp:term":[{"taxonomy":"category","embeddable":true,"href":"http:\/\/paca.lpo.fr\/blogs\/pays-gapencais\/wp-json\/wp\/v2\/categories?post=53"},{"taxonomy":"post_tag","embeddable":true,"href":"http:\/\/paca.lpo.fr\/blogs\/pays-gapencais\/wp-json\/wp\/v2\/tags?post=53"}],"curies":[{"name":"wp","href":"https:\/\/api.w.org\/{rel}","templated":true}]}}