{"id":583,"date":"2017-10-11T20:25:52","date_gmt":"2017-10-11T20:25:52","guid":{"rendered":"http:\/\/paca.lpo.fr\/blogs\/pays-gapencais\/?p=583"},"modified":"2017-10-11T20:32:42","modified_gmt":"2017-10-11T20:32:42","slug":"hautes-alpes-larrete-prefectoral-autorisant-la-chasse-au-tetras-lyre-et-au-lagopede-alpin-suspendu-par-le-tribunal-administratif-de-marseille","status":"publish","type":"post","link":"http:\/\/paca.lpo.fr\/blogs\/pays-gapencais\/2017\/10\/11\/hautes-alpes-larrete-prefectoral-autorisant-la-chasse-au-tetras-lyre-et-au-lagopede-alpin-suspendu-par-le-tribunal-administratif-de-marseille\/","title":{"rendered":"Hautes-Alpes: l&rsquo;arr\u00eat\u00e9 pr\u00e9fectoral autorisant la chasse au t\u00e9tras lyre et au lagop\u00e8de alpin suspendu par le Tribunal administratif de Marseille"},"content":{"rendered":"<p><a href=\"http:\/\/paca.lpo.fr\/blogs\/pays-gapencais\/files\/2017\/10\/cp-lpo-paca-11102017-requete-galliformes.pdf\">CP LPO PACA 11102017 requete galliformes<\/a><\/p>\n<p>&nbsp;<\/p>\n","protected":false},"excerpt":{"rendered":"<p>CP LPO PACA 11102017 requete galliformes &nbsp;<\/p>\n","protected":false},"author":127,"featured_media":0,"comment_status":"open","ping_status":"open","sticky":false,"template":"","format":"standard","meta":{"footnotes":""},"categories":[1],"tags":[],"class_list":["post-583","post","type-post","status-publish","format-standard","hentry","category-non-classe"],"yoast_head":"<!-- This site is optimized with the Yoast SEO plugin v28.3 - https:\/\/yoast.com\/product\/yoast-seo-wordpress\/ -->\n<title>Hautes-Alpes: l&#039;arr\u00eat\u00e9 pr\u00e9fectoral autorisant la chasse au t\u00e9tras lyre et au lagop\u00e8de alpin suspendu par le Tribunal administratif de Marseille - Groupe local Pays Gapen\u00e7ais<\/title>\n<meta name=\"robots\" content=\"index, follow, max-snippet:-1, max-image-preview:large, max-video-preview:-1\" \/>\n<link rel=\"canonical\" href=\"http:\/\/paca.lpo.fr\/blogs\/pays-gapencais\/2017\/10\/11\/hautes-alpes-larrete-prefectoral-autorisant-la-chasse-au-tetras-lyre-et-au-lagopede-alpin-suspendu-par-le-tribunal-administratif-de-marseille\/\" \/>\n<meta property=\"og:locale\" content=\"fr_FR\" \/>\n<meta property=\"og:type\" content=\"article\" \/>\n<meta property=\"og:title\" content=\"Hautes-Alpes: l&#039;arr\u00eat\u00e9 pr\u00e9fectoral autorisant la chasse au t\u00e9tras lyre et au lagop\u00e8de alpin suspendu par le Tribunal administratif de Marseille - Groupe local Pays Gapen\u00e7ais\" \/>\n<meta property=\"og:description\" content=\"CP LPO PACA 11102017 requete galliformes &nbsp;\" \/>\n<meta property=\"og:url\" content=\"http:\/\/paca.lpo.fr\/blogs\/pays-gapencais\/2017\/10\/11\/hautes-alpes-larrete-prefectoral-autorisant-la-chasse-au-tetras-lyre-et-au-lagopede-alpin-suspendu-par-le-tribunal-administratif-de-marseille\/\" \/>\n<meta property=\"og:site_name\" content=\"Groupe local Pays Gapen\u00e7ais\" \/>\n<meta property=\"article:published_time\" content=\"2017-10-11T20:25:52+00:00\" \/>\n<meta property=\"article:modified_time\" content=\"2017-10-11T20:32:42+00:00\" \/>\n<meta name=\"author\" content=\"Alain\" \/>\n<meta name=\"twitter:card\" content=\"summary_large_image\" \/>\n<meta name=\"twitter:label1\" content=\"\u00c9crit par\" \/>\n\t<meta name=\"twitter:data1\" content=\"Alain\" \/>\n<script type=\"application\/ld+json\" class=\"yoast-schema-graph\">{\"@context\":\"https:\\\/\\\/schema.org\",\"@graph\":[{\"@type\":\"Article\",\"@id\":\"http:\\\/\\\/paca.lpo.fr\\\/blogs\\\/pays-gapencais\\\/2017\\\/10\\\/11\\\/hautes-alpes-larrete-prefectoral-autorisant-la-chasse-au-tetras-lyre-et-au-lagopede-alpin-suspendu-par-le-tribunal-administratif-de-marseille\\\/#article\",\"isPartOf\":{\"@id\":\"http:\\\/\\\/paca.lpo.fr\\\/blogs\\\/pays-gapencais\\\/2017\\\/10\\\/11\\\/hautes-alpes-larrete-prefectoral-autorisant-la-chasse-au-tetras-lyre-et-au-lagopede-alpin-suspendu-par-le-tribunal-administratif-de-marseille\\\/\"},\"author\":{\"name\":\"Alain\",\"@id\":\"https:\\\/\\\/paca.lpo.fr\\\/blogs\\\/pays-gapencais\\\/#\\\/schema\\\/person\\\/1dcafb9841274cf0bec2d9554ef9f77e\"},\"headline\":\"Hautes-Alpes: l&rsquo;arr\u00eat\u00e9 pr\u00e9fectoral autorisant la chasse au t\u00e9tras lyre et au lagop\u00e8de alpin suspendu par le Tribunal administratif de Marseille\",\"datePublished\":\"2017-10-11T20:25:52+00:00\",\"dateModified\":\"2017-10-11T20:32:42+00:00\",\"mainEntityOfPage\":{\"@id\":\"http:\\\/\\\/paca.lpo.fr\\\/blogs\\\/pays-gapencais\\\/2017\\\/10\\\/11\\\/hautes-alpes-larrete-prefectoral-autorisant-la-chasse-au-tetras-lyre-et-au-lagopede-alpin-suspendu-par-le-tribunal-administratif-de-marseille\\\/\"},\"wordCount\":31,\"commentCount\":0,\"publisher\":{\"@id\":\"https:\\\/\\\/paca.lpo.fr\\\/blogs\\\/pays-gapencais\\\/#organization\"},\"inLanguage\":\"fr-FR\",\"potentialAction\":[{\"@type\":\"CommentAction\",\"name\":\"Comment\",\"target\":[\"http:\\\/\\\/paca.lpo.fr\\\/blogs\\\/pays-gapencais\\\/2017\\\/10\\\/11\\\/hautes-alpes-larrete-prefectoral-autorisant-la-chasse-au-tetras-lyre-et-au-lagopede-alpin-suspendu-par-le-tribunal-administratif-de-marseille\\\/#respond\"]}]},{\"@type\":\"WebPage\",\"@id\":\"http:\\\/\\\/paca.lpo.fr\\\/blogs\\\/pays-gapencais\\\/2017\\\/10\\\/11\\\/hautes-alpes-larrete-prefectoral-autorisant-la-chasse-au-tetras-lyre-et-au-lagopede-alpin-suspendu-par-le-tribunal-administratif-de-marseille\\\/\",\"url\":\"http:\\\/\\\/paca.lpo.fr\\\/blogs\\\/pays-gapencais\\\/2017\\\/10\\\/11\\\/hautes-alpes-larrete-prefectoral-autorisant-la-chasse-au-tetras-lyre-et-au-lagopede-alpin-suspendu-par-le-tribunal-administratif-de-marseille\\\/\",\"name\":\"Hautes-Alpes: l'arr\u00eat\u00e9 pr\u00e9fectoral autorisant la chasse au t\u00e9tras lyre et au lagop\u00e8de alpin suspendu par le Tribunal administratif de Marseille - Groupe local Pays Gapen\u00e7ais\",\"isPartOf\":{\"@id\":\"https:\\\/\\\/paca.lpo.fr\\\/blogs\\\/pays-gapencais\\\/#website\"},\"datePublished\":\"2017-10-11T20:25:52+00:00\",\"dateModified\":\"2017-10-11T20:32:42+00:00\",\"breadcrumb\":{\"@id\":\"http:\\\/\\\/paca.lpo.fr\\\/blogs\\\/pays-gapencais\\\/2017\\\/10\\\/11\\\/hautes-alpes-larrete-prefectoral-autorisant-la-chasse-au-tetras-lyre-et-au-lagopede-alpin-suspendu-par-le-tribunal-administratif-de-marseille\\\/#breadcrumb\"},\"inLanguage\":\"fr-FR\",\"potentialAction\":[{\"@type\":\"ReadAction\",\"target\":[\"http:\\\/\\\/paca.lpo.fr\\\/blogs\\\/pays-gapencais\\\/2017\\\/10\\\/11\\\/hautes-alpes-larrete-prefectoral-autorisant-la-chasse-au-tetras-lyre-et-au-lagopede-alpin-suspendu-par-le-tribunal-administratif-de-marseille\\\/\"]}]},{\"@type\":\"BreadcrumbList\",\"@id\":\"http:\\\/\\\/paca.lpo.fr\\\/blogs\\\/pays-gapencais\\\/2017\\\/10\\\/11\\\/hautes-alpes-larrete-prefectoral-autorisant-la-chasse-au-tetras-lyre-et-au-lagopede-alpin-suspendu-par-le-tribunal-administratif-de-marseille\\\/#breadcrumb\",\"itemListElement\":[{\"@type\":\"ListItem\",\"position\":1,\"name\":\"Accueil\",\"item\":\"https:\\\/\\\/paca.lpo.fr\\\/blogs\\\/pays-gapencais\\\/\"},{\"@type\":\"ListItem\",\"position\":2,\"name\":\"Hautes-Alpes: l&rsquo;arr\u00eat\u00e9 pr\u00e9fectoral autorisant la chasse au t\u00e9tras lyre et au lagop\u00e8de alpin suspendu par le Tribunal administratif de Marseille\"}]},{\"@type\":\"WebSite\",\"@id\":\"https:\\\/\\\/paca.lpo.fr\\\/blogs\\\/pays-gapencais\\\/#website\",\"url\":\"https:\\\/\\\/paca.lpo.fr\\\/blogs\\\/pays-gapencais\\\/\",\"name\":\"Groupe local Pays Gapen\u00e7ais\",\"description\":\"Groupe local Pays Gapen\u00e7ais\",\"publisher\":{\"@id\":\"https:\\\/\\\/paca.lpo.fr\\\/blogs\\\/pays-gapencais\\\/#organization\"},\"potentialAction\":[{\"@type\":\"SearchAction\",\"target\":{\"@type\":\"EntryPoint\",\"urlTemplate\":\"https:\\\/\\\/paca.lpo.fr\\\/blogs\\\/pays-gapencais\\\/?s={search_term_string}\"},\"query-input\":{\"@type\":\"PropertyValueSpecification\",\"valueRequired\":true,\"valueName\":\"search_term_string\"}}],\"inLanguage\":\"fr-FR\"},{\"@type\":\"Organization\",\"@id\":\"https:\\\/\\\/paca.lpo.fr\\\/blogs\\\/pays-gapencais\\\/#organization\",\"name\":\"Groupe local Pays Gapen\u00e7ais\",\"url\":\"https:\\\/\\\/paca.lpo.fr\\\/blogs\\\/pays-gapencais\\\/\",\"logo\":{\"@type\":\"ImageObject\",\"inLanguage\":\"fr-FR\",\"@id\":\"https:\\\/\\\/paca.lpo.fr\\\/blogs\\\/pays-gapencais\\\/#\\\/schema\\\/logo\\\/image\\\/\",\"url\":\"https:\\\/\\\/paca.lpo.fr\\\/blogs\\\/pays-gapencais\\\/files\\\/2024\\\/01\\\/cropped-rvb-lpo-paca-logotype-signature-droite-mini-500.jpg\",\"contentUrl\":\"https:\\\/\\\/paca.lpo.fr\\\/blogs\\\/pays-gapencais\\\/files\\\/2024\\\/01\\\/cropped-rvb-lpo-paca-logotype-signature-droite-mini-500.jpg\",\"width\":500,\"height\":210,\"caption\":\"Groupe local Pays Gapen\u00e7ais\"},\"image\":{\"@id\":\"https:\\\/\\\/paca.lpo.fr\\\/blogs\\\/pays-gapencais\\\/#\\\/schema\\\/logo\\\/image\\\/\"}},{\"@type\":\"Person\",\"@id\":\"https:\\\/\\\/paca.lpo.fr\\\/blogs\\\/pays-gapencais\\\/#\\\/schema\\\/person\\\/1dcafb9841274cf0bec2d9554ef9f77e\",\"name\":\"Alain\",\"image\":{\"@type\":\"ImageObject\",\"inLanguage\":\"fr-FR\",\"@id\":\"https:\\\/\\\/secure.gravatar.com\\\/avatar\\\/d50f7d467aef79649da78988fdd0dd97ba6deafa4e801c2366af392b89464fc8?s=96&d=mm&r=g\",\"url\":\"https:\\\/\\\/secure.gravatar.com\\\/avatar\\\/d50f7d467aef79649da78988fdd0dd97ba6deafa4e801c2366af392b89464fc8?s=96&d=mm&r=g\",\"contentUrl\":\"https:\\\/\\\/secure.gravatar.com\\\/avatar\\\/d50f7d467aef79649da78988fdd0dd97ba6deafa4e801c2366af392b89464fc8?s=96&d=mm&r=g\",\"caption\":\"Alain\"},\"url\":\"http:\\\/\\\/paca.lpo.fr\\\/blogs\\\/pays-gapencais\\\/author\\\/alaingirodon\\\/\"}]}<\/script>\n<!-- \/ Yoast SEO plugin. -->","yoast_head_json":{"title":"Hautes-Alpes: l'arr\u00eat\u00e9 pr\u00e9fectoral autorisant la chasse au t\u00e9tras lyre et au lagop\u00e8de alpin suspendu par le Tribunal administratif de Marseille - Groupe local Pays Gapen\u00e7ais","robots":{"index":"index","follow":"follow","max-snippet":"max-snippet:-1","max-image-preview":"max-image-preview:large","max-video-preview":"max-video-preview:-1"},"canonical":"http:\/\/paca.lpo.fr\/blogs\/pays-gapencais\/2017\/10\/11\/hautes-alpes-larrete-prefectoral-autorisant-la-chasse-au-tetras-lyre-et-au-lagopede-alpin-suspendu-par-le-tribunal-administratif-de-marseille\/","og_locale":"fr_FR","og_type":"article","og_title":"Hautes-Alpes: l'arr\u00eat\u00e9 pr\u00e9fectoral autorisant la chasse au t\u00e9tras lyre et au lagop\u00e8de alpin suspendu par le Tribunal administratif de Marseille - Groupe local Pays Gapen\u00e7ais","og_description":"CP LPO PACA 11102017 requete galliformes &nbsp;","og_url":"http:\/\/paca.lpo.fr\/blogs\/pays-gapencais\/2017\/10\/11\/hautes-alpes-larrete-prefectoral-autorisant-la-chasse-au-tetras-lyre-et-au-lagopede-alpin-suspendu-par-le-tribunal-administratif-de-marseille\/","og_site_name":"Groupe local Pays Gapen\u00e7ais","article_published_time":"2017-10-11T20:25:52+00:00","article_modified_time":"2017-10-11T20:32:42+00:00","author":"Alain","twitter_card":"summary_large_image","twitter_misc":{"\u00c9crit par":"Alain"},"schema":{"@context":"https:\/\/schema.org","@graph":[{"@type":"Article","@id":"http:\/\/paca.lpo.fr\/blogs\/pays-gapencais\/2017\/10\/11\/hautes-alpes-larrete-prefectoral-autorisant-la-chasse-au-tetras-lyre-et-au-lagopede-alpin-suspendu-par-le-tribunal-administratif-de-marseille\/#article","isPartOf":{"@id":"http:\/\/paca.lpo.fr\/blogs\/pays-gapencais\/2017\/10\/11\/hautes-alpes-larrete-prefectoral-autorisant-la-chasse-au-tetras-lyre-et-au-lagopede-alpin-suspendu-par-le-tribunal-administratif-de-marseille\/"},"author":{"name":"Alain","@id":"https:\/\/paca.lpo.fr\/blogs\/pays-gapencais\/#\/schema\/person\/1dcafb9841274cf0bec2d9554ef9f77e"},"headline":"Hautes-Alpes: l&rsquo;arr\u00eat\u00e9 pr\u00e9fectoral autorisant la chasse au t\u00e9tras lyre et au lagop\u00e8de alpin suspendu par le Tribunal administratif de Marseille","datePublished":"2017-10-11T20:25:52+00:00","dateModified":"2017-10-11T20:32:42+00:00","mainEntityOfPage":{"@id":"http:\/\/paca.lpo.fr\/blogs\/pays-gapencais\/2017\/10\/11\/hautes-alpes-larrete-prefectoral-autorisant-la-chasse-au-tetras-lyre-et-au-lagopede-alpin-suspendu-par-le-tribunal-administratif-de-marseille\/"},"wordCount":31,"commentCount":0,"publisher":{"@id":"https:\/\/paca.lpo.fr\/blogs\/pays-gapencais\/#organization"},"inLanguage":"fr-FR","potentialAction":[{"@type":"CommentAction","name":"Comment","target":["http:\/\/paca.lpo.fr\/blogs\/pays-gapencais\/2017\/10\/11\/hautes-alpes-larrete-prefectoral-autorisant-la-chasse-au-tetras-lyre-et-au-lagopede-alpin-suspendu-par-le-tribunal-administratif-de-marseille\/#respond"]}]},{"@type":"WebPage","@id":"http:\/\/paca.lpo.fr\/blogs\/pays-gapencais\/2017\/10\/11\/hautes-alpes-larrete-prefectoral-autorisant-la-chasse-au-tetras-lyre-et-au-lagopede-alpin-suspendu-par-le-tribunal-administratif-de-marseille\/","url":"http:\/\/paca.lpo.fr\/blogs\/pays-gapencais\/2017\/10\/11\/hautes-alpes-larrete-prefectoral-autorisant-la-chasse-au-tetras-lyre-et-au-lagopede-alpin-suspendu-par-le-tribunal-administratif-de-marseille\/","name":"Hautes-Alpes: l'arr\u00eat\u00e9 pr\u00e9fectoral autorisant la chasse au t\u00e9tras lyre et au lagop\u00e8de alpin suspendu par le Tribunal administratif de Marseille - Groupe local Pays Gapen\u00e7ais","isPartOf":{"@id":"https:\/\/paca.lpo.fr\/blogs\/pays-gapencais\/#website"},"datePublished":"2017-10-11T20:25:52+00:00","dateModified":"2017-10-11T20:32:42+00:00","breadcrumb":{"@id":"http:\/\/paca.lpo.fr\/blogs\/pays-gapencais\/2017\/10\/11\/hautes-alpes-larrete-prefectoral-autorisant-la-chasse-au-tetras-lyre-et-au-lagopede-alpin-suspendu-par-le-tribunal-administratif-de-marseille\/#breadcrumb"},"inLanguage":"fr-FR","potentialAction":[{"@type":"ReadAction","target":["http:\/\/paca.lpo.fr\/blogs\/pays-gapencais\/2017\/10\/11\/hautes-alpes-larrete-prefectoral-autorisant-la-chasse-au-tetras-lyre-et-au-lagopede-alpin-suspendu-par-le-tribunal-administratif-de-marseille\/"]}]},{"@type":"BreadcrumbList","@id":"http:\/\/paca.lpo.fr\/blogs\/pays-gapencais\/2017\/10\/11\/hautes-alpes-larrete-prefectoral-autorisant-la-chasse-au-tetras-lyre-et-au-lagopede-alpin-suspendu-par-le-tribunal-administratif-de-marseille\/#breadcrumb","itemListElement":[{"@type":"ListItem","position":1,"name":"Accueil","item":"https:\/\/paca.lpo.fr\/blogs\/pays-gapencais\/"},{"@type":"ListItem","position":2,"name":"Hautes-Alpes: l&rsquo;arr\u00eat\u00e9 pr\u00e9fectoral autorisant la chasse au t\u00e9tras lyre et au lagop\u00e8de alpin suspendu par le Tribunal administratif de Marseille"}]},{"@type":"WebSite","@id":"https:\/\/paca.lpo.fr\/blogs\/pays-gapencais\/#website","url":"https:\/\/paca.lpo.fr\/blogs\/pays-gapencais\/","name":"Groupe local Pays Gapen\u00e7ais","description":"Groupe local Pays Gapen\u00e7ais","publisher":{"@id":"https:\/\/paca.lpo.fr\/blogs\/pays-gapencais\/#organization"},"potentialAction":[{"@type":"SearchAction","target":{"@type":"EntryPoint","urlTemplate":"https:\/\/paca.lpo.fr\/blogs\/pays-gapencais\/?s={search_term_string}"},"query-input":{"@type":"PropertyValueSpecification","valueRequired":true,"valueName":"search_term_string"}}],"inLanguage":"fr-FR"},{"@type":"Organization","@id":"https:\/\/paca.lpo.fr\/blogs\/pays-gapencais\/#organization","name":"Groupe local Pays Gapen\u00e7ais","url":"https:\/\/paca.lpo.fr\/blogs\/pays-gapencais\/","logo":{"@type":"ImageObject","inLanguage":"fr-FR","@id":"https:\/\/paca.lpo.fr\/blogs\/pays-gapencais\/#\/schema\/logo\/image\/","url":"https:\/\/paca.lpo.fr\/blogs\/pays-gapencais\/files\/2024\/01\/cropped-rvb-lpo-paca-logotype-signature-droite-mini-500.jpg","contentUrl":"https:\/\/paca.lpo.fr\/blogs\/pays-gapencais\/files\/2024\/01\/cropped-rvb-lpo-paca-logotype-signature-droite-mini-500.jpg","width":500,"height":210,"caption":"Groupe local Pays Gapen\u00e7ais"},"image":{"@id":"https:\/\/paca.lpo.fr\/blogs\/pays-gapencais\/#\/schema\/logo\/image\/"}},{"@type":"Person","@id":"https:\/\/paca.lpo.fr\/blogs\/pays-gapencais\/#\/schema\/person\/1dcafb9841274cf0bec2d9554ef9f77e","name":"Alain","image":{"@type":"ImageObject","inLanguage":"fr-FR","@id":"https:\/\/secure.gravatar.com\/avatar\/d50f7d467aef79649da78988fdd0dd97ba6deafa4e801c2366af392b89464fc8?s=96&d=mm&r=g","url":"https:\/\/secure.gravatar.com\/avatar\/d50f7d467aef79649da78988fdd0dd97ba6deafa4e801c2366af392b89464fc8?s=96&d=mm&r=g","contentUrl":"https:\/\/secure.gravatar.com\/avatar\/d50f7d467aef79649da78988fdd0dd97ba6deafa4e801c2366af392b89464fc8?s=96&d=mm&r=g","caption":"Alain"},"url":"http:\/\/paca.lpo.fr\/blogs\/pays-gapencais\/author\/alaingirodon\/"}]}},"jetpack_featured_media_url":"","_links":{"self":[{"href":"http:\/\/paca.lpo.fr\/blogs\/pays-gapencais\/wp-json\/wp\/v2\/posts\/583","targetHints":{"allow":["GET"]}}],"collection":[{"href":"http:\/\/paca.lpo.fr\/blogs\/pays-gapencais\/wp-json\/wp\/v2\/posts"}],"about":[{"href":"http:\/\/paca.lpo.fr\/blogs\/pays-gapencais\/wp-json\/wp\/v2\/types\/post"}],"author":[{"embeddable":true,"href":"http:\/\/paca.lpo.fr\/blogs\/pays-gapencais\/wp-json\/wp\/v2\/users\/127"}],"replies":[{"embeddable":true,"href":"http:\/\/paca.lpo.fr\/blogs\/pays-gapencais\/wp-json\/wp\/v2\/comments?post=583"}],"version-history":[{"count":3,"href":"http:\/\/paca.lpo.fr\/blogs\/pays-gapencais\/wp-json\/wp\/v2\/posts\/583\/revisions"}],"predecessor-version":[{"id":587,"href":"http:\/\/paca.lpo.fr\/blogs\/pays-gapencais\/wp-json\/wp\/v2\/posts\/583\/revisions\/587"}],"wp:attachment":[{"href":"http:\/\/paca.lpo.fr\/blogs\/pays-gapencais\/wp-json\/wp\/v2\/media?parent=583"}],"wp:term":[{"taxonomy":"category","embeddable":true,"href":"http:\/\/paca.lpo.fr\/blogs\/pays-gapencais\/wp-json\/wp\/v2\/categories?post=583"},{"taxonomy":"post_tag","embeddable":true,"href":"http:\/\/paca.lpo.fr\/blogs\/pays-gapencais\/wp-json\/wp\/v2\/tags?post=583"}],"curies":[{"name":"wp","href":"https:\/\/api.w.org\/{rel}","templated":true}]}}