{"id":612,"date":"2018-01-05T17:11:28","date_gmt":"2018-01-05T17:11:28","guid":{"rendered":"http:\/\/paca.lpo.fr\/blogs\/pays-gapencais\/?p=612"},"modified":"2018-01-05T17:11:28","modified_gmt":"2018-01-05T17:11:28","slug":"bonne-annee-2018","status":"publish","type":"post","link":"http:\/\/paca.lpo.fr\/blogs\/pays-gapencais\/2018\/01\/05\/bonne-annee-2018\/","title":{"rendered":"Bonne ann\u00e9e 2018"},"content":{"rendered":"<p><img loading=\"lazy\" decoding=\"async\" class=\"alignnone  wp-image-613\" src=\"http:\/\/paca.lpo.fr\/blogs\/pays-gapencais\/files\/2018\/01\/c-350-169-16777215-00-images-mediatheque-images-section-actualite-2017-12-voeux-2018.jpg\" alt=\"\" width=\"507\" height=\"245\" \/><\/p>\n<p style=\"text-align: left\">En 2018 la LPO PACA f\u00eatera ses 20 ans d&rsquo;existance. 20 ans au service de la nature. 20 ans de r\u00e9alisations concr\u00eates. Vous avez pu au fil de\u00a0<a href=\"http:\/\/paca.lpo.fr\/association-protection-nature-lpo-paca\/toute-l-actualite\" target=\"_blank\" rel=\"noopener\">nos actualit\u00e9s<\/a>\u00a0suivre nos actions pour la pr\u00e9servation de la nature\u00a0: animations, formations, \u00e9ducations, soins \u00e0 la faune sauvage en d\u00e9tresse, expertises environnementales, gestion des r\u00e9serves naturelles, actions en justice, etc. Rien ne serait possible sans l&rsquo;engagement des b\u00e9n\u00e9voles, \u00e9covolontaires, donateurs, partenaires, adh\u00e9rents, administrateurs et salari\u00e9s qui agissent ensemble sans rel\u00e2che avec un objectif commun : agir pour l\u2019oiseau, la faune sauvage, la nature et l\u2019homme, et lutter contre le d\u00e9clin de la biodiversit\u00e9, par la connaissance, la protection, l\u2019\u00e9ducation et la mobilisation.<\/p>\n<p style=\"text-align: left\">L&rsquo;ann\u00e9e 2017 a connu son lot de mauvaises nouvelles pour la biodiversit\u00e9, avec notamment l&rsquo;annonce le 1 juin dernier du pr\u00e9sident des Etats-Unis que son pays n&rsquo;honorerait pas l&rsquo;accord de Paris sur le climat. Ce genre de r\u00e9action, alors m\u00eame que la plan\u00e8te subit des bouleversements dus \u00e0 nos activit\u00e9s humaines de plus en plus importants, doit nous faire prendre conscience que nos actions individuelles et collectives sont plus que jamais indispensables.<\/p>\n<p style=\"text-align: left\">En r\u00e9gion Provence-Alpes-C\u00f4te d&rsquo;Azur, la LPO PACA peut compter sur un r\u00e9seau fort de membres tr\u00e8s actifs qui souhaitent agir au quotidien pour r\u00e9pondre aux menaces qui p\u00e8sent sur la biodiversit\u00e9 et qui chaque ann\u00e9e contribuent \u00e0 sensibiliser tous les publics et \u00e0 \u00e9tendre les territoires prot\u00e9g\u00e9s. A titre d&rsquo;exemple, en 2017 le nombre de Refuges LPO en r\u00e9gion PACA a augment\u00e9 de 10% avec plus de 1600 refuges, une tendance \u00e0 la hausse qui se confirme par rapport \u00e0 l&rsquo;ann\u00e9e pr\u00e9c\u00e9dente et qui repr\u00e9sente une superficie de 2715 hectares prot\u00e9g\u00e9s.<\/p>\n<p style=\"text-align: left\">C&rsquo;est sur cette note positive que nous vous invitons en 2018 \u00e0 nous rejoindre, pour ceux qui ne l&rsquo;ont pas encore fait, en\u00a0<a href=\"http:\/\/monespace.lpo.fr\/index.php?option=com_content&amp;view=frontpage&amp;Itemid=31\" target=\"_blank\" rel=\"noopener\">adh\u00e9rent \u00e0 la LPO<\/a>, en cr\u00e9ant un\u00a0<a href=\"http:\/\/paca.lpo.fr\/association-protection-nature-lpo-paca\/refuges-lpo\" target=\"_blank\" rel=\"noopener\">Refuge LPO<sup>\u00a9<\/sup><\/a>, en participant \u00e0\u00a0<a href=\"http:\/\/paca.lpo.fr\/sorties-nature\/agenda?search=liste_des_sorties_nature&amp;task=search\" target=\"_blank\" rel=\"noopener\">nos \u00e9v\u00e9nements<\/a>, en devenant\u00a0<a href=\"http:\/\/paca.lpo.fr\/association-protection-nature-lpo-paca\/benevolat\" target=\"_blank\" rel=\"noopener\">b\u00e9n\u00e9vole<\/a>, etc. De nombreuses fa\u00e7ons d&rsquo;agir sont possibles, il vous appartient de sauter le pas !<\/p>\n<p style=\"text-align: left\">Toute l&rsquo;\u00e9quipe de la LPO PACA vous souhaite une excellente ann\u00e9e 2018 et vous donne rendez-vous notamment durant les grands \u00e9v\u00e9nements cit\u00e9s ci-dessous, afin de mener ensemble de nouvelles actions pour prot\u00e9ger la nature\u00a0!<\/p>\n<p style=\"text-align: left\">\n<p style=\"text-align: left\">Gilles Viricel,<br \/>\nPr\u00e9sident de la LPO PACA<\/p>\n","protected":false},"excerpt":{"rendered":"<p>En 2018 la LPO PACA f\u00eatera ses 20 ans d&rsquo;existance. 20 ans au service de la nature. 20 ans de r\u00e9alisations concr\u00eates. Vous avez pu au fil de\u00a0nos actualit\u00e9s\u00a0suivre nos actions pour la pr\u00e9servation de la nature\u00a0: animations, formations, \u00e9ducations, soins \u00e0 la faune sauvage en d\u00e9tresse, expertises environnementales, gestion des r\u00e9serves naturelles, actions en [&hellip;]<\/p>\n","protected":false},"author":127,"featured_media":0,"comment_status":"open","ping_status":"open","sticky":false,"template":"","format":"standard","meta":{"footnotes":""},"categories":[1],"tags":[],"class_list":["post-612","post","type-post","status-publish","format-standard","hentry","category-non-classe"],"yoast_head":"<!-- This site is optimized with the Yoast SEO plugin v28.3 - https:\/\/yoast.com\/product\/yoast-seo-wordpress\/ -->\n<title>Bonne ann\u00e9e 2018 - Groupe local Pays Gapen\u00e7ais<\/title>\n<meta name=\"robots\" content=\"index, follow, max-snippet:-1, max-image-preview:large, max-video-preview:-1\" \/>\n<link rel=\"canonical\" href=\"http:\/\/paca.lpo.fr\/blogs\/pays-gapencais\/2018\/01\/05\/bonne-annee-2018\/\" \/>\n<meta property=\"og:locale\" content=\"fr_FR\" \/>\n<meta property=\"og:type\" content=\"article\" \/>\n<meta property=\"og:title\" content=\"Bonne ann\u00e9e 2018 - Groupe local Pays Gapen\u00e7ais\" \/>\n<meta property=\"og:description\" content=\"En 2018 la LPO PACA f\u00eatera ses 20 ans d&rsquo;existance. 20 ans au service de la nature. 20 ans de r\u00e9alisations concr\u00eates. Vous avez pu au fil de\u00a0nos actualit\u00e9s\u00a0suivre nos actions pour la pr\u00e9servation de la nature\u00a0: animations, formations, \u00e9ducations, soins \u00e0 la faune sauvage en d\u00e9tresse, expertises environnementales, gestion des r\u00e9serves naturelles, actions en [&hellip;]\" \/>\n<meta property=\"og:url\" content=\"http:\/\/paca.lpo.fr\/blogs\/pays-gapencais\/2018\/01\/05\/bonne-annee-2018\/\" \/>\n<meta property=\"og:site_name\" content=\"Groupe local Pays Gapen\u00e7ais\" \/>\n<meta property=\"article:published_time\" content=\"2018-01-05T17:11:28+00:00\" \/>\n<meta property=\"og:image\" content=\"http:\/\/paca.lpo.fr\/blogs\/pays-gapencais\/files\/2018\/01\/c-350-169-16777215-00-images-mediatheque-images-section-actualite-2017-12-voeux-2018.jpg\" \/>\n<meta name=\"author\" content=\"Alain\" \/>\n<meta name=\"twitter:card\" content=\"summary_large_image\" \/>\n<meta name=\"twitter:label1\" content=\"\u00c9crit par\" \/>\n\t<meta name=\"twitter:data1\" content=\"Alain\" \/>\n\t<meta name=\"twitter:label2\" content=\"Dur\u00e9e de lecture estim\u00e9e\" \/>\n\t<meta name=\"twitter:data2\" content=\"2 minutes\" \/>\n<script type=\"application\/ld+json\" class=\"yoast-schema-graph\">{\"@context\":\"https:\\\/\\\/schema.org\",\"@graph\":[{\"@type\":\"Article\",\"@id\":\"http:\\\/\\\/paca.lpo.fr\\\/blogs\\\/pays-gapencais\\\/2018\\\/01\\\/05\\\/bonne-annee-2018\\\/#article\",\"isPartOf\":{\"@id\":\"http:\\\/\\\/paca.lpo.fr\\\/blogs\\\/pays-gapencais\\\/2018\\\/01\\\/05\\\/bonne-annee-2018\\\/\"},\"author\":{\"name\":\"Alain\",\"@id\":\"https:\\\/\\\/paca.lpo.fr\\\/blogs\\\/pays-gapencais\\\/#\\\/schema\\\/person\\\/1dcafb9841274cf0bec2d9554ef9f77e\"},\"headline\":\"Bonne ann\u00e9e 2018\",\"datePublished\":\"2018-01-05T17:11:28+00:00\",\"mainEntityOfPage\":{\"@id\":\"http:\\\/\\\/paca.lpo.fr\\\/blogs\\\/pays-gapencais\\\/2018\\\/01\\\/05\\\/bonne-annee-2018\\\/\"},\"wordCount\":412,\"commentCount\":0,\"publisher\":{\"@id\":\"https:\\\/\\\/paca.lpo.fr\\\/blogs\\\/pays-gapencais\\\/#organization\"},\"image\":{\"@id\":\"http:\\\/\\\/paca.lpo.fr\\\/blogs\\\/pays-gapencais\\\/2018\\\/01\\\/05\\\/bonne-annee-2018\\\/#primaryimage\"},\"thumbnailUrl\":\"http:\\\/\\\/paca.lpo.fr\\\/blogs\\\/pays-gapencais\\\/files\\\/2018\\\/01\\\/c-350-169-16777215-00-images-mediatheque-images-section-actualite-2017-12-voeux-2018.jpg\",\"inLanguage\":\"fr-FR\",\"potentialAction\":[{\"@type\":\"CommentAction\",\"name\":\"Comment\",\"target\":[\"http:\\\/\\\/paca.lpo.fr\\\/blogs\\\/pays-gapencais\\\/2018\\\/01\\\/05\\\/bonne-annee-2018\\\/#respond\"]}]},{\"@type\":\"WebPage\",\"@id\":\"http:\\\/\\\/paca.lpo.fr\\\/blogs\\\/pays-gapencais\\\/2018\\\/01\\\/05\\\/bonne-annee-2018\\\/\",\"url\":\"http:\\\/\\\/paca.lpo.fr\\\/blogs\\\/pays-gapencais\\\/2018\\\/01\\\/05\\\/bonne-annee-2018\\\/\",\"name\":\"Bonne ann\u00e9e 2018 - Groupe local Pays Gapen\u00e7ais\",\"isPartOf\":{\"@id\":\"https:\\\/\\\/paca.lpo.fr\\\/blogs\\\/pays-gapencais\\\/#website\"},\"primaryImageOfPage\":{\"@id\":\"http:\\\/\\\/paca.lpo.fr\\\/blogs\\\/pays-gapencais\\\/2018\\\/01\\\/05\\\/bonne-annee-2018\\\/#primaryimage\"},\"image\":{\"@id\":\"http:\\\/\\\/paca.lpo.fr\\\/blogs\\\/pays-gapencais\\\/2018\\\/01\\\/05\\\/bonne-annee-2018\\\/#primaryimage\"},\"thumbnailUrl\":\"http:\\\/\\\/paca.lpo.fr\\\/blogs\\\/pays-gapencais\\\/files\\\/2018\\\/01\\\/c-350-169-16777215-00-images-mediatheque-images-section-actualite-2017-12-voeux-2018.jpg\",\"datePublished\":\"2018-01-05T17:11:28+00:00\",\"breadcrumb\":{\"@id\":\"http:\\\/\\\/paca.lpo.fr\\\/blogs\\\/pays-gapencais\\\/2018\\\/01\\\/05\\\/bonne-annee-2018\\\/#breadcrumb\"},\"inLanguage\":\"fr-FR\",\"potentialAction\":[{\"@type\":\"ReadAction\",\"target\":[\"http:\\\/\\\/paca.lpo.fr\\\/blogs\\\/pays-gapencais\\\/2018\\\/01\\\/05\\\/bonne-annee-2018\\\/\"]}]},{\"@type\":\"ImageObject\",\"inLanguage\":\"fr-FR\",\"@id\":\"http:\\\/\\\/paca.lpo.fr\\\/blogs\\\/pays-gapencais\\\/2018\\\/01\\\/05\\\/bonne-annee-2018\\\/#primaryimage\",\"url\":\"http:\\\/\\\/paca.lpo.fr\\\/blogs\\\/pays-gapencais\\\/files\\\/2018\\\/01\\\/c-350-169-16777215-00-images-mediatheque-images-section-actualite-2017-12-voeux-2018.jpg\",\"contentUrl\":\"http:\\\/\\\/paca.lpo.fr\\\/blogs\\\/pays-gapencais\\\/files\\\/2018\\\/01\\\/c-350-169-16777215-00-images-mediatheque-images-section-actualite-2017-12-voeux-2018.jpg\"},{\"@type\":\"BreadcrumbList\",\"@id\":\"http:\\\/\\\/paca.lpo.fr\\\/blogs\\\/pays-gapencais\\\/2018\\\/01\\\/05\\\/bonne-annee-2018\\\/#breadcrumb\",\"itemListElement\":[{\"@type\":\"ListItem\",\"position\":1,\"name\":\"Accueil\",\"item\":\"https:\\\/\\\/paca.lpo.fr\\\/blogs\\\/pays-gapencais\\\/\"},{\"@type\":\"ListItem\",\"position\":2,\"name\":\"Bonne ann\u00e9e 2018\"}]},{\"@type\":\"WebSite\",\"@id\":\"https:\\\/\\\/paca.lpo.fr\\\/blogs\\\/pays-gapencais\\\/#website\",\"url\":\"https:\\\/\\\/paca.lpo.fr\\\/blogs\\\/pays-gapencais\\\/\",\"name\":\"Groupe local Pays Gapen\u00e7ais\",\"description\":\"Groupe local Pays Gapen\u00e7ais\",\"publisher\":{\"@id\":\"https:\\\/\\\/paca.lpo.fr\\\/blogs\\\/pays-gapencais\\\/#organization\"},\"potentialAction\":[{\"@type\":\"SearchAction\",\"target\":{\"@type\":\"EntryPoint\",\"urlTemplate\":\"https:\\\/\\\/paca.lpo.fr\\\/blogs\\\/pays-gapencais\\\/?s={search_term_string}\"},\"query-input\":{\"@type\":\"PropertyValueSpecification\",\"valueRequired\":true,\"valueName\":\"search_term_string\"}}],\"inLanguage\":\"fr-FR\"},{\"@type\":\"Organization\",\"@id\":\"https:\\\/\\\/paca.lpo.fr\\\/blogs\\\/pays-gapencais\\\/#organization\",\"name\":\"Groupe local Pays Gapen\u00e7ais\",\"url\":\"https:\\\/\\\/paca.lpo.fr\\\/blogs\\\/pays-gapencais\\\/\",\"logo\":{\"@type\":\"ImageObject\",\"inLanguage\":\"fr-FR\",\"@id\":\"https:\\\/\\\/paca.lpo.fr\\\/blogs\\\/pays-gapencais\\\/#\\\/schema\\\/logo\\\/image\\\/\",\"url\":\"https:\\\/\\\/paca.lpo.fr\\\/blogs\\\/pays-gapencais\\\/files\\\/2024\\\/01\\\/cropped-rvb-lpo-paca-logotype-signature-droite-mini-500.jpg\",\"contentUrl\":\"https:\\\/\\\/paca.lpo.fr\\\/blogs\\\/pays-gapencais\\\/files\\\/2024\\\/01\\\/cropped-rvb-lpo-paca-logotype-signature-droite-mini-500.jpg\",\"width\":500,\"height\":210,\"caption\":\"Groupe local Pays Gapen\u00e7ais\"},\"image\":{\"@id\":\"https:\\\/\\\/paca.lpo.fr\\\/blogs\\\/pays-gapencais\\\/#\\\/schema\\\/logo\\\/image\\\/\"}},{\"@type\":\"Person\",\"@id\":\"https:\\\/\\\/paca.lpo.fr\\\/blogs\\\/pays-gapencais\\\/#\\\/schema\\\/person\\\/1dcafb9841274cf0bec2d9554ef9f77e\",\"name\":\"Alain\",\"image\":{\"@type\":\"ImageObject\",\"inLanguage\":\"fr-FR\",\"@id\":\"https:\\\/\\\/secure.gravatar.com\\\/avatar\\\/d50f7d467aef79649da78988fdd0dd97ba6deafa4e801c2366af392b89464fc8?s=96&d=mm&r=g\",\"url\":\"https:\\\/\\\/secure.gravatar.com\\\/avatar\\\/d50f7d467aef79649da78988fdd0dd97ba6deafa4e801c2366af392b89464fc8?s=96&d=mm&r=g\",\"contentUrl\":\"https:\\\/\\\/secure.gravatar.com\\\/avatar\\\/d50f7d467aef79649da78988fdd0dd97ba6deafa4e801c2366af392b89464fc8?s=96&d=mm&r=g\",\"caption\":\"Alain\"},\"url\":\"http:\\\/\\\/paca.lpo.fr\\\/blogs\\\/pays-gapencais\\\/author\\\/alaingirodon\\\/\"}]}<\/script>\n<!-- \/ Yoast SEO plugin. -->","yoast_head_json":{"title":"Bonne ann\u00e9e 2018 - Groupe local Pays Gapen\u00e7ais","robots":{"index":"index","follow":"follow","max-snippet":"max-snippet:-1","max-image-preview":"max-image-preview:large","max-video-preview":"max-video-preview:-1"},"canonical":"http:\/\/paca.lpo.fr\/blogs\/pays-gapencais\/2018\/01\/05\/bonne-annee-2018\/","og_locale":"fr_FR","og_type":"article","og_title":"Bonne ann\u00e9e 2018 - Groupe local Pays Gapen\u00e7ais","og_description":"En 2018 la LPO PACA f\u00eatera ses 20 ans d&rsquo;existance. 20 ans au service de la nature. 20 ans de r\u00e9alisations concr\u00eates. Vous avez pu au fil de\u00a0nos actualit\u00e9s\u00a0suivre nos actions pour la pr\u00e9servation de la nature\u00a0: animations, formations, \u00e9ducations, soins \u00e0 la faune sauvage en d\u00e9tresse, expertises environnementales, gestion des r\u00e9serves naturelles, actions en [&hellip;]","og_url":"http:\/\/paca.lpo.fr\/blogs\/pays-gapencais\/2018\/01\/05\/bonne-annee-2018\/","og_site_name":"Groupe local Pays Gapen\u00e7ais","article_published_time":"2018-01-05T17:11:28+00:00","og_image":[{"url":"http:\/\/paca.lpo.fr\/blogs\/pays-gapencais\/files\/2018\/01\/c-350-169-16777215-00-images-mediatheque-images-section-actualite-2017-12-voeux-2018.jpg","type":"","width":"","height":""}],"author":"Alain","twitter_card":"summary_large_image","twitter_misc":{"\u00c9crit par":"Alain","Dur\u00e9e de lecture estim\u00e9e":"2 minutes"},"schema":{"@context":"https:\/\/schema.org","@graph":[{"@type":"Article","@id":"http:\/\/paca.lpo.fr\/blogs\/pays-gapencais\/2018\/01\/05\/bonne-annee-2018\/#article","isPartOf":{"@id":"http:\/\/paca.lpo.fr\/blogs\/pays-gapencais\/2018\/01\/05\/bonne-annee-2018\/"},"author":{"name":"Alain","@id":"https:\/\/paca.lpo.fr\/blogs\/pays-gapencais\/#\/schema\/person\/1dcafb9841274cf0bec2d9554ef9f77e"},"headline":"Bonne ann\u00e9e 2018","datePublished":"2018-01-05T17:11:28+00:00","mainEntityOfPage":{"@id":"http:\/\/paca.lpo.fr\/blogs\/pays-gapencais\/2018\/01\/05\/bonne-annee-2018\/"},"wordCount":412,"commentCount":0,"publisher":{"@id":"https:\/\/paca.lpo.fr\/blogs\/pays-gapencais\/#organization"},"image":{"@id":"http:\/\/paca.lpo.fr\/blogs\/pays-gapencais\/2018\/01\/05\/bonne-annee-2018\/#primaryimage"},"thumbnailUrl":"http:\/\/paca.lpo.fr\/blogs\/pays-gapencais\/files\/2018\/01\/c-350-169-16777215-00-images-mediatheque-images-section-actualite-2017-12-voeux-2018.jpg","inLanguage":"fr-FR","potentialAction":[{"@type":"CommentAction","name":"Comment","target":["http:\/\/paca.lpo.fr\/blogs\/pays-gapencais\/2018\/01\/05\/bonne-annee-2018\/#respond"]}]},{"@type":"WebPage","@id":"http:\/\/paca.lpo.fr\/blogs\/pays-gapencais\/2018\/01\/05\/bonne-annee-2018\/","url":"http:\/\/paca.lpo.fr\/blogs\/pays-gapencais\/2018\/01\/05\/bonne-annee-2018\/","name":"Bonne ann\u00e9e 2018 - Groupe local Pays Gapen\u00e7ais","isPartOf":{"@id":"https:\/\/paca.lpo.fr\/blogs\/pays-gapencais\/#website"},"primaryImageOfPage":{"@id":"http:\/\/paca.lpo.fr\/blogs\/pays-gapencais\/2018\/01\/05\/bonne-annee-2018\/#primaryimage"},"image":{"@id":"http:\/\/paca.lpo.fr\/blogs\/pays-gapencais\/2018\/01\/05\/bonne-annee-2018\/#primaryimage"},"thumbnailUrl":"http:\/\/paca.lpo.fr\/blogs\/pays-gapencais\/files\/2018\/01\/c-350-169-16777215-00-images-mediatheque-images-section-actualite-2017-12-voeux-2018.jpg","datePublished":"2018-01-05T17:11:28+00:00","breadcrumb":{"@id":"http:\/\/paca.lpo.fr\/blogs\/pays-gapencais\/2018\/01\/05\/bonne-annee-2018\/#breadcrumb"},"inLanguage":"fr-FR","potentialAction":[{"@type":"ReadAction","target":["http:\/\/paca.lpo.fr\/blogs\/pays-gapencais\/2018\/01\/05\/bonne-annee-2018\/"]}]},{"@type":"ImageObject","inLanguage":"fr-FR","@id":"http:\/\/paca.lpo.fr\/blogs\/pays-gapencais\/2018\/01\/05\/bonne-annee-2018\/#primaryimage","url":"http:\/\/paca.lpo.fr\/blogs\/pays-gapencais\/files\/2018\/01\/c-350-169-16777215-00-images-mediatheque-images-section-actualite-2017-12-voeux-2018.jpg","contentUrl":"http:\/\/paca.lpo.fr\/blogs\/pays-gapencais\/files\/2018\/01\/c-350-169-16777215-00-images-mediatheque-images-section-actualite-2017-12-voeux-2018.jpg"},{"@type":"BreadcrumbList","@id":"http:\/\/paca.lpo.fr\/blogs\/pays-gapencais\/2018\/01\/05\/bonne-annee-2018\/#breadcrumb","itemListElement":[{"@type":"ListItem","position":1,"name":"Accueil","item":"https:\/\/paca.lpo.fr\/blogs\/pays-gapencais\/"},{"@type":"ListItem","position":2,"name":"Bonne ann\u00e9e 2018"}]},{"@type":"WebSite","@id":"https:\/\/paca.lpo.fr\/blogs\/pays-gapencais\/#website","url":"https:\/\/paca.lpo.fr\/blogs\/pays-gapencais\/","name":"Groupe local Pays Gapen\u00e7ais","description":"Groupe local Pays Gapen\u00e7ais","publisher":{"@id":"https:\/\/paca.lpo.fr\/blogs\/pays-gapencais\/#organization"},"potentialAction":[{"@type":"SearchAction","target":{"@type":"EntryPoint","urlTemplate":"https:\/\/paca.lpo.fr\/blogs\/pays-gapencais\/?s={search_term_string}"},"query-input":{"@type":"PropertyValueSpecification","valueRequired":true,"valueName":"search_term_string"}}],"inLanguage":"fr-FR"},{"@type":"Organization","@id":"https:\/\/paca.lpo.fr\/blogs\/pays-gapencais\/#organization","name":"Groupe local Pays Gapen\u00e7ais","url":"https:\/\/paca.lpo.fr\/blogs\/pays-gapencais\/","logo":{"@type":"ImageObject","inLanguage":"fr-FR","@id":"https:\/\/paca.lpo.fr\/blogs\/pays-gapencais\/#\/schema\/logo\/image\/","url":"https:\/\/paca.lpo.fr\/blogs\/pays-gapencais\/files\/2024\/01\/cropped-rvb-lpo-paca-logotype-signature-droite-mini-500.jpg","contentUrl":"https:\/\/paca.lpo.fr\/blogs\/pays-gapencais\/files\/2024\/01\/cropped-rvb-lpo-paca-logotype-signature-droite-mini-500.jpg","width":500,"height":210,"caption":"Groupe local Pays Gapen\u00e7ais"},"image":{"@id":"https:\/\/paca.lpo.fr\/blogs\/pays-gapencais\/#\/schema\/logo\/image\/"}},{"@type":"Person","@id":"https:\/\/paca.lpo.fr\/blogs\/pays-gapencais\/#\/schema\/person\/1dcafb9841274cf0bec2d9554ef9f77e","name":"Alain","image":{"@type":"ImageObject","inLanguage":"fr-FR","@id":"https:\/\/secure.gravatar.com\/avatar\/d50f7d467aef79649da78988fdd0dd97ba6deafa4e801c2366af392b89464fc8?s=96&d=mm&r=g","url":"https:\/\/secure.gravatar.com\/avatar\/d50f7d467aef79649da78988fdd0dd97ba6deafa4e801c2366af392b89464fc8?s=96&d=mm&r=g","contentUrl":"https:\/\/secure.gravatar.com\/avatar\/d50f7d467aef79649da78988fdd0dd97ba6deafa4e801c2366af392b89464fc8?s=96&d=mm&r=g","caption":"Alain"},"url":"http:\/\/paca.lpo.fr\/blogs\/pays-gapencais\/author\/alaingirodon\/"}]}},"jetpack_featured_media_url":"","_links":{"self":[{"href":"http:\/\/paca.lpo.fr\/blogs\/pays-gapencais\/wp-json\/wp\/v2\/posts\/612","targetHints":{"allow":["GET"]}}],"collection":[{"href":"http:\/\/paca.lpo.fr\/blogs\/pays-gapencais\/wp-json\/wp\/v2\/posts"}],"about":[{"href":"http:\/\/paca.lpo.fr\/blogs\/pays-gapencais\/wp-json\/wp\/v2\/types\/post"}],"author":[{"embeddable":true,"href":"http:\/\/paca.lpo.fr\/blogs\/pays-gapencais\/wp-json\/wp\/v2\/users\/127"}],"replies":[{"embeddable":true,"href":"http:\/\/paca.lpo.fr\/blogs\/pays-gapencais\/wp-json\/wp\/v2\/comments?post=612"}],"version-history":[{"count":1,"href":"http:\/\/paca.lpo.fr\/blogs\/pays-gapencais\/wp-json\/wp\/v2\/posts\/612\/revisions"}],"predecessor-version":[{"id":614,"href":"http:\/\/paca.lpo.fr\/blogs\/pays-gapencais\/wp-json\/wp\/v2\/posts\/612\/revisions\/614"}],"wp:attachment":[{"href":"http:\/\/paca.lpo.fr\/blogs\/pays-gapencais\/wp-json\/wp\/v2\/media?parent=612"}],"wp:term":[{"taxonomy":"category","embeddable":true,"href":"http:\/\/paca.lpo.fr\/blogs\/pays-gapencais\/wp-json\/wp\/v2\/categories?post=612"},{"taxonomy":"post_tag","embeddable":true,"href":"http:\/\/paca.lpo.fr\/blogs\/pays-gapencais\/wp-json\/wp\/v2\/tags?post=612"}],"curies":[{"name":"wp","href":"https:\/\/api.w.org\/{rel}","templated":true}]}}