{"id":636,"date":"2018-03-07T14:10:54","date_gmt":"2018-03-07T14:10:54","guid":{"rendered":"http:\/\/paca.lpo.fr\/blogs\/pays-gapencais\/?p=636"},"modified":"2018-03-07T14:23:09","modified_gmt":"2018-03-07T14:23:09","slug":"un-nouveau-refuge-a-la-roche-des-arnauds","status":"publish","type":"post","link":"http:\/\/paca.lpo.fr\/blogs\/pays-gapencais\/2018\/03\/07\/un-nouveau-refuge-a-la-roche-des-arnauds\/","title":{"rendered":"Un nouveau refuge \u00e0 La Roche des Arnauds"},"content":{"rendered":"<p><img loading=\"lazy\" decoding=\"async\" class=\"alignleft size-medium wp-image-637\" src=\"http:\/\/paca.lpo.fr\/blogs\/pays-gapencais\/files\/2018\/03\/refuge-cathy-1-480x360.jpg\" alt=\"\" width=\"480\" height=\"360\" srcset=\"https:\/\/paca.lpo.fr\/blogs\/pays-gapencais\/files\/2018\/03\/refuge-cathy-1-480x360.jpg 480w, https:\/\/paca.lpo.fr\/blogs\/pays-gapencais\/files\/2018\/03\/refuge-cathy-1.jpg 640w\" sizes=\"auto, (max-width: 480px) 100vw, 480px\" \/><img loading=\"lazy\" decoding=\"async\" class=\"alignleft size-full wp-image-639\" src=\"http:\/\/paca.lpo.fr\/blogs\/pays-gapencais\/files\/2018\/03\/refugecathy3.jpg\" alt=\"\" width=\"448\" height=\"336\" \/>Dimanche 4 mars, nous \u00e9tions une dizaine \u00e0 nous retrouver \u00e0 la Roche des Arnauds pour visiter les installations de Catherine sur son tout nouveau refuge LPO.<\/p>\n<p>&nbsp;<\/p>\n<p>&nbsp;<\/p>\n<p>&nbsp;<\/p>\n<p><img loading=\"lazy\" decoding=\"async\" class=\"size-medium wp-image-645 aligncenter\" src=\"http:\/\/paca.lpo.fr\/blogs\/pays-gapencais\/files\/2018\/03\/refugecathy9-480x360.jpg\" alt=\"\" width=\"480\" height=\"360\" srcset=\"https:\/\/paca.lpo.fr\/blogs\/pays-gapencais\/files\/2018\/03\/refugecathy9-480x360.jpg 480w, https:\/\/paca.lpo.fr\/blogs\/pays-gapencais\/files\/2018\/03\/refugecathy9.jpg 640w\" sizes=\"auto, (max-width: 480px) 100vw, 480px\" \/>Ce fut un r\u00e9el plaisir de d\u00e9couvrir le travail de cette passionn\u00e9e\u00a0! Mangeoires, nichoirs, g\u00eetes d&rsquo;\u00e9cureuil ou de h\u00e9risson sont tous confectionn\u00e9s par Catherine durant l&rsquo;\u00e9t\u00e9. Nous avons \u00e9t\u00e9 \u00e9merveill\u00e9s par son habilet\u00e9 et toute la po\u00e9sie qu&rsquo;elle met dans le d\u00e9veloppement de ce refuge.\u00a0 Avec l&rsquo;installation de toutes ses belles constructions en bois ou vannerie, la population ail\u00e9e s&rsquo;est consid\u00e9rablement d\u00e9velopp\u00e9e pour le grand plaisir de ses voisins. <img loading=\"lazy\" decoding=\"async\" class=\"wp-image-651 size-full alignnone\" src=\"http:\/\/paca.lpo.fr\/blogs\/pays-gapencais\/files\/2018\/03\/refugecathy15-e1520431225328.jpg\" alt=\"\" width=\"235\" height=\"314\" \/><img loading=\"lazy\" decoding=\"async\" class=\"alignleft size-full wp-image-649\" src=\"http:\/\/paca.lpo.fr\/blogs\/pays-gapencais\/files\/2018\/03\/refugecathy13.jpg\" alt=\"\" width=\"314\" height=\"235\" \/><img loading=\"lazy\" decoding=\"async\" class=\"alignleft size-medium wp-image-638\" src=\"http:\/\/paca.lpo.fr\/blogs\/pays-gapencais\/files\/2018\/03\/refugecathy2-480x360.jpg\" alt=\"\" width=\"480\" height=\"360\" srcset=\"https:\/\/paca.lpo.fr\/blogs\/pays-gapencais\/files\/2018\/03\/refugecathy2-480x360.jpg 480w, https:\/\/paca.lpo.fr\/blogs\/pays-gapencais\/files\/2018\/03\/refugecathy2.jpg 640w\" sizes=\"auto, (max-width: 480px) 100vw, 480px\" \/><img loading=\"lazy\" decoding=\"async\" class=\"alignleft size-full wp-image-648\" src=\"http:\/\/paca.lpo.fr\/blogs\/pays-gapencais\/files\/2018\/03\/refugecathy12.jpg\" alt=\"\" width=\"448\" height=\"336\" \/><img loading=\"lazy\" decoding=\"async\" class=\"alignleft wp-image-646 size-full\" src=\"http:\/\/paca.lpo.fr\/blogs\/pays-gapencais\/files\/2018\/03\/refugecathy10-e1520431298770.jpg\" alt=\"\" width=\"235\" height=\"314\" \/><img loading=\"lazy\" decoding=\"async\" class=\"alignleft size-full wp-image-644\" src=\"http:\/\/paca.lpo.fr\/blogs\/pays-gapencais\/files\/2018\/03\/refugecathy8.jpg\" alt=\"\" width=\"314\" height=\"235\" \/><img loading=\"lazy\" decoding=\"async\" class=\"alignleft size-full wp-image-641\" src=\"http:\/\/paca.lpo.fr\/blogs\/pays-gapencais\/files\/2018\/03\/refugecathy5.jpg\" alt=\"\" width=\"448\" height=\"336\" \/><\/p>\n<p>&nbsp;<\/p>\n<p>&nbsp;<\/p>\n<p>&nbsp;<\/p>\n<p>&nbsp;<\/p>\n<p>&nbsp;<\/p>\n<p>&nbsp;<\/p>\n<p>&nbsp;<\/p>\n<p>&nbsp;<\/p>\n<p>&nbsp;<\/p>\n<p>&nbsp;<\/p>\n<p>&nbsp;<\/p>\n<p>&nbsp;<\/p>\n<p>&nbsp;<\/p>\n<p>&nbsp;<\/p>\n<p>&nbsp;<\/p>\n<p>&nbsp;<\/p>\n<p>&nbsp;<\/p>\n<p>&nbsp;<\/p>\n<p>&nbsp;<\/p>\n<p>&nbsp;<\/p>\n<p>&nbsp;<\/p>\n<p>&nbsp;<\/p>\n<p>&nbsp;<\/p>\n<p>&nbsp;<\/p>\n<p>&nbsp;<\/p>\n<p>&nbsp;<\/p>\n<p>&nbsp;<\/p>\n<p>&nbsp;<\/p>\n<p>&nbsp;<\/p>\n<p><img loading=\"lazy\" decoding=\"async\" class=\"size-full wp-image-640 alignleft\" src=\"http:\/\/paca.lpo.fr\/blogs\/pays-gapencais\/files\/2018\/03\/refugecathy4.jpg\" alt=\"\" width=\"211\" height=\"235\" \/><\/p>\n<p>&nbsp;<\/p>\n<p>Install\u00e9s chez Catherine, en compagnie d&rsquo;Aldo le perroquet, nous avons d\u00e9gust\u00e9 une merveilleuse brioche et un petit caf\u00e9 bien r\u00e9confortants, tout en observant pinsons , tarins, rouge-gorge , sittelles, chardonnerets,, moineaux friquets, m\u00e9sanges nonnettes, noires, bleues\u2026<br \/>\nCatherine voit r\u00e9guli\u00e8rement la huppe fasci\u00e9e, le pic-vert ou le faucon cr\u00e9cerelle aux abords de sa maison. Elle a m\u00eame pu observ\u00e9 de sa fen\u00eatre un couple de pics \u00e9peiches et leur nich\u00e9e\u00a0!<br \/>\nCette matin\u00e9e fut un moment bien agr\u00e9able dans la d\u00e9couverte d&rsquo;un refuge bien am\u00e9nag\u00e9 et riche en vari\u00e9t\u00e9s d&rsquo;oiseaux.<img loading=\"lazy\" decoding=\"async\" class=\"wp-image-647 size-full aligncenter\" src=\"http:\/\/paca.lpo.fr\/blogs\/pays-gapencais\/files\/2018\/03\/refugecathy11-e1520432331689.jpg\" alt=\"\" width=\"336\" height=\"448\" \/><img loading=\"lazy\" decoding=\"async\" class=\"size-full wp-image-643 aligncenter\" src=\"http:\/\/paca.lpo.fr\/blogs\/pays-gapencais\/files\/2018\/03\/refugecathy7.jpg\" alt=\"\" width=\"448\" height=\"336\" \/><\/p>\n<p>&nbsp;<\/p>\n<p><img loading=\"lazy\" decoding=\"async\" class=\"alignleft size-full wp-image-650\" src=\"http:\/\/paca.lpo.fr\/blogs\/pays-gapencais\/files\/2018\/03\/refugecathy14.jpg\" alt=\"\" width=\"314\" height=\"235\" \/><\/p>\n<p><img loading=\"lazy\" decoding=\"async\" class=\"wp-image-642 size-full alignnone\" src=\"http:\/\/paca.lpo.fr\/blogs\/pays-gapencais\/files\/2018\/03\/refugecathy6-e1520432530280.jpg\" alt=\"\" width=\"235\" height=\"314\" \/><\/p>\n<p>Texte de Dani\u00e8le, photos d&rsquo;Eliane et Georges.<\/p>\n","protected":false},"excerpt":{"rendered":"<p>Dimanche 4 mars, nous \u00e9tions une dizaine \u00e0 nous retrouver \u00e0 la Roche des Arnauds pour visiter les installations de Catherine sur son tout nouveau refuge LPO. &nbsp; &nbsp; &nbsp; Ce fut un r\u00e9el plaisir de d\u00e9couvrir le travail de cette passionn\u00e9e\u00a0! Mangeoires, nichoirs, g\u00eetes d&rsquo;\u00e9cureuil ou de h\u00e9risson sont tous confectionn\u00e9s par Catherine durant [&hellip;]<\/p>\n","protected":false},"author":20,"featured_media":0,"comment_status":"open","ping_status":"open","sticky":false,"template":"","format":"standard","meta":{"footnotes":""},"categories":[1],"tags":[],"class_list":["post-636","post","type-post","status-publish","format-standard","hentry","category-non-classe"],"yoast_head":"<!-- This site is optimized with the Yoast SEO plugin v28.3 - https:\/\/yoast.com\/product\/yoast-seo-wordpress\/ -->\n<title>Un nouveau refuge \u00e0 La Roche des Arnauds - Groupe local Pays Gapen\u00e7ais<\/title>\n<meta name=\"robots\" content=\"index, follow, max-snippet:-1, max-image-preview:large, max-video-preview:-1\" \/>\n<link rel=\"canonical\" href=\"http:\/\/paca.lpo.fr\/blogs\/pays-gapencais\/2018\/03\/07\/un-nouveau-refuge-a-la-roche-des-arnauds\/\" \/>\n<meta property=\"og:locale\" content=\"fr_FR\" \/>\n<meta property=\"og:type\" content=\"article\" \/>\n<meta property=\"og:title\" content=\"Un nouveau refuge \u00e0 La Roche des Arnauds - Groupe local Pays Gapen\u00e7ais\" \/>\n<meta property=\"og:description\" content=\"Dimanche 4 mars, nous \u00e9tions une dizaine \u00e0 nous retrouver \u00e0 la Roche des Arnauds pour visiter les installations de Catherine sur son tout nouveau refuge LPO. &nbsp; &nbsp; &nbsp; Ce fut un r\u00e9el plaisir de d\u00e9couvrir le travail de cette passionn\u00e9e\u00a0! Mangeoires, nichoirs, g\u00eetes d&rsquo;\u00e9cureuil ou de h\u00e9risson sont tous confectionn\u00e9s par Catherine durant [&hellip;]\" \/>\n<meta property=\"og:url\" content=\"http:\/\/paca.lpo.fr\/blogs\/pays-gapencais\/2018\/03\/07\/un-nouveau-refuge-a-la-roche-des-arnauds\/\" \/>\n<meta property=\"og:site_name\" content=\"Groupe local Pays Gapen\u00e7ais\" \/>\n<meta property=\"article:published_time\" content=\"2018-03-07T14:10:54+00:00\" \/>\n<meta property=\"article:modified_time\" content=\"2018-03-07T14:23:09+00:00\" \/>\n<meta property=\"og:image\" content=\"http:\/\/paca.lpo.fr\/blogs\/pays-gapencais\/files\/2018\/03\/refuge-cathy-1-480x360.jpg\" \/>\n<meta name=\"author\" content=\"LPO Pays Gapen\u00e7ais\" \/>\n<meta name=\"twitter:card\" content=\"summary_large_image\" \/>\n<meta name=\"twitter:label1\" content=\"\u00c9crit par\" \/>\n\t<meta name=\"twitter:data1\" content=\"LPO Pays Gapen\u00e7ais\" \/>\n\t<meta name=\"twitter:label2\" content=\"Dur\u00e9e de lecture estim\u00e9e\" \/>\n\t<meta name=\"twitter:data2\" content=\"1 minute\" \/>\n<script type=\"application\/ld+json\" class=\"yoast-schema-graph\">{\"@context\":\"https:\\\/\\\/schema.org\",\"@graph\":[{\"@type\":\"Article\",\"@id\":\"http:\\\/\\\/paca.lpo.fr\\\/blogs\\\/pays-gapencais\\\/2018\\\/03\\\/07\\\/un-nouveau-refuge-a-la-roche-des-arnauds\\\/#article\",\"isPartOf\":{\"@id\":\"http:\\\/\\\/paca.lpo.fr\\\/blogs\\\/pays-gapencais\\\/2018\\\/03\\\/07\\\/un-nouveau-refuge-a-la-roche-des-arnauds\\\/\"},\"author\":{\"name\":\"LPO Pays Gapen\u00e7ais\",\"@id\":\"https:\\\/\\\/paca.lpo.fr\\\/blogs\\\/pays-gapencais\\\/#\\\/schema\\\/person\\\/f04b4317576a566640b52fd10cb73f42\"},\"headline\":\"Un nouveau refuge \u00e0 La Roche des Arnauds\",\"datePublished\":\"2018-03-07T14:10:54+00:00\",\"dateModified\":\"2018-03-07T14:23:09+00:00\",\"mainEntityOfPage\":{\"@id\":\"http:\\\/\\\/paca.lpo.fr\\\/blogs\\\/pays-gapencais\\\/2018\\\/03\\\/07\\\/un-nouveau-refuge-a-la-roche-des-arnauds\\\/\"},\"wordCount\":267,\"commentCount\":0,\"publisher\":{\"@id\":\"https:\\\/\\\/paca.lpo.fr\\\/blogs\\\/pays-gapencais\\\/#organization\"},\"image\":{\"@id\":\"http:\\\/\\\/paca.lpo.fr\\\/blogs\\\/pays-gapencais\\\/2018\\\/03\\\/07\\\/un-nouveau-refuge-a-la-roche-des-arnauds\\\/#primaryimage\"},\"thumbnailUrl\":\"http:\\\/\\\/paca.lpo.fr\\\/blogs\\\/pays-gapencais\\\/files\\\/2018\\\/03\\\/refuge-cathy-1-480x360.jpg\",\"inLanguage\":\"fr-FR\",\"potentialAction\":[{\"@type\":\"CommentAction\",\"name\":\"Comment\",\"target\":[\"http:\\\/\\\/paca.lpo.fr\\\/blogs\\\/pays-gapencais\\\/2018\\\/03\\\/07\\\/un-nouveau-refuge-a-la-roche-des-arnauds\\\/#respond\"]}]},{\"@type\":\"WebPage\",\"@id\":\"http:\\\/\\\/paca.lpo.fr\\\/blogs\\\/pays-gapencais\\\/2018\\\/03\\\/07\\\/un-nouveau-refuge-a-la-roche-des-arnauds\\\/\",\"url\":\"http:\\\/\\\/paca.lpo.fr\\\/blogs\\\/pays-gapencais\\\/2018\\\/03\\\/07\\\/un-nouveau-refuge-a-la-roche-des-arnauds\\\/\",\"name\":\"Un nouveau refuge \u00e0 La Roche des Arnauds - Groupe local Pays Gapen\u00e7ais\",\"isPartOf\":{\"@id\":\"https:\\\/\\\/paca.lpo.fr\\\/blogs\\\/pays-gapencais\\\/#website\"},\"primaryImageOfPage\":{\"@id\":\"http:\\\/\\\/paca.lpo.fr\\\/blogs\\\/pays-gapencais\\\/2018\\\/03\\\/07\\\/un-nouveau-refuge-a-la-roche-des-arnauds\\\/#primaryimage\"},\"image\":{\"@id\":\"http:\\\/\\\/paca.lpo.fr\\\/blogs\\\/pays-gapencais\\\/2018\\\/03\\\/07\\\/un-nouveau-refuge-a-la-roche-des-arnauds\\\/#primaryimage\"},\"thumbnailUrl\":\"http:\\\/\\\/paca.lpo.fr\\\/blogs\\\/pays-gapencais\\\/files\\\/2018\\\/03\\\/refuge-cathy-1-480x360.jpg\",\"datePublished\":\"2018-03-07T14:10:54+00:00\",\"dateModified\":\"2018-03-07T14:23:09+00:00\",\"breadcrumb\":{\"@id\":\"http:\\\/\\\/paca.lpo.fr\\\/blogs\\\/pays-gapencais\\\/2018\\\/03\\\/07\\\/un-nouveau-refuge-a-la-roche-des-arnauds\\\/#breadcrumb\"},\"inLanguage\":\"fr-FR\",\"potentialAction\":[{\"@type\":\"ReadAction\",\"target\":[\"http:\\\/\\\/paca.lpo.fr\\\/blogs\\\/pays-gapencais\\\/2018\\\/03\\\/07\\\/un-nouveau-refuge-a-la-roche-des-arnauds\\\/\"]}]},{\"@type\":\"ImageObject\",\"inLanguage\":\"fr-FR\",\"@id\":\"http:\\\/\\\/paca.lpo.fr\\\/blogs\\\/pays-gapencais\\\/2018\\\/03\\\/07\\\/un-nouveau-refuge-a-la-roche-des-arnauds\\\/#primaryimage\",\"url\":\"http:\\\/\\\/paca.lpo.fr\\\/blogs\\\/pays-gapencais\\\/files\\\/2018\\\/03\\\/refuge-cathy-1-480x360.jpg\",\"contentUrl\":\"http:\\\/\\\/paca.lpo.fr\\\/blogs\\\/pays-gapencais\\\/files\\\/2018\\\/03\\\/refuge-cathy-1-480x360.jpg\"},{\"@type\":\"BreadcrumbList\",\"@id\":\"http:\\\/\\\/paca.lpo.fr\\\/blogs\\\/pays-gapencais\\\/2018\\\/03\\\/07\\\/un-nouveau-refuge-a-la-roche-des-arnauds\\\/#breadcrumb\",\"itemListElement\":[{\"@type\":\"ListItem\",\"position\":1,\"name\":\"Accueil\",\"item\":\"https:\\\/\\\/paca.lpo.fr\\\/blogs\\\/pays-gapencais\\\/\"},{\"@type\":\"ListItem\",\"position\":2,\"name\":\"Un nouveau refuge \u00e0 La Roche des Arnauds\"}]},{\"@type\":\"WebSite\",\"@id\":\"https:\\\/\\\/paca.lpo.fr\\\/blogs\\\/pays-gapencais\\\/#website\",\"url\":\"https:\\\/\\\/paca.lpo.fr\\\/blogs\\\/pays-gapencais\\\/\",\"name\":\"Groupe local Pays Gapen\u00e7ais\",\"description\":\"Groupe local Pays Gapen\u00e7ais\",\"publisher\":{\"@id\":\"https:\\\/\\\/paca.lpo.fr\\\/blogs\\\/pays-gapencais\\\/#organization\"},\"potentialAction\":[{\"@type\":\"SearchAction\",\"target\":{\"@type\":\"EntryPoint\",\"urlTemplate\":\"https:\\\/\\\/paca.lpo.fr\\\/blogs\\\/pays-gapencais\\\/?s={search_term_string}\"},\"query-input\":{\"@type\":\"PropertyValueSpecification\",\"valueRequired\":true,\"valueName\":\"search_term_string\"}}],\"inLanguage\":\"fr-FR\"},{\"@type\":\"Organization\",\"@id\":\"https:\\\/\\\/paca.lpo.fr\\\/blogs\\\/pays-gapencais\\\/#organization\",\"name\":\"Groupe local Pays Gapen\u00e7ais\",\"url\":\"https:\\\/\\\/paca.lpo.fr\\\/blogs\\\/pays-gapencais\\\/\",\"logo\":{\"@type\":\"ImageObject\",\"inLanguage\":\"fr-FR\",\"@id\":\"https:\\\/\\\/paca.lpo.fr\\\/blogs\\\/pays-gapencais\\\/#\\\/schema\\\/logo\\\/image\\\/\",\"url\":\"https:\\\/\\\/paca.lpo.fr\\\/blogs\\\/pays-gapencais\\\/files\\\/2024\\\/01\\\/cropped-rvb-lpo-paca-logotype-signature-droite-mini-500.jpg\",\"contentUrl\":\"https:\\\/\\\/paca.lpo.fr\\\/blogs\\\/pays-gapencais\\\/files\\\/2024\\\/01\\\/cropped-rvb-lpo-paca-logotype-signature-droite-mini-500.jpg\",\"width\":500,\"height\":210,\"caption\":\"Groupe local Pays Gapen\u00e7ais\"},\"image\":{\"@id\":\"https:\\\/\\\/paca.lpo.fr\\\/blogs\\\/pays-gapencais\\\/#\\\/schema\\\/logo\\\/image\\\/\"}},{\"@type\":\"Person\",\"@id\":\"https:\\\/\\\/paca.lpo.fr\\\/blogs\\\/pays-gapencais\\\/#\\\/schema\\\/person\\\/f04b4317576a566640b52fd10cb73f42\",\"name\":\"LPO Pays Gapen\u00e7ais\",\"image\":{\"@type\":\"ImageObject\",\"inLanguage\":\"fr-FR\",\"@id\":\"https:\\\/\\\/secure.gravatar.com\\\/avatar\\\/0ad60f70598d35f5834aaa24844d0685f1c44e5307491303924c152e7ee710eb?s=96&d=mm&r=g\",\"url\":\"https:\\\/\\\/secure.gravatar.com\\\/avatar\\\/0ad60f70598d35f5834aaa24844d0685f1c44e5307491303924c152e7ee710eb?s=96&d=mm&r=g\",\"contentUrl\":\"https:\\\/\\\/secure.gravatar.com\\\/avatar\\\/0ad60f70598d35f5834aaa24844d0685f1c44e5307491303924c152e7ee710eb?s=96&d=mm&r=g\",\"caption\":\"LPO Pays Gapen\u00e7ais\"},\"url\":\"http:\\\/\\\/paca.lpo.fr\\\/blogs\\\/pays-gapencais\\\/author\\\/paysgapencais\\\/\"}]}<\/script>\n<!-- \/ Yoast SEO plugin. -->","yoast_head_json":{"title":"Un nouveau refuge \u00e0 La Roche des Arnauds - Groupe local Pays Gapen\u00e7ais","robots":{"index":"index","follow":"follow","max-snippet":"max-snippet:-1","max-image-preview":"max-image-preview:large","max-video-preview":"max-video-preview:-1"},"canonical":"http:\/\/paca.lpo.fr\/blogs\/pays-gapencais\/2018\/03\/07\/un-nouveau-refuge-a-la-roche-des-arnauds\/","og_locale":"fr_FR","og_type":"article","og_title":"Un nouveau refuge \u00e0 La Roche des Arnauds - Groupe local Pays Gapen\u00e7ais","og_description":"Dimanche 4 mars, nous \u00e9tions une dizaine \u00e0 nous retrouver \u00e0 la Roche des Arnauds pour visiter les installations de Catherine sur son tout nouveau refuge LPO. &nbsp; &nbsp; &nbsp; Ce fut un r\u00e9el plaisir de d\u00e9couvrir le travail de cette passionn\u00e9e\u00a0! Mangeoires, nichoirs, g\u00eetes d&rsquo;\u00e9cureuil ou de h\u00e9risson sont tous confectionn\u00e9s par Catherine durant [&hellip;]","og_url":"http:\/\/paca.lpo.fr\/blogs\/pays-gapencais\/2018\/03\/07\/un-nouveau-refuge-a-la-roche-des-arnauds\/","og_site_name":"Groupe local Pays Gapen\u00e7ais","article_published_time":"2018-03-07T14:10:54+00:00","article_modified_time":"2018-03-07T14:23:09+00:00","og_image":[{"url":"http:\/\/paca.lpo.fr\/blogs\/pays-gapencais\/files\/2018\/03\/refuge-cathy-1-480x360.jpg","type":"","width":"","height":""}],"author":"LPO Pays Gapen\u00e7ais","twitter_card":"summary_large_image","twitter_misc":{"\u00c9crit par":"LPO Pays Gapen\u00e7ais","Dur\u00e9e de lecture estim\u00e9e":"1 minute"},"schema":{"@context":"https:\/\/schema.org","@graph":[{"@type":"Article","@id":"http:\/\/paca.lpo.fr\/blogs\/pays-gapencais\/2018\/03\/07\/un-nouveau-refuge-a-la-roche-des-arnauds\/#article","isPartOf":{"@id":"http:\/\/paca.lpo.fr\/blogs\/pays-gapencais\/2018\/03\/07\/un-nouveau-refuge-a-la-roche-des-arnauds\/"},"author":{"name":"LPO Pays Gapen\u00e7ais","@id":"https:\/\/paca.lpo.fr\/blogs\/pays-gapencais\/#\/schema\/person\/f04b4317576a566640b52fd10cb73f42"},"headline":"Un nouveau refuge \u00e0 La Roche des Arnauds","datePublished":"2018-03-07T14:10:54+00:00","dateModified":"2018-03-07T14:23:09+00:00","mainEntityOfPage":{"@id":"http:\/\/paca.lpo.fr\/blogs\/pays-gapencais\/2018\/03\/07\/un-nouveau-refuge-a-la-roche-des-arnauds\/"},"wordCount":267,"commentCount":0,"publisher":{"@id":"https:\/\/paca.lpo.fr\/blogs\/pays-gapencais\/#organization"},"image":{"@id":"http:\/\/paca.lpo.fr\/blogs\/pays-gapencais\/2018\/03\/07\/un-nouveau-refuge-a-la-roche-des-arnauds\/#primaryimage"},"thumbnailUrl":"http:\/\/paca.lpo.fr\/blogs\/pays-gapencais\/files\/2018\/03\/refuge-cathy-1-480x360.jpg","inLanguage":"fr-FR","potentialAction":[{"@type":"CommentAction","name":"Comment","target":["http:\/\/paca.lpo.fr\/blogs\/pays-gapencais\/2018\/03\/07\/un-nouveau-refuge-a-la-roche-des-arnauds\/#respond"]}]},{"@type":"WebPage","@id":"http:\/\/paca.lpo.fr\/blogs\/pays-gapencais\/2018\/03\/07\/un-nouveau-refuge-a-la-roche-des-arnauds\/","url":"http:\/\/paca.lpo.fr\/blogs\/pays-gapencais\/2018\/03\/07\/un-nouveau-refuge-a-la-roche-des-arnauds\/","name":"Un nouveau refuge \u00e0 La Roche des Arnauds - Groupe local Pays Gapen\u00e7ais","isPartOf":{"@id":"https:\/\/paca.lpo.fr\/blogs\/pays-gapencais\/#website"},"primaryImageOfPage":{"@id":"http:\/\/paca.lpo.fr\/blogs\/pays-gapencais\/2018\/03\/07\/un-nouveau-refuge-a-la-roche-des-arnauds\/#primaryimage"},"image":{"@id":"http:\/\/paca.lpo.fr\/blogs\/pays-gapencais\/2018\/03\/07\/un-nouveau-refuge-a-la-roche-des-arnauds\/#primaryimage"},"thumbnailUrl":"http:\/\/paca.lpo.fr\/blogs\/pays-gapencais\/files\/2018\/03\/refuge-cathy-1-480x360.jpg","datePublished":"2018-03-07T14:10:54+00:00","dateModified":"2018-03-07T14:23:09+00:00","breadcrumb":{"@id":"http:\/\/paca.lpo.fr\/blogs\/pays-gapencais\/2018\/03\/07\/un-nouveau-refuge-a-la-roche-des-arnauds\/#breadcrumb"},"inLanguage":"fr-FR","potentialAction":[{"@type":"ReadAction","target":["http:\/\/paca.lpo.fr\/blogs\/pays-gapencais\/2018\/03\/07\/un-nouveau-refuge-a-la-roche-des-arnauds\/"]}]},{"@type":"ImageObject","inLanguage":"fr-FR","@id":"http:\/\/paca.lpo.fr\/blogs\/pays-gapencais\/2018\/03\/07\/un-nouveau-refuge-a-la-roche-des-arnauds\/#primaryimage","url":"http:\/\/paca.lpo.fr\/blogs\/pays-gapencais\/files\/2018\/03\/refuge-cathy-1-480x360.jpg","contentUrl":"http:\/\/paca.lpo.fr\/blogs\/pays-gapencais\/files\/2018\/03\/refuge-cathy-1-480x360.jpg"},{"@type":"BreadcrumbList","@id":"http:\/\/paca.lpo.fr\/blogs\/pays-gapencais\/2018\/03\/07\/un-nouveau-refuge-a-la-roche-des-arnauds\/#breadcrumb","itemListElement":[{"@type":"ListItem","position":1,"name":"Accueil","item":"https:\/\/paca.lpo.fr\/blogs\/pays-gapencais\/"},{"@type":"ListItem","position":2,"name":"Un nouveau refuge \u00e0 La Roche des Arnauds"}]},{"@type":"WebSite","@id":"https:\/\/paca.lpo.fr\/blogs\/pays-gapencais\/#website","url":"https:\/\/paca.lpo.fr\/blogs\/pays-gapencais\/","name":"Groupe local Pays Gapen\u00e7ais","description":"Groupe local Pays Gapen\u00e7ais","publisher":{"@id":"https:\/\/paca.lpo.fr\/blogs\/pays-gapencais\/#organization"},"potentialAction":[{"@type":"SearchAction","target":{"@type":"EntryPoint","urlTemplate":"https:\/\/paca.lpo.fr\/blogs\/pays-gapencais\/?s={search_term_string}"},"query-input":{"@type":"PropertyValueSpecification","valueRequired":true,"valueName":"search_term_string"}}],"inLanguage":"fr-FR"},{"@type":"Organization","@id":"https:\/\/paca.lpo.fr\/blogs\/pays-gapencais\/#organization","name":"Groupe local Pays Gapen\u00e7ais","url":"https:\/\/paca.lpo.fr\/blogs\/pays-gapencais\/","logo":{"@type":"ImageObject","inLanguage":"fr-FR","@id":"https:\/\/paca.lpo.fr\/blogs\/pays-gapencais\/#\/schema\/logo\/image\/","url":"https:\/\/paca.lpo.fr\/blogs\/pays-gapencais\/files\/2024\/01\/cropped-rvb-lpo-paca-logotype-signature-droite-mini-500.jpg","contentUrl":"https:\/\/paca.lpo.fr\/blogs\/pays-gapencais\/files\/2024\/01\/cropped-rvb-lpo-paca-logotype-signature-droite-mini-500.jpg","width":500,"height":210,"caption":"Groupe local Pays Gapen\u00e7ais"},"image":{"@id":"https:\/\/paca.lpo.fr\/blogs\/pays-gapencais\/#\/schema\/logo\/image\/"}},{"@type":"Person","@id":"https:\/\/paca.lpo.fr\/blogs\/pays-gapencais\/#\/schema\/person\/f04b4317576a566640b52fd10cb73f42","name":"LPO Pays Gapen\u00e7ais","image":{"@type":"ImageObject","inLanguage":"fr-FR","@id":"https:\/\/secure.gravatar.com\/avatar\/0ad60f70598d35f5834aaa24844d0685f1c44e5307491303924c152e7ee710eb?s=96&d=mm&r=g","url":"https:\/\/secure.gravatar.com\/avatar\/0ad60f70598d35f5834aaa24844d0685f1c44e5307491303924c152e7ee710eb?s=96&d=mm&r=g","contentUrl":"https:\/\/secure.gravatar.com\/avatar\/0ad60f70598d35f5834aaa24844d0685f1c44e5307491303924c152e7ee710eb?s=96&d=mm&r=g","caption":"LPO Pays Gapen\u00e7ais"},"url":"http:\/\/paca.lpo.fr\/blogs\/pays-gapencais\/author\/paysgapencais\/"}]}},"jetpack_featured_media_url":"","_links":{"self":[{"href":"http:\/\/paca.lpo.fr\/blogs\/pays-gapencais\/wp-json\/wp\/v2\/posts\/636","targetHints":{"allow":["GET"]}}],"collection":[{"href":"http:\/\/paca.lpo.fr\/blogs\/pays-gapencais\/wp-json\/wp\/v2\/posts"}],"about":[{"href":"http:\/\/paca.lpo.fr\/blogs\/pays-gapencais\/wp-json\/wp\/v2\/types\/post"}],"author":[{"embeddable":true,"href":"http:\/\/paca.lpo.fr\/blogs\/pays-gapencais\/wp-json\/wp\/v2\/users\/20"}],"replies":[{"embeddable":true,"href":"http:\/\/paca.lpo.fr\/blogs\/pays-gapencais\/wp-json\/wp\/v2\/comments?post=636"}],"version-history":[{"count":4,"href":"http:\/\/paca.lpo.fr\/blogs\/pays-gapencais\/wp-json\/wp\/v2\/posts\/636\/revisions"}],"predecessor-version":[{"id":656,"href":"http:\/\/paca.lpo.fr\/blogs\/pays-gapencais\/wp-json\/wp\/v2\/posts\/636\/revisions\/656"}],"wp:attachment":[{"href":"http:\/\/paca.lpo.fr\/blogs\/pays-gapencais\/wp-json\/wp\/v2\/media?parent=636"}],"wp:term":[{"taxonomy":"category","embeddable":true,"href":"http:\/\/paca.lpo.fr\/blogs\/pays-gapencais\/wp-json\/wp\/v2\/categories?post=636"},{"taxonomy":"post_tag","embeddable":true,"href":"http:\/\/paca.lpo.fr\/blogs\/pays-gapencais\/wp-json\/wp\/v2\/tags?post=636"}],"curies":[{"name":"wp","href":"https:\/\/api.w.org\/{rel}","templated":true}]}}