{"id":730,"date":"2019-03-21T20:06:49","date_gmt":"2019-03-21T20:06:49","guid":{"rendered":"http:\/\/paca.lpo.fr\/blogs\/pays-gapencais\/?p=730"},"modified":"2023-05-09T08:45:14","modified_gmt":"2023-05-09T08:45:14","slug":"un-nouveau-refuge-lime-de-bois-st-jean","status":"publish","type":"post","link":"http:\/\/paca.lpo.fr\/blogs\/pays-gapencais\/2019\/03\/21\/un-nouveau-refuge-lime-de-bois-st-jean\/","title":{"rendered":"Un nouveau refuge : l&rsquo;IME de Bois St Jean"},"content":{"rendered":"\n<p class=\"wp-block-paragraph\">En ce premier jour de printemps, nous \u00e9tions \u00ab\u00a0Tous en for\u00eat\u00a0\u00bb avec 150 enfants et autant d&rsquo;adultes des IME de la r\u00e9gion. Une rencontre festive orchestr\u00e9e par Julie, l&rsquo;animatrice en horticulture. Le Bois St Jean a \u00e9t\u00e9 am\u00e9nag\u00e9 pour l&rsquo;occasion afin de permettre \u00e0 tous de prendre un bon bol de nature et d&rsquo;exprimer ses dons artistiques tout en d\u00e9couvrant la biodiversit\u00e9 gr\u00e2ce \u00e0 la participation d&rsquo;une dizaine de partenaires : forestiers,, naturalistes, botanistes, entomologistes, musiciens, plasticiens, sportifs\u2026 et le groupe local LPO Pays Gapen\u00e7ais.<\/p>\n\n\n\n<figure class=\"wp-block-image\"><img loading=\"lazy\" decoding=\"async\" width=\"336\" height=\"448\" src=\"http:\/\/paca.lpo.fr\/blogs\/pays-gapencais\/files\/2019\/03\/couleursrd.jpg\" alt=\"\" class=\"wp-image-731\"\/><\/figure>\n\n\n\n<figure class=\"wp-block-image\"><img loading=\"lazy\" decoding=\"async\" width=\"448\" height=\"336\" src=\"http:\/\/paca.lpo.fr\/blogs\/pays-gapencais\/files\/2019\/03\/emilienidsrd.jpg\" alt=\"\" class=\"wp-image-732\"\/><figcaption class=\"wp-element-caption\">Emilie explique comment les oiseaux font leur nid<\/figcaption><\/figure>\n\n\n\n<figure class=\"wp-block-image\"><img loading=\"lazy\" decoding=\"async\" width=\"448\" height=\"336\" src=\"http:\/\/paca.lpo.fr\/blogs\/pays-gapencais\/files\/2019\/03\/emiliechouetterd.jpg\" alt=\"\" class=\"wp-image-733\"\/><figcaption class=\"wp-element-caption\">Chouette ou Hibou ?<\/figcaption><\/figure>\n\n\n\n<figure class=\"wp-block-image\"><img loading=\"lazy\" decoding=\"async\" width=\"448\" height=\"336\" src=\"http:\/\/paca.lpo.fr\/blogs\/pays-gapencais\/files\/2019\/03\/chancrerd.jpg\" alt=\"\" class=\"wp-image-734\"\/><figcaption class=\"wp-element-caption\">Cette for\u00eat est riche en arbres remarquables dont cet \u00e9norme chancre<\/figcaption><\/figure>\n\n\n\n<p class=\"wp-block-paragraph\">Le moment fort de la journ\u00e9e a \u00e9t\u00e9 l&rsquo;inauguration du refuge LPO qui vient d&rsquo;\u00eatre cr\u00e9\u00e9 sur le site. <\/p>\n\n\n\n<figure class=\"wp-block-image\"><img loading=\"lazy\" decoding=\"async\" width=\"448\" height=\"336\" src=\"http:\/\/paca.lpo.fr\/blogs\/pays-gapencais\/files\/2019\/03\/discoursrd.jpg\" alt=\"\" class=\"wp-image-735\"\/><\/figure>\n\n\n\n<figure class=\"wp-block-image\"><img loading=\"lazy\" decoding=\"async\" width=\"448\" height=\"336\" src=\"http:\/\/paca.lpo.fr\/blogs\/pays-gapencais\/files\/2019\/03\/equipeglrd.jpg\" alt=\"\" class=\"wp-image-736\"\/><figcaption class=\"wp-element-caption\">Merci \u00e0 l&rsquo;\u00e9quipe du jour qui a appr\u00e9ci\u00e9 l&rsquo;organisation et la comp\u00e9tence de Julie !<br><br>(r\u00e9sum\u00e9 r\u00e9alis\u00e9 par Eliane)<\/figcaption><\/figure>\n","protected":false},"excerpt":{"rendered":"<p>En ce premier jour de printemps, nous \u00e9tions \u00ab\u00a0Tous en for\u00eat\u00a0\u00bb avec 150 enfants et autant d&rsquo;adultes des IME de la r\u00e9gion. Une rencontre festive orchestr\u00e9e par Julie, l&rsquo;animatrice en horticulture. Le Bois St Jean a \u00e9t\u00e9 am\u00e9nag\u00e9 pour l&rsquo;occasion afin de permettre \u00e0 tous de prendre un bon bol de nature et d&rsquo;exprimer ses [&hellip;]<\/p>\n","protected":false},"author":20,"featured_media":0,"comment_status":"open","ping_status":"open","sticky":false,"template":"","format":"standard","meta":{"footnotes":""},"categories":[1],"tags":[],"class_list":["post-730","post","type-post","status-publish","format-standard","hentry","category-non-classe"],"yoast_head":"<!-- This site is optimized with the Yoast SEO plugin v28.3 - https:\/\/yoast.com\/product\/yoast-seo-wordpress\/ -->\n<title>Un nouveau refuge : l&#039;IME de Bois St Jean - Groupe local Pays Gapen\u00e7ais<\/title>\n<meta name=\"robots\" content=\"index, follow, max-snippet:-1, max-image-preview:large, max-video-preview:-1\" \/>\n<link rel=\"canonical\" href=\"https:\/\/paca.lpo.fr\/blogs\/pays-gapencais\/2019\/03\/21\/un-nouveau-refuge-lime-de-bois-st-jean\/\" \/>\n<meta property=\"og:locale\" content=\"fr_FR\" \/>\n<meta property=\"og:type\" content=\"article\" \/>\n<meta property=\"og:title\" content=\"Un nouveau refuge : l&#039;IME de Bois St Jean - Groupe local Pays Gapen\u00e7ais\" \/>\n<meta property=\"og:description\" content=\"En ce premier jour de printemps, nous \u00e9tions \u00ab\u00a0Tous en for\u00eat\u00a0\u00bb avec 150 enfants et autant d&rsquo;adultes des IME de la r\u00e9gion. Une rencontre festive orchestr\u00e9e par Julie, l&rsquo;animatrice en horticulture. Le Bois St Jean a \u00e9t\u00e9 am\u00e9nag\u00e9 pour l&rsquo;occasion afin de permettre \u00e0 tous de prendre un bon bol de nature et d&rsquo;exprimer ses [&hellip;]\" \/>\n<meta property=\"og:url\" content=\"https:\/\/paca.lpo.fr\/blogs\/pays-gapencais\/2019\/03\/21\/un-nouveau-refuge-lime-de-bois-st-jean\/\" \/>\n<meta property=\"og:site_name\" content=\"Groupe local Pays Gapen\u00e7ais\" \/>\n<meta property=\"article:published_time\" content=\"2019-03-21T20:06:49+00:00\" \/>\n<meta property=\"article:modified_time\" content=\"2023-05-09T08:45:14+00:00\" \/>\n<meta property=\"og:image\" content=\"http:\/\/paca.lpo.fr\/blogs\/pays-gapencais\/files\/2019\/03\/couleursrd.jpg\" \/>\n<meta name=\"author\" content=\"LPO Pays Gapen\u00e7ais\" \/>\n<meta name=\"twitter:card\" content=\"summary_large_image\" \/>\n<meta name=\"twitter:label1\" content=\"\u00c9crit par\" \/>\n\t<meta name=\"twitter:data1\" content=\"LPO Pays Gapen\u00e7ais\" \/>\n\t<meta name=\"twitter:label2\" content=\"Dur\u00e9e de lecture estim\u00e9e\" \/>\n\t<meta name=\"twitter:data2\" content=\"1 minute\" \/>\n<script type=\"application\/ld+json\" class=\"yoast-schema-graph\">{\"@context\":\"https:\\\/\\\/schema.org\",\"@graph\":[{\"@type\":\"Article\",\"@id\":\"https:\\\/\\\/paca.lpo.fr\\\/blogs\\\/pays-gapencais\\\/2019\\\/03\\\/21\\\/un-nouveau-refuge-lime-de-bois-st-jean\\\/#article\",\"isPartOf\":{\"@id\":\"https:\\\/\\\/paca.lpo.fr\\\/blogs\\\/pays-gapencais\\\/2019\\\/03\\\/21\\\/un-nouveau-refuge-lime-de-bois-st-jean\\\/\"},\"author\":{\"name\":\"LPO Pays Gapen\u00e7ais\",\"@id\":\"https:\\\/\\\/paca.lpo.fr\\\/blogs\\\/pays-gapencais\\\/#\\\/schema\\\/person\\\/f04b4317576a566640b52fd10cb73f42\"},\"headline\":\"Un nouveau refuge : l&rsquo;IME de Bois St Jean\",\"datePublished\":\"2019-03-21T20:06:49+00:00\",\"dateModified\":\"2023-05-09T08:45:14+00:00\",\"mainEntityOfPage\":{\"@id\":\"https:\\\/\\\/paca.lpo.fr\\\/blogs\\\/pays-gapencais\\\/2019\\\/03\\\/21\\\/un-nouveau-refuge-lime-de-bois-st-jean\\\/\"},\"wordCount\":170,\"commentCount\":1,\"publisher\":{\"@id\":\"https:\\\/\\\/paca.lpo.fr\\\/blogs\\\/pays-gapencais\\\/#organization\"},\"image\":{\"@id\":\"https:\\\/\\\/paca.lpo.fr\\\/blogs\\\/pays-gapencais\\\/2019\\\/03\\\/21\\\/un-nouveau-refuge-lime-de-bois-st-jean\\\/#primaryimage\"},\"thumbnailUrl\":\"http:\\\/\\\/paca.lpo.fr\\\/blogs\\\/pays-gapencais\\\/files\\\/2019\\\/03\\\/couleursrd.jpg\",\"inLanguage\":\"fr-FR\",\"potentialAction\":[{\"@type\":\"CommentAction\",\"name\":\"Comment\",\"target\":[\"https:\\\/\\\/paca.lpo.fr\\\/blogs\\\/pays-gapencais\\\/2019\\\/03\\\/21\\\/un-nouveau-refuge-lime-de-bois-st-jean\\\/#respond\"]}]},{\"@type\":\"WebPage\",\"@id\":\"https:\\\/\\\/paca.lpo.fr\\\/blogs\\\/pays-gapencais\\\/2019\\\/03\\\/21\\\/un-nouveau-refuge-lime-de-bois-st-jean\\\/\",\"url\":\"https:\\\/\\\/paca.lpo.fr\\\/blogs\\\/pays-gapencais\\\/2019\\\/03\\\/21\\\/un-nouveau-refuge-lime-de-bois-st-jean\\\/\",\"name\":\"Un nouveau refuge : l'IME de Bois St Jean - Groupe local Pays Gapen\u00e7ais\",\"isPartOf\":{\"@id\":\"https:\\\/\\\/paca.lpo.fr\\\/blogs\\\/pays-gapencais\\\/#website\"},\"primaryImageOfPage\":{\"@id\":\"https:\\\/\\\/paca.lpo.fr\\\/blogs\\\/pays-gapencais\\\/2019\\\/03\\\/21\\\/un-nouveau-refuge-lime-de-bois-st-jean\\\/#primaryimage\"},\"image\":{\"@id\":\"https:\\\/\\\/paca.lpo.fr\\\/blogs\\\/pays-gapencais\\\/2019\\\/03\\\/21\\\/un-nouveau-refuge-lime-de-bois-st-jean\\\/#primaryimage\"},\"thumbnailUrl\":\"http:\\\/\\\/paca.lpo.fr\\\/blogs\\\/pays-gapencais\\\/files\\\/2019\\\/03\\\/couleursrd.jpg\",\"datePublished\":\"2019-03-21T20:06:49+00:00\",\"dateModified\":\"2023-05-09T08:45:14+00:00\",\"breadcrumb\":{\"@id\":\"https:\\\/\\\/paca.lpo.fr\\\/blogs\\\/pays-gapencais\\\/2019\\\/03\\\/21\\\/un-nouveau-refuge-lime-de-bois-st-jean\\\/#breadcrumb\"},\"inLanguage\":\"fr-FR\",\"potentialAction\":[{\"@type\":\"ReadAction\",\"target\":[\"https:\\\/\\\/paca.lpo.fr\\\/blogs\\\/pays-gapencais\\\/2019\\\/03\\\/21\\\/un-nouveau-refuge-lime-de-bois-st-jean\\\/\"]}]},{\"@type\":\"ImageObject\",\"inLanguage\":\"fr-FR\",\"@id\":\"https:\\\/\\\/paca.lpo.fr\\\/blogs\\\/pays-gapencais\\\/2019\\\/03\\\/21\\\/un-nouveau-refuge-lime-de-bois-st-jean\\\/#primaryimage\",\"url\":\"http:\\\/\\\/paca.lpo.fr\\\/blogs\\\/pays-gapencais\\\/files\\\/2019\\\/03\\\/couleursrd.jpg\",\"contentUrl\":\"http:\\\/\\\/paca.lpo.fr\\\/blogs\\\/pays-gapencais\\\/files\\\/2019\\\/03\\\/couleursrd.jpg\"},{\"@type\":\"BreadcrumbList\",\"@id\":\"https:\\\/\\\/paca.lpo.fr\\\/blogs\\\/pays-gapencais\\\/2019\\\/03\\\/21\\\/un-nouveau-refuge-lime-de-bois-st-jean\\\/#breadcrumb\",\"itemListElement\":[{\"@type\":\"ListItem\",\"position\":1,\"name\":\"Accueil\",\"item\":\"https:\\\/\\\/paca.lpo.fr\\\/blogs\\\/pays-gapencais\\\/\"},{\"@type\":\"ListItem\",\"position\":2,\"name\":\"Un nouveau refuge : l&rsquo;IME de Bois St Jean\"}]},{\"@type\":\"WebSite\",\"@id\":\"https:\\\/\\\/paca.lpo.fr\\\/blogs\\\/pays-gapencais\\\/#website\",\"url\":\"https:\\\/\\\/paca.lpo.fr\\\/blogs\\\/pays-gapencais\\\/\",\"name\":\"Groupe local Pays Gapen\u00e7ais\",\"description\":\"Groupe local Pays Gapen\u00e7ais\",\"publisher\":{\"@id\":\"https:\\\/\\\/paca.lpo.fr\\\/blogs\\\/pays-gapencais\\\/#organization\"},\"potentialAction\":[{\"@type\":\"SearchAction\",\"target\":{\"@type\":\"EntryPoint\",\"urlTemplate\":\"https:\\\/\\\/paca.lpo.fr\\\/blogs\\\/pays-gapencais\\\/?s={search_term_string}\"},\"query-input\":{\"@type\":\"PropertyValueSpecification\",\"valueRequired\":true,\"valueName\":\"search_term_string\"}}],\"inLanguage\":\"fr-FR\"},{\"@type\":\"Organization\",\"@id\":\"https:\\\/\\\/paca.lpo.fr\\\/blogs\\\/pays-gapencais\\\/#organization\",\"name\":\"Groupe local Pays Gapen\u00e7ais\",\"url\":\"https:\\\/\\\/paca.lpo.fr\\\/blogs\\\/pays-gapencais\\\/\",\"logo\":{\"@type\":\"ImageObject\",\"inLanguage\":\"fr-FR\",\"@id\":\"https:\\\/\\\/paca.lpo.fr\\\/blogs\\\/pays-gapencais\\\/#\\\/schema\\\/logo\\\/image\\\/\",\"url\":\"https:\\\/\\\/paca.lpo.fr\\\/blogs\\\/pays-gapencais\\\/files\\\/2024\\\/01\\\/cropped-rvb-lpo-paca-logotype-signature-droite-mini-500.jpg\",\"contentUrl\":\"https:\\\/\\\/paca.lpo.fr\\\/blogs\\\/pays-gapencais\\\/files\\\/2024\\\/01\\\/cropped-rvb-lpo-paca-logotype-signature-droite-mini-500.jpg\",\"width\":500,\"height\":210,\"caption\":\"Groupe local Pays Gapen\u00e7ais\"},\"image\":{\"@id\":\"https:\\\/\\\/paca.lpo.fr\\\/blogs\\\/pays-gapencais\\\/#\\\/schema\\\/logo\\\/image\\\/\"}},{\"@type\":\"Person\",\"@id\":\"https:\\\/\\\/paca.lpo.fr\\\/blogs\\\/pays-gapencais\\\/#\\\/schema\\\/person\\\/f04b4317576a566640b52fd10cb73f42\",\"name\":\"LPO Pays Gapen\u00e7ais\",\"image\":{\"@type\":\"ImageObject\",\"inLanguage\":\"fr-FR\",\"@id\":\"https:\\\/\\\/secure.gravatar.com\\\/avatar\\\/0ad60f70598d35f5834aaa24844d0685f1c44e5307491303924c152e7ee710eb?s=96&d=mm&r=g\",\"url\":\"https:\\\/\\\/secure.gravatar.com\\\/avatar\\\/0ad60f70598d35f5834aaa24844d0685f1c44e5307491303924c152e7ee710eb?s=96&d=mm&r=g\",\"contentUrl\":\"https:\\\/\\\/secure.gravatar.com\\\/avatar\\\/0ad60f70598d35f5834aaa24844d0685f1c44e5307491303924c152e7ee710eb?s=96&d=mm&r=g\",\"caption\":\"LPO Pays Gapen\u00e7ais\"},\"url\":\"http:\\\/\\\/paca.lpo.fr\\\/blogs\\\/pays-gapencais\\\/author\\\/paysgapencais\\\/\"}]}<\/script>\n<!-- \/ Yoast SEO plugin. -->","yoast_head_json":{"title":"Un nouveau refuge : l'IME de Bois St Jean - Groupe local Pays Gapen\u00e7ais","robots":{"index":"index","follow":"follow","max-snippet":"max-snippet:-1","max-image-preview":"max-image-preview:large","max-video-preview":"max-video-preview:-1"},"canonical":"https:\/\/paca.lpo.fr\/blogs\/pays-gapencais\/2019\/03\/21\/un-nouveau-refuge-lime-de-bois-st-jean\/","og_locale":"fr_FR","og_type":"article","og_title":"Un nouveau refuge : l'IME de Bois St Jean - Groupe local Pays Gapen\u00e7ais","og_description":"En ce premier jour de printemps, nous \u00e9tions \u00ab\u00a0Tous en for\u00eat\u00a0\u00bb avec 150 enfants et autant d&rsquo;adultes des IME de la r\u00e9gion. Une rencontre festive orchestr\u00e9e par Julie, l&rsquo;animatrice en horticulture. Le Bois St Jean a \u00e9t\u00e9 am\u00e9nag\u00e9 pour l&rsquo;occasion afin de permettre \u00e0 tous de prendre un bon bol de nature et d&rsquo;exprimer ses [&hellip;]","og_url":"https:\/\/paca.lpo.fr\/blogs\/pays-gapencais\/2019\/03\/21\/un-nouveau-refuge-lime-de-bois-st-jean\/","og_site_name":"Groupe local Pays Gapen\u00e7ais","article_published_time":"2019-03-21T20:06:49+00:00","article_modified_time":"2023-05-09T08:45:14+00:00","og_image":[{"url":"http:\/\/paca.lpo.fr\/blogs\/pays-gapencais\/files\/2019\/03\/couleursrd.jpg","type":"","width":"","height":""}],"author":"LPO Pays Gapen\u00e7ais","twitter_card":"summary_large_image","twitter_misc":{"\u00c9crit par":"LPO Pays Gapen\u00e7ais","Dur\u00e9e de lecture estim\u00e9e":"1 minute"},"schema":{"@context":"https:\/\/schema.org","@graph":[{"@type":"Article","@id":"https:\/\/paca.lpo.fr\/blogs\/pays-gapencais\/2019\/03\/21\/un-nouveau-refuge-lime-de-bois-st-jean\/#article","isPartOf":{"@id":"https:\/\/paca.lpo.fr\/blogs\/pays-gapencais\/2019\/03\/21\/un-nouveau-refuge-lime-de-bois-st-jean\/"},"author":{"name":"LPO Pays Gapen\u00e7ais","@id":"https:\/\/paca.lpo.fr\/blogs\/pays-gapencais\/#\/schema\/person\/f04b4317576a566640b52fd10cb73f42"},"headline":"Un nouveau refuge : l&rsquo;IME de Bois St Jean","datePublished":"2019-03-21T20:06:49+00:00","dateModified":"2023-05-09T08:45:14+00:00","mainEntityOfPage":{"@id":"https:\/\/paca.lpo.fr\/blogs\/pays-gapencais\/2019\/03\/21\/un-nouveau-refuge-lime-de-bois-st-jean\/"},"wordCount":170,"commentCount":1,"publisher":{"@id":"https:\/\/paca.lpo.fr\/blogs\/pays-gapencais\/#organization"},"image":{"@id":"https:\/\/paca.lpo.fr\/blogs\/pays-gapencais\/2019\/03\/21\/un-nouveau-refuge-lime-de-bois-st-jean\/#primaryimage"},"thumbnailUrl":"http:\/\/paca.lpo.fr\/blogs\/pays-gapencais\/files\/2019\/03\/couleursrd.jpg","inLanguage":"fr-FR","potentialAction":[{"@type":"CommentAction","name":"Comment","target":["https:\/\/paca.lpo.fr\/blogs\/pays-gapencais\/2019\/03\/21\/un-nouveau-refuge-lime-de-bois-st-jean\/#respond"]}]},{"@type":"WebPage","@id":"https:\/\/paca.lpo.fr\/blogs\/pays-gapencais\/2019\/03\/21\/un-nouveau-refuge-lime-de-bois-st-jean\/","url":"https:\/\/paca.lpo.fr\/blogs\/pays-gapencais\/2019\/03\/21\/un-nouveau-refuge-lime-de-bois-st-jean\/","name":"Un nouveau refuge : l'IME de Bois St Jean - Groupe local Pays Gapen\u00e7ais","isPartOf":{"@id":"https:\/\/paca.lpo.fr\/blogs\/pays-gapencais\/#website"},"primaryImageOfPage":{"@id":"https:\/\/paca.lpo.fr\/blogs\/pays-gapencais\/2019\/03\/21\/un-nouveau-refuge-lime-de-bois-st-jean\/#primaryimage"},"image":{"@id":"https:\/\/paca.lpo.fr\/blogs\/pays-gapencais\/2019\/03\/21\/un-nouveau-refuge-lime-de-bois-st-jean\/#primaryimage"},"thumbnailUrl":"http:\/\/paca.lpo.fr\/blogs\/pays-gapencais\/files\/2019\/03\/couleursrd.jpg","datePublished":"2019-03-21T20:06:49+00:00","dateModified":"2023-05-09T08:45:14+00:00","breadcrumb":{"@id":"https:\/\/paca.lpo.fr\/blogs\/pays-gapencais\/2019\/03\/21\/un-nouveau-refuge-lime-de-bois-st-jean\/#breadcrumb"},"inLanguage":"fr-FR","potentialAction":[{"@type":"ReadAction","target":["https:\/\/paca.lpo.fr\/blogs\/pays-gapencais\/2019\/03\/21\/un-nouveau-refuge-lime-de-bois-st-jean\/"]}]},{"@type":"ImageObject","inLanguage":"fr-FR","@id":"https:\/\/paca.lpo.fr\/blogs\/pays-gapencais\/2019\/03\/21\/un-nouveau-refuge-lime-de-bois-st-jean\/#primaryimage","url":"http:\/\/paca.lpo.fr\/blogs\/pays-gapencais\/files\/2019\/03\/couleursrd.jpg","contentUrl":"http:\/\/paca.lpo.fr\/blogs\/pays-gapencais\/files\/2019\/03\/couleursrd.jpg"},{"@type":"BreadcrumbList","@id":"https:\/\/paca.lpo.fr\/blogs\/pays-gapencais\/2019\/03\/21\/un-nouveau-refuge-lime-de-bois-st-jean\/#breadcrumb","itemListElement":[{"@type":"ListItem","position":1,"name":"Accueil","item":"https:\/\/paca.lpo.fr\/blogs\/pays-gapencais\/"},{"@type":"ListItem","position":2,"name":"Un nouveau refuge : l&rsquo;IME de Bois St Jean"}]},{"@type":"WebSite","@id":"https:\/\/paca.lpo.fr\/blogs\/pays-gapencais\/#website","url":"https:\/\/paca.lpo.fr\/blogs\/pays-gapencais\/","name":"Groupe local Pays Gapen\u00e7ais","description":"Groupe local Pays Gapen\u00e7ais","publisher":{"@id":"https:\/\/paca.lpo.fr\/blogs\/pays-gapencais\/#organization"},"potentialAction":[{"@type":"SearchAction","target":{"@type":"EntryPoint","urlTemplate":"https:\/\/paca.lpo.fr\/blogs\/pays-gapencais\/?s={search_term_string}"},"query-input":{"@type":"PropertyValueSpecification","valueRequired":true,"valueName":"search_term_string"}}],"inLanguage":"fr-FR"},{"@type":"Organization","@id":"https:\/\/paca.lpo.fr\/blogs\/pays-gapencais\/#organization","name":"Groupe local Pays Gapen\u00e7ais","url":"https:\/\/paca.lpo.fr\/blogs\/pays-gapencais\/","logo":{"@type":"ImageObject","inLanguage":"fr-FR","@id":"https:\/\/paca.lpo.fr\/blogs\/pays-gapencais\/#\/schema\/logo\/image\/","url":"https:\/\/paca.lpo.fr\/blogs\/pays-gapencais\/files\/2024\/01\/cropped-rvb-lpo-paca-logotype-signature-droite-mini-500.jpg","contentUrl":"https:\/\/paca.lpo.fr\/blogs\/pays-gapencais\/files\/2024\/01\/cropped-rvb-lpo-paca-logotype-signature-droite-mini-500.jpg","width":500,"height":210,"caption":"Groupe local Pays Gapen\u00e7ais"},"image":{"@id":"https:\/\/paca.lpo.fr\/blogs\/pays-gapencais\/#\/schema\/logo\/image\/"}},{"@type":"Person","@id":"https:\/\/paca.lpo.fr\/blogs\/pays-gapencais\/#\/schema\/person\/f04b4317576a566640b52fd10cb73f42","name":"LPO Pays Gapen\u00e7ais","image":{"@type":"ImageObject","inLanguage":"fr-FR","@id":"https:\/\/secure.gravatar.com\/avatar\/0ad60f70598d35f5834aaa24844d0685f1c44e5307491303924c152e7ee710eb?s=96&d=mm&r=g","url":"https:\/\/secure.gravatar.com\/avatar\/0ad60f70598d35f5834aaa24844d0685f1c44e5307491303924c152e7ee710eb?s=96&d=mm&r=g","contentUrl":"https:\/\/secure.gravatar.com\/avatar\/0ad60f70598d35f5834aaa24844d0685f1c44e5307491303924c152e7ee710eb?s=96&d=mm&r=g","caption":"LPO Pays Gapen\u00e7ais"},"url":"http:\/\/paca.lpo.fr\/blogs\/pays-gapencais\/author\/paysgapencais\/"}]}},"jetpack_featured_media_url":"","_links":{"self":[{"href":"http:\/\/paca.lpo.fr\/blogs\/pays-gapencais\/wp-json\/wp\/v2\/posts\/730","targetHints":{"allow":["GET"]}}],"collection":[{"href":"http:\/\/paca.lpo.fr\/blogs\/pays-gapencais\/wp-json\/wp\/v2\/posts"}],"about":[{"href":"http:\/\/paca.lpo.fr\/blogs\/pays-gapencais\/wp-json\/wp\/v2\/types\/post"}],"author":[{"embeddable":true,"href":"http:\/\/paca.lpo.fr\/blogs\/pays-gapencais\/wp-json\/wp\/v2\/users\/20"}],"replies":[{"embeddable":true,"href":"http:\/\/paca.lpo.fr\/blogs\/pays-gapencais\/wp-json\/wp\/v2\/comments?post=730"}],"version-history":[{"count":3,"href":"http:\/\/paca.lpo.fr\/blogs\/pays-gapencais\/wp-json\/wp\/v2\/posts\/730\/revisions"}],"predecessor-version":[{"id":1100,"href":"http:\/\/paca.lpo.fr\/blogs\/pays-gapencais\/wp-json\/wp\/v2\/posts\/730\/revisions\/1100"}],"wp:attachment":[{"href":"http:\/\/paca.lpo.fr\/blogs\/pays-gapencais\/wp-json\/wp\/v2\/media?parent=730"}],"wp:term":[{"taxonomy":"category","embeddable":true,"href":"http:\/\/paca.lpo.fr\/blogs\/pays-gapencais\/wp-json\/wp\/v2\/categories?post=730"},{"taxonomy":"post_tag","embeddable":true,"href":"http:\/\/paca.lpo.fr\/blogs\/pays-gapencais\/wp-json\/wp\/v2\/tags?post=730"}],"curies":[{"name":"wp","href":"https:\/\/api.w.org\/{rel}","templated":true}]}}