{"id":754,"date":"2019-05-24T19:35:20","date_gmt":"2019-05-24T19:35:20","guid":{"rendered":"http:\/\/paca.lpo.fr\/blogs\/pays-gapencais\/?p=754"},"modified":"2019-05-24T19:41:18","modified_gmt":"2019-05-24T19:41:18","slug":"inauguration-du-refuge-lpo-du-site-des-piles","status":"publish","type":"post","link":"http:\/\/paca.lpo.fr\/blogs\/pays-gapencais\/2019\/05\/24\/inauguration-du-refuge-lpo-du-site-des-piles\/","title":{"rendered":"Inauguration du refuge LPO du site des Piles"},"content":{"rendered":"\n<p>Le jeudi 23 mai 2019, Allain BOUGRAIN-DUBOURG, Benjamin Kabouche, les salari\u00e9s et b\u00e9n\u00e9voles des Hautes-Alpes et des Alpes de Haute-Provence \u00a0\u00e9taient rassembl\u00e9s \u00e0 La Saulce (05) pour r\u00e9pondre \u00e0 l&rsquo;invitation de l&rsquo;entreprise Vinci-Escota qui a finalis\u00e9 la mise en refuge LPO du site des Piles.<\/p>\n<p>Apr\u00e8s les discours et la collation, le groupe s&rsquo;est d\u00e9plac\u00e9 sur la zone humide afin de visiter &#8211; et d&rsquo;exp\u00e9rimenter &#8211; la mare p\u00e9dagogique puis le passage \u00e0 faune.<\/p>\n<p>Voici un diaporama r\u00e9alis\u00e9 avec les photos de Georges Papegay :<\/p>\n<p><a href=\"https:\/\/photos.app.goo.gl\/29Mp7UFdRZw7uCudA\">https:\/\/photos.app.goo.gl\/29Mp7UFdRZw7uCudA<\/a><\/p>\n","protected":false},"excerpt":{"rendered":"","protected":false},"author":20,"featured_media":0,"comment_status":"open","ping_status":"open","sticky":false,"template":"","format":"standard","meta":{"footnotes":""},"categories":[1],"tags":[],"class_list":["post-754","post","type-post","status-publish","format-standard","hentry","category-non-classe"],"yoast_head":"<!-- This site is optimized with the Yoast SEO plugin v28.3 - https:\/\/yoast.com\/product\/yoast-seo-wordpress\/ -->\n<title>Inauguration du refuge LPO du site des Piles - Groupe local Pays Gapen\u00e7ais<\/title>\n<meta name=\"robots\" content=\"index, follow, max-snippet:-1, max-image-preview:large, max-video-preview:-1\" \/>\n<link rel=\"canonical\" href=\"http:\/\/paca.lpo.fr\/blogs\/pays-gapencais\/2019\/05\/24\/inauguration-du-refuge-lpo-du-site-des-piles\/\" \/>\n<meta property=\"og:locale\" content=\"fr_FR\" \/>\n<meta property=\"og:type\" content=\"article\" \/>\n<meta property=\"og:title\" content=\"Inauguration du refuge LPO du site des Piles - Groupe local Pays Gapen\u00e7ais\" \/>\n<meta property=\"og:url\" content=\"http:\/\/paca.lpo.fr\/blogs\/pays-gapencais\/2019\/05\/24\/inauguration-du-refuge-lpo-du-site-des-piles\/\" \/>\n<meta property=\"og:site_name\" content=\"Groupe local Pays Gapen\u00e7ais\" \/>\n<meta property=\"article:published_time\" content=\"2019-05-24T19:35:20+00:00\" \/>\n<meta property=\"article:modified_time\" content=\"2019-05-24T19:41:18+00:00\" \/>\n<meta name=\"author\" content=\"LPO Pays Gapen\u00e7ais\" \/>\n<meta name=\"twitter:card\" content=\"summary_large_image\" \/>\n<meta name=\"twitter:label1\" content=\"\u00c9crit par\" \/>\n\t<meta name=\"twitter:data1\" content=\"LPO Pays Gapen\u00e7ais\" \/>\n<script type=\"application\/ld+json\" class=\"yoast-schema-graph\">{\"@context\":\"https:\\\/\\\/schema.org\",\"@graph\":[{\"@type\":\"Article\",\"@id\":\"http:\\\/\\\/paca.lpo.fr\\\/blogs\\\/pays-gapencais\\\/2019\\\/05\\\/24\\\/inauguration-du-refuge-lpo-du-site-des-piles\\\/#article\",\"isPartOf\":{\"@id\":\"http:\\\/\\\/paca.lpo.fr\\\/blogs\\\/pays-gapencais\\\/2019\\\/05\\\/24\\\/inauguration-du-refuge-lpo-du-site-des-piles\\\/\"},\"author\":{\"name\":\"LPO Pays Gapen\u00e7ais\",\"@id\":\"https:\\\/\\\/paca.lpo.fr\\\/blogs\\\/pays-gapencais\\\/#\\\/schema\\\/person\\\/f04b4317576a566640b52fd10cb73f42\"},\"headline\":\"Inauguration du refuge LPO du site des Piles\",\"datePublished\":\"2019-05-24T19:35:20+00:00\",\"dateModified\":\"2019-05-24T19:41:18+00:00\",\"mainEntityOfPage\":{\"@id\":\"http:\\\/\\\/paca.lpo.fr\\\/blogs\\\/pays-gapencais\\\/2019\\\/05\\\/24\\\/inauguration-du-refuge-lpo-du-site-des-piles\\\/\"},\"wordCount\":108,\"commentCount\":0,\"publisher\":{\"@id\":\"https:\\\/\\\/paca.lpo.fr\\\/blogs\\\/pays-gapencais\\\/#organization\"},\"inLanguage\":\"fr-FR\",\"potentialAction\":[{\"@type\":\"CommentAction\",\"name\":\"Comment\",\"target\":[\"http:\\\/\\\/paca.lpo.fr\\\/blogs\\\/pays-gapencais\\\/2019\\\/05\\\/24\\\/inauguration-du-refuge-lpo-du-site-des-piles\\\/#respond\"]}]},{\"@type\":\"WebPage\",\"@id\":\"http:\\\/\\\/paca.lpo.fr\\\/blogs\\\/pays-gapencais\\\/2019\\\/05\\\/24\\\/inauguration-du-refuge-lpo-du-site-des-piles\\\/\",\"url\":\"http:\\\/\\\/paca.lpo.fr\\\/blogs\\\/pays-gapencais\\\/2019\\\/05\\\/24\\\/inauguration-du-refuge-lpo-du-site-des-piles\\\/\",\"name\":\"Inauguration du refuge LPO du site des Piles - Groupe local Pays Gapen\u00e7ais\",\"isPartOf\":{\"@id\":\"https:\\\/\\\/paca.lpo.fr\\\/blogs\\\/pays-gapencais\\\/#website\"},\"datePublished\":\"2019-05-24T19:35:20+00:00\",\"dateModified\":\"2019-05-24T19:41:18+00:00\",\"breadcrumb\":{\"@id\":\"http:\\\/\\\/paca.lpo.fr\\\/blogs\\\/pays-gapencais\\\/2019\\\/05\\\/24\\\/inauguration-du-refuge-lpo-du-site-des-piles\\\/#breadcrumb\"},\"inLanguage\":\"fr-FR\",\"potentialAction\":[{\"@type\":\"ReadAction\",\"target\":[\"http:\\\/\\\/paca.lpo.fr\\\/blogs\\\/pays-gapencais\\\/2019\\\/05\\\/24\\\/inauguration-du-refuge-lpo-du-site-des-piles\\\/\"]}]},{\"@type\":\"BreadcrumbList\",\"@id\":\"http:\\\/\\\/paca.lpo.fr\\\/blogs\\\/pays-gapencais\\\/2019\\\/05\\\/24\\\/inauguration-du-refuge-lpo-du-site-des-piles\\\/#breadcrumb\",\"itemListElement\":[{\"@type\":\"ListItem\",\"position\":1,\"name\":\"Accueil\",\"item\":\"https:\\\/\\\/paca.lpo.fr\\\/blogs\\\/pays-gapencais\\\/\"},{\"@type\":\"ListItem\",\"position\":2,\"name\":\"Inauguration du refuge LPO du site des Piles\"}]},{\"@type\":\"WebSite\",\"@id\":\"https:\\\/\\\/paca.lpo.fr\\\/blogs\\\/pays-gapencais\\\/#website\",\"url\":\"https:\\\/\\\/paca.lpo.fr\\\/blogs\\\/pays-gapencais\\\/\",\"name\":\"Groupe local Pays Gapen\u00e7ais\",\"description\":\"Groupe local Pays Gapen\u00e7ais\",\"publisher\":{\"@id\":\"https:\\\/\\\/paca.lpo.fr\\\/blogs\\\/pays-gapencais\\\/#organization\"},\"potentialAction\":[{\"@type\":\"SearchAction\",\"target\":{\"@type\":\"EntryPoint\",\"urlTemplate\":\"https:\\\/\\\/paca.lpo.fr\\\/blogs\\\/pays-gapencais\\\/?s={search_term_string}\"},\"query-input\":{\"@type\":\"PropertyValueSpecification\",\"valueRequired\":true,\"valueName\":\"search_term_string\"}}],\"inLanguage\":\"fr-FR\"},{\"@type\":\"Organization\",\"@id\":\"https:\\\/\\\/paca.lpo.fr\\\/blogs\\\/pays-gapencais\\\/#organization\",\"name\":\"Groupe local Pays Gapen\u00e7ais\",\"url\":\"https:\\\/\\\/paca.lpo.fr\\\/blogs\\\/pays-gapencais\\\/\",\"logo\":{\"@type\":\"ImageObject\",\"inLanguage\":\"fr-FR\",\"@id\":\"https:\\\/\\\/paca.lpo.fr\\\/blogs\\\/pays-gapencais\\\/#\\\/schema\\\/logo\\\/image\\\/\",\"url\":\"https:\\\/\\\/paca.lpo.fr\\\/blogs\\\/pays-gapencais\\\/files\\\/2024\\\/01\\\/cropped-rvb-lpo-paca-logotype-signature-droite-mini-500.jpg\",\"contentUrl\":\"https:\\\/\\\/paca.lpo.fr\\\/blogs\\\/pays-gapencais\\\/files\\\/2024\\\/01\\\/cropped-rvb-lpo-paca-logotype-signature-droite-mini-500.jpg\",\"width\":500,\"height\":210,\"caption\":\"Groupe local Pays Gapen\u00e7ais\"},\"image\":{\"@id\":\"https:\\\/\\\/paca.lpo.fr\\\/blogs\\\/pays-gapencais\\\/#\\\/schema\\\/logo\\\/image\\\/\"}},{\"@type\":\"Person\",\"@id\":\"https:\\\/\\\/paca.lpo.fr\\\/blogs\\\/pays-gapencais\\\/#\\\/schema\\\/person\\\/f04b4317576a566640b52fd10cb73f42\",\"name\":\"LPO Pays Gapen\u00e7ais\",\"image\":{\"@type\":\"ImageObject\",\"inLanguage\":\"fr-FR\",\"@id\":\"https:\\\/\\\/secure.gravatar.com\\\/avatar\\\/0ad60f70598d35f5834aaa24844d0685f1c44e5307491303924c152e7ee710eb?s=96&d=mm&r=g\",\"url\":\"https:\\\/\\\/secure.gravatar.com\\\/avatar\\\/0ad60f70598d35f5834aaa24844d0685f1c44e5307491303924c152e7ee710eb?s=96&d=mm&r=g\",\"contentUrl\":\"https:\\\/\\\/secure.gravatar.com\\\/avatar\\\/0ad60f70598d35f5834aaa24844d0685f1c44e5307491303924c152e7ee710eb?s=96&d=mm&r=g\",\"caption\":\"LPO Pays Gapen\u00e7ais\"},\"url\":\"http:\\\/\\\/paca.lpo.fr\\\/blogs\\\/pays-gapencais\\\/author\\\/paysgapencais\\\/\"}]}<\/script>\n<!-- \/ Yoast SEO plugin. -->","yoast_head_json":{"title":"Inauguration du refuge LPO du site des Piles - Groupe local Pays Gapen\u00e7ais","robots":{"index":"index","follow":"follow","max-snippet":"max-snippet:-1","max-image-preview":"max-image-preview:large","max-video-preview":"max-video-preview:-1"},"canonical":"http:\/\/paca.lpo.fr\/blogs\/pays-gapencais\/2019\/05\/24\/inauguration-du-refuge-lpo-du-site-des-piles\/","og_locale":"fr_FR","og_type":"article","og_title":"Inauguration du refuge LPO du site des Piles - Groupe local Pays Gapen\u00e7ais","og_url":"http:\/\/paca.lpo.fr\/blogs\/pays-gapencais\/2019\/05\/24\/inauguration-du-refuge-lpo-du-site-des-piles\/","og_site_name":"Groupe local Pays Gapen\u00e7ais","article_published_time":"2019-05-24T19:35:20+00:00","article_modified_time":"2019-05-24T19:41:18+00:00","author":"LPO Pays Gapen\u00e7ais","twitter_card":"summary_large_image","twitter_misc":{"\u00c9crit par":"LPO Pays Gapen\u00e7ais"},"schema":{"@context":"https:\/\/schema.org","@graph":[{"@type":"Article","@id":"http:\/\/paca.lpo.fr\/blogs\/pays-gapencais\/2019\/05\/24\/inauguration-du-refuge-lpo-du-site-des-piles\/#article","isPartOf":{"@id":"http:\/\/paca.lpo.fr\/blogs\/pays-gapencais\/2019\/05\/24\/inauguration-du-refuge-lpo-du-site-des-piles\/"},"author":{"name":"LPO Pays Gapen\u00e7ais","@id":"https:\/\/paca.lpo.fr\/blogs\/pays-gapencais\/#\/schema\/person\/f04b4317576a566640b52fd10cb73f42"},"headline":"Inauguration du refuge LPO du site des Piles","datePublished":"2019-05-24T19:35:20+00:00","dateModified":"2019-05-24T19:41:18+00:00","mainEntityOfPage":{"@id":"http:\/\/paca.lpo.fr\/blogs\/pays-gapencais\/2019\/05\/24\/inauguration-du-refuge-lpo-du-site-des-piles\/"},"wordCount":108,"commentCount":0,"publisher":{"@id":"https:\/\/paca.lpo.fr\/blogs\/pays-gapencais\/#organization"},"inLanguage":"fr-FR","potentialAction":[{"@type":"CommentAction","name":"Comment","target":["http:\/\/paca.lpo.fr\/blogs\/pays-gapencais\/2019\/05\/24\/inauguration-du-refuge-lpo-du-site-des-piles\/#respond"]}]},{"@type":"WebPage","@id":"http:\/\/paca.lpo.fr\/blogs\/pays-gapencais\/2019\/05\/24\/inauguration-du-refuge-lpo-du-site-des-piles\/","url":"http:\/\/paca.lpo.fr\/blogs\/pays-gapencais\/2019\/05\/24\/inauguration-du-refuge-lpo-du-site-des-piles\/","name":"Inauguration du refuge LPO du site des Piles - Groupe local Pays Gapen\u00e7ais","isPartOf":{"@id":"https:\/\/paca.lpo.fr\/blogs\/pays-gapencais\/#website"},"datePublished":"2019-05-24T19:35:20+00:00","dateModified":"2019-05-24T19:41:18+00:00","breadcrumb":{"@id":"http:\/\/paca.lpo.fr\/blogs\/pays-gapencais\/2019\/05\/24\/inauguration-du-refuge-lpo-du-site-des-piles\/#breadcrumb"},"inLanguage":"fr-FR","potentialAction":[{"@type":"ReadAction","target":["http:\/\/paca.lpo.fr\/blogs\/pays-gapencais\/2019\/05\/24\/inauguration-du-refuge-lpo-du-site-des-piles\/"]}]},{"@type":"BreadcrumbList","@id":"http:\/\/paca.lpo.fr\/blogs\/pays-gapencais\/2019\/05\/24\/inauguration-du-refuge-lpo-du-site-des-piles\/#breadcrumb","itemListElement":[{"@type":"ListItem","position":1,"name":"Accueil","item":"https:\/\/paca.lpo.fr\/blogs\/pays-gapencais\/"},{"@type":"ListItem","position":2,"name":"Inauguration du refuge LPO du site des Piles"}]},{"@type":"WebSite","@id":"https:\/\/paca.lpo.fr\/blogs\/pays-gapencais\/#website","url":"https:\/\/paca.lpo.fr\/blogs\/pays-gapencais\/","name":"Groupe local Pays Gapen\u00e7ais","description":"Groupe local Pays Gapen\u00e7ais","publisher":{"@id":"https:\/\/paca.lpo.fr\/blogs\/pays-gapencais\/#organization"},"potentialAction":[{"@type":"SearchAction","target":{"@type":"EntryPoint","urlTemplate":"https:\/\/paca.lpo.fr\/blogs\/pays-gapencais\/?s={search_term_string}"},"query-input":{"@type":"PropertyValueSpecification","valueRequired":true,"valueName":"search_term_string"}}],"inLanguage":"fr-FR"},{"@type":"Organization","@id":"https:\/\/paca.lpo.fr\/blogs\/pays-gapencais\/#organization","name":"Groupe local Pays Gapen\u00e7ais","url":"https:\/\/paca.lpo.fr\/blogs\/pays-gapencais\/","logo":{"@type":"ImageObject","inLanguage":"fr-FR","@id":"https:\/\/paca.lpo.fr\/blogs\/pays-gapencais\/#\/schema\/logo\/image\/","url":"https:\/\/paca.lpo.fr\/blogs\/pays-gapencais\/files\/2024\/01\/cropped-rvb-lpo-paca-logotype-signature-droite-mini-500.jpg","contentUrl":"https:\/\/paca.lpo.fr\/blogs\/pays-gapencais\/files\/2024\/01\/cropped-rvb-lpo-paca-logotype-signature-droite-mini-500.jpg","width":500,"height":210,"caption":"Groupe local Pays Gapen\u00e7ais"},"image":{"@id":"https:\/\/paca.lpo.fr\/blogs\/pays-gapencais\/#\/schema\/logo\/image\/"}},{"@type":"Person","@id":"https:\/\/paca.lpo.fr\/blogs\/pays-gapencais\/#\/schema\/person\/f04b4317576a566640b52fd10cb73f42","name":"LPO Pays Gapen\u00e7ais","image":{"@type":"ImageObject","inLanguage":"fr-FR","@id":"https:\/\/secure.gravatar.com\/avatar\/0ad60f70598d35f5834aaa24844d0685f1c44e5307491303924c152e7ee710eb?s=96&d=mm&r=g","url":"https:\/\/secure.gravatar.com\/avatar\/0ad60f70598d35f5834aaa24844d0685f1c44e5307491303924c152e7ee710eb?s=96&d=mm&r=g","contentUrl":"https:\/\/secure.gravatar.com\/avatar\/0ad60f70598d35f5834aaa24844d0685f1c44e5307491303924c152e7ee710eb?s=96&d=mm&r=g","caption":"LPO Pays Gapen\u00e7ais"},"url":"http:\/\/paca.lpo.fr\/blogs\/pays-gapencais\/author\/paysgapencais\/"}]}},"jetpack_featured_media_url":"","_links":{"self":[{"href":"http:\/\/paca.lpo.fr\/blogs\/pays-gapencais\/wp-json\/wp\/v2\/posts\/754","targetHints":{"allow":["GET"]}}],"collection":[{"href":"http:\/\/paca.lpo.fr\/blogs\/pays-gapencais\/wp-json\/wp\/v2\/posts"}],"about":[{"href":"http:\/\/paca.lpo.fr\/blogs\/pays-gapencais\/wp-json\/wp\/v2\/types\/post"}],"author":[{"embeddable":true,"href":"http:\/\/paca.lpo.fr\/blogs\/pays-gapencais\/wp-json\/wp\/v2\/users\/20"}],"replies":[{"embeddable":true,"href":"http:\/\/paca.lpo.fr\/blogs\/pays-gapencais\/wp-json\/wp\/v2\/comments?post=754"}],"version-history":[{"count":2,"href":"http:\/\/paca.lpo.fr\/blogs\/pays-gapencais\/wp-json\/wp\/v2\/posts\/754\/revisions"}],"predecessor-version":[{"id":757,"href":"http:\/\/paca.lpo.fr\/blogs\/pays-gapencais\/wp-json\/wp\/v2\/posts\/754\/revisions\/757"}],"wp:attachment":[{"href":"http:\/\/paca.lpo.fr\/blogs\/pays-gapencais\/wp-json\/wp\/v2\/media?parent=754"}],"wp:term":[{"taxonomy":"category","embeddable":true,"href":"http:\/\/paca.lpo.fr\/blogs\/pays-gapencais\/wp-json\/wp\/v2\/categories?post=754"},{"taxonomy":"post_tag","embeddable":true,"href":"http:\/\/paca.lpo.fr\/blogs\/pays-gapencais\/wp-json\/wp\/v2\/tags?post=754"}],"curies":[{"name":"wp","href":"https:\/\/api.w.org\/{rel}","templated":true}]}}