{"id":874,"date":"2020-05-07T18:49:12","date_gmt":"2020-05-07T18:49:12","guid":{"rendered":"http:\/\/paca.lpo.fr\/blogs\/pays-gapencais\/?p=874"},"modified":"2020-05-07T18:49:14","modified_gmt":"2020-05-07T18:49:14","slug":"consultation-du-public-relative-aux-3-plans-de-gestion-cynegetique-sangliers-galliformes-de-montagne-petite-faune-saison-2020-2021-et-sur-le-projet-darrete-prefectoral-douverture","status":"publish","type":"post","link":"http:\/\/paca.lpo.fr\/blogs\/pays-gapencais\/2020\/05\/07\/consultation-du-public-relative-aux-3-plans-de-gestion-cynegetique-sangliers-galliformes-de-montagne-petite-faune-saison-2020-2021-et-sur-le-projet-darrete-prefectoral-douverture\/","title":{"rendered":"Consultation du public relative aux 3 plans de gestion cyn\u00e9g\u00e9tique (sangliers, galliformes de montagne, petite faune) saison 2020-2021 et sur le projet d\u2019arr\u00eat\u00e9 pr\u00e9fectoral d\u2019ouverture et de cl\u00f4ture de la chasse saison 2020-2021"},"content":{"rendered":"\n\n\n<p class=\"has-text-color has-very-dark-gray-color\">La F\u00e9d\u00e9ration des chasseurs des Hautes-Alpes propose d\u2019assouplir encore un peu plus les possibilit\u00e9s de la chasse du Lagop\u00e8de alpin en proposant <strong>2% de pr\u00e9l\u00e8vement de l\u2019esp\u00e8ce<\/strong>\u00a0alors que les dispositions ant\u00e9rieures pr\u00e9voyaient des pr\u00e9l\u00e8vements anecdotiques.<\/p>\n<p class=\"has-text-color has-very-dark-gray-color\">Une <strong>consultation publique\u00a0<\/strong>est ouverte sur le site internet de la Pr\u00e9fecture des Hautes-Alpes pour recueillir les avis de chacun avant de valider ces nouveaux plans de chasse. <strong style=\"font-size: inherit\">Chacun peut y exprimer son opinion.<\/strong><\/p>\n<p class=\"has-text-color has-very-dark-gray-color\">Nous vous invitons \u00e0 donner un <strong>avis d\u00e9favorable<\/strong> au plan de gestion cyn\u00e9g\u00e9tique des Galliformes de montagne qui affecte notamment les populations de Lagop\u00e8de Alpin en danger de disparition selon\u00a0 la liste rouge Paca de l&rsquo;UICN en cours de publication . La LPO s\u2019oppose \u00e0 la destruction de cette esp\u00e8ce toujours chassable et exige sa protection \u00e0 long terme.<\/p>\n<p class=\"has-text-color has-very-dark-gray-color\"><strong>Vous pouvez exprimer votre d\u00e9sapprobation en participant \u00e0 cette consultation publique avant le 25 mai 2020 sur le site de la Pr\u00e9fecture (lien ci-dessous)<\/strong> pour d\u00e9fendre cette nouvelle atteinte \u00e0 la biodiversit\u00e9 et la chasse de cette esp\u00e8ce patrimoniale de nos montagnes.\u00a0<\/p>\n<p>Voici le lien de la consultation chasse :\u00a0<\/p>\n<p><a href=\"http:\/\/www.hautes-alpes.gouv.fr\/consultation-du-public-preparation-de-la-saison-de-a2940.html\">http:\/\/www.hautes-alpes.gouv.fr\/consultation-du-public-preparation-de-la-saison-de-a2940.html<\/a><\/p>\n<p class=\"has-text-color has-background has-very-dark-gray-color\"><strong>Dans la r\u00e9daction de votre avis, il est conseill\u00e9 de demander pour le Lagop\u00e8de alpin une suspension d\u00e9finitive de la chasse de cette esp\u00e8ce dans les Hautes-Alpes, tout comme la G\u00e9linotte des bois.<\/strong><\/p>\n","protected":false},"excerpt":{"rendered":"","protected":false},"author":20,"featured_media":0,"comment_status":"open","ping_status":"open","sticky":false,"template":"","format":"standard","meta":{"footnotes":""},"categories":[1],"tags":[],"class_list":["post-874","post","type-post","status-publish","format-standard","hentry","category-non-classe"],"yoast_head":"<!-- This site is optimized with the Yoast SEO plugin v28.3 - https:\/\/yoast.com\/product\/yoast-seo-wordpress\/ -->\n<title>Consultation du public relative aux 3 plans de gestion cyn\u00e9g\u00e9tique (sangliers, galliformes de montagne, petite faune) saison 2020-2021 et sur le projet d\u2019arr\u00eat\u00e9 pr\u00e9fectoral d\u2019ouverture et de cl\u00f4ture de la chasse saison 2020-2021 - Groupe local Pays Gapen\u00e7ais<\/title>\n<meta name=\"robots\" content=\"index, follow, max-snippet:-1, max-image-preview:large, max-video-preview:-1\" \/>\n<link rel=\"canonical\" href=\"http:\/\/paca.lpo.fr\/blogs\/pays-gapencais\/2020\/05\/07\/consultation-du-public-relative-aux-3-plans-de-gestion-cynegetique-sangliers-galliformes-de-montagne-petite-faune-saison-2020-2021-et-sur-le-projet-darrete-prefectoral-douverture\/\" \/>\n<meta property=\"og:locale\" content=\"fr_FR\" \/>\n<meta property=\"og:type\" content=\"article\" \/>\n<meta property=\"og:title\" content=\"Consultation du public relative aux 3 plans de gestion cyn\u00e9g\u00e9tique (sangliers, galliformes de montagne, petite faune) saison 2020-2021 et sur le projet d\u2019arr\u00eat\u00e9 pr\u00e9fectoral d\u2019ouverture et de cl\u00f4ture de la chasse saison 2020-2021 - Groupe local Pays Gapen\u00e7ais\" \/>\n<meta property=\"og:url\" content=\"http:\/\/paca.lpo.fr\/blogs\/pays-gapencais\/2020\/05\/07\/consultation-du-public-relative-aux-3-plans-de-gestion-cynegetique-sangliers-galliformes-de-montagne-petite-faune-saison-2020-2021-et-sur-le-projet-darrete-prefectoral-douverture\/\" \/>\n<meta property=\"og:site_name\" content=\"Groupe local Pays Gapen\u00e7ais\" \/>\n<meta property=\"article:published_time\" content=\"2020-05-07T18:49:12+00:00\" \/>\n<meta property=\"article:modified_time\" content=\"2020-05-07T18:49:14+00:00\" \/>\n<meta name=\"author\" content=\"LPO Pays Gapen\u00e7ais\" \/>\n<meta name=\"twitter:card\" content=\"summary_large_image\" \/>\n<meta name=\"twitter:label1\" content=\"\u00c9crit par\" \/>\n\t<meta name=\"twitter:data1\" content=\"LPO Pays Gapen\u00e7ais\" \/>\n\t<meta name=\"twitter:label2\" content=\"Dur\u00e9e de lecture estim\u00e9e\" \/>\n\t<meta name=\"twitter:data2\" content=\"1 minute\" \/>\n<script type=\"application\/ld+json\" class=\"yoast-schema-graph\">{\"@context\":\"https:\\\/\\\/schema.org\",\"@graph\":[{\"@type\":\"Article\",\"@id\":\"http:\\\/\\\/paca.lpo.fr\\\/blogs\\\/pays-gapencais\\\/2020\\\/05\\\/07\\\/consultation-du-public-relative-aux-3-plans-de-gestion-cynegetique-sangliers-galliformes-de-montagne-petite-faune-saison-2020-2021-et-sur-le-projet-darrete-prefectoral-douverture\\\/#article\",\"isPartOf\":{\"@id\":\"http:\\\/\\\/paca.lpo.fr\\\/blogs\\\/pays-gapencais\\\/2020\\\/05\\\/07\\\/consultation-du-public-relative-aux-3-plans-de-gestion-cynegetique-sangliers-galliformes-de-montagne-petite-faune-saison-2020-2021-et-sur-le-projet-darrete-prefectoral-douverture\\\/\"},\"author\":{\"name\":\"LPO Pays Gapen\u00e7ais\",\"@id\":\"https:\\\/\\\/paca.lpo.fr\\\/blogs\\\/pays-gapencais\\\/#\\\/schema\\\/person\\\/f04b4317576a566640b52fd10cb73f42\"},\"headline\":\"Consultation du public relative aux 3 plans de gestion cyn\u00e9g\u00e9tique (sangliers, galliformes de montagne, petite faune) saison 2020-2021 et sur le projet d\u2019arr\u00eat\u00e9 pr\u00e9fectoral d\u2019ouverture et de cl\u00f4ture de la chasse saison 2020-2021\",\"datePublished\":\"2020-05-07T18:49:12+00:00\",\"dateModified\":\"2020-05-07T18:49:14+00:00\",\"mainEntityOfPage\":{\"@id\":\"http:\\\/\\\/paca.lpo.fr\\\/blogs\\\/pays-gapencais\\\/2020\\\/05\\\/07\\\/consultation-du-public-relative-aux-3-plans-de-gestion-cynegetique-sangliers-galliformes-de-montagne-petite-faune-saison-2020-2021-et-sur-le-projet-darrete-prefectoral-douverture\\\/\"},\"wordCount\":278,\"commentCount\":2,\"publisher\":{\"@id\":\"https:\\\/\\\/paca.lpo.fr\\\/blogs\\\/pays-gapencais\\\/#organization\"},\"inLanguage\":\"fr-FR\",\"potentialAction\":[{\"@type\":\"CommentAction\",\"name\":\"Comment\",\"target\":[\"http:\\\/\\\/paca.lpo.fr\\\/blogs\\\/pays-gapencais\\\/2020\\\/05\\\/07\\\/consultation-du-public-relative-aux-3-plans-de-gestion-cynegetique-sangliers-galliformes-de-montagne-petite-faune-saison-2020-2021-et-sur-le-projet-darrete-prefectoral-douverture\\\/#respond\"]}]},{\"@type\":\"WebPage\",\"@id\":\"http:\\\/\\\/paca.lpo.fr\\\/blogs\\\/pays-gapencais\\\/2020\\\/05\\\/07\\\/consultation-du-public-relative-aux-3-plans-de-gestion-cynegetique-sangliers-galliformes-de-montagne-petite-faune-saison-2020-2021-et-sur-le-projet-darrete-prefectoral-douverture\\\/\",\"url\":\"http:\\\/\\\/paca.lpo.fr\\\/blogs\\\/pays-gapencais\\\/2020\\\/05\\\/07\\\/consultation-du-public-relative-aux-3-plans-de-gestion-cynegetique-sangliers-galliformes-de-montagne-petite-faune-saison-2020-2021-et-sur-le-projet-darrete-prefectoral-douverture\\\/\",\"name\":\"Consultation du public relative aux 3 plans de gestion cyn\u00e9g\u00e9tique (sangliers, galliformes de montagne, petite faune) saison 2020-2021 et sur le projet d\u2019arr\u00eat\u00e9 pr\u00e9fectoral d\u2019ouverture et de cl\u00f4ture de la chasse saison 2020-2021 - Groupe local Pays Gapen\u00e7ais\",\"isPartOf\":{\"@id\":\"https:\\\/\\\/paca.lpo.fr\\\/blogs\\\/pays-gapencais\\\/#website\"},\"datePublished\":\"2020-05-07T18:49:12+00:00\",\"dateModified\":\"2020-05-07T18:49:14+00:00\",\"breadcrumb\":{\"@id\":\"http:\\\/\\\/paca.lpo.fr\\\/blogs\\\/pays-gapencais\\\/2020\\\/05\\\/07\\\/consultation-du-public-relative-aux-3-plans-de-gestion-cynegetique-sangliers-galliformes-de-montagne-petite-faune-saison-2020-2021-et-sur-le-projet-darrete-prefectoral-douverture\\\/#breadcrumb\"},\"inLanguage\":\"fr-FR\",\"potentialAction\":[{\"@type\":\"ReadAction\",\"target\":[\"http:\\\/\\\/paca.lpo.fr\\\/blogs\\\/pays-gapencais\\\/2020\\\/05\\\/07\\\/consultation-du-public-relative-aux-3-plans-de-gestion-cynegetique-sangliers-galliformes-de-montagne-petite-faune-saison-2020-2021-et-sur-le-projet-darrete-prefectoral-douverture\\\/\"]}]},{\"@type\":\"BreadcrumbList\",\"@id\":\"http:\\\/\\\/paca.lpo.fr\\\/blogs\\\/pays-gapencais\\\/2020\\\/05\\\/07\\\/consultation-du-public-relative-aux-3-plans-de-gestion-cynegetique-sangliers-galliformes-de-montagne-petite-faune-saison-2020-2021-et-sur-le-projet-darrete-prefectoral-douverture\\\/#breadcrumb\",\"itemListElement\":[{\"@type\":\"ListItem\",\"position\":1,\"name\":\"Accueil\",\"item\":\"https:\\\/\\\/paca.lpo.fr\\\/blogs\\\/pays-gapencais\\\/\"},{\"@type\":\"ListItem\",\"position\":2,\"name\":\"Consultation du public relative aux 3 plans de gestion cyn\u00e9g\u00e9tique (sangliers, galliformes de montagne, petite faune) saison 2020-2021 et sur le projet d\u2019arr\u00eat\u00e9 pr\u00e9fectoral d\u2019ouverture et de cl\u00f4ture de la chasse saison 2020-2021\"}]},{\"@type\":\"WebSite\",\"@id\":\"https:\\\/\\\/paca.lpo.fr\\\/blogs\\\/pays-gapencais\\\/#website\",\"url\":\"https:\\\/\\\/paca.lpo.fr\\\/blogs\\\/pays-gapencais\\\/\",\"name\":\"Groupe local Pays Gapen\u00e7ais\",\"description\":\"Groupe local Pays Gapen\u00e7ais\",\"publisher\":{\"@id\":\"https:\\\/\\\/paca.lpo.fr\\\/blogs\\\/pays-gapencais\\\/#organization\"},\"potentialAction\":[{\"@type\":\"SearchAction\",\"target\":{\"@type\":\"EntryPoint\",\"urlTemplate\":\"https:\\\/\\\/paca.lpo.fr\\\/blogs\\\/pays-gapencais\\\/?s={search_term_string}\"},\"query-input\":{\"@type\":\"PropertyValueSpecification\",\"valueRequired\":true,\"valueName\":\"search_term_string\"}}],\"inLanguage\":\"fr-FR\"},{\"@type\":\"Organization\",\"@id\":\"https:\\\/\\\/paca.lpo.fr\\\/blogs\\\/pays-gapencais\\\/#organization\",\"name\":\"Groupe local Pays Gapen\u00e7ais\",\"url\":\"https:\\\/\\\/paca.lpo.fr\\\/blogs\\\/pays-gapencais\\\/\",\"logo\":{\"@type\":\"ImageObject\",\"inLanguage\":\"fr-FR\",\"@id\":\"https:\\\/\\\/paca.lpo.fr\\\/blogs\\\/pays-gapencais\\\/#\\\/schema\\\/logo\\\/image\\\/\",\"url\":\"https:\\\/\\\/paca.lpo.fr\\\/blogs\\\/pays-gapencais\\\/files\\\/2024\\\/01\\\/cropped-rvb-lpo-paca-logotype-signature-droite-mini-500.jpg\",\"contentUrl\":\"https:\\\/\\\/paca.lpo.fr\\\/blogs\\\/pays-gapencais\\\/files\\\/2024\\\/01\\\/cropped-rvb-lpo-paca-logotype-signature-droite-mini-500.jpg\",\"width\":500,\"height\":210,\"caption\":\"Groupe local Pays Gapen\u00e7ais\"},\"image\":{\"@id\":\"https:\\\/\\\/paca.lpo.fr\\\/blogs\\\/pays-gapencais\\\/#\\\/schema\\\/logo\\\/image\\\/\"}},{\"@type\":\"Person\",\"@id\":\"https:\\\/\\\/paca.lpo.fr\\\/blogs\\\/pays-gapencais\\\/#\\\/schema\\\/person\\\/f04b4317576a566640b52fd10cb73f42\",\"name\":\"LPO Pays Gapen\u00e7ais\",\"image\":{\"@type\":\"ImageObject\",\"inLanguage\":\"fr-FR\",\"@id\":\"https:\\\/\\\/secure.gravatar.com\\\/avatar\\\/0ad60f70598d35f5834aaa24844d0685f1c44e5307491303924c152e7ee710eb?s=96&d=mm&r=g\",\"url\":\"https:\\\/\\\/secure.gravatar.com\\\/avatar\\\/0ad60f70598d35f5834aaa24844d0685f1c44e5307491303924c152e7ee710eb?s=96&d=mm&r=g\",\"contentUrl\":\"https:\\\/\\\/secure.gravatar.com\\\/avatar\\\/0ad60f70598d35f5834aaa24844d0685f1c44e5307491303924c152e7ee710eb?s=96&d=mm&r=g\",\"caption\":\"LPO Pays Gapen\u00e7ais\"},\"url\":\"http:\\\/\\\/paca.lpo.fr\\\/blogs\\\/pays-gapencais\\\/author\\\/paysgapencais\\\/\"}]}<\/script>\n<!-- \/ Yoast SEO plugin. -->","yoast_head_json":{"title":"Consultation du public relative aux 3 plans de gestion cyn\u00e9g\u00e9tique (sangliers, galliformes de montagne, petite faune) saison 2020-2021 et sur le projet d\u2019arr\u00eat\u00e9 pr\u00e9fectoral d\u2019ouverture et de cl\u00f4ture de la chasse saison 2020-2021 - Groupe local Pays Gapen\u00e7ais","robots":{"index":"index","follow":"follow","max-snippet":"max-snippet:-1","max-image-preview":"max-image-preview:large","max-video-preview":"max-video-preview:-1"},"canonical":"http:\/\/paca.lpo.fr\/blogs\/pays-gapencais\/2020\/05\/07\/consultation-du-public-relative-aux-3-plans-de-gestion-cynegetique-sangliers-galliformes-de-montagne-petite-faune-saison-2020-2021-et-sur-le-projet-darrete-prefectoral-douverture\/","og_locale":"fr_FR","og_type":"article","og_title":"Consultation du public relative aux 3 plans de gestion cyn\u00e9g\u00e9tique (sangliers, galliformes de montagne, petite faune) saison 2020-2021 et sur le projet d\u2019arr\u00eat\u00e9 pr\u00e9fectoral d\u2019ouverture et de cl\u00f4ture de la chasse saison 2020-2021 - Groupe local Pays Gapen\u00e7ais","og_url":"http:\/\/paca.lpo.fr\/blogs\/pays-gapencais\/2020\/05\/07\/consultation-du-public-relative-aux-3-plans-de-gestion-cynegetique-sangliers-galliformes-de-montagne-petite-faune-saison-2020-2021-et-sur-le-projet-darrete-prefectoral-douverture\/","og_site_name":"Groupe local Pays Gapen\u00e7ais","article_published_time":"2020-05-07T18:49:12+00:00","article_modified_time":"2020-05-07T18:49:14+00:00","author":"LPO Pays Gapen\u00e7ais","twitter_card":"summary_large_image","twitter_misc":{"\u00c9crit par":"LPO Pays Gapen\u00e7ais","Dur\u00e9e de lecture estim\u00e9e":"1 minute"},"schema":{"@context":"https:\/\/schema.org","@graph":[{"@type":"Article","@id":"http:\/\/paca.lpo.fr\/blogs\/pays-gapencais\/2020\/05\/07\/consultation-du-public-relative-aux-3-plans-de-gestion-cynegetique-sangliers-galliformes-de-montagne-petite-faune-saison-2020-2021-et-sur-le-projet-darrete-prefectoral-douverture\/#article","isPartOf":{"@id":"http:\/\/paca.lpo.fr\/blogs\/pays-gapencais\/2020\/05\/07\/consultation-du-public-relative-aux-3-plans-de-gestion-cynegetique-sangliers-galliformes-de-montagne-petite-faune-saison-2020-2021-et-sur-le-projet-darrete-prefectoral-douverture\/"},"author":{"name":"LPO Pays Gapen\u00e7ais","@id":"https:\/\/paca.lpo.fr\/blogs\/pays-gapencais\/#\/schema\/person\/f04b4317576a566640b52fd10cb73f42"},"headline":"Consultation du public relative aux 3 plans de gestion cyn\u00e9g\u00e9tique (sangliers, galliformes de montagne, petite faune) saison 2020-2021 et sur le projet d\u2019arr\u00eat\u00e9 pr\u00e9fectoral d\u2019ouverture et de cl\u00f4ture de la chasse saison 2020-2021","datePublished":"2020-05-07T18:49:12+00:00","dateModified":"2020-05-07T18:49:14+00:00","mainEntityOfPage":{"@id":"http:\/\/paca.lpo.fr\/blogs\/pays-gapencais\/2020\/05\/07\/consultation-du-public-relative-aux-3-plans-de-gestion-cynegetique-sangliers-galliformes-de-montagne-petite-faune-saison-2020-2021-et-sur-le-projet-darrete-prefectoral-douverture\/"},"wordCount":278,"commentCount":2,"publisher":{"@id":"https:\/\/paca.lpo.fr\/blogs\/pays-gapencais\/#organization"},"inLanguage":"fr-FR","potentialAction":[{"@type":"CommentAction","name":"Comment","target":["http:\/\/paca.lpo.fr\/blogs\/pays-gapencais\/2020\/05\/07\/consultation-du-public-relative-aux-3-plans-de-gestion-cynegetique-sangliers-galliformes-de-montagne-petite-faune-saison-2020-2021-et-sur-le-projet-darrete-prefectoral-douverture\/#respond"]}]},{"@type":"WebPage","@id":"http:\/\/paca.lpo.fr\/blogs\/pays-gapencais\/2020\/05\/07\/consultation-du-public-relative-aux-3-plans-de-gestion-cynegetique-sangliers-galliformes-de-montagne-petite-faune-saison-2020-2021-et-sur-le-projet-darrete-prefectoral-douverture\/","url":"http:\/\/paca.lpo.fr\/blogs\/pays-gapencais\/2020\/05\/07\/consultation-du-public-relative-aux-3-plans-de-gestion-cynegetique-sangliers-galliformes-de-montagne-petite-faune-saison-2020-2021-et-sur-le-projet-darrete-prefectoral-douverture\/","name":"Consultation du public relative aux 3 plans de gestion cyn\u00e9g\u00e9tique (sangliers, galliformes de montagne, petite faune) saison 2020-2021 et sur le projet d\u2019arr\u00eat\u00e9 pr\u00e9fectoral d\u2019ouverture et de cl\u00f4ture de la chasse saison 2020-2021 - Groupe local Pays Gapen\u00e7ais","isPartOf":{"@id":"https:\/\/paca.lpo.fr\/blogs\/pays-gapencais\/#website"},"datePublished":"2020-05-07T18:49:12+00:00","dateModified":"2020-05-07T18:49:14+00:00","breadcrumb":{"@id":"http:\/\/paca.lpo.fr\/blogs\/pays-gapencais\/2020\/05\/07\/consultation-du-public-relative-aux-3-plans-de-gestion-cynegetique-sangliers-galliformes-de-montagne-petite-faune-saison-2020-2021-et-sur-le-projet-darrete-prefectoral-douverture\/#breadcrumb"},"inLanguage":"fr-FR","potentialAction":[{"@type":"ReadAction","target":["http:\/\/paca.lpo.fr\/blogs\/pays-gapencais\/2020\/05\/07\/consultation-du-public-relative-aux-3-plans-de-gestion-cynegetique-sangliers-galliformes-de-montagne-petite-faune-saison-2020-2021-et-sur-le-projet-darrete-prefectoral-douverture\/"]}]},{"@type":"BreadcrumbList","@id":"http:\/\/paca.lpo.fr\/blogs\/pays-gapencais\/2020\/05\/07\/consultation-du-public-relative-aux-3-plans-de-gestion-cynegetique-sangliers-galliformes-de-montagne-petite-faune-saison-2020-2021-et-sur-le-projet-darrete-prefectoral-douverture\/#breadcrumb","itemListElement":[{"@type":"ListItem","position":1,"name":"Accueil","item":"https:\/\/paca.lpo.fr\/blogs\/pays-gapencais\/"},{"@type":"ListItem","position":2,"name":"Consultation du public relative aux 3 plans de gestion cyn\u00e9g\u00e9tique (sangliers, galliformes de montagne, petite faune) saison 2020-2021 et sur le projet d\u2019arr\u00eat\u00e9 pr\u00e9fectoral d\u2019ouverture et de cl\u00f4ture de la chasse saison 2020-2021"}]},{"@type":"WebSite","@id":"https:\/\/paca.lpo.fr\/blogs\/pays-gapencais\/#website","url":"https:\/\/paca.lpo.fr\/blogs\/pays-gapencais\/","name":"Groupe local Pays Gapen\u00e7ais","description":"Groupe local Pays Gapen\u00e7ais","publisher":{"@id":"https:\/\/paca.lpo.fr\/blogs\/pays-gapencais\/#organization"},"potentialAction":[{"@type":"SearchAction","target":{"@type":"EntryPoint","urlTemplate":"https:\/\/paca.lpo.fr\/blogs\/pays-gapencais\/?s={search_term_string}"},"query-input":{"@type":"PropertyValueSpecification","valueRequired":true,"valueName":"search_term_string"}}],"inLanguage":"fr-FR"},{"@type":"Organization","@id":"https:\/\/paca.lpo.fr\/blogs\/pays-gapencais\/#organization","name":"Groupe local Pays Gapen\u00e7ais","url":"https:\/\/paca.lpo.fr\/blogs\/pays-gapencais\/","logo":{"@type":"ImageObject","inLanguage":"fr-FR","@id":"https:\/\/paca.lpo.fr\/blogs\/pays-gapencais\/#\/schema\/logo\/image\/","url":"https:\/\/paca.lpo.fr\/blogs\/pays-gapencais\/files\/2024\/01\/cropped-rvb-lpo-paca-logotype-signature-droite-mini-500.jpg","contentUrl":"https:\/\/paca.lpo.fr\/blogs\/pays-gapencais\/files\/2024\/01\/cropped-rvb-lpo-paca-logotype-signature-droite-mini-500.jpg","width":500,"height":210,"caption":"Groupe local Pays Gapen\u00e7ais"},"image":{"@id":"https:\/\/paca.lpo.fr\/blogs\/pays-gapencais\/#\/schema\/logo\/image\/"}},{"@type":"Person","@id":"https:\/\/paca.lpo.fr\/blogs\/pays-gapencais\/#\/schema\/person\/f04b4317576a566640b52fd10cb73f42","name":"LPO Pays Gapen\u00e7ais","image":{"@type":"ImageObject","inLanguage":"fr-FR","@id":"https:\/\/secure.gravatar.com\/avatar\/0ad60f70598d35f5834aaa24844d0685f1c44e5307491303924c152e7ee710eb?s=96&d=mm&r=g","url":"https:\/\/secure.gravatar.com\/avatar\/0ad60f70598d35f5834aaa24844d0685f1c44e5307491303924c152e7ee710eb?s=96&d=mm&r=g","contentUrl":"https:\/\/secure.gravatar.com\/avatar\/0ad60f70598d35f5834aaa24844d0685f1c44e5307491303924c152e7ee710eb?s=96&d=mm&r=g","caption":"LPO Pays Gapen\u00e7ais"},"url":"http:\/\/paca.lpo.fr\/blogs\/pays-gapencais\/author\/paysgapencais\/"}]}},"jetpack_featured_media_url":"","_links":{"self":[{"href":"http:\/\/paca.lpo.fr\/blogs\/pays-gapencais\/wp-json\/wp\/v2\/posts\/874","targetHints":{"allow":["GET"]}}],"collection":[{"href":"http:\/\/paca.lpo.fr\/blogs\/pays-gapencais\/wp-json\/wp\/v2\/posts"}],"about":[{"href":"http:\/\/paca.lpo.fr\/blogs\/pays-gapencais\/wp-json\/wp\/v2\/types\/post"}],"author":[{"embeddable":true,"href":"http:\/\/paca.lpo.fr\/blogs\/pays-gapencais\/wp-json\/wp\/v2\/users\/20"}],"replies":[{"embeddable":true,"href":"http:\/\/paca.lpo.fr\/blogs\/pays-gapencais\/wp-json\/wp\/v2\/comments?post=874"}],"version-history":[{"count":5,"href":"http:\/\/paca.lpo.fr\/blogs\/pays-gapencais\/wp-json\/wp\/v2\/posts\/874\/revisions"}],"predecessor-version":[{"id":884,"href":"http:\/\/paca.lpo.fr\/blogs\/pays-gapencais\/wp-json\/wp\/v2\/posts\/874\/revisions\/884"}],"wp:attachment":[{"href":"http:\/\/paca.lpo.fr\/blogs\/pays-gapencais\/wp-json\/wp\/v2\/media?parent=874"}],"wp:term":[{"taxonomy":"category","embeddable":true,"href":"http:\/\/paca.lpo.fr\/blogs\/pays-gapencais\/wp-json\/wp\/v2\/categories?post=874"},{"taxonomy":"post_tag","embeddable":true,"href":"http:\/\/paca.lpo.fr\/blogs\/pays-gapencais\/wp-json\/wp\/v2\/tags?post=874"}],"curies":[{"name":"wp","href":"https:\/\/api.w.org\/{rel}","templated":true}]}}