{"id":161,"date":"2015-06-18T13:51:15","date_gmt":"2015-06-18T12:51:15","guid":{"rendered":"http:\/\/paca.lpo.fr\/blogs\/etang-berre-est\/?p=161"},"modified":"2015-07-24T16:46:55","modified_gmt":"2015-07-24T15:46:55","slug":"nuit-de-lengoulevent-a-vitrolles","status":"publish","type":"post","link":"https:\/\/paca.lpo.fr\/blogs\/etang-berre-est\/2015\/06\/18\/nuit-de-lengoulevent-a-vitrolles\/","title":{"rendered":"Nuit de l&rsquo;ENGOULEVENT \u00e0 VITROLLES"},"content":{"rendered":"<figure id=\"attachment_164\" aria-describedby=\"caption-attachment-164\" style=\"width: 660px\" class=\"wp-caption aligncenter\"><a href=\"http:\/\/paca.lpo.fr\/blogs\/etang-berre-est\/files\/2015\/06\/002.jpg\"><img loading=\"lazy\" decoding=\"async\" class=\"size-large wp-image-164\" src=\"http:\/\/paca.lpo.fr\/blogs\/etang-berre-est\/files\/2015\/06\/002-960x720.jpg\" alt=\"Photo Jos\u00e9 Salado\" width=\"660\" height=\"495\" srcset=\"https:\/\/paca.lpo.fr\/blogs\/etang-berre-est\/files\/2015\/06\/002-960x720.jpg 960w, https:\/\/paca.lpo.fr\/blogs\/etang-berre-est\/files\/2015\/06\/002-480x360.jpg 480w, https:\/\/paca.lpo.fr\/blogs\/etang-berre-est\/files\/2015\/06\/002-700x525.jpg 700w, https:\/\/paca.lpo.fr\/blogs\/etang-berre-est\/files\/2015\/06\/002-900x675.jpg 900w, https:\/\/paca.lpo.fr\/blogs\/etang-berre-est\/files\/2015\/06\/002-800x600.jpg 800w, https:\/\/paca.lpo.fr\/blogs\/etang-berre-est\/files\/2015\/06\/002.jpg 1024w\" sizes=\"auto, (max-width: 660px) 100vw, 660px\" \/><\/a><figcaption id=\"caption-attachment-164\" class=\"wp-caption-text\">Photo Jos\u00e9 Salado<\/figcaption><\/figure>\n<p>Dans les romans d&rsquo;horreur du sud am\u00e9ricain, \u00a0le cri de l&rsquo;engoulevent (mais ce n&rsquo;est pas le m\u00eame que chez nous) pr\u00e9c\u00e8de et annonce les moments tragiques. Rien de tel (heureusement)\u00a0mercredi 17 juin au soir, o\u00f9 un groupe d&rsquo;une vingtaine de passionn\u00e9s s&rsquo;\u00e9tait retrouv\u00e9 au centre \u00e9questre des collets Rouges, \u00e0 Valbacol, pour tenter d&rsquo;\u00e9couter, voire d&rsquo;apercevoir, le furtif engoulevent.<\/p>\n<p>B\u00e9n\u00e9voles du\u00a0GREBE, qui avaient tenu au pr\u00e9alable leur r\u00e9union mensuelle, et sympathisants et b\u00e9n\u00e9voles des Groupes Locaux voisins qui nous ont rejoints, nous avons\u00a0commenc\u00e9 par un sympathique pique-nique convivial\u00a0(avec d\u00e9gustation du produit des talents culinaires des diverses familles !), histoire d&rsquo;attendre le cr\u00e9puscule.<\/p>\n<p>Vers 21 heures, d\u00e9part en ordre dispers\u00e9 (\u00e0 genoux devant des fleurs pour certains, la t\u00eate en l&rsquo;air\u00a0\u00e0 suivre le vol de libellules, ou \u00e0 l&rsquo;\u00e9coute de rossignol ou de fauvette pour d&rsquo;autres) en direction de la lavogne de Gourgoulousier (j&rsquo;adore ce nom, qui fleure bon le petit ros\u00e9 bien frais !). Un groupe est all\u00e9 \u00e0 la lavogne, s&rsquo;entendant \u00e0 peine tellement les crapauds calamites et les grenouilles chantaient fort, l&rsquo;autre est rest\u00e9 \u00e0 l&rsquo;\u00e9coute \u00e0 l&rsquo;endroit o\u00f9 nous avions d\u00e9j\u00e0 vu des engoulevents. La lavogne est bien remplie, avec peut-\u00eatre des terriers de gu\u00eapiers au-dessus, et de nombreux crapauds calamites observ\u00e9s \u00e0 proximit\u00e9.<\/p>\n<p>Disons-le tout de suite, les engoulevents (comme les grands-ducs que nous avions vus l&rsquo;ann\u00e9e pr\u00e9c\u00e9dente) n&rsquo;ont pas \u00e9t\u00e9 au rendez-vous ! Peut-\u00eatre \u00e0 cause du vent, ti\u00e8de mais assez fort?\u00a0Le groupe lavogne en a entendu distinctement, mais aucun n&rsquo;a \u00e9t\u00e9 vu en vol.<\/p>\n<p>Retour\u00a0lent et \u00e0 regret aux voitures, dans la douceur des derniers jours avant l&rsquo;\u00e9t\u00e9, dans le concert des bruits de vie de la nuit.<\/p>\n<p>&nbsp;<\/p>\n","protected":false},"excerpt":{"rendered":"<p>Dans les romans d&rsquo;horreur du sud am\u00e9ricain, \u00a0le cri de l&rsquo;engoulevent (mais ce n&rsquo;est pas le m\u00eame que chez nous) pr\u00e9c\u00e8de et annonce les moments tragiques. Rien de tel (heureusement)\u00a0mercredi 17 juin au soir, o\u00f9 un groupe d&rsquo;une vingtaine de passionn\u00e9s s&rsquo;\u00e9tait retrouv\u00e9 au centre \u00e9questre des collets Rouges, \u00e0 Valbacol, pour tenter d&rsquo;\u00e9couter, voire [&hellip;]<\/p>\n","protected":false},"author":110,"featured_media":164,"comment_status":"open","ping_status":"open","sticky":false,"template":"","format":"standard","meta":{"footnotes":""},"categories":[1],"tags":[],"class_list":["post-161","post","type-post","status-publish","format-standard","has-post-thumbnail","hentry","category-sorties-nature"],"yoast_head":"<!-- This site is optimized with the Yoast SEO plugin v28.3 - https:\/\/yoast.com\/product\/yoast-seo-wordpress\/ -->\n<title>Nuit de l&#039;ENGOULEVENT \u00e0 VITROLLES - Groupe local Etang de Berre Est<\/title>\n<meta name=\"robots\" content=\"index, follow, max-snippet:-1, max-image-preview:large, max-video-preview:-1\" \/>\n<link rel=\"canonical\" href=\"http:\/\/paca.lpo.fr\/blogs\/etang-berre-est\/2015\/06\/18\/nuit-de-lengoulevent-a-vitrolles\/\" \/>\n<meta property=\"og:locale\" content=\"fr_FR\" \/>\n<meta property=\"og:type\" content=\"article\" \/>\n<meta property=\"og:title\" content=\"Nuit de l&#039;ENGOULEVENT \u00e0 VITROLLES - Groupe local Etang de Berre Est\" \/>\n<meta property=\"og:description\" content=\"Dans les romans d&rsquo;horreur du sud am\u00e9ricain, \u00a0le cri de l&rsquo;engoulevent (mais ce n&rsquo;est pas le m\u00eame que chez nous) pr\u00e9c\u00e8de et annonce les moments tragiques. Rien de tel (heureusement)\u00a0mercredi 17 juin au soir, o\u00f9 un groupe d&rsquo;une vingtaine de passionn\u00e9s s&rsquo;\u00e9tait retrouv\u00e9 au centre \u00e9questre des collets Rouges, \u00e0 Valbacol, pour tenter d&rsquo;\u00e9couter, voire [&hellip;]\" \/>\n<meta property=\"og:url\" content=\"http:\/\/paca.lpo.fr\/blogs\/etang-berre-est\/2015\/06\/18\/nuit-de-lengoulevent-a-vitrolles\/\" \/>\n<meta property=\"og:site_name\" content=\"Groupe local Etang de Berre Est\" \/>\n<meta property=\"article:published_time\" content=\"2015-06-18T12:51:15+00:00\" \/>\n<meta property=\"article:modified_time\" content=\"2015-07-24T15:46:55+00:00\" \/>\n<meta property=\"og:image\" content=\"https:\/\/paca.lpo.fr\/blogs\/etang-berre-est\/files\/2015\/06\/002.jpg\" \/>\n\t<meta property=\"og:image:width\" content=\"1024\" \/>\n\t<meta property=\"og:image:height\" content=\"768\" \/>\n\t<meta property=\"og:image:type\" content=\"image\/jpeg\" \/>\n<meta name=\"author\" content=\"etangberreest2\" \/>\n<meta name=\"twitter:card\" content=\"summary_large_image\" \/>\n<meta name=\"twitter:label1\" content=\"\u00c9crit par\" \/>\n\t<meta name=\"twitter:data1\" content=\"etangberreest2\" \/>\n\t<meta name=\"twitter:label2\" content=\"Dur\u00e9e de lecture estim\u00e9e\" \/>\n\t<meta name=\"twitter:data2\" content=\"2 minutes\" \/>\n<script type=\"application\/ld+json\" class=\"yoast-schema-graph\">{\"@context\":\"https:\\\/\\\/schema.org\",\"@graph\":[{\"@type\":\"Article\",\"@id\":\"http:\\\/\\\/paca.lpo.fr\\\/blogs\\\/etang-berre-est\\\/2015\\\/06\\\/18\\\/nuit-de-lengoulevent-a-vitrolles\\\/#article\",\"isPartOf\":{\"@id\":\"http:\\\/\\\/paca.lpo.fr\\\/blogs\\\/etang-berre-est\\\/2015\\\/06\\\/18\\\/nuit-de-lengoulevent-a-vitrolles\\\/\"},\"author\":{\"name\":\"etangberreest2\",\"@id\":\"https:\\\/\\\/paca.lpo.fr\\\/blogs\\\/etang-berre-est\\\/#\\\/schema\\\/person\\\/7c7971bdfa7edcae764fb95abc02f5f9\"},\"headline\":\"Nuit de l&rsquo;ENGOULEVENT \u00e0 VITROLLES\",\"datePublished\":\"2015-06-18T12:51:15+00:00\",\"dateModified\":\"2015-07-24T15:46:55+00:00\",\"mainEntityOfPage\":{\"@id\":\"http:\\\/\\\/paca.lpo.fr\\\/blogs\\\/etang-berre-est\\\/2015\\\/06\\\/18\\\/nuit-de-lengoulevent-a-vitrolles\\\/\"},\"wordCount\":325,\"commentCount\":0,\"publisher\":{\"@id\":\"https:\\\/\\\/paca.lpo.fr\\\/blogs\\\/etang-berre-est\\\/#organization\"},\"image\":{\"@id\":\"http:\\\/\\\/paca.lpo.fr\\\/blogs\\\/etang-berre-est\\\/2015\\\/06\\\/18\\\/nuit-de-lengoulevent-a-vitrolles\\\/#primaryimage\"},\"thumbnailUrl\":\"https:\\\/\\\/paca.lpo.fr\\\/blogs\\\/etang-berre-est\\\/files\\\/2015\\\/06\\\/002.jpg\",\"articleSection\":[\"Sorties Nature\"],\"inLanguage\":\"fr-FR\",\"potentialAction\":[{\"@type\":\"CommentAction\",\"name\":\"Comment\",\"target\":[\"http:\\\/\\\/paca.lpo.fr\\\/blogs\\\/etang-berre-est\\\/2015\\\/06\\\/18\\\/nuit-de-lengoulevent-a-vitrolles\\\/#respond\"]}]},{\"@type\":\"WebPage\",\"@id\":\"http:\\\/\\\/paca.lpo.fr\\\/blogs\\\/etang-berre-est\\\/2015\\\/06\\\/18\\\/nuit-de-lengoulevent-a-vitrolles\\\/\",\"url\":\"http:\\\/\\\/paca.lpo.fr\\\/blogs\\\/etang-berre-est\\\/2015\\\/06\\\/18\\\/nuit-de-lengoulevent-a-vitrolles\\\/\",\"name\":\"Nuit de l'ENGOULEVENT \u00e0 VITROLLES - Groupe local Etang de Berre Est\",\"isPartOf\":{\"@id\":\"https:\\\/\\\/paca.lpo.fr\\\/blogs\\\/etang-berre-est\\\/#website\"},\"primaryImageOfPage\":{\"@id\":\"http:\\\/\\\/paca.lpo.fr\\\/blogs\\\/etang-berre-est\\\/2015\\\/06\\\/18\\\/nuit-de-lengoulevent-a-vitrolles\\\/#primaryimage\"},\"image\":{\"@id\":\"http:\\\/\\\/paca.lpo.fr\\\/blogs\\\/etang-berre-est\\\/2015\\\/06\\\/18\\\/nuit-de-lengoulevent-a-vitrolles\\\/#primaryimage\"},\"thumbnailUrl\":\"https:\\\/\\\/paca.lpo.fr\\\/blogs\\\/etang-berre-est\\\/files\\\/2015\\\/06\\\/002.jpg\",\"datePublished\":\"2015-06-18T12:51:15+00:00\",\"dateModified\":\"2015-07-24T15:46:55+00:00\",\"breadcrumb\":{\"@id\":\"http:\\\/\\\/paca.lpo.fr\\\/blogs\\\/etang-berre-est\\\/2015\\\/06\\\/18\\\/nuit-de-lengoulevent-a-vitrolles\\\/#breadcrumb\"},\"inLanguage\":\"fr-FR\",\"potentialAction\":[{\"@type\":\"ReadAction\",\"target\":[\"http:\\\/\\\/paca.lpo.fr\\\/blogs\\\/etang-berre-est\\\/2015\\\/06\\\/18\\\/nuit-de-lengoulevent-a-vitrolles\\\/\"]}]},{\"@type\":\"ImageObject\",\"inLanguage\":\"fr-FR\",\"@id\":\"http:\\\/\\\/paca.lpo.fr\\\/blogs\\\/etang-berre-est\\\/2015\\\/06\\\/18\\\/nuit-de-lengoulevent-a-vitrolles\\\/#primaryimage\",\"url\":\"https:\\\/\\\/paca.lpo.fr\\\/blogs\\\/etang-berre-est\\\/files\\\/2015\\\/06\\\/002.jpg\",\"contentUrl\":\"https:\\\/\\\/paca.lpo.fr\\\/blogs\\\/etang-berre-est\\\/files\\\/2015\\\/06\\\/002.jpg\",\"width\":1024,\"height\":768,\"caption\":\"Photo Jos\u00e9 Salado\"},{\"@type\":\"BreadcrumbList\",\"@id\":\"http:\\\/\\\/paca.lpo.fr\\\/blogs\\\/etang-berre-est\\\/2015\\\/06\\\/18\\\/nuit-de-lengoulevent-a-vitrolles\\\/#breadcrumb\",\"itemListElement\":[{\"@type\":\"ListItem\",\"position\":1,\"name\":\"Accueil\",\"item\":\"https:\\\/\\\/paca.lpo.fr\\\/blogs\\\/etang-berre-est\\\/\"},{\"@type\":\"ListItem\",\"position\":2,\"name\":\"Nuit de l&rsquo;ENGOULEVENT \u00e0 VITROLLES\"}]},{\"@type\":\"WebSite\",\"@id\":\"https:\\\/\\\/paca.lpo.fr\\\/blogs\\\/etang-berre-est\\\/#website\",\"url\":\"https:\\\/\\\/paca.lpo.fr\\\/blogs\\\/etang-berre-est\\\/\",\"name\":\"Groupe local Etang de Berre Est\",\"description\":\"Groupe local Etang de Berre Est\",\"publisher\":{\"@id\":\"https:\\\/\\\/paca.lpo.fr\\\/blogs\\\/etang-berre-est\\\/#organization\"},\"potentialAction\":[{\"@type\":\"SearchAction\",\"target\":{\"@type\":\"EntryPoint\",\"urlTemplate\":\"https:\\\/\\\/paca.lpo.fr\\\/blogs\\\/etang-berre-est\\\/?s={search_term_string}\"},\"query-input\":{\"@type\":\"PropertyValueSpecification\",\"valueRequired\":true,\"valueName\":\"search_term_string\"}}],\"inLanguage\":\"fr-FR\"},{\"@type\":\"Organization\",\"@id\":\"https:\\\/\\\/paca.lpo.fr\\\/blogs\\\/etang-berre-est\\\/#organization\",\"name\":\"Groupe local Etang de Berre Est\",\"url\":\"https:\\\/\\\/paca.lpo.fr\\\/blogs\\\/etang-berre-est\\\/\",\"logo\":{\"@type\":\"ImageObject\",\"inLanguage\":\"fr-FR\",\"@id\":\"https:\\\/\\\/paca.lpo.fr\\\/blogs\\\/etang-berre-est\\\/#\\\/schema\\\/logo\\\/image\\\/\",\"url\":\"https:\\\/\\\/paca.lpo.fr\\\/blogs\\\/etang-berre-est\\\/files\\\/2024\\\/01\\\/cropped-rvb-lpo-paca-logotype-signature-droite-mini-500.jpg\",\"contentUrl\":\"https:\\\/\\\/paca.lpo.fr\\\/blogs\\\/etang-berre-est\\\/files\\\/2024\\\/01\\\/cropped-rvb-lpo-paca-logotype-signature-droite-mini-500.jpg\",\"width\":500,\"height\":210,\"caption\":\"Groupe local Etang de Berre Est\"},\"image\":{\"@id\":\"https:\\\/\\\/paca.lpo.fr\\\/blogs\\\/etang-berre-est\\\/#\\\/schema\\\/logo\\\/image\\\/\"}},{\"@type\":\"Person\",\"@id\":\"https:\\\/\\\/paca.lpo.fr\\\/blogs\\\/etang-berre-est\\\/#\\\/schema\\\/person\\\/7c7971bdfa7edcae764fb95abc02f5f9\",\"name\":\"etangberreest2\",\"image\":{\"@type\":\"ImageObject\",\"inLanguage\":\"fr-FR\",\"@id\":\"https:\\\/\\\/secure.gravatar.com\\\/avatar\\\/6e8fbf554bd6e14d82b064ae100d550a62f148dd494edc6d77da54fd12ef50cb?s=96&d=mm&r=g\",\"url\":\"https:\\\/\\\/secure.gravatar.com\\\/avatar\\\/6e8fbf554bd6e14d82b064ae100d550a62f148dd494edc6d77da54fd12ef50cb?s=96&d=mm&r=g\",\"contentUrl\":\"https:\\\/\\\/secure.gravatar.com\\\/avatar\\\/6e8fbf554bd6e14d82b064ae100d550a62f148dd494edc6d77da54fd12ef50cb?s=96&d=mm&r=g\",\"caption\":\"etangberreest2\"},\"url\":\"https:\\\/\\\/paca.lpo.fr\\\/blogs\\\/etang-berre-est\\\/author\\\/etangberreest2\\\/\"}]}<\/script>\n<!-- \/ Yoast SEO plugin. -->","yoast_head_json":{"title":"Nuit de l'ENGOULEVENT \u00e0 VITROLLES - Groupe local Etang de Berre Est","robots":{"index":"index","follow":"follow","max-snippet":"max-snippet:-1","max-image-preview":"max-image-preview:large","max-video-preview":"max-video-preview:-1"},"canonical":"http:\/\/paca.lpo.fr\/blogs\/etang-berre-est\/2015\/06\/18\/nuit-de-lengoulevent-a-vitrolles\/","og_locale":"fr_FR","og_type":"article","og_title":"Nuit de l'ENGOULEVENT \u00e0 VITROLLES - Groupe local Etang de Berre Est","og_description":"Dans les romans d&rsquo;horreur du sud am\u00e9ricain, \u00a0le cri de l&rsquo;engoulevent (mais ce n&rsquo;est pas le m\u00eame que chez nous) pr\u00e9c\u00e8de et annonce les moments tragiques. Rien de tel (heureusement)\u00a0mercredi 17 juin au soir, o\u00f9 un groupe d&rsquo;une vingtaine de passionn\u00e9s s&rsquo;\u00e9tait retrouv\u00e9 au centre \u00e9questre des collets Rouges, \u00e0 Valbacol, pour tenter d&rsquo;\u00e9couter, voire [&hellip;]","og_url":"http:\/\/paca.lpo.fr\/blogs\/etang-berre-est\/2015\/06\/18\/nuit-de-lengoulevent-a-vitrolles\/","og_site_name":"Groupe local Etang de Berre Est","article_published_time":"2015-06-18T12:51:15+00:00","article_modified_time":"2015-07-24T15:46:55+00:00","og_image":[{"width":1024,"height":768,"url":"https:\/\/paca.lpo.fr\/blogs\/etang-berre-est\/files\/2015\/06\/002.jpg","type":"image\/jpeg"}],"author":"etangberreest2","twitter_card":"summary_large_image","twitter_misc":{"\u00c9crit par":"etangberreest2","Dur\u00e9e de lecture estim\u00e9e":"2 minutes"},"schema":{"@context":"https:\/\/schema.org","@graph":[{"@type":"Article","@id":"http:\/\/paca.lpo.fr\/blogs\/etang-berre-est\/2015\/06\/18\/nuit-de-lengoulevent-a-vitrolles\/#article","isPartOf":{"@id":"http:\/\/paca.lpo.fr\/blogs\/etang-berre-est\/2015\/06\/18\/nuit-de-lengoulevent-a-vitrolles\/"},"author":{"name":"etangberreest2","@id":"https:\/\/paca.lpo.fr\/blogs\/etang-berre-est\/#\/schema\/person\/7c7971bdfa7edcae764fb95abc02f5f9"},"headline":"Nuit de l&rsquo;ENGOULEVENT \u00e0 VITROLLES","datePublished":"2015-06-18T12:51:15+00:00","dateModified":"2015-07-24T15:46:55+00:00","mainEntityOfPage":{"@id":"http:\/\/paca.lpo.fr\/blogs\/etang-berre-est\/2015\/06\/18\/nuit-de-lengoulevent-a-vitrolles\/"},"wordCount":325,"commentCount":0,"publisher":{"@id":"https:\/\/paca.lpo.fr\/blogs\/etang-berre-est\/#organization"},"image":{"@id":"http:\/\/paca.lpo.fr\/blogs\/etang-berre-est\/2015\/06\/18\/nuit-de-lengoulevent-a-vitrolles\/#primaryimage"},"thumbnailUrl":"https:\/\/paca.lpo.fr\/blogs\/etang-berre-est\/files\/2015\/06\/002.jpg","articleSection":["Sorties Nature"],"inLanguage":"fr-FR","potentialAction":[{"@type":"CommentAction","name":"Comment","target":["http:\/\/paca.lpo.fr\/blogs\/etang-berre-est\/2015\/06\/18\/nuit-de-lengoulevent-a-vitrolles\/#respond"]}]},{"@type":"WebPage","@id":"http:\/\/paca.lpo.fr\/blogs\/etang-berre-est\/2015\/06\/18\/nuit-de-lengoulevent-a-vitrolles\/","url":"http:\/\/paca.lpo.fr\/blogs\/etang-berre-est\/2015\/06\/18\/nuit-de-lengoulevent-a-vitrolles\/","name":"Nuit de l'ENGOULEVENT \u00e0 VITROLLES - Groupe local Etang de Berre Est","isPartOf":{"@id":"https:\/\/paca.lpo.fr\/blogs\/etang-berre-est\/#website"},"primaryImageOfPage":{"@id":"http:\/\/paca.lpo.fr\/blogs\/etang-berre-est\/2015\/06\/18\/nuit-de-lengoulevent-a-vitrolles\/#primaryimage"},"image":{"@id":"http:\/\/paca.lpo.fr\/blogs\/etang-berre-est\/2015\/06\/18\/nuit-de-lengoulevent-a-vitrolles\/#primaryimage"},"thumbnailUrl":"https:\/\/paca.lpo.fr\/blogs\/etang-berre-est\/files\/2015\/06\/002.jpg","datePublished":"2015-06-18T12:51:15+00:00","dateModified":"2015-07-24T15:46:55+00:00","breadcrumb":{"@id":"http:\/\/paca.lpo.fr\/blogs\/etang-berre-est\/2015\/06\/18\/nuit-de-lengoulevent-a-vitrolles\/#breadcrumb"},"inLanguage":"fr-FR","potentialAction":[{"@type":"ReadAction","target":["http:\/\/paca.lpo.fr\/blogs\/etang-berre-est\/2015\/06\/18\/nuit-de-lengoulevent-a-vitrolles\/"]}]},{"@type":"ImageObject","inLanguage":"fr-FR","@id":"http:\/\/paca.lpo.fr\/blogs\/etang-berre-est\/2015\/06\/18\/nuit-de-lengoulevent-a-vitrolles\/#primaryimage","url":"https:\/\/paca.lpo.fr\/blogs\/etang-berre-est\/files\/2015\/06\/002.jpg","contentUrl":"https:\/\/paca.lpo.fr\/blogs\/etang-berre-est\/files\/2015\/06\/002.jpg","width":1024,"height":768,"caption":"Photo Jos\u00e9 Salado"},{"@type":"BreadcrumbList","@id":"http:\/\/paca.lpo.fr\/blogs\/etang-berre-est\/2015\/06\/18\/nuit-de-lengoulevent-a-vitrolles\/#breadcrumb","itemListElement":[{"@type":"ListItem","position":1,"name":"Accueil","item":"https:\/\/paca.lpo.fr\/blogs\/etang-berre-est\/"},{"@type":"ListItem","position":2,"name":"Nuit de l&rsquo;ENGOULEVENT \u00e0 VITROLLES"}]},{"@type":"WebSite","@id":"https:\/\/paca.lpo.fr\/blogs\/etang-berre-est\/#website","url":"https:\/\/paca.lpo.fr\/blogs\/etang-berre-est\/","name":"Groupe local Etang de Berre Est","description":"Groupe local Etang de Berre Est","publisher":{"@id":"https:\/\/paca.lpo.fr\/blogs\/etang-berre-est\/#organization"},"potentialAction":[{"@type":"SearchAction","target":{"@type":"EntryPoint","urlTemplate":"https:\/\/paca.lpo.fr\/blogs\/etang-berre-est\/?s={search_term_string}"},"query-input":{"@type":"PropertyValueSpecification","valueRequired":true,"valueName":"search_term_string"}}],"inLanguage":"fr-FR"},{"@type":"Organization","@id":"https:\/\/paca.lpo.fr\/blogs\/etang-berre-est\/#organization","name":"Groupe local Etang de Berre Est","url":"https:\/\/paca.lpo.fr\/blogs\/etang-berre-est\/","logo":{"@type":"ImageObject","inLanguage":"fr-FR","@id":"https:\/\/paca.lpo.fr\/blogs\/etang-berre-est\/#\/schema\/logo\/image\/","url":"https:\/\/paca.lpo.fr\/blogs\/etang-berre-est\/files\/2024\/01\/cropped-rvb-lpo-paca-logotype-signature-droite-mini-500.jpg","contentUrl":"https:\/\/paca.lpo.fr\/blogs\/etang-berre-est\/files\/2024\/01\/cropped-rvb-lpo-paca-logotype-signature-droite-mini-500.jpg","width":500,"height":210,"caption":"Groupe local Etang de Berre Est"},"image":{"@id":"https:\/\/paca.lpo.fr\/blogs\/etang-berre-est\/#\/schema\/logo\/image\/"}},{"@type":"Person","@id":"https:\/\/paca.lpo.fr\/blogs\/etang-berre-est\/#\/schema\/person\/7c7971bdfa7edcae764fb95abc02f5f9","name":"etangberreest2","image":{"@type":"ImageObject","inLanguage":"fr-FR","@id":"https:\/\/secure.gravatar.com\/avatar\/6e8fbf554bd6e14d82b064ae100d550a62f148dd494edc6d77da54fd12ef50cb?s=96&d=mm&r=g","url":"https:\/\/secure.gravatar.com\/avatar\/6e8fbf554bd6e14d82b064ae100d550a62f148dd494edc6d77da54fd12ef50cb?s=96&d=mm&r=g","contentUrl":"https:\/\/secure.gravatar.com\/avatar\/6e8fbf554bd6e14d82b064ae100d550a62f148dd494edc6d77da54fd12ef50cb?s=96&d=mm&r=g","caption":"etangberreest2"},"url":"https:\/\/paca.lpo.fr\/blogs\/etang-berre-est\/author\/etangberreest2\/"}]}},"jetpack_featured_media_url":"https:\/\/paca.lpo.fr\/blogs\/etang-berre-est\/files\/2015\/06\/002.jpg","_links":{"self":[{"href":"https:\/\/paca.lpo.fr\/blogs\/etang-berre-est\/wp-json\/wp\/v2\/posts\/161","targetHints":{"allow":["GET"]}}],"collection":[{"href":"https:\/\/paca.lpo.fr\/blogs\/etang-berre-est\/wp-json\/wp\/v2\/posts"}],"about":[{"href":"https:\/\/paca.lpo.fr\/blogs\/etang-berre-est\/wp-json\/wp\/v2\/types\/post"}],"author":[{"embeddable":true,"href":"https:\/\/paca.lpo.fr\/blogs\/etang-berre-est\/wp-json\/wp\/v2\/users\/110"}],"replies":[{"embeddable":true,"href":"https:\/\/paca.lpo.fr\/blogs\/etang-berre-est\/wp-json\/wp\/v2\/comments?post=161"}],"version-history":[{"count":3,"href":"https:\/\/paca.lpo.fr\/blogs\/etang-berre-est\/wp-json\/wp\/v2\/posts\/161\/revisions"}],"predecessor-version":[{"id":165,"href":"https:\/\/paca.lpo.fr\/blogs\/etang-berre-est\/wp-json\/wp\/v2\/posts\/161\/revisions\/165"}],"wp:featuredmedia":[{"embeddable":true,"href":"https:\/\/paca.lpo.fr\/blogs\/etang-berre-est\/wp-json\/wp\/v2\/media\/164"}],"wp:attachment":[{"href":"https:\/\/paca.lpo.fr\/blogs\/etang-berre-est\/wp-json\/wp\/v2\/media?parent=161"}],"wp:term":[{"taxonomy":"category","embeddable":true,"href":"https:\/\/paca.lpo.fr\/blogs\/etang-berre-est\/wp-json\/wp\/v2\/categories?post=161"},{"taxonomy":"post_tag","embeddable":true,"href":"https:\/\/paca.lpo.fr\/blogs\/etang-berre-est\/wp-json\/wp\/v2\/tags?post=161"}],"curies":[{"name":"wp","href":"https:\/\/api.w.org\/{rel}","templated":true}]}}