{"id":179,"date":"2016-02-02T11:44:01","date_gmt":"2016-02-02T10:44:01","guid":{"rendered":"http:\/\/paca.lpo.fr\/blogs\/etang-berre-est\/?p=179"},"modified":"2016-02-04T10:17:38","modified_gmt":"2016-02-04T09:17:38","slug":"le-trithemis-pourpre-un-temoin-du-rechauffement-climatique","status":"publish","type":"post","link":"https:\/\/paca.lpo.fr\/blogs\/etang-berre-est\/2016\/02\/02\/le-trithemis-pourpre-un-temoin-du-rechauffement-climatique\/","title":{"rendered":"LE TRITHEMIS POURPRE: un t\u00e9moin du r\u00e9chauffement climatique?"},"content":{"rendered":"<p><img loading=\"lazy\" decoding=\"async\" class=\"aligncenter size-large wp-image-180\" src=\"http:\/\/paca.lpo.fr\/blogs\/etang-berre-est\/files\/2016\/02\/DSCN4266-960x719.jpg\" alt=\"le TRITHEMIS POURPRE\" width=\"660\" height=\"494\" srcset=\"https:\/\/paca.lpo.fr\/blogs\/etang-berre-est\/files\/2016\/02\/DSCN4266-960x719.jpg 960w, https:\/\/paca.lpo.fr\/blogs\/etang-berre-est\/files\/2016\/02\/DSCN4266-480x360.jpg 480w, https:\/\/paca.lpo.fr\/blogs\/etang-berre-est\/files\/2016\/02\/DSCN4266-768x575.jpg 768w, https:\/\/paca.lpo.fr\/blogs\/etang-berre-est\/files\/2016\/02\/DSCN4266-700x524.jpg 700w, https:\/\/paca.lpo.fr\/blogs\/etang-berre-est\/files\/2016\/02\/DSCN4266-800x599.jpg 800w, https:\/\/paca.lpo.fr\/blogs\/etang-berre-est\/files\/2016\/02\/DSCN4266.jpg 1024w\" sizes=\"auto, (max-width: 660px) 100vw, 660px\" \/>Lundi 18 janvier, dans le cadre des conf\u00e9rences naturalistes de la\u00a0commune de VITROLLES r\u00e9alis\u00e9es par la LPO\u00a0dans la maison de quartier des Vignettes, int\u00e9ressante conf\u00e9rence de Patrick HOHENER, expert Odonates, et habitu\u00e9 de nos sorties,\u00a0sur le Trith\u00e9mis pourpre annel\u00e9.<\/p>\n<p>Cette libellule d&rsquo;une belle couleur violette qui la diff\u00e9rencie d&rsquo;esp\u00e8ces autochtones (Sympetrum, rouge),\u00a0\u00e9tait rare ant\u00e9rieurement, mais elle commence \u00e0 appara\u00eetre r\u00e9guli\u00e8rement dans la r\u00e9gion, venant d&rsquo;Afrique. L&rsquo;hypoth\u00e8se avanc\u00e9e est une strat\u00e9gie de conqu\u00eate territoriale li\u00e9e aux conditions climatiques (r\u00e9chauffement).<\/p>\n<p>On la trouve en particulier dans une petite r\u00e9serve artificielle pourtant en milieu urbanis\u00e9, le lac de la Thuill\u00e8re \u00e0 VITROLLES, que Patrick d\u00e9crit comme un milieu extr\u00eamement riche en odonates, sans doute du fait de la pr\u00e9sence d&rsquo;eaux courantes et d&rsquo;eaux stagnantes.<\/p>\n<p>Prochaine conf\u00e9rence \u00e0 ne pas manquer: ZONES HUMIDES ET CHANGEMENT CLIMATIQUE, le 22 f\u00e9vrier dans la m\u00eame salle (renseignements: 04 42 28 85 68).<\/p>\n","protected":false},"excerpt":{"rendered":"<p>Lundi 18 janvier, dans le cadre des conf\u00e9rences naturalistes de la\u00a0commune de VITROLLES r\u00e9alis\u00e9es par la LPO\u00a0dans la maison de quartier des Vignettes, int\u00e9ressante conf\u00e9rence de Patrick HOHENER, expert Odonates, et habitu\u00e9 de nos sorties,\u00a0sur le Trith\u00e9mis pourpre annel\u00e9. Cette libellule d&rsquo;une belle couleur violette qui la diff\u00e9rencie d&rsquo;esp\u00e8ces autochtones (Sympetrum, rouge),\u00a0\u00e9tait rare ant\u00e9rieurement, mais [&hellip;]<\/p>\n","protected":false},"author":110,"featured_media":180,"comment_status":"open","ping_status":"open","sticky":false,"template":"","format":"standard","meta":{"footnotes":""},"categories":[1],"tags":[],"class_list":["post-179","post","type-post","status-publish","format-standard","has-post-thumbnail","hentry","category-sorties-nature"],"yoast_head":"<!-- This site is optimized with the Yoast SEO plugin v28.3 - https:\/\/yoast.com\/product\/yoast-seo-wordpress\/ -->\n<title>LE TRITHEMIS POURPRE: un t\u00e9moin du r\u00e9chauffement climatique? - Groupe local Etang de Berre Est<\/title>\n<meta name=\"robots\" content=\"index, follow, max-snippet:-1, max-image-preview:large, max-video-preview:-1\" \/>\n<link rel=\"canonical\" href=\"http:\/\/paca.lpo.fr\/blogs\/etang-berre-est\/2016\/02\/02\/le-trithemis-pourpre-un-temoin-du-rechauffement-climatique\/\" \/>\n<meta property=\"og:locale\" content=\"fr_FR\" \/>\n<meta property=\"og:type\" content=\"article\" \/>\n<meta property=\"og:title\" content=\"LE TRITHEMIS POURPRE: un t\u00e9moin du r\u00e9chauffement climatique? - Groupe local Etang de Berre Est\" \/>\n<meta property=\"og:description\" content=\"Lundi 18 janvier, dans le cadre des conf\u00e9rences naturalistes de la\u00a0commune de VITROLLES r\u00e9alis\u00e9es par la LPO\u00a0dans la maison de quartier des Vignettes, int\u00e9ressante conf\u00e9rence de Patrick HOHENER, expert Odonates, et habitu\u00e9 de nos sorties,\u00a0sur le Trith\u00e9mis pourpre annel\u00e9. Cette libellule d&rsquo;une belle couleur violette qui la diff\u00e9rencie d&rsquo;esp\u00e8ces autochtones (Sympetrum, rouge),\u00a0\u00e9tait rare ant\u00e9rieurement, mais [&hellip;]\" \/>\n<meta property=\"og:url\" content=\"http:\/\/paca.lpo.fr\/blogs\/etang-berre-est\/2016\/02\/02\/le-trithemis-pourpre-un-temoin-du-rechauffement-climatique\/\" \/>\n<meta property=\"og:site_name\" content=\"Groupe local Etang de Berre Est\" \/>\n<meta property=\"article:published_time\" content=\"2016-02-02T10:44:01+00:00\" \/>\n<meta property=\"article:modified_time\" content=\"2016-02-04T09:17:38+00:00\" \/>\n<meta property=\"og:image\" content=\"https:\/\/paca.lpo.fr\/blogs\/etang-berre-est\/files\/2016\/02\/DSCN4266.jpg\" \/>\n\t<meta property=\"og:image:width\" content=\"1024\" \/>\n\t<meta property=\"og:image:height\" content=\"767\" \/>\n\t<meta property=\"og:image:type\" content=\"image\/jpeg\" \/>\n<meta name=\"author\" content=\"etangberreest2\" \/>\n<meta name=\"twitter:card\" content=\"summary_large_image\" \/>\n<meta name=\"twitter:label1\" content=\"\u00c9crit par\" \/>\n\t<meta name=\"twitter:data1\" content=\"etangberreest2\" \/>\n\t<meta name=\"twitter:label2\" content=\"Dur\u00e9e de lecture estim\u00e9e\" \/>\n\t<meta name=\"twitter:data2\" content=\"1 minute\" \/>\n<script type=\"application\/ld+json\" class=\"yoast-schema-graph\">{\"@context\":\"https:\\\/\\\/schema.org\",\"@graph\":[{\"@type\":\"Article\",\"@id\":\"http:\\\/\\\/paca.lpo.fr\\\/blogs\\\/etang-berre-est\\\/2016\\\/02\\\/02\\\/le-trithemis-pourpre-un-temoin-du-rechauffement-climatique\\\/#article\",\"isPartOf\":{\"@id\":\"http:\\\/\\\/paca.lpo.fr\\\/blogs\\\/etang-berre-est\\\/2016\\\/02\\\/02\\\/le-trithemis-pourpre-un-temoin-du-rechauffement-climatique\\\/\"},\"author\":{\"name\":\"etangberreest2\",\"@id\":\"https:\\\/\\\/paca.lpo.fr\\\/blogs\\\/etang-berre-est\\\/#\\\/schema\\\/person\\\/7c7971bdfa7edcae764fb95abc02f5f9\"},\"headline\":\"LE TRITHEMIS POURPRE: un t\u00e9moin du r\u00e9chauffement climatique?\",\"datePublished\":\"2016-02-02T10:44:01+00:00\",\"dateModified\":\"2016-02-04T09:17:38+00:00\",\"mainEntityOfPage\":{\"@id\":\"http:\\\/\\\/paca.lpo.fr\\\/blogs\\\/etang-berre-est\\\/2016\\\/02\\\/02\\\/le-trithemis-pourpre-un-temoin-du-rechauffement-climatique\\\/\"},\"wordCount\":182,\"commentCount\":0,\"publisher\":{\"@id\":\"https:\\\/\\\/paca.lpo.fr\\\/blogs\\\/etang-berre-est\\\/#organization\"},\"image\":{\"@id\":\"http:\\\/\\\/paca.lpo.fr\\\/blogs\\\/etang-berre-est\\\/2016\\\/02\\\/02\\\/le-trithemis-pourpre-un-temoin-du-rechauffement-climatique\\\/#primaryimage\"},\"thumbnailUrl\":\"https:\\\/\\\/paca.lpo.fr\\\/blogs\\\/etang-berre-est\\\/files\\\/2016\\\/02\\\/DSCN4266.jpg\",\"articleSection\":[\"Sorties Nature\"],\"inLanguage\":\"fr-FR\",\"potentialAction\":[{\"@type\":\"CommentAction\",\"name\":\"Comment\",\"target\":[\"http:\\\/\\\/paca.lpo.fr\\\/blogs\\\/etang-berre-est\\\/2016\\\/02\\\/02\\\/le-trithemis-pourpre-un-temoin-du-rechauffement-climatique\\\/#respond\"]}]},{\"@type\":\"WebPage\",\"@id\":\"http:\\\/\\\/paca.lpo.fr\\\/blogs\\\/etang-berre-est\\\/2016\\\/02\\\/02\\\/le-trithemis-pourpre-un-temoin-du-rechauffement-climatique\\\/\",\"url\":\"http:\\\/\\\/paca.lpo.fr\\\/blogs\\\/etang-berre-est\\\/2016\\\/02\\\/02\\\/le-trithemis-pourpre-un-temoin-du-rechauffement-climatique\\\/\",\"name\":\"LE TRITHEMIS POURPRE: un t\u00e9moin du r\u00e9chauffement climatique? - Groupe local Etang de Berre Est\",\"isPartOf\":{\"@id\":\"https:\\\/\\\/paca.lpo.fr\\\/blogs\\\/etang-berre-est\\\/#website\"},\"primaryImageOfPage\":{\"@id\":\"http:\\\/\\\/paca.lpo.fr\\\/blogs\\\/etang-berre-est\\\/2016\\\/02\\\/02\\\/le-trithemis-pourpre-un-temoin-du-rechauffement-climatique\\\/#primaryimage\"},\"image\":{\"@id\":\"http:\\\/\\\/paca.lpo.fr\\\/blogs\\\/etang-berre-est\\\/2016\\\/02\\\/02\\\/le-trithemis-pourpre-un-temoin-du-rechauffement-climatique\\\/#primaryimage\"},\"thumbnailUrl\":\"https:\\\/\\\/paca.lpo.fr\\\/blogs\\\/etang-berre-est\\\/files\\\/2016\\\/02\\\/DSCN4266.jpg\",\"datePublished\":\"2016-02-02T10:44:01+00:00\",\"dateModified\":\"2016-02-04T09:17:38+00:00\",\"breadcrumb\":{\"@id\":\"http:\\\/\\\/paca.lpo.fr\\\/blogs\\\/etang-berre-est\\\/2016\\\/02\\\/02\\\/le-trithemis-pourpre-un-temoin-du-rechauffement-climatique\\\/#breadcrumb\"},\"inLanguage\":\"fr-FR\",\"potentialAction\":[{\"@type\":\"ReadAction\",\"target\":[\"http:\\\/\\\/paca.lpo.fr\\\/blogs\\\/etang-berre-est\\\/2016\\\/02\\\/02\\\/le-trithemis-pourpre-un-temoin-du-rechauffement-climatique\\\/\"]}]},{\"@type\":\"ImageObject\",\"inLanguage\":\"fr-FR\",\"@id\":\"http:\\\/\\\/paca.lpo.fr\\\/blogs\\\/etang-berre-est\\\/2016\\\/02\\\/02\\\/le-trithemis-pourpre-un-temoin-du-rechauffement-climatique\\\/#primaryimage\",\"url\":\"https:\\\/\\\/paca.lpo.fr\\\/blogs\\\/etang-berre-est\\\/files\\\/2016\\\/02\\\/DSCN4266.jpg\",\"contentUrl\":\"https:\\\/\\\/paca.lpo.fr\\\/blogs\\\/etang-berre-est\\\/files\\\/2016\\\/02\\\/DSCN4266.jpg\",\"width\":1024,\"height\":767},{\"@type\":\"BreadcrumbList\",\"@id\":\"http:\\\/\\\/paca.lpo.fr\\\/blogs\\\/etang-berre-est\\\/2016\\\/02\\\/02\\\/le-trithemis-pourpre-un-temoin-du-rechauffement-climatique\\\/#breadcrumb\",\"itemListElement\":[{\"@type\":\"ListItem\",\"position\":1,\"name\":\"Accueil\",\"item\":\"https:\\\/\\\/paca.lpo.fr\\\/blogs\\\/etang-berre-est\\\/\"},{\"@type\":\"ListItem\",\"position\":2,\"name\":\"LE TRITHEMIS POURPRE: un t\u00e9moin du r\u00e9chauffement climatique?\"}]},{\"@type\":\"WebSite\",\"@id\":\"https:\\\/\\\/paca.lpo.fr\\\/blogs\\\/etang-berre-est\\\/#website\",\"url\":\"https:\\\/\\\/paca.lpo.fr\\\/blogs\\\/etang-berre-est\\\/\",\"name\":\"Groupe local Etang de Berre Est\",\"description\":\"Groupe local Etang de Berre Est\",\"publisher\":{\"@id\":\"https:\\\/\\\/paca.lpo.fr\\\/blogs\\\/etang-berre-est\\\/#organization\"},\"potentialAction\":[{\"@type\":\"SearchAction\",\"target\":{\"@type\":\"EntryPoint\",\"urlTemplate\":\"https:\\\/\\\/paca.lpo.fr\\\/blogs\\\/etang-berre-est\\\/?s={search_term_string}\"},\"query-input\":{\"@type\":\"PropertyValueSpecification\",\"valueRequired\":true,\"valueName\":\"search_term_string\"}}],\"inLanguage\":\"fr-FR\"},{\"@type\":\"Organization\",\"@id\":\"https:\\\/\\\/paca.lpo.fr\\\/blogs\\\/etang-berre-est\\\/#organization\",\"name\":\"Groupe local Etang de Berre Est\",\"url\":\"https:\\\/\\\/paca.lpo.fr\\\/blogs\\\/etang-berre-est\\\/\",\"logo\":{\"@type\":\"ImageObject\",\"inLanguage\":\"fr-FR\",\"@id\":\"https:\\\/\\\/paca.lpo.fr\\\/blogs\\\/etang-berre-est\\\/#\\\/schema\\\/logo\\\/image\\\/\",\"url\":\"https:\\\/\\\/paca.lpo.fr\\\/blogs\\\/etang-berre-est\\\/files\\\/2024\\\/01\\\/cropped-rvb-lpo-paca-logotype-signature-droite-mini-500.jpg\",\"contentUrl\":\"https:\\\/\\\/paca.lpo.fr\\\/blogs\\\/etang-berre-est\\\/files\\\/2024\\\/01\\\/cropped-rvb-lpo-paca-logotype-signature-droite-mini-500.jpg\",\"width\":500,\"height\":210,\"caption\":\"Groupe local Etang de Berre Est\"},\"image\":{\"@id\":\"https:\\\/\\\/paca.lpo.fr\\\/blogs\\\/etang-berre-est\\\/#\\\/schema\\\/logo\\\/image\\\/\"}},{\"@type\":\"Person\",\"@id\":\"https:\\\/\\\/paca.lpo.fr\\\/blogs\\\/etang-berre-est\\\/#\\\/schema\\\/person\\\/7c7971bdfa7edcae764fb95abc02f5f9\",\"name\":\"etangberreest2\",\"image\":{\"@type\":\"ImageObject\",\"inLanguage\":\"fr-FR\",\"@id\":\"https:\\\/\\\/secure.gravatar.com\\\/avatar\\\/6e8fbf554bd6e14d82b064ae100d550a62f148dd494edc6d77da54fd12ef50cb?s=96&d=mm&r=g\",\"url\":\"https:\\\/\\\/secure.gravatar.com\\\/avatar\\\/6e8fbf554bd6e14d82b064ae100d550a62f148dd494edc6d77da54fd12ef50cb?s=96&d=mm&r=g\",\"contentUrl\":\"https:\\\/\\\/secure.gravatar.com\\\/avatar\\\/6e8fbf554bd6e14d82b064ae100d550a62f148dd494edc6d77da54fd12ef50cb?s=96&d=mm&r=g\",\"caption\":\"etangberreest2\"},\"url\":\"https:\\\/\\\/paca.lpo.fr\\\/blogs\\\/etang-berre-est\\\/author\\\/etangberreest2\\\/\"}]}<\/script>\n<!-- \/ Yoast SEO plugin. -->","yoast_head_json":{"title":"LE TRITHEMIS POURPRE: un t\u00e9moin du r\u00e9chauffement climatique? - Groupe local Etang de Berre Est","robots":{"index":"index","follow":"follow","max-snippet":"max-snippet:-1","max-image-preview":"max-image-preview:large","max-video-preview":"max-video-preview:-1"},"canonical":"http:\/\/paca.lpo.fr\/blogs\/etang-berre-est\/2016\/02\/02\/le-trithemis-pourpre-un-temoin-du-rechauffement-climatique\/","og_locale":"fr_FR","og_type":"article","og_title":"LE TRITHEMIS POURPRE: un t\u00e9moin du r\u00e9chauffement climatique? - Groupe local Etang de Berre Est","og_description":"Lundi 18 janvier, dans le cadre des conf\u00e9rences naturalistes de la\u00a0commune de VITROLLES r\u00e9alis\u00e9es par la LPO\u00a0dans la maison de quartier des Vignettes, int\u00e9ressante conf\u00e9rence de Patrick HOHENER, expert Odonates, et habitu\u00e9 de nos sorties,\u00a0sur le Trith\u00e9mis pourpre annel\u00e9. Cette libellule d&rsquo;une belle couleur violette qui la diff\u00e9rencie d&rsquo;esp\u00e8ces autochtones (Sympetrum, rouge),\u00a0\u00e9tait rare ant\u00e9rieurement, mais [&hellip;]","og_url":"http:\/\/paca.lpo.fr\/blogs\/etang-berre-est\/2016\/02\/02\/le-trithemis-pourpre-un-temoin-du-rechauffement-climatique\/","og_site_name":"Groupe local Etang de Berre Est","article_published_time":"2016-02-02T10:44:01+00:00","article_modified_time":"2016-02-04T09:17:38+00:00","og_image":[{"width":1024,"height":767,"url":"https:\/\/paca.lpo.fr\/blogs\/etang-berre-est\/files\/2016\/02\/DSCN4266.jpg","type":"image\/jpeg"}],"author":"etangberreest2","twitter_card":"summary_large_image","twitter_misc":{"\u00c9crit par":"etangberreest2","Dur\u00e9e de lecture estim\u00e9e":"1 minute"},"schema":{"@context":"https:\/\/schema.org","@graph":[{"@type":"Article","@id":"http:\/\/paca.lpo.fr\/blogs\/etang-berre-est\/2016\/02\/02\/le-trithemis-pourpre-un-temoin-du-rechauffement-climatique\/#article","isPartOf":{"@id":"http:\/\/paca.lpo.fr\/blogs\/etang-berre-est\/2016\/02\/02\/le-trithemis-pourpre-un-temoin-du-rechauffement-climatique\/"},"author":{"name":"etangberreest2","@id":"https:\/\/paca.lpo.fr\/blogs\/etang-berre-est\/#\/schema\/person\/7c7971bdfa7edcae764fb95abc02f5f9"},"headline":"LE TRITHEMIS POURPRE: un t\u00e9moin du r\u00e9chauffement climatique?","datePublished":"2016-02-02T10:44:01+00:00","dateModified":"2016-02-04T09:17:38+00:00","mainEntityOfPage":{"@id":"http:\/\/paca.lpo.fr\/blogs\/etang-berre-est\/2016\/02\/02\/le-trithemis-pourpre-un-temoin-du-rechauffement-climatique\/"},"wordCount":182,"commentCount":0,"publisher":{"@id":"https:\/\/paca.lpo.fr\/blogs\/etang-berre-est\/#organization"},"image":{"@id":"http:\/\/paca.lpo.fr\/blogs\/etang-berre-est\/2016\/02\/02\/le-trithemis-pourpre-un-temoin-du-rechauffement-climatique\/#primaryimage"},"thumbnailUrl":"https:\/\/paca.lpo.fr\/blogs\/etang-berre-est\/files\/2016\/02\/DSCN4266.jpg","articleSection":["Sorties Nature"],"inLanguage":"fr-FR","potentialAction":[{"@type":"CommentAction","name":"Comment","target":["http:\/\/paca.lpo.fr\/blogs\/etang-berre-est\/2016\/02\/02\/le-trithemis-pourpre-un-temoin-du-rechauffement-climatique\/#respond"]}]},{"@type":"WebPage","@id":"http:\/\/paca.lpo.fr\/blogs\/etang-berre-est\/2016\/02\/02\/le-trithemis-pourpre-un-temoin-du-rechauffement-climatique\/","url":"http:\/\/paca.lpo.fr\/blogs\/etang-berre-est\/2016\/02\/02\/le-trithemis-pourpre-un-temoin-du-rechauffement-climatique\/","name":"LE TRITHEMIS POURPRE: un t\u00e9moin du r\u00e9chauffement climatique? - Groupe local Etang de Berre Est","isPartOf":{"@id":"https:\/\/paca.lpo.fr\/blogs\/etang-berre-est\/#website"},"primaryImageOfPage":{"@id":"http:\/\/paca.lpo.fr\/blogs\/etang-berre-est\/2016\/02\/02\/le-trithemis-pourpre-un-temoin-du-rechauffement-climatique\/#primaryimage"},"image":{"@id":"http:\/\/paca.lpo.fr\/blogs\/etang-berre-est\/2016\/02\/02\/le-trithemis-pourpre-un-temoin-du-rechauffement-climatique\/#primaryimage"},"thumbnailUrl":"https:\/\/paca.lpo.fr\/blogs\/etang-berre-est\/files\/2016\/02\/DSCN4266.jpg","datePublished":"2016-02-02T10:44:01+00:00","dateModified":"2016-02-04T09:17:38+00:00","breadcrumb":{"@id":"http:\/\/paca.lpo.fr\/blogs\/etang-berre-est\/2016\/02\/02\/le-trithemis-pourpre-un-temoin-du-rechauffement-climatique\/#breadcrumb"},"inLanguage":"fr-FR","potentialAction":[{"@type":"ReadAction","target":["http:\/\/paca.lpo.fr\/blogs\/etang-berre-est\/2016\/02\/02\/le-trithemis-pourpre-un-temoin-du-rechauffement-climatique\/"]}]},{"@type":"ImageObject","inLanguage":"fr-FR","@id":"http:\/\/paca.lpo.fr\/blogs\/etang-berre-est\/2016\/02\/02\/le-trithemis-pourpre-un-temoin-du-rechauffement-climatique\/#primaryimage","url":"https:\/\/paca.lpo.fr\/blogs\/etang-berre-est\/files\/2016\/02\/DSCN4266.jpg","contentUrl":"https:\/\/paca.lpo.fr\/blogs\/etang-berre-est\/files\/2016\/02\/DSCN4266.jpg","width":1024,"height":767},{"@type":"BreadcrumbList","@id":"http:\/\/paca.lpo.fr\/blogs\/etang-berre-est\/2016\/02\/02\/le-trithemis-pourpre-un-temoin-du-rechauffement-climatique\/#breadcrumb","itemListElement":[{"@type":"ListItem","position":1,"name":"Accueil","item":"https:\/\/paca.lpo.fr\/blogs\/etang-berre-est\/"},{"@type":"ListItem","position":2,"name":"LE TRITHEMIS POURPRE: un t\u00e9moin du r\u00e9chauffement climatique?"}]},{"@type":"WebSite","@id":"https:\/\/paca.lpo.fr\/blogs\/etang-berre-est\/#website","url":"https:\/\/paca.lpo.fr\/blogs\/etang-berre-est\/","name":"Groupe local Etang de Berre Est","description":"Groupe local Etang de Berre Est","publisher":{"@id":"https:\/\/paca.lpo.fr\/blogs\/etang-berre-est\/#organization"},"potentialAction":[{"@type":"SearchAction","target":{"@type":"EntryPoint","urlTemplate":"https:\/\/paca.lpo.fr\/blogs\/etang-berre-est\/?s={search_term_string}"},"query-input":{"@type":"PropertyValueSpecification","valueRequired":true,"valueName":"search_term_string"}}],"inLanguage":"fr-FR"},{"@type":"Organization","@id":"https:\/\/paca.lpo.fr\/blogs\/etang-berre-est\/#organization","name":"Groupe local Etang de Berre Est","url":"https:\/\/paca.lpo.fr\/blogs\/etang-berre-est\/","logo":{"@type":"ImageObject","inLanguage":"fr-FR","@id":"https:\/\/paca.lpo.fr\/blogs\/etang-berre-est\/#\/schema\/logo\/image\/","url":"https:\/\/paca.lpo.fr\/blogs\/etang-berre-est\/files\/2024\/01\/cropped-rvb-lpo-paca-logotype-signature-droite-mini-500.jpg","contentUrl":"https:\/\/paca.lpo.fr\/blogs\/etang-berre-est\/files\/2024\/01\/cropped-rvb-lpo-paca-logotype-signature-droite-mini-500.jpg","width":500,"height":210,"caption":"Groupe local Etang de Berre Est"},"image":{"@id":"https:\/\/paca.lpo.fr\/blogs\/etang-berre-est\/#\/schema\/logo\/image\/"}},{"@type":"Person","@id":"https:\/\/paca.lpo.fr\/blogs\/etang-berre-est\/#\/schema\/person\/7c7971bdfa7edcae764fb95abc02f5f9","name":"etangberreest2","image":{"@type":"ImageObject","inLanguage":"fr-FR","@id":"https:\/\/secure.gravatar.com\/avatar\/6e8fbf554bd6e14d82b064ae100d550a62f148dd494edc6d77da54fd12ef50cb?s=96&d=mm&r=g","url":"https:\/\/secure.gravatar.com\/avatar\/6e8fbf554bd6e14d82b064ae100d550a62f148dd494edc6d77da54fd12ef50cb?s=96&d=mm&r=g","contentUrl":"https:\/\/secure.gravatar.com\/avatar\/6e8fbf554bd6e14d82b064ae100d550a62f148dd494edc6d77da54fd12ef50cb?s=96&d=mm&r=g","caption":"etangberreest2"},"url":"https:\/\/paca.lpo.fr\/blogs\/etang-berre-est\/author\/etangberreest2\/"}]}},"jetpack_featured_media_url":"https:\/\/paca.lpo.fr\/blogs\/etang-berre-est\/files\/2016\/02\/DSCN4266.jpg","_links":{"self":[{"href":"https:\/\/paca.lpo.fr\/blogs\/etang-berre-est\/wp-json\/wp\/v2\/posts\/179","targetHints":{"allow":["GET"]}}],"collection":[{"href":"https:\/\/paca.lpo.fr\/blogs\/etang-berre-est\/wp-json\/wp\/v2\/posts"}],"about":[{"href":"https:\/\/paca.lpo.fr\/blogs\/etang-berre-est\/wp-json\/wp\/v2\/types\/post"}],"author":[{"embeddable":true,"href":"https:\/\/paca.lpo.fr\/blogs\/etang-berre-est\/wp-json\/wp\/v2\/users\/110"}],"replies":[{"embeddable":true,"href":"https:\/\/paca.lpo.fr\/blogs\/etang-berre-est\/wp-json\/wp\/v2\/comments?post=179"}],"version-history":[{"count":1,"href":"https:\/\/paca.lpo.fr\/blogs\/etang-berre-est\/wp-json\/wp\/v2\/posts\/179\/revisions"}],"predecessor-version":[{"id":182,"href":"https:\/\/paca.lpo.fr\/blogs\/etang-berre-est\/wp-json\/wp\/v2\/posts\/179\/revisions\/182"}],"wp:featuredmedia":[{"embeddable":true,"href":"https:\/\/paca.lpo.fr\/blogs\/etang-berre-est\/wp-json\/wp\/v2\/media\/180"}],"wp:attachment":[{"href":"https:\/\/paca.lpo.fr\/blogs\/etang-berre-est\/wp-json\/wp\/v2\/media?parent=179"}],"wp:term":[{"taxonomy":"category","embeddable":true,"href":"https:\/\/paca.lpo.fr\/blogs\/etang-berre-est\/wp-json\/wp\/v2\/categories?post=179"},{"taxonomy":"post_tag","embeddable":true,"href":"https:\/\/paca.lpo.fr\/blogs\/etang-berre-est\/wp-json\/wp\/v2\/tags?post=179"}],"curies":[{"name":"wp","href":"https:\/\/api.w.org\/{rel}","templated":true}]}}