{"id":183,"date":"2016-02-08T11:08:06","date_gmt":"2016-02-08T10:08:06","guid":{"rendered":"http:\/\/paca.lpo.fr\/blogs\/etang-berre-est\/?p=183"},"modified":"2016-02-08T11:08:06","modified_gmt":"2016-02-08T10:08:06","slug":"les-mammiferes-du-pourtour-de-letang-de-berre-par-patrick-bayle","status":"publish","type":"post","link":"https:\/\/paca.lpo.fr\/blogs\/etang-berre-est\/2016\/02\/08\/les-mammiferes-du-pourtour-de-letang-de-berre-par-patrick-bayle\/","title":{"rendered":"Les MAMMIFERES du pourtour de l&rsquo;ETANG DE BERRE, par Patrick BAYLE"},"content":{"rendered":"<figure id=\"attachment_181\" aria-describedby=\"caption-attachment-181\" style=\"width: 660px\" class=\"wp-caption aligncenter\"><img loading=\"lazy\" decoding=\"async\" class=\"size-large wp-image-181\" src=\"http:\/\/paca.lpo.fr\/blogs\/etang-berre-est\/files\/2016\/02\/146-960x639.jpg\" alt=\"Ragondin\" width=\"660\" height=\"439\" srcset=\"https:\/\/paca.lpo.fr\/blogs\/etang-berre-est\/files\/2016\/02\/146-960x639.jpg 960w, https:\/\/paca.lpo.fr\/blogs\/etang-berre-est\/files\/2016\/02\/146-480x320.jpg 480w, https:\/\/paca.lpo.fr\/blogs\/etang-berre-est\/files\/2016\/02\/146-768x512.jpg 768w, https:\/\/paca.lpo.fr\/blogs\/etang-berre-est\/files\/2016\/02\/146-700x466.jpg 700w, https:\/\/paca.lpo.fr\/blogs\/etang-berre-est\/files\/2016\/02\/146-800x533.jpg 800w, https:\/\/paca.lpo.fr\/blogs\/etang-berre-est\/files\/2016\/02\/146.jpg 1024w\" sizes=\"auto, (max-width: 660px) 100vw, 660px\" \/><figcaption id=\"caption-attachment-181\" class=\"wp-caption-text\">Ragondin<\/figcaption><\/figure>\n<p>Samedi \u00a030 janvier, dans la salle Jean Jaur\u00e8s de ROGNAC, dans le cadre des Journ\u00e9es Mondiales des Zones Humides,\u00a0 Patrick BAYLE, zoologiste rattach\u00e9 \u00e0 la Mairie de Marseille, a pr\u00e9sent\u00e9 une conf\u00e9rence sur les mammif\u00e8res du pourtour de l&rsquo;Etang de Berre.<\/p>\n<p>Patrick BAYLE a su \u00e9viter la\u00a0syst\u00e9matique sans nombre des esp\u00e8ces rencontr\u00e9es, fa\u00e7on ATLAS, pour mettre en \u00e9vidence la vari\u00e9t\u00e9 et le comportement des esp\u00e8ces inf\u00e9od\u00e9es aux zones humides, qu&rsquo;elles volent, nagent, marchent ou rampent.<\/p>\n<p>Il a en particulier insist\u00e9 sur les chiropt\u00e8res, que les outils modernes d&rsquo;analyse d&rsquo;ultra-sons rendent plus faciles \u00e0 d\u00e9tecter et identifier, mais qui malheureusement sont touch\u00e9es par l&rsquo;\u00e9volution n\u00e9gative des conditions de leur survie, beaucoup d&rsquo;esp\u00e8ces \u00e9tant sur la liste des esp\u00e8ces menac\u00e9es.<\/p>\n<p>Pour les micromammif\u00e8res terrestres, la difficult\u00e9 d&rsquo;observation ou de pi\u00e9geage conduit \u00e0 utiliser des moyens indirects, et notamment l&rsquo;analyse des pelotes des rapaces.<\/p>\n<p>Cette conf\u00e9rence, organis\u00e9e en partenariat entre l&rsquo;Association NOSTA MAR et la LPO-PACA, a attir\u00e9 un public nombreux et passionn\u00e9, qui a pos\u00e9 de nombreuses questions, y compris dans des champs annexes de la comp\u00e9tence du conf\u00e9rencier, preuve de leur int\u00e9r\u00eat et de l&rsquo;ouverture des id\u00e9es que la conf\u00e9rence a engendr\u00e9e.<\/p>\n","protected":false},"excerpt":{"rendered":"<p>Samedi \u00a030 janvier, dans la salle Jean Jaur\u00e8s de ROGNAC, dans le cadre des Journ\u00e9es Mondiales des Zones Humides,\u00a0 Patrick BAYLE, zoologiste rattach\u00e9 \u00e0 la Mairie de Marseille, a pr\u00e9sent\u00e9 une conf\u00e9rence sur les mammif\u00e8res du pourtour de l&rsquo;Etang de Berre. Patrick BAYLE a su \u00e9viter la\u00a0syst\u00e9matique sans nombre des esp\u00e8ces rencontr\u00e9es, fa\u00e7on ATLAS, pour [&hellip;]<\/p>\n","protected":false},"author":110,"featured_media":0,"comment_status":"open","ping_status":"open","sticky":false,"template":"","format":"standard","meta":{"footnotes":""},"categories":[1],"tags":[],"class_list":["post-183","post","type-post","status-publish","format-standard","hentry","category-sorties-nature"],"yoast_head":"<!-- This site is optimized with the Yoast SEO plugin v28.3 - https:\/\/yoast.com\/product\/yoast-seo-wordpress\/ -->\n<title>Les MAMMIFERES du pourtour de l&#039;ETANG DE BERRE, par Patrick BAYLE - Groupe local Etang de Berre Est<\/title>\n<meta name=\"robots\" content=\"index, follow, max-snippet:-1, max-image-preview:large, max-video-preview:-1\" \/>\n<link rel=\"canonical\" href=\"http:\/\/paca.lpo.fr\/blogs\/etang-berre-est\/2016\/02\/08\/les-mammiferes-du-pourtour-de-letang-de-berre-par-patrick-bayle\/\" \/>\n<meta property=\"og:locale\" content=\"fr_FR\" \/>\n<meta property=\"og:type\" content=\"article\" \/>\n<meta property=\"og:title\" content=\"Les MAMMIFERES du pourtour de l&#039;ETANG DE BERRE, par Patrick BAYLE - Groupe local Etang de Berre Est\" \/>\n<meta property=\"og:description\" content=\"Samedi \u00a030 janvier, dans la salle Jean Jaur\u00e8s de ROGNAC, dans le cadre des Journ\u00e9es Mondiales des Zones Humides,\u00a0 Patrick BAYLE, zoologiste rattach\u00e9 \u00e0 la Mairie de Marseille, a pr\u00e9sent\u00e9 une conf\u00e9rence sur les mammif\u00e8res du pourtour de l&rsquo;Etang de Berre. Patrick BAYLE a su \u00e9viter la\u00a0syst\u00e9matique sans nombre des esp\u00e8ces rencontr\u00e9es, fa\u00e7on ATLAS, pour [&hellip;]\" \/>\n<meta property=\"og:url\" content=\"http:\/\/paca.lpo.fr\/blogs\/etang-berre-est\/2016\/02\/08\/les-mammiferes-du-pourtour-de-letang-de-berre-par-patrick-bayle\/\" \/>\n<meta property=\"og:site_name\" content=\"Groupe local Etang de Berre Est\" \/>\n<meta property=\"article:published_time\" content=\"2016-02-08T10:08:06+00:00\" \/>\n<meta property=\"og:image\" content=\"http:\/\/paca.lpo.fr\/blogs\/etang-berre-est\/files\/2016\/02\/146-960x639.jpg\" \/>\n<meta name=\"author\" content=\"etangberreest2\" \/>\n<meta name=\"twitter:card\" content=\"summary_large_image\" \/>\n<meta name=\"twitter:label1\" content=\"\u00c9crit par\" \/>\n\t<meta name=\"twitter:data1\" content=\"etangberreest2\" \/>\n\t<meta name=\"twitter:label2\" content=\"Dur\u00e9e de lecture estim\u00e9e\" \/>\n\t<meta name=\"twitter:data2\" content=\"1 minute\" \/>\n<script type=\"application\/ld+json\" class=\"yoast-schema-graph\">{\"@context\":\"https:\\\/\\\/schema.org\",\"@graph\":[{\"@type\":\"Article\",\"@id\":\"http:\\\/\\\/paca.lpo.fr\\\/blogs\\\/etang-berre-est\\\/2016\\\/02\\\/08\\\/les-mammiferes-du-pourtour-de-letang-de-berre-par-patrick-bayle\\\/#article\",\"isPartOf\":{\"@id\":\"http:\\\/\\\/paca.lpo.fr\\\/blogs\\\/etang-berre-est\\\/2016\\\/02\\\/08\\\/les-mammiferes-du-pourtour-de-letang-de-berre-par-patrick-bayle\\\/\"},\"author\":{\"name\":\"etangberreest2\",\"@id\":\"https:\\\/\\\/paca.lpo.fr\\\/blogs\\\/etang-berre-est\\\/#\\\/schema\\\/person\\\/7c7971bdfa7edcae764fb95abc02f5f9\"},\"headline\":\"Les MAMMIFERES du pourtour de l&rsquo;ETANG DE BERRE, par Patrick BAYLE\",\"datePublished\":\"2016-02-08T10:08:06+00:00\",\"mainEntityOfPage\":{\"@id\":\"http:\\\/\\\/paca.lpo.fr\\\/blogs\\\/etang-berre-est\\\/2016\\\/02\\\/08\\\/les-mammiferes-du-pourtour-de-letang-de-berre-par-patrick-bayle\\\/\"},\"wordCount\":249,\"commentCount\":0,\"publisher\":{\"@id\":\"https:\\\/\\\/paca.lpo.fr\\\/blogs\\\/etang-berre-est\\\/#organization\"},\"image\":{\"@id\":\"http:\\\/\\\/paca.lpo.fr\\\/blogs\\\/etang-berre-est\\\/2016\\\/02\\\/08\\\/les-mammiferes-du-pourtour-de-letang-de-berre-par-patrick-bayle\\\/#primaryimage\"},\"thumbnailUrl\":\"http:\\\/\\\/paca.lpo.fr\\\/blogs\\\/etang-berre-est\\\/files\\\/2016\\\/02\\\/146-960x639.jpg\",\"articleSection\":[\"Sorties Nature\"],\"inLanguage\":\"fr-FR\",\"potentialAction\":[{\"@type\":\"CommentAction\",\"name\":\"Comment\",\"target\":[\"http:\\\/\\\/paca.lpo.fr\\\/blogs\\\/etang-berre-est\\\/2016\\\/02\\\/08\\\/les-mammiferes-du-pourtour-de-letang-de-berre-par-patrick-bayle\\\/#respond\"]}]},{\"@type\":\"WebPage\",\"@id\":\"http:\\\/\\\/paca.lpo.fr\\\/blogs\\\/etang-berre-est\\\/2016\\\/02\\\/08\\\/les-mammiferes-du-pourtour-de-letang-de-berre-par-patrick-bayle\\\/\",\"url\":\"http:\\\/\\\/paca.lpo.fr\\\/blogs\\\/etang-berre-est\\\/2016\\\/02\\\/08\\\/les-mammiferes-du-pourtour-de-letang-de-berre-par-patrick-bayle\\\/\",\"name\":\"Les MAMMIFERES du pourtour de l'ETANG DE BERRE, par Patrick BAYLE - Groupe local Etang de Berre Est\",\"isPartOf\":{\"@id\":\"https:\\\/\\\/paca.lpo.fr\\\/blogs\\\/etang-berre-est\\\/#website\"},\"primaryImageOfPage\":{\"@id\":\"http:\\\/\\\/paca.lpo.fr\\\/blogs\\\/etang-berre-est\\\/2016\\\/02\\\/08\\\/les-mammiferes-du-pourtour-de-letang-de-berre-par-patrick-bayle\\\/#primaryimage\"},\"image\":{\"@id\":\"http:\\\/\\\/paca.lpo.fr\\\/blogs\\\/etang-berre-est\\\/2016\\\/02\\\/08\\\/les-mammiferes-du-pourtour-de-letang-de-berre-par-patrick-bayle\\\/#primaryimage\"},\"thumbnailUrl\":\"http:\\\/\\\/paca.lpo.fr\\\/blogs\\\/etang-berre-est\\\/files\\\/2016\\\/02\\\/146-960x639.jpg\",\"datePublished\":\"2016-02-08T10:08:06+00:00\",\"breadcrumb\":{\"@id\":\"http:\\\/\\\/paca.lpo.fr\\\/blogs\\\/etang-berre-est\\\/2016\\\/02\\\/08\\\/les-mammiferes-du-pourtour-de-letang-de-berre-par-patrick-bayle\\\/#breadcrumb\"},\"inLanguage\":\"fr-FR\",\"potentialAction\":[{\"@type\":\"ReadAction\",\"target\":[\"http:\\\/\\\/paca.lpo.fr\\\/blogs\\\/etang-berre-est\\\/2016\\\/02\\\/08\\\/les-mammiferes-du-pourtour-de-letang-de-berre-par-patrick-bayle\\\/\"]}]},{\"@type\":\"ImageObject\",\"inLanguage\":\"fr-FR\",\"@id\":\"http:\\\/\\\/paca.lpo.fr\\\/blogs\\\/etang-berre-est\\\/2016\\\/02\\\/08\\\/les-mammiferes-du-pourtour-de-letang-de-berre-par-patrick-bayle\\\/#primaryimage\",\"url\":\"http:\\\/\\\/paca.lpo.fr\\\/blogs\\\/etang-berre-est\\\/files\\\/2016\\\/02\\\/146-960x639.jpg\",\"contentUrl\":\"http:\\\/\\\/paca.lpo.fr\\\/blogs\\\/etang-berre-est\\\/files\\\/2016\\\/02\\\/146-960x639.jpg\"},{\"@type\":\"BreadcrumbList\",\"@id\":\"http:\\\/\\\/paca.lpo.fr\\\/blogs\\\/etang-berre-est\\\/2016\\\/02\\\/08\\\/les-mammiferes-du-pourtour-de-letang-de-berre-par-patrick-bayle\\\/#breadcrumb\",\"itemListElement\":[{\"@type\":\"ListItem\",\"position\":1,\"name\":\"Accueil\",\"item\":\"https:\\\/\\\/paca.lpo.fr\\\/blogs\\\/etang-berre-est\\\/\"},{\"@type\":\"ListItem\",\"position\":2,\"name\":\"Les MAMMIFERES du pourtour de l&rsquo;ETANG DE BERRE, par Patrick BAYLE\"}]},{\"@type\":\"WebSite\",\"@id\":\"https:\\\/\\\/paca.lpo.fr\\\/blogs\\\/etang-berre-est\\\/#website\",\"url\":\"https:\\\/\\\/paca.lpo.fr\\\/blogs\\\/etang-berre-est\\\/\",\"name\":\"Groupe local Etang de Berre Est\",\"description\":\"Groupe local Etang de Berre Est\",\"publisher\":{\"@id\":\"https:\\\/\\\/paca.lpo.fr\\\/blogs\\\/etang-berre-est\\\/#organization\"},\"potentialAction\":[{\"@type\":\"SearchAction\",\"target\":{\"@type\":\"EntryPoint\",\"urlTemplate\":\"https:\\\/\\\/paca.lpo.fr\\\/blogs\\\/etang-berre-est\\\/?s={search_term_string}\"},\"query-input\":{\"@type\":\"PropertyValueSpecification\",\"valueRequired\":true,\"valueName\":\"search_term_string\"}}],\"inLanguage\":\"fr-FR\"},{\"@type\":\"Organization\",\"@id\":\"https:\\\/\\\/paca.lpo.fr\\\/blogs\\\/etang-berre-est\\\/#organization\",\"name\":\"Groupe local Etang de Berre Est\",\"url\":\"https:\\\/\\\/paca.lpo.fr\\\/blogs\\\/etang-berre-est\\\/\",\"logo\":{\"@type\":\"ImageObject\",\"inLanguage\":\"fr-FR\",\"@id\":\"https:\\\/\\\/paca.lpo.fr\\\/blogs\\\/etang-berre-est\\\/#\\\/schema\\\/logo\\\/image\\\/\",\"url\":\"https:\\\/\\\/paca.lpo.fr\\\/blogs\\\/etang-berre-est\\\/files\\\/2024\\\/01\\\/cropped-rvb-lpo-paca-logotype-signature-droite-mini-500.jpg\",\"contentUrl\":\"https:\\\/\\\/paca.lpo.fr\\\/blogs\\\/etang-berre-est\\\/files\\\/2024\\\/01\\\/cropped-rvb-lpo-paca-logotype-signature-droite-mini-500.jpg\",\"width\":500,\"height\":210,\"caption\":\"Groupe local Etang de Berre Est\"},\"image\":{\"@id\":\"https:\\\/\\\/paca.lpo.fr\\\/blogs\\\/etang-berre-est\\\/#\\\/schema\\\/logo\\\/image\\\/\"}},{\"@type\":\"Person\",\"@id\":\"https:\\\/\\\/paca.lpo.fr\\\/blogs\\\/etang-berre-est\\\/#\\\/schema\\\/person\\\/7c7971bdfa7edcae764fb95abc02f5f9\",\"name\":\"etangberreest2\",\"image\":{\"@type\":\"ImageObject\",\"inLanguage\":\"fr-FR\",\"@id\":\"https:\\\/\\\/secure.gravatar.com\\\/avatar\\\/6e8fbf554bd6e14d82b064ae100d550a62f148dd494edc6d77da54fd12ef50cb?s=96&d=mm&r=g\",\"url\":\"https:\\\/\\\/secure.gravatar.com\\\/avatar\\\/6e8fbf554bd6e14d82b064ae100d550a62f148dd494edc6d77da54fd12ef50cb?s=96&d=mm&r=g\",\"contentUrl\":\"https:\\\/\\\/secure.gravatar.com\\\/avatar\\\/6e8fbf554bd6e14d82b064ae100d550a62f148dd494edc6d77da54fd12ef50cb?s=96&d=mm&r=g\",\"caption\":\"etangberreest2\"},\"url\":\"https:\\\/\\\/paca.lpo.fr\\\/blogs\\\/etang-berre-est\\\/author\\\/etangberreest2\\\/\"}]}<\/script>\n<!-- \/ Yoast SEO plugin. -->","yoast_head_json":{"title":"Les MAMMIFERES du pourtour de l'ETANG DE BERRE, par Patrick BAYLE - Groupe local Etang de Berre Est","robots":{"index":"index","follow":"follow","max-snippet":"max-snippet:-1","max-image-preview":"max-image-preview:large","max-video-preview":"max-video-preview:-1"},"canonical":"http:\/\/paca.lpo.fr\/blogs\/etang-berre-est\/2016\/02\/08\/les-mammiferes-du-pourtour-de-letang-de-berre-par-patrick-bayle\/","og_locale":"fr_FR","og_type":"article","og_title":"Les MAMMIFERES du pourtour de l'ETANG DE BERRE, par Patrick BAYLE - Groupe local Etang de Berre Est","og_description":"Samedi \u00a030 janvier, dans la salle Jean Jaur\u00e8s de ROGNAC, dans le cadre des Journ\u00e9es Mondiales des Zones Humides,\u00a0 Patrick BAYLE, zoologiste rattach\u00e9 \u00e0 la Mairie de Marseille, a pr\u00e9sent\u00e9 une conf\u00e9rence sur les mammif\u00e8res du pourtour de l&rsquo;Etang de Berre. Patrick BAYLE a su \u00e9viter la\u00a0syst\u00e9matique sans nombre des esp\u00e8ces rencontr\u00e9es, fa\u00e7on ATLAS, pour [&hellip;]","og_url":"http:\/\/paca.lpo.fr\/blogs\/etang-berre-est\/2016\/02\/08\/les-mammiferes-du-pourtour-de-letang-de-berre-par-patrick-bayle\/","og_site_name":"Groupe local Etang de Berre Est","article_published_time":"2016-02-08T10:08:06+00:00","og_image":[{"url":"http:\/\/paca.lpo.fr\/blogs\/etang-berre-est\/files\/2016\/02\/146-960x639.jpg","type":"","width":"","height":""}],"author":"etangberreest2","twitter_card":"summary_large_image","twitter_misc":{"\u00c9crit par":"etangberreest2","Dur\u00e9e de lecture estim\u00e9e":"1 minute"},"schema":{"@context":"https:\/\/schema.org","@graph":[{"@type":"Article","@id":"http:\/\/paca.lpo.fr\/blogs\/etang-berre-est\/2016\/02\/08\/les-mammiferes-du-pourtour-de-letang-de-berre-par-patrick-bayle\/#article","isPartOf":{"@id":"http:\/\/paca.lpo.fr\/blogs\/etang-berre-est\/2016\/02\/08\/les-mammiferes-du-pourtour-de-letang-de-berre-par-patrick-bayle\/"},"author":{"name":"etangberreest2","@id":"https:\/\/paca.lpo.fr\/blogs\/etang-berre-est\/#\/schema\/person\/7c7971bdfa7edcae764fb95abc02f5f9"},"headline":"Les MAMMIFERES du pourtour de l&rsquo;ETANG DE BERRE, par Patrick BAYLE","datePublished":"2016-02-08T10:08:06+00:00","mainEntityOfPage":{"@id":"http:\/\/paca.lpo.fr\/blogs\/etang-berre-est\/2016\/02\/08\/les-mammiferes-du-pourtour-de-letang-de-berre-par-patrick-bayle\/"},"wordCount":249,"commentCount":0,"publisher":{"@id":"https:\/\/paca.lpo.fr\/blogs\/etang-berre-est\/#organization"},"image":{"@id":"http:\/\/paca.lpo.fr\/blogs\/etang-berre-est\/2016\/02\/08\/les-mammiferes-du-pourtour-de-letang-de-berre-par-patrick-bayle\/#primaryimage"},"thumbnailUrl":"http:\/\/paca.lpo.fr\/blogs\/etang-berre-est\/files\/2016\/02\/146-960x639.jpg","articleSection":["Sorties Nature"],"inLanguage":"fr-FR","potentialAction":[{"@type":"CommentAction","name":"Comment","target":["http:\/\/paca.lpo.fr\/blogs\/etang-berre-est\/2016\/02\/08\/les-mammiferes-du-pourtour-de-letang-de-berre-par-patrick-bayle\/#respond"]}]},{"@type":"WebPage","@id":"http:\/\/paca.lpo.fr\/blogs\/etang-berre-est\/2016\/02\/08\/les-mammiferes-du-pourtour-de-letang-de-berre-par-patrick-bayle\/","url":"http:\/\/paca.lpo.fr\/blogs\/etang-berre-est\/2016\/02\/08\/les-mammiferes-du-pourtour-de-letang-de-berre-par-patrick-bayle\/","name":"Les MAMMIFERES du pourtour de l'ETANG DE BERRE, par Patrick BAYLE - Groupe local Etang de Berre Est","isPartOf":{"@id":"https:\/\/paca.lpo.fr\/blogs\/etang-berre-est\/#website"},"primaryImageOfPage":{"@id":"http:\/\/paca.lpo.fr\/blogs\/etang-berre-est\/2016\/02\/08\/les-mammiferes-du-pourtour-de-letang-de-berre-par-patrick-bayle\/#primaryimage"},"image":{"@id":"http:\/\/paca.lpo.fr\/blogs\/etang-berre-est\/2016\/02\/08\/les-mammiferes-du-pourtour-de-letang-de-berre-par-patrick-bayle\/#primaryimage"},"thumbnailUrl":"http:\/\/paca.lpo.fr\/blogs\/etang-berre-est\/files\/2016\/02\/146-960x639.jpg","datePublished":"2016-02-08T10:08:06+00:00","breadcrumb":{"@id":"http:\/\/paca.lpo.fr\/blogs\/etang-berre-est\/2016\/02\/08\/les-mammiferes-du-pourtour-de-letang-de-berre-par-patrick-bayle\/#breadcrumb"},"inLanguage":"fr-FR","potentialAction":[{"@type":"ReadAction","target":["http:\/\/paca.lpo.fr\/blogs\/etang-berre-est\/2016\/02\/08\/les-mammiferes-du-pourtour-de-letang-de-berre-par-patrick-bayle\/"]}]},{"@type":"ImageObject","inLanguage":"fr-FR","@id":"http:\/\/paca.lpo.fr\/blogs\/etang-berre-est\/2016\/02\/08\/les-mammiferes-du-pourtour-de-letang-de-berre-par-patrick-bayle\/#primaryimage","url":"http:\/\/paca.lpo.fr\/blogs\/etang-berre-est\/files\/2016\/02\/146-960x639.jpg","contentUrl":"http:\/\/paca.lpo.fr\/blogs\/etang-berre-est\/files\/2016\/02\/146-960x639.jpg"},{"@type":"BreadcrumbList","@id":"http:\/\/paca.lpo.fr\/blogs\/etang-berre-est\/2016\/02\/08\/les-mammiferes-du-pourtour-de-letang-de-berre-par-patrick-bayle\/#breadcrumb","itemListElement":[{"@type":"ListItem","position":1,"name":"Accueil","item":"https:\/\/paca.lpo.fr\/blogs\/etang-berre-est\/"},{"@type":"ListItem","position":2,"name":"Les MAMMIFERES du pourtour de l&rsquo;ETANG DE BERRE, par Patrick BAYLE"}]},{"@type":"WebSite","@id":"https:\/\/paca.lpo.fr\/blogs\/etang-berre-est\/#website","url":"https:\/\/paca.lpo.fr\/blogs\/etang-berre-est\/","name":"Groupe local Etang de Berre Est","description":"Groupe local Etang de Berre Est","publisher":{"@id":"https:\/\/paca.lpo.fr\/blogs\/etang-berre-est\/#organization"},"potentialAction":[{"@type":"SearchAction","target":{"@type":"EntryPoint","urlTemplate":"https:\/\/paca.lpo.fr\/blogs\/etang-berre-est\/?s={search_term_string}"},"query-input":{"@type":"PropertyValueSpecification","valueRequired":true,"valueName":"search_term_string"}}],"inLanguage":"fr-FR"},{"@type":"Organization","@id":"https:\/\/paca.lpo.fr\/blogs\/etang-berre-est\/#organization","name":"Groupe local Etang de Berre Est","url":"https:\/\/paca.lpo.fr\/blogs\/etang-berre-est\/","logo":{"@type":"ImageObject","inLanguage":"fr-FR","@id":"https:\/\/paca.lpo.fr\/blogs\/etang-berre-est\/#\/schema\/logo\/image\/","url":"https:\/\/paca.lpo.fr\/blogs\/etang-berre-est\/files\/2024\/01\/cropped-rvb-lpo-paca-logotype-signature-droite-mini-500.jpg","contentUrl":"https:\/\/paca.lpo.fr\/blogs\/etang-berre-est\/files\/2024\/01\/cropped-rvb-lpo-paca-logotype-signature-droite-mini-500.jpg","width":500,"height":210,"caption":"Groupe local Etang de Berre Est"},"image":{"@id":"https:\/\/paca.lpo.fr\/blogs\/etang-berre-est\/#\/schema\/logo\/image\/"}},{"@type":"Person","@id":"https:\/\/paca.lpo.fr\/blogs\/etang-berre-est\/#\/schema\/person\/7c7971bdfa7edcae764fb95abc02f5f9","name":"etangberreest2","image":{"@type":"ImageObject","inLanguage":"fr-FR","@id":"https:\/\/secure.gravatar.com\/avatar\/6e8fbf554bd6e14d82b064ae100d550a62f148dd494edc6d77da54fd12ef50cb?s=96&d=mm&r=g","url":"https:\/\/secure.gravatar.com\/avatar\/6e8fbf554bd6e14d82b064ae100d550a62f148dd494edc6d77da54fd12ef50cb?s=96&d=mm&r=g","contentUrl":"https:\/\/secure.gravatar.com\/avatar\/6e8fbf554bd6e14d82b064ae100d550a62f148dd494edc6d77da54fd12ef50cb?s=96&d=mm&r=g","caption":"etangberreest2"},"url":"https:\/\/paca.lpo.fr\/blogs\/etang-berre-est\/author\/etangberreest2\/"}]}},"jetpack_featured_media_url":"","_links":{"self":[{"href":"https:\/\/paca.lpo.fr\/blogs\/etang-berre-est\/wp-json\/wp\/v2\/posts\/183","targetHints":{"allow":["GET"]}}],"collection":[{"href":"https:\/\/paca.lpo.fr\/blogs\/etang-berre-est\/wp-json\/wp\/v2\/posts"}],"about":[{"href":"https:\/\/paca.lpo.fr\/blogs\/etang-berre-est\/wp-json\/wp\/v2\/types\/post"}],"author":[{"embeddable":true,"href":"https:\/\/paca.lpo.fr\/blogs\/etang-berre-est\/wp-json\/wp\/v2\/users\/110"}],"replies":[{"embeddable":true,"href":"https:\/\/paca.lpo.fr\/blogs\/etang-berre-est\/wp-json\/wp\/v2\/comments?post=183"}],"version-history":[{"count":3,"href":"https:\/\/paca.lpo.fr\/blogs\/etang-berre-est\/wp-json\/wp\/v2\/posts\/183\/revisions"}],"predecessor-version":[{"id":186,"href":"https:\/\/paca.lpo.fr\/blogs\/etang-berre-est\/wp-json\/wp\/v2\/posts\/183\/revisions\/186"}],"wp:attachment":[{"href":"https:\/\/paca.lpo.fr\/blogs\/etang-berre-est\/wp-json\/wp\/v2\/media?parent=183"}],"wp:term":[{"taxonomy":"category","embeddable":true,"href":"https:\/\/paca.lpo.fr\/blogs\/etang-berre-est\/wp-json\/wp\/v2\/categories?post=183"},{"taxonomy":"post_tag","embeddable":true,"href":"https:\/\/paca.lpo.fr\/blogs\/etang-berre-est\/wp-json\/wp\/v2\/tags?post=183"}],"curies":[{"name":"wp","href":"https:\/\/api.w.org\/{rel}","templated":true}]}}