{"id":10097,"date":"2024-06-04T16:55:58","date_gmt":"2024-06-04T15:55:58","guid":{"rendered":"https:\/\/paca.lpo.fr\/blogs\/hyeres-les-maures\/?p=10097"},"modified":"2024-06-04T16:55:58","modified_gmt":"2024-06-04T15:55:58","slug":"olbius-riquier-en-fete","status":"publish","type":"post","link":"https:\/\/paca.lpo.fr\/blogs\/hyeres-les-maures\/2024\/06\/04\/olbius-riquier-en-fete\/","title":{"rendered":"Olbius Riquier en f\u00eate"},"content":{"rendered":"\n<p>Samedi 1 et dimanche 2 juin f\u00eate de la nature au jardin Olbius Riquier<\/p>\n\n\n\n<figure class=\"wp-block-image size-full\"><img loading=\"lazy\" decoding=\"async\" width=\"1024\" height=\"683\" src=\"https:\/\/paca.lpo.fr\/blogs\/hyeres-les-maures\/files\/2024\/06\/dsc06979.jpg\" alt=\"\" class=\"wp-image-10132\" srcset=\"https:\/\/paca.lpo.fr\/blogs\/hyeres-les-maures\/files\/2024\/06\/dsc06979.jpg 1024w, https:\/\/paca.lpo.fr\/blogs\/hyeres-les-maures\/files\/2024\/06\/dsc06979-768x512.jpg 768w\" sizes=\"auto, (max-width: 1024px) 100vw, 1024px\" \/><\/figure>\n\n\n\n<figure class=\"wp-block-image size-full\"><img loading=\"lazy\" decoding=\"async\" width=\"1024\" height=\"682\" src=\"https:\/\/paca.lpo.fr\/blogs\/hyeres-les-maures\/files\/2024\/06\/dsc06994.jpg\" alt=\"\" class=\"wp-image-10133\" srcset=\"https:\/\/paca.lpo.fr\/blogs\/hyeres-les-maures\/files\/2024\/06\/dsc06994.jpg 1024w, https:\/\/paca.lpo.fr\/blogs\/hyeres-les-maures\/files\/2024\/06\/dsc06994-768x512.jpg 768w\" sizes=\"auto, (max-width: 1024px) 100vw, 1024px\" \/><\/figure>\n\n\n\n<figure class=\"wp-block-image size-full\"><img loading=\"lazy\" decoding=\"async\" width=\"1024\" height=\"682\" src=\"https:\/\/paca.lpo.fr\/blogs\/hyeres-les-maures\/files\/2024\/06\/dsc06996.jpg\" alt=\"\" class=\"wp-image-10134\" srcset=\"https:\/\/paca.lpo.fr\/blogs\/hyeres-les-maures\/files\/2024\/06\/dsc06996.jpg 1024w, https:\/\/paca.lpo.fr\/blogs\/hyeres-les-maures\/files\/2024\/06\/dsc06996-768x512.jpg 768w\" sizes=\"auto, (max-width: 1024px) 100vw, 1024px\" \/><\/figure>\n\n\n\n<p>Evelyne vient nous soutenir le moral avec un paquet de chouquettes. ensuite c&rsquo;est le tour d&rsquo;H\u00e9l\u00e8ne et d&rsquo;Ir\u00e8ne<\/p>\n\n\n\n<figure class=\"wp-block-image size-full\"><img loading=\"lazy\" decoding=\"async\" width=\"1024\" height=\"682\" src=\"https:\/\/paca.lpo.fr\/blogs\/hyeres-les-maures\/files\/2024\/06\/dsc06997.jpg\" alt=\"\" class=\"wp-image-10135\" srcset=\"https:\/\/paca.lpo.fr\/blogs\/hyeres-les-maures\/files\/2024\/06\/dsc06997.jpg 1024w, https:\/\/paca.lpo.fr\/blogs\/hyeres-les-maures\/files\/2024\/06\/dsc06997-768x512.jpg 768w\" sizes=\"auto, (max-width: 1024px) 100vw, 1024px\" \/><\/figure>\n\n\n\n<figure class=\"wp-block-image size-full\"><img loading=\"lazy\" decoding=\"async\" width=\"1024\" height=\"682\" src=\"https:\/\/paca.lpo.fr\/blogs\/hyeres-les-maures\/files\/2024\/06\/dsc06999.jpg\" alt=\"\" class=\"wp-image-10136\" srcset=\"https:\/\/paca.lpo.fr\/blogs\/hyeres-les-maures\/files\/2024\/06\/dsc06999.jpg 1024w, https:\/\/paca.lpo.fr\/blogs\/hyeres-les-maures\/files\/2024\/06\/dsc06999-768x512.jpg 768w\" sizes=\"auto, (max-width: 1024px) 100vw, 1024px\" \/><\/figure>\n\n\n\n<figure class=\"wp-block-image size-full\"><img loading=\"lazy\" decoding=\"async\" width=\"683\" height=\"1024\" src=\"https:\/\/paca.lpo.fr\/blogs\/hyeres-les-maures\/files\/2024\/06\/dsc06988.jpg\" alt=\"\" class=\"wp-image-10137\" srcset=\"https:\/\/paca.lpo.fr\/blogs\/hyeres-les-maures\/files\/2024\/06\/dsc06988.jpg 683w, https:\/\/paca.lpo.fr\/blogs\/hyeres-les-maures\/files\/2024\/06\/dsc06988-512x768.jpg 512w\" sizes=\"auto, (max-width: 683px) 100vw, 683px\" \/><\/figure>\n\n\n\n<figure class=\"wp-block-image size-full\"><img loading=\"lazy\" decoding=\"async\" width=\"1024\" height=\"683\" src=\"https:\/\/paca.lpo.fr\/blogs\/hyeres-les-maures\/files\/2024\/06\/dsc06990.jpg\" alt=\"\" class=\"wp-image-10138\" srcset=\"https:\/\/paca.lpo.fr\/blogs\/hyeres-les-maures\/files\/2024\/06\/dsc06990.jpg 1024w, https:\/\/paca.lpo.fr\/blogs\/hyeres-les-maures\/files\/2024\/06\/dsc06990-768x512.jpg 768w\" sizes=\"auto, (max-width: 1024px) 100vw, 1024px\" \/><\/figure>\n\n\n\n<p>On a de la musique<\/p>\n\n\n\n<figure class=\"wp-block-image size-full\"><img loading=\"lazy\" decoding=\"async\" width=\"1024\" height=\"683\" src=\"https:\/\/paca.lpo.fr\/blogs\/hyeres-les-maures\/files\/2024\/06\/dsc07022.jpg\" alt=\"\" class=\"wp-image-10139\" srcset=\"https:\/\/paca.lpo.fr\/blogs\/hyeres-les-maures\/files\/2024\/06\/dsc07022.jpg 1024w, https:\/\/paca.lpo.fr\/blogs\/hyeres-les-maures\/files\/2024\/06\/dsc07022-768x512.jpg 768w\" sizes=\"auto, (max-width: 1024px) 100vw, 1024px\" \/><\/figure>\n\n\n\n<figure class=\"wp-block-image size-full\"><img loading=\"lazy\" decoding=\"async\" width=\"1024\" height=\"683\" src=\"https:\/\/paca.lpo.fr\/blogs\/hyeres-les-maures\/files\/2024\/06\/dsc07008.jpg\" alt=\"\" class=\"wp-image-10140\" srcset=\"https:\/\/paca.lpo.fr\/blogs\/hyeres-les-maures\/files\/2024\/06\/dsc07008.jpg 1024w, https:\/\/paca.lpo.fr\/blogs\/hyeres-les-maures\/files\/2024\/06\/dsc07008-768x512.jpg 768w\" sizes=\"auto, (max-width: 1024px) 100vw, 1024px\" \/><\/figure>\n\n\n\n<figure class=\"wp-block-image size-full\"><img loading=\"lazy\" decoding=\"async\" width=\"1024\" height=\"683\" src=\"https:\/\/paca.lpo.fr\/blogs\/hyeres-les-maures\/files\/2024\/06\/dsc07007.jpg\" alt=\"\" class=\"wp-image-10141\" srcset=\"https:\/\/paca.lpo.fr\/blogs\/hyeres-les-maures\/files\/2024\/06\/dsc07007.jpg 1024w, https:\/\/paca.lpo.fr\/blogs\/hyeres-les-maures\/files\/2024\/06\/dsc07007-768x512.jpg 768w\" sizes=\"auto, (max-width: 1024px) 100vw, 1024px\" \/><\/figure>\n\n\n\n<figure class=\"wp-block-image size-full\"><img loading=\"lazy\" decoding=\"async\" width=\"1024\" height=\"683\" src=\"https:\/\/paca.lpo.fr\/blogs\/hyeres-les-maures\/files\/2024\/06\/dsc07013.jpg\" alt=\"\" class=\"wp-image-10142\" srcset=\"https:\/\/paca.lpo.fr\/blogs\/hyeres-les-maures\/files\/2024\/06\/dsc07013.jpg 1024w, https:\/\/paca.lpo.fr\/blogs\/hyeres-les-maures\/files\/2024\/06\/dsc07013-768x512.jpg 768w\" sizes=\"auto, (max-width: 1024px) 100vw, 1024px\" \/><\/figure>\n\n\n\n<p>Une chavanne avec de la gr\u00eale<\/p>\n\n\n\n<figure class=\"wp-block-image size-full\"><img loading=\"lazy\" decoding=\"async\" width=\"1024\" height=\"682\" src=\"https:\/\/paca.lpo.fr\/blogs\/hyeres-les-maures\/files\/2024\/06\/dsc07057.jpg\" alt=\"\" class=\"wp-image-10143\" srcset=\"https:\/\/paca.lpo.fr\/blogs\/hyeres-les-maures\/files\/2024\/06\/dsc07057.jpg 1024w, https:\/\/paca.lpo.fr\/blogs\/hyeres-les-maures\/files\/2024\/06\/dsc07057-768x512.jpg 768w\" sizes=\"auto, (max-width: 1024px) 100vw, 1024px\" \/><\/figure>\n\n\n\n<p>les gr\u00ealons \u00e9taient moins gros que ceux-ci<\/p>\n\n\n\n<figure class=\"wp-block-image size-full\"><img loading=\"lazy\" decoding=\"async\" width=\"1024\" height=\"683\" src=\"https:\/\/paca.lpo.fr\/blogs\/hyeres-les-maures\/files\/2024\/06\/dsc07043.jpg\" alt=\"\" class=\"wp-image-10144\" srcset=\"https:\/\/paca.lpo.fr\/blogs\/hyeres-les-maures\/files\/2024\/06\/dsc07043.jpg 1024w, https:\/\/paca.lpo.fr\/blogs\/hyeres-les-maures\/files\/2024\/06\/dsc07043-768x512.jpg 768w\" sizes=\"auto, (max-width: 1024px) 100vw, 1024px\" \/><\/figure>\n\n\n\n<p>L&rsquo;\u00e9claircie arrive<\/p>\n\n\n\n<figure class=\"wp-block-image size-full\"><img loading=\"lazy\" decoding=\"async\" width=\"1024\" height=\"683\" src=\"https:\/\/paca.lpo.fr\/blogs\/hyeres-les-maures\/files\/2024\/06\/dsc07046.jpg\" alt=\"\" class=\"wp-image-10145\" srcset=\"https:\/\/paca.lpo.fr\/blogs\/hyeres-les-maures\/files\/2024\/06\/dsc07046.jpg 1024w, https:\/\/paca.lpo.fr\/blogs\/hyeres-les-maures\/files\/2024\/06\/dsc07046-768x512.jpg 768w\" sizes=\"auto, (max-width: 1024px) 100vw, 1024px\" \/><\/figure>\n\n\n\n<figure class=\"wp-block-image size-full\"><img loading=\"lazy\" decoding=\"async\" width=\"1024\" height=\"683\" src=\"https:\/\/paca.lpo.fr\/blogs\/hyeres-les-maures\/files\/2024\/06\/dsc07054.jpg\" alt=\"\" class=\"wp-image-10146\" srcset=\"https:\/\/paca.lpo.fr\/blogs\/hyeres-les-maures\/files\/2024\/06\/dsc07054.jpg 1024w, https:\/\/paca.lpo.fr\/blogs\/hyeres-les-maures\/files\/2024\/06\/dsc07054-768x512.jpg 768w\" sizes=\"auto, (max-width: 1024px) 100vw, 1024px\" \/><\/figure>\n\n\n\n\n\n<p>Ainsi que Pierre qui am\u00e8ne un r\u00e9confortant et nous aide \u00e0 d\u00e9monter le stand : il est 16 h et il n&rsquo;y a plus personne dans le jardin.<\/p>\n","protected":false},"excerpt":{"rendered":"<p>Samedi 1 et dimanche 2 juin f\u00eate de la nature au jardin Olbius Riquier Evelyne vient nous soutenir le moral avec un paquet de chouquettes. ensuite c&rsquo;est le tour d&rsquo;H\u00e9l\u00e8ne et d&rsquo;Ir\u00e8ne On a de la musique Une chavanne avec de la gr\u00eale les gr\u00ealons \u00e9taient moins gros que ceux-ci L&rsquo;\u00e9claircie arrive Ainsi que Pierre [&hellip;]<\/p>\n","protected":false},"author":117,"featured_media":10130,"comment_status":"open","ping_status":"open","sticky":false,"template":"","format":"standard","meta":{"footnotes":""},"categories":[1],"tags":[],"class_list":["post-10097","post","type-post","status-publish","format-standard","has-post-thumbnail","hentry","category-actualites-generales"],"jetpack_featured_media_url":"https:\/\/paca.lpo.fr\/blogs\/hyeres-les-maures\/files\/2024\/06\/dsc06982.jpg","_links":{"self":[{"href":"https:\/\/paca.lpo.fr\/blogs\/hyeres-les-maures\/wp-json\/wp\/v2\/posts\/10097","targetHints":{"allow":["GET"]}}],"collection":[{"href":"https:\/\/paca.lpo.fr\/blogs\/hyeres-les-maures\/wp-json\/wp\/v2\/posts"}],"about":[{"href":"https:\/\/paca.lpo.fr\/blogs\/hyeres-les-maures\/wp-json\/wp\/v2\/types\/post"}],"author":[{"embeddable":true,"href":"https:\/\/paca.lpo.fr\/blogs\/hyeres-les-maures\/wp-json\/wp\/v2\/users\/117"}],"replies":[{"embeddable":true,"href":"https:\/\/paca.lpo.fr\/blogs\/hyeres-les-maures\/wp-json\/wp\/v2\/comments?post=10097"}],"version-history":[{"count":3,"href":"https:\/\/paca.lpo.fr\/blogs\/hyeres-les-maures\/wp-json\/wp\/v2\/posts\/10097\/revisions"}],"predecessor-version":[{"id":10147,"href":"https:\/\/paca.lpo.fr\/blogs\/hyeres-les-maures\/wp-json\/wp\/v2\/posts\/10097\/revisions\/10147"}],"wp:featuredmedia":[{"embeddable":true,"href":"https:\/\/paca.lpo.fr\/blogs\/hyeres-les-maures\/wp-json\/wp\/v2\/media\/10130"}],"wp:attachment":[{"href":"https:\/\/paca.lpo.fr\/blogs\/hyeres-les-maures\/wp-json\/wp\/v2\/media?parent=10097"}],"wp:term":[{"taxonomy":"category","embeddable":true,"href":"https:\/\/paca.lpo.fr\/blogs\/hyeres-les-maures\/wp-json\/wp\/v2\/categories?post=10097"},{"taxonomy":"post_tag","embeddable":true,"href":"https:\/\/paca.lpo.fr\/blogs\/hyeres-les-maures\/wp-json\/wp\/v2\/tags?post=10097"}],"curies":[{"name":"wp","href":"https:\/\/api.w.org\/{rel}","templated":true}]}}