{"id":10129,"date":"2024-06-10T15:10:07","date_gmt":"2024-06-10T14:10:07","guid":{"rendered":"https:\/\/paca.lpo.fr\/blogs\/hyeres-les-maures\/?p=10129"},"modified":"2024-06-10T15:10:08","modified_gmt":"2024-06-10T14:10:08","slug":"sollies-toucas","status":"publish","type":"post","link":"https:\/\/paca.lpo.fr\/blogs\/hyeres-les-maures\/2024\/06\/10\/sollies-toucas\/","title":{"rendered":"Solli\u00e8s-Toucas"},"content":{"rendered":"\n<p>Inauguration de la r\u00e9gie agricole \u00e0 Solli\u00e8s-Toucas.<br><br>Rendez-vous \u00e0 Solli\u00e8s-Toucas le samedi 08 juin, de 10h \u00e0 14h pour c\u00e9l\u00e9brer la journ\u00e9e de l&rsquo;environnement.<\/p>\n\n\n\n<figure class=\"wp-block-image size-full\"><img loading=\"lazy\" decoding=\"async\" width=\"1024\" height=\"484\" src=\"https:\/\/paca.lpo.fr\/blogs\/hyeres-les-maures\/files\/2024\/06\/bocaux-de-legumes-fermentes.jpg\" alt=\"\" class=\"wp-image-10161\" srcset=\"https:\/\/paca.lpo.fr\/blogs\/hyeres-les-maures\/files\/2024\/06\/bocaux-de-legumes-fermentes.jpg 1024w, https:\/\/paca.lpo.fr\/blogs\/hyeres-les-maures\/files\/2024\/06\/bocaux-de-legumes-fermentes-768x363.jpg 768w\" sizes=\"auto, (max-width: 1024px) 100vw, 1024px\" \/><\/figure>\n\n\n\n<figure class=\"wp-block-image size-full\"><img loading=\"lazy\" decoding=\"async\" width=\"1024\" height=\"484\" src=\"https:\/\/paca.lpo.fr\/blogs\/hyeres-les-maures\/files\/2024\/06\/image023.jpg\" alt=\"\" class=\"wp-image-10162\" srcset=\"https:\/\/paca.lpo.fr\/blogs\/hyeres-les-maures\/files\/2024\/06\/image023.jpg 1024w, https:\/\/paca.lpo.fr\/blogs\/hyeres-les-maures\/files\/2024\/06\/image023-768x363.jpg 768w\" sizes=\"auto, (max-width: 1024px) 100vw, 1024px\" \/><\/figure>\n\n\n\n<figure class=\"wp-block-image size-full\"><img loading=\"lazy\" decoding=\"async\" width=\"1024\" height=\"484\" src=\"https:\/\/paca.lpo.fr\/blogs\/hyeres-les-maures\/files\/2024\/06\/lecurie-des-romarins.jpg\" alt=\"\" class=\"wp-image-10163\" srcset=\"https:\/\/paca.lpo.fr\/blogs\/hyeres-les-maures\/files\/2024\/06\/lecurie-des-romarins.jpg 1024w, https:\/\/paca.lpo.fr\/blogs\/hyeres-les-maures\/files\/2024\/06\/lecurie-des-romarins-768x363.jpg 768w\" sizes=\"auto, (max-width: 1024px) 100vw, 1024px\" \/><\/figure>\n\n\n\n<figure class=\"wp-block-image size-full\"><img loading=\"lazy\" decoding=\"async\" width=\"1024\" height=\"484\" src=\"https:\/\/paca.lpo.fr\/blogs\/hyeres-les-maures\/files\/2024\/06\/potager-et-figuiers.jpg\" alt=\"\" class=\"wp-image-10164\" srcset=\"https:\/\/paca.lpo.fr\/blogs\/hyeres-les-maures\/files\/2024\/06\/potager-et-figuiers.jpg 1024w, https:\/\/paca.lpo.fr\/blogs\/hyeres-les-maures\/files\/2024\/06\/potager-et-figuiers-768x363.jpg 768w\" sizes=\"auto, (max-width: 1024px) 100vw, 1024px\" \/><\/figure>\n\n\n\n<p><br><br>L&rsquo;\u00e9quipe du Parc Naturel R\u00e9gional de la Sainte Baume re\u00e7oit le public pour faire d\u00e9couvrir la faune du sol et en apprendre plus sur la biodiversit\u00e9 dans les espaces agricoles.<br><br>La LPO est pr\u00e9sente. Norbert, Julien, G\u00e9rard et Nicole sont au rendez-vous. <\/p>\n\n\n\n<figure class=\"wp-block-image size-full\"><img loading=\"lazy\" decoding=\"async\" width=\"1024\" height=\"484\" src=\"https:\/\/paca.lpo.fr\/blogs\/hyeres-les-maures\/files\/2024\/06\/une-equipe-de-choc.jpg\" alt=\"\" class=\"wp-image-10165\" srcset=\"https:\/\/paca.lpo.fr\/blogs\/hyeres-les-maures\/files\/2024\/06\/une-equipe-de-choc.jpg 1024w, https:\/\/paca.lpo.fr\/blogs\/hyeres-les-maures\/files\/2024\/06\/une-equipe-de-choc-768x363.jpg 768w\" sizes=\"auto, (max-width: 1024px) 100vw, 1024px\" \/><\/figure>\n\n\n\n<figure class=\"wp-block-image size-full\"><img loading=\"lazy\" decoding=\"async\" width=\"1024\" height=\"484\" src=\"https:\/\/paca.lpo.fr\/blogs\/hyeres-les-maures\/files\/2024\/06\/image001.jpg\" alt=\"\" class=\"wp-image-10154\" srcset=\"https:\/\/paca.lpo.fr\/blogs\/hyeres-les-maures\/files\/2024\/06\/image001.jpg 1024w, https:\/\/paca.lpo.fr\/blogs\/hyeres-les-maures\/files\/2024\/06\/image001-768x363.jpg 768w\" sizes=\"auto, (max-width: 1024px) 100vw, 1024px\" \/><\/figure>\n\n\n\n<figure class=\"wp-block-image size-full\"><img loading=\"lazy\" decoding=\"async\" width=\"1024\" height=\"484\" src=\"https:\/\/paca.lpo.fr\/blogs\/hyeres-les-maures\/files\/2024\/06\/image002-1.jpg\" alt=\"\" class=\"wp-image-10155\" srcset=\"https:\/\/paca.lpo.fr\/blogs\/hyeres-les-maures\/files\/2024\/06\/image002-1.jpg 1024w, https:\/\/paca.lpo.fr\/blogs\/hyeres-les-maures\/files\/2024\/06\/image002-1-768x363.jpg 768w\" sizes=\"auto, (max-width: 1024px) 100vw, 1024px\" \/><\/figure>\n\n\n\n<p><br><br>Agr\u00e9ablement install\u00e9 sous les figuiers, notre stand c\u00f4toie une basse cour tonitruante ! \u00e7a caquette, \u00e7a cacarde, \u00e7a couine et \u00e7a grogne, \u00e7a clapit, \u00e7a glousse, \u00e7a se vole dans les plumes et cela fait la joie des petits et des grands.<\/p>\n\n\n\n<figure class=\"wp-block-image size-full\"><img loading=\"lazy\" decoding=\"async\" width=\"1024\" height=\"484\" src=\"https:\/\/paca.lpo.fr\/blogs\/hyeres-les-maures\/files\/2024\/06\/image009.jpg\" alt=\"\" class=\"wp-image-10156\" srcset=\"https:\/\/paca.lpo.fr\/blogs\/hyeres-les-maures\/files\/2024\/06\/image009.jpg 1024w, https:\/\/paca.lpo.fr\/blogs\/hyeres-les-maures\/files\/2024\/06\/image009-768x363.jpg 768w\" sizes=\"auto, (max-width: 1024px) 100vw, 1024px\" \/><\/figure>\n\n\n\n<figure class=\"wp-block-image size-full\"><img loading=\"lazy\" decoding=\"async\" width=\"1024\" height=\"484\" src=\"https:\/\/paca.lpo.fr\/blogs\/hyeres-les-maures\/files\/2024\/06\/image011.jpg\" alt=\"\" class=\"wp-image-10157\" srcset=\"https:\/\/paca.lpo.fr\/blogs\/hyeres-les-maures\/files\/2024\/06\/image011.jpg 1024w, https:\/\/paca.lpo.fr\/blogs\/hyeres-les-maures\/files\/2024\/06\/image011-768x363.jpg 768w\" sizes=\"auto, (max-width: 1024px) 100vw, 1024px\" \/><\/figure>\n\n\n\n<p><br><br>Le stand ne d\u00e9semplit pas ! Charlie a un succ\u00e8s fou et le jeu de la migration canalise les efforts et les r\u00e9flexions des \u00ab\u00a0gosses\u00a0\u00bb press\u00e9s d&rsquo;arriver \u00e0 bon port.<\/p>\n\n\n\n<figure class=\"wp-block-image size-full\"><img loading=\"lazy\" decoding=\"async\" width=\"1024\" height=\"484\" src=\"https:\/\/paca.lpo.fr\/blogs\/hyeres-les-maures\/files\/2024\/06\/image015.jpg\" alt=\"\" class=\"wp-image-10158\" srcset=\"https:\/\/paca.lpo.fr\/blogs\/hyeres-les-maures\/files\/2024\/06\/image015.jpg 1024w, https:\/\/paca.lpo.fr\/blogs\/hyeres-les-maures\/files\/2024\/06\/image015-768x363.jpg 768w\" sizes=\"auto, (max-width: 1024px) 100vw, 1024px\" \/><\/figure>\n\n\n\n<figure class=\"wp-block-image size-full\"><img loading=\"lazy\" decoding=\"async\" width=\"484\" height=\"1024\" src=\"https:\/\/paca.lpo.fr\/blogs\/hyeres-les-maures\/files\/2024\/06\/ca-bataille-dur-a-la-migration-1.jpg\" alt=\"\" class=\"wp-image-10166\" srcset=\"https:\/\/paca.lpo.fr\/blogs\/hyeres-les-maures\/files\/2024\/06\/ca-bataille-dur-a-la-migration-1.jpg 484w, https:\/\/paca.lpo.fr\/blogs\/hyeres-les-maures\/files\/2024\/06\/ca-bataille-dur-a-la-migration-1-363x768.jpg 363w\" sizes=\"auto, (max-width: 484px) 100vw, 484px\" \/><\/figure>\n\n\n\n<figure class=\"wp-block-image size-full\"><img loading=\"lazy\" decoding=\"async\" width=\"1024\" height=\"484\" src=\"https:\/\/paca.lpo.fr\/blogs\/hyeres-les-maures\/files\/2024\/06\/image020.jpg\" alt=\"\" class=\"wp-image-10159\" srcset=\"https:\/\/paca.lpo.fr\/blogs\/hyeres-les-maures\/files\/2024\/06\/image020.jpg 1024w, https:\/\/paca.lpo.fr\/blogs\/hyeres-les-maures\/files\/2024\/06\/image020-768x363.jpg 768w\" sizes=\"auto, (max-width: 1024px) 100vw, 1024px\" \/><\/figure>\n\n\n\n<figure class=\"wp-block-image size-full\"><img loading=\"lazy\" decoding=\"async\" width=\"1024\" height=\"484\" src=\"https:\/\/paca.lpo.fr\/blogs\/hyeres-les-maures\/files\/2024\/06\/image021-1.jpg\" alt=\"\" class=\"wp-image-10160\" srcset=\"https:\/\/paca.lpo.fr\/blogs\/hyeres-les-maures\/files\/2024\/06\/image021-1.jpg 1024w, https:\/\/paca.lpo.fr\/blogs\/hyeres-les-maures\/files\/2024\/06\/image021-1-768x363.jpg 768w\" sizes=\"auto, (max-width: 1024px) 100vw, 1024px\" \/><\/figure>\n\n\n\n<p><br><br>Nous n&rsquo;aurons pas de photo de l&rsquo;allocution de monsieur le maire puisque le t\u00e9l\u00e9phone de G\u00e9rard a pris un bain !!! mais, j&rsquo;ai un \u00e9change sensible avec Alya. Cette jeune fille de 10 ans est \u00e9lue au conseil municipal des enfants de Solli\u00e8s. Alya porte fi\u00e8rement son \u00e9charpe tricolore&#8230;et les ciseaux qui couperont le ruban lors de l&rsquo;inauguration. <\/p>\n\n\n\n<figure class=\"wp-block-image size-full\"><img loading=\"lazy\" decoding=\"async\" width=\"484\" height=\"1024\" src=\"https:\/\/paca.lpo.fr\/blogs\/hyeres-les-maures\/files\/2024\/06\/alya-et-julia.jpg\" alt=\"\" class=\"wp-image-10152\" srcset=\"https:\/\/paca.lpo.fr\/blogs\/hyeres-les-maures\/files\/2024\/06\/alya-et-julia.jpg 484w, https:\/\/paca.lpo.fr\/blogs\/hyeres-les-maures\/files\/2024\/06\/alya-et-julia-363x768.jpg 363w\" sizes=\"auto, (max-width: 484px) 100vw, 484px\" \/><\/figure>\n\n\n\n<p>Alya et son amie Julia portent un r\u00e9el int\u00e9r\u00eat aux actions de la LPO. Alya a soudain des id\u00e9es de futures sorties scolaires avec Elise. <br><br>A 14h30 on d\u00e9monte, satisfaits d&rsquo;une matin\u00e9e tr\u00e8s, tr\u00e8s anim\u00e9e !<br><br>Dommage, les figues ne sont pas m\u00fbres &#8230;<br><br>Nicole<\/p>\n","protected":false},"excerpt":{"rendered":"<p>Inauguration de la r\u00e9gie agricole \u00e0 Solli\u00e8s-Toucas. Rendez-vous \u00e0 Solli\u00e8s-Toucas le samedi 08 juin, de 10h \u00e0 14h pour c\u00e9l\u00e9brer la journ\u00e9e de l&rsquo;environnement. L&rsquo;\u00e9quipe du Parc Naturel R\u00e9gional de la Sainte Baume re\u00e7oit le public pour faire d\u00e9couvrir la faune du sol et en apprendre plus sur la biodiversit\u00e9 dans les espaces agricoles. La [&hellip;]<\/p>\n","protected":false},"author":117,"featured_media":10151,"comment_status":"open","ping_status":"open","sticky":false,"template":"","format":"standard","meta":{"footnotes":""},"categories":[1],"tags":[],"class_list":["post-10129","post","type-post","status-publish","format-standard","has-post-thumbnail","hentry","category-actualites-generales"],"jetpack_featured_media_url":"https:\/\/paca.lpo.fr\/blogs\/hyeres-les-maures\/files\/2024\/06\/image026.jpg","_links":{"self":[{"href":"https:\/\/paca.lpo.fr\/blogs\/hyeres-les-maures\/wp-json\/wp\/v2\/posts\/10129","targetHints":{"allow":["GET"]}}],"collection":[{"href":"https:\/\/paca.lpo.fr\/blogs\/hyeres-les-maures\/wp-json\/wp\/v2\/posts"}],"about":[{"href":"https:\/\/paca.lpo.fr\/blogs\/hyeres-les-maures\/wp-json\/wp\/v2\/types\/post"}],"author":[{"embeddable":true,"href":"https:\/\/paca.lpo.fr\/blogs\/hyeres-les-maures\/wp-json\/wp\/v2\/users\/117"}],"replies":[{"embeddable":true,"href":"https:\/\/paca.lpo.fr\/blogs\/hyeres-les-maures\/wp-json\/wp\/v2\/comments?post=10129"}],"version-history":[{"count":5,"href":"https:\/\/paca.lpo.fr\/blogs\/hyeres-les-maures\/wp-json\/wp\/v2\/posts\/10129\/revisions"}],"predecessor-version":[{"id":10168,"href":"https:\/\/paca.lpo.fr\/blogs\/hyeres-les-maures\/wp-json\/wp\/v2\/posts\/10129\/revisions\/10168"}],"wp:featuredmedia":[{"embeddable":true,"href":"https:\/\/paca.lpo.fr\/blogs\/hyeres-les-maures\/wp-json\/wp\/v2\/media\/10151"}],"wp:attachment":[{"href":"https:\/\/paca.lpo.fr\/blogs\/hyeres-les-maures\/wp-json\/wp\/v2\/media?parent=10129"}],"wp:term":[{"taxonomy":"category","embeddable":true,"href":"https:\/\/paca.lpo.fr\/blogs\/hyeres-les-maures\/wp-json\/wp\/v2\/categories?post=10129"},{"taxonomy":"post_tag","embeddable":true,"href":"https:\/\/paca.lpo.fr\/blogs\/hyeres-les-maures\/wp-json\/wp\/v2\/tags?post=10129"}],"curies":[{"name":"wp","href":"https:\/\/api.w.org\/{rel}","templated":true}]}}