{"id":15808,"date":"2026-06-25T11:03:09","date_gmt":"2026-06-25T10:03:09","guid":{"rendered":"https:\/\/paca.lpo.fr\/blogs\/hyeres-les-maures\/?p=15808"},"modified":"2026-06-25T17:12:49","modified_gmt":"2026-06-25T16:12:49","slug":"abc-entre-la-crau-et-pierrefeu-4","status":"publish","type":"post","link":"https:\/\/paca.lpo.fr\/blogs\/hyeres-les-maures\/2026\/06\/25\/abc-entre-la-crau-et-pierrefeu-4\/","title":{"rendered":"ABC entre la Crau et Pierrefeu."},"content":{"rendered":"\n<p class=\"wp-block-paragraph\"><br><br>C&rsquo;est la derni\u00e8re avant l&rsquo;automne.<br>Ce lundi, malgr\u00e9 une arriv\u00e9e \u00e0 07h10 sur les lieux c&rsquo;est d\u00e9j\u00e0 les grandes chaleurs. <\/p>\n\n\n\n<p class=\"wp-block-paragraph\">Seules \u00c9velyne et Fran\u00e7oise ont pris le risque de venir avec moi. Je les ai rassur\u00e9es en leur indiquant que la majorit\u00e9 du parcours s&rsquo;effectue \u00e0 l&rsquo;ombre et qu&rsquo;en cas de d\u00e9faillance j&rsquo;ai mon brevet de secourisme et donc suis apte \u00e0 pratiquer le bouche \u00e0 bouche le cas \u00e9ch\u00e9ant.<br><br>Le loriot a \u00e9t\u00e9 entendu, le rollier vu ainsi que les jeunes pies gri\u00e8che \u00e0 t\u00eate noire franchement envol\u00e9es.<\/p>\n\n\n\n<figure class=\"wp-block-image size-full\"><img loading=\"lazy\" decoding=\"async\" width=\"1024\" height=\"690\" src=\"https:\/\/paca.lpo.fr\/blogs\/hyeres-les-maures\/files\/2026\/06\/pie-grieche-a-tete-rousse-juvenile.jpg\" alt=\"\" class=\"wp-image-15821\" srcset=\"https:\/\/paca.lpo.fr\/blogs\/hyeres-les-maures\/files\/2026\/06\/pie-grieche-a-tete-rousse-juvenile.jpg 1024w, https:\/\/paca.lpo.fr\/blogs\/hyeres-les-maures\/files\/2026\/06\/pie-grieche-a-tete-rousse-juvenile-768x518.jpg 768w\" sizes=\"auto, (max-width: 1024px) 100vw, 1024px\" \/><figcaption class=\"wp-element-caption\">pie gri\u00e8che \u00e0 t\u00eate rousse juv\u00e9nile<\/figcaption><\/figure>\n\n\n\n<figure class=\"wp-block-image size-full\"><img loading=\"lazy\" decoding=\"async\" width=\"1024\" height=\"831\" src=\"https:\/\/paca.lpo.fr\/blogs\/hyeres-les-maures\/files\/2026\/06\/pie-grieche-a-tete-rousse-1.jpg\" alt=\"\" class=\"wp-image-15823\" srcset=\"https:\/\/paca.lpo.fr\/blogs\/hyeres-les-maures\/files\/2026\/06\/pie-grieche-a-tete-rousse-1.jpg 1024w, https:\/\/paca.lpo.fr\/blogs\/hyeres-les-maures\/files\/2026\/06\/pie-grieche-a-tete-rousse-1-768x623.jpg 768w\" sizes=\"auto, (max-width: 1024px) 100vw, 1024px\" \/><figcaption class=\"wp-element-caption\">pie gri\u00e8che \u00e0 t\u00eate rousse <\/figcaption><\/figure>\n\n\n\n<figure class=\"wp-block-image size-full\"><img loading=\"lazy\" decoding=\"async\" width=\"1024\" height=\"931\" src=\"https:\/\/paca.lpo.fr\/blogs\/hyeres-les-maures\/files\/2026\/06\/rollier.jpg\" alt=\"\" class=\"wp-image-15825\" srcset=\"https:\/\/paca.lpo.fr\/blogs\/hyeres-les-maures\/files\/2026\/06\/rollier.jpg 1024w, https:\/\/paca.lpo.fr\/blogs\/hyeres-les-maures\/files\/2026\/06\/rollier-768x698.jpg 768w\" sizes=\"auto, (max-width: 1024px) 100vw, 1024px\" \/><figcaption class=\"wp-element-caption\">rollier<\/figcaption><\/figure>\n\n\n\n<p class=\"wp-block-paragraph\"><br>7 esp\u00e8ces de libellules ont \u00e9t\u00e9 aussi observ\u00e9es.<\/p>\n\n\n\n<figure class=\"wp-block-image size-full\"><img loading=\"lazy\" decoding=\"async\" width=\"1024\" height=\"985\" src=\"https:\/\/paca.lpo.fr\/blogs\/hyeres-les-maures\/files\/2026\/06\/anax-empereur.jpg\" alt=\"\" class=\"wp-image-15827\" srcset=\"https:\/\/paca.lpo.fr\/blogs\/hyeres-les-maures\/files\/2026\/06\/anax-empereur.jpg 1024w, https:\/\/paca.lpo.fr\/blogs\/hyeres-les-maures\/files\/2026\/06\/anax-empereur-768x739.jpg 768w\" sizes=\"auto, (max-width: 1024px) 100vw, 1024px\" \/><figcaption class=\"wp-element-caption\">anax empereur<\/figcaption><\/figure>\n\n\n\n<figure class=\"wp-block-image size-full\"><img loading=\"lazy\" decoding=\"async\" width=\"1024\" height=\"943\" src=\"https:\/\/paca.lpo.fr\/blogs\/hyeres-les-maures\/files\/2026\/06\/cuivre.jpg\" alt=\"\" class=\"wp-image-15828\" srcset=\"https:\/\/paca.lpo.fr\/blogs\/hyeres-les-maures\/files\/2026\/06\/cuivre.jpg 1024w, https:\/\/paca.lpo.fr\/blogs\/hyeres-les-maures\/files\/2026\/06\/cuivre-768x707.jpg 768w\" sizes=\"auto, (max-width: 1024px) 100vw, 1024px\" \/><figcaption class=\"wp-element-caption\">cuivr\u00e9<\/figcaption><\/figure>\n\n\n\n<figure class=\"wp-block-image size-full\"><img loading=\"lazy\" decoding=\"async\" width=\"940\" height=\"1024\" src=\"https:\/\/paca.lpo.fr\/blogs\/hyeres-les-maures\/files\/2026\/06\/dscn2553.jpg\" alt=\"\" class=\"wp-image-15829\" srcset=\"https:\/\/paca.lpo.fr\/blogs\/hyeres-les-maures\/files\/2026\/06\/dscn2553.jpg 940w, https:\/\/paca.lpo.fr\/blogs\/hyeres-les-maures\/files\/2026\/06\/dscn2553-705x768.jpg 705w, https:\/\/paca.lpo.fr\/blogs\/hyeres-les-maures\/files\/2026\/06\/dscn2553-768x837.jpg 768w\" sizes=\"auto, (max-width: 940px) 100vw, 940px\" \/><\/figure>\n\n\n\n<figure class=\"wp-block-image size-full\"><img loading=\"lazy\" decoding=\"async\" width=\"1024\" height=\"906\" src=\"https:\/\/paca.lpo.fr\/blogs\/hyeres-les-maures\/files\/2026\/06\/leste-verdoyant.jpg\" alt=\"\" class=\"wp-image-15830\" srcset=\"https:\/\/paca.lpo.fr\/blogs\/hyeres-les-maures\/files\/2026\/06\/leste-verdoyant.jpg 1024w, https:\/\/paca.lpo.fr\/blogs\/hyeres-les-maures\/files\/2026\/06\/leste-verdoyant-768x680.jpg 768w\" sizes=\"auto, (max-width: 1024px) 100vw, 1024px\" \/><figcaption class=\"wp-element-caption\">leste verdoyant<\/figcaption><\/figure>\n\n\n\n<figure class=\"wp-block-image size-full\"><img loading=\"lazy\" decoding=\"async\" width=\"1024\" height=\"685\" src=\"https:\/\/paca.lpo.fr\/blogs\/hyeres-les-maures\/files\/2026\/06\/libellule-deprime.jpg\" alt=\"\" class=\"wp-image-15832\" srcset=\"https:\/\/paca.lpo.fr\/blogs\/hyeres-les-maures\/files\/2026\/06\/libellule-deprime.jpg 1024w, https:\/\/paca.lpo.fr\/blogs\/hyeres-les-maures\/files\/2026\/06\/libellule-deprime-768x514.jpg 768w\" sizes=\"auto, (max-width: 1024px) 100vw, 1024px\" \/><figcaption class=\"wp-element-caption\">libellule d\u00e9prim\u00e9e<\/figcaption><\/figure>\n\n\n\n<figure class=\"wp-block-image size-full\"><img loading=\"lazy\" decoding=\"async\" width=\"1024\" height=\"756\" src=\"https:\/\/paca.lpo.fr\/blogs\/hyeres-les-maures\/files\/2026\/06\/marbre-de-kramer.jpg\" alt=\"\" class=\"wp-image-15833\" srcset=\"https:\/\/paca.lpo.fr\/blogs\/hyeres-les-maures\/files\/2026\/06\/marbre-de-kramer.jpg 1024w, https:\/\/paca.lpo.fr\/blogs\/hyeres-les-maures\/files\/2026\/06\/marbre-de-kramer-768x567.jpg 768w\" sizes=\"auto, (max-width: 1024px) 100vw, 1024px\" \/><figcaption class=\"wp-element-caption\">marbr\u00e9 de vert<\/figcaption><\/figure>\n\n\n\n<figure class=\"wp-block-image size-full\"><img loading=\"lazy\" decoding=\"async\" width=\"1024\" height=\"680\" src=\"https:\/\/paca.lpo.fr\/blogs\/hyeres-les-maures\/files\/2026\/06\/orthetrum-reticule.jpg\" alt=\"\" class=\"wp-image-15834\" srcset=\"https:\/\/paca.lpo.fr\/blogs\/hyeres-les-maures\/files\/2026\/06\/orthetrum-reticule.jpg 1024w, https:\/\/paca.lpo.fr\/blogs\/hyeres-les-maures\/files\/2026\/06\/orthetrum-reticule-768x510.jpg 768w\" sizes=\"auto, (max-width: 1024px) 100vw, 1024px\" \/><figcaption class=\"wp-element-caption\">Orth\u00e9trum r\u00e9ticul\u00e9<\/figcaption><\/figure>\n\n\n\n<figure class=\"wp-block-image size-full\"><img loading=\"lazy\" decoding=\"async\" width=\"1024\" height=\"900\" src=\"https:\/\/paca.lpo.fr\/blogs\/hyeres-les-maures\/files\/2026\/06\/sympetrum-strie.jpg\" alt=\"\" class=\"wp-image-15836\" srcset=\"https:\/\/paca.lpo.fr\/blogs\/hyeres-les-maures\/files\/2026\/06\/sympetrum-strie.jpg 1024w, https:\/\/paca.lpo.fr\/blogs\/hyeres-les-maures\/files\/2026\/06\/sympetrum-strie-768x675.jpg 768w\" sizes=\"auto, (max-width: 1024px) 100vw, 1024px\" \/><figcaption class=\"wp-element-caption\">Sympetrum stri\u00e9<\/figcaption><\/figure>\n\n\n\n<p class=\"wp-block-paragraph\"><br><br>Nous prenons la fuite vers 10h00 vers le bistrot le plus proche.<br><br>Gilles<br><br>PS<br><br>ABC= atlas de la biodiversit\u00e9 communal<\/p>\n\n\n\n<p class=\"wp-block-paragraph\"><\/p>\n","protected":false},"excerpt":{"rendered":"<p>C&rsquo;est la derni\u00e8re avant l&rsquo;automne.Ce lundi, malgr\u00e9 une arriv\u00e9e \u00e0 07h10 sur les lieux c&rsquo;est d\u00e9j\u00e0 les grandes chaleurs. Seules \u00c9velyne et Fran\u00e7oise ont pris le risque de venir avec moi. Je les ai rassur\u00e9es en leur indiquant que la majorit\u00e9 du parcours s&rsquo;effectue \u00e0 l&rsquo;ombre et qu&rsquo;en cas de d\u00e9faillance j&rsquo;ai mon brevet de [&hellip;]<\/p>\n","protected":false},"author":117,"featured_media":15820,"comment_status":"open","ping_status":"open","sticky":false,"template":"","format":"standard","meta":{"footnotes":""},"categories":[1],"tags":[],"class_list":["post-15808","post","type-post","status-publish","format-standard","has-post-thumbnail","hentry","category-actualites-generales"],"yoast_head":"<!-- This site is optimized with the Yoast SEO plugin v28.3 - https:\/\/yoast.com\/product\/yoast-seo-wordpress\/ -->\n<title>ABC entre la Crau et Pierrefeu. - Groupe local Hy\u00e8res les Maures<\/title>\n<meta name=\"robots\" content=\"index, follow, max-snippet:-1, max-image-preview:large, max-video-preview:-1\" \/>\n<link rel=\"canonical\" href=\"https:\/\/paca.lpo.fr\/blogs\/hyeres-les-maures\/2026\/06\/25\/abc-entre-la-crau-et-pierrefeu-4\/\" \/>\n<meta property=\"og:locale\" content=\"fr_FR\" \/>\n<meta property=\"og:type\" content=\"article\" \/>\n<meta property=\"og:title\" content=\"ABC entre la Crau et Pierrefeu. - Groupe local Hy\u00e8res les Maures\" \/>\n<meta property=\"og:description\" content=\"C&rsquo;est la derni\u00e8re avant l&rsquo;automne.Ce lundi, malgr\u00e9 une arriv\u00e9e \u00e0 07h10 sur les lieux c&rsquo;est d\u00e9j\u00e0 les grandes chaleurs. Seules \u00c9velyne et Fran\u00e7oise ont pris le risque de venir avec moi. Je les ai rassur\u00e9es en leur indiquant que la majorit\u00e9 du parcours s&rsquo;effectue \u00e0 l&rsquo;ombre et qu&rsquo;en cas de d\u00e9faillance j&rsquo;ai mon brevet de [&hellip;]\" \/>\n<meta property=\"og:url\" content=\"https:\/\/paca.lpo.fr\/blogs\/hyeres-les-maures\/2026\/06\/25\/abc-entre-la-crau-et-pierrefeu-4\/\" \/>\n<meta property=\"og:site_name\" content=\"Groupe local Hy\u00e8res les Maures\" \/>\n<meta property=\"article:published_time\" content=\"2026-06-25T10:03:09+00:00\" \/>\n<meta property=\"article:modified_time\" content=\"2026-06-25T16:12:49+00:00\" \/>\n<meta property=\"og:image\" content=\"https:\/\/paca.lpo.fr\/blogs\/hyeres-les-maures\/files\/2026\/06\/dscn2546.jpg\" \/>\n\t<meta property=\"og:image:width\" content=\"1024\" \/>\n\t<meta property=\"og:image:height\" content=\"936\" \/>\n\t<meta property=\"og:image:type\" content=\"image\/jpeg\" \/>\n<meta name=\"author\" content=\"hlm\" \/>\n<meta name=\"twitter:card\" content=\"summary_large_image\" \/>\n<meta name=\"twitter:label1\" content=\"\u00c9crit par\" \/>\n\t<meta name=\"twitter:data1\" content=\"hlm\" \/>\n\t<meta name=\"twitter:label2\" content=\"Dur\u00e9e de lecture estim\u00e9e\" \/>\n\t<meta name=\"twitter:data2\" content=\"1 minute\" \/>\n<script type=\"application\/ld+json\" class=\"yoast-schema-graph\">{\"@context\":\"https:\\\/\\\/schema.org\",\"@graph\":[{\"@type\":\"Article\",\"@id\":\"https:\\\/\\\/paca.lpo.fr\\\/blogs\\\/hyeres-les-maures\\\/2026\\\/06\\\/25\\\/abc-entre-la-crau-et-pierrefeu-4\\\/#article\",\"isPartOf\":{\"@id\":\"https:\\\/\\\/paca.lpo.fr\\\/blogs\\\/hyeres-les-maures\\\/2026\\\/06\\\/25\\\/abc-entre-la-crau-et-pierrefeu-4\\\/\"},\"author\":{\"name\":\"hlm\",\"@id\":\"https:\\\/\\\/paca.lpo.fr\\\/blogs\\\/hyeres-les-maures\\\/#\\\/schema\\\/person\\\/08bc31e186b5e8ad784248324b9e7f21\"},\"headline\":\"ABC entre la Crau et Pierrefeu.\",\"datePublished\":\"2026-06-25T10:03:09+00:00\",\"dateModified\":\"2026-06-25T16:12:49+00:00\",\"mainEntityOfPage\":{\"@id\":\"https:\\\/\\\/paca.lpo.fr\\\/blogs\\\/hyeres-les-maures\\\/2026\\\/06\\\/25\\\/abc-entre-la-crau-et-pierrefeu-4\\\/\"},\"wordCount\":169,\"commentCount\":2,\"publisher\":{\"@id\":\"https:\\\/\\\/paca.lpo.fr\\\/blogs\\\/hyeres-les-maures\\\/#organization\"},\"image\":{\"@id\":\"https:\\\/\\\/paca.lpo.fr\\\/blogs\\\/hyeres-les-maures\\\/2026\\\/06\\\/25\\\/abc-entre-la-crau-et-pierrefeu-4\\\/#primaryimage\"},\"thumbnailUrl\":\"https:\\\/\\\/paca.lpo.fr\\\/blogs\\\/hyeres-les-maures\\\/files\\\/2026\\\/06\\\/dscn2546.jpg\",\"articleSection\":[\"Actualit\u00e9s g\u00e9n\u00e9rales\"],\"inLanguage\":\"fr-FR\",\"potentialAction\":[{\"@type\":\"CommentAction\",\"name\":\"Comment\",\"target\":[\"https:\\\/\\\/paca.lpo.fr\\\/blogs\\\/hyeres-les-maures\\\/2026\\\/06\\\/25\\\/abc-entre-la-crau-et-pierrefeu-4\\\/#respond\"]}]},{\"@type\":\"WebPage\",\"@id\":\"https:\\\/\\\/paca.lpo.fr\\\/blogs\\\/hyeres-les-maures\\\/2026\\\/06\\\/25\\\/abc-entre-la-crau-et-pierrefeu-4\\\/\",\"url\":\"https:\\\/\\\/paca.lpo.fr\\\/blogs\\\/hyeres-les-maures\\\/2026\\\/06\\\/25\\\/abc-entre-la-crau-et-pierrefeu-4\\\/\",\"name\":\"ABC entre la Crau et Pierrefeu. - Groupe local Hy\u00e8res les Maures\",\"isPartOf\":{\"@id\":\"https:\\\/\\\/paca.lpo.fr\\\/blogs\\\/hyeres-les-maures\\\/#website\"},\"primaryImageOfPage\":{\"@id\":\"https:\\\/\\\/paca.lpo.fr\\\/blogs\\\/hyeres-les-maures\\\/2026\\\/06\\\/25\\\/abc-entre-la-crau-et-pierrefeu-4\\\/#primaryimage\"},\"image\":{\"@id\":\"https:\\\/\\\/paca.lpo.fr\\\/blogs\\\/hyeres-les-maures\\\/2026\\\/06\\\/25\\\/abc-entre-la-crau-et-pierrefeu-4\\\/#primaryimage\"},\"thumbnailUrl\":\"https:\\\/\\\/paca.lpo.fr\\\/blogs\\\/hyeres-les-maures\\\/files\\\/2026\\\/06\\\/dscn2546.jpg\",\"datePublished\":\"2026-06-25T10:03:09+00:00\",\"dateModified\":\"2026-06-25T16:12:49+00:00\",\"breadcrumb\":{\"@id\":\"https:\\\/\\\/paca.lpo.fr\\\/blogs\\\/hyeres-les-maures\\\/2026\\\/06\\\/25\\\/abc-entre-la-crau-et-pierrefeu-4\\\/#breadcrumb\"},\"inLanguage\":\"fr-FR\",\"potentialAction\":[{\"@type\":\"ReadAction\",\"target\":[\"https:\\\/\\\/paca.lpo.fr\\\/blogs\\\/hyeres-les-maures\\\/2026\\\/06\\\/25\\\/abc-entre-la-crau-et-pierrefeu-4\\\/\"]}]},{\"@type\":\"ImageObject\",\"inLanguage\":\"fr-FR\",\"@id\":\"https:\\\/\\\/paca.lpo.fr\\\/blogs\\\/hyeres-les-maures\\\/2026\\\/06\\\/25\\\/abc-entre-la-crau-et-pierrefeu-4\\\/#primaryimage\",\"url\":\"https:\\\/\\\/paca.lpo.fr\\\/blogs\\\/hyeres-les-maures\\\/files\\\/2026\\\/06\\\/dscn2546.jpg\",\"contentUrl\":\"https:\\\/\\\/paca.lpo.fr\\\/blogs\\\/hyeres-les-maures\\\/files\\\/2026\\\/06\\\/dscn2546.jpg\",\"width\":1024,\"height\":936},{\"@type\":\"BreadcrumbList\",\"@id\":\"https:\\\/\\\/paca.lpo.fr\\\/blogs\\\/hyeres-les-maures\\\/2026\\\/06\\\/25\\\/abc-entre-la-crau-et-pierrefeu-4\\\/#breadcrumb\",\"itemListElement\":[{\"@type\":\"ListItem\",\"position\":1,\"name\":\"Accueil\",\"item\":\"https:\\\/\\\/paca.lpo.fr\\\/blogs\\\/hyeres-les-maures\\\/\"},{\"@type\":\"ListItem\",\"position\":2,\"name\":\"ABC entre la Crau et Pierrefeu.\"}]},{\"@type\":\"WebSite\",\"@id\":\"https:\\\/\\\/paca.lpo.fr\\\/blogs\\\/hyeres-les-maures\\\/#website\",\"url\":\"https:\\\/\\\/paca.lpo.fr\\\/blogs\\\/hyeres-les-maures\\\/\",\"name\":\"Groupe local Hy\u00e8res les Maures\",\"description\":\"Groupe local Hy\u00e8res les Maures\",\"publisher\":{\"@id\":\"https:\\\/\\\/paca.lpo.fr\\\/blogs\\\/hyeres-les-maures\\\/#organization\"},\"potentialAction\":[{\"@type\":\"SearchAction\",\"target\":{\"@type\":\"EntryPoint\",\"urlTemplate\":\"https:\\\/\\\/paca.lpo.fr\\\/blogs\\\/hyeres-les-maures\\\/?s={search_term_string}\"},\"query-input\":{\"@type\":\"PropertyValueSpecification\",\"valueRequired\":true,\"valueName\":\"search_term_string\"}}],\"inLanguage\":\"fr-FR\"},{\"@type\":\"Organization\",\"@id\":\"https:\\\/\\\/paca.lpo.fr\\\/blogs\\\/hyeres-les-maures\\\/#organization\",\"name\":\"Groupe local Hy\u00e8res les Maures\",\"url\":\"https:\\\/\\\/paca.lpo.fr\\\/blogs\\\/hyeres-les-maures\\\/\",\"logo\":{\"@type\":\"ImageObject\",\"inLanguage\":\"fr-FR\",\"@id\":\"https:\\\/\\\/paca.lpo.fr\\\/blogs\\\/hyeres-les-maures\\\/#\\\/schema\\\/logo\\\/image\\\/\",\"url\":\"https:\\\/\\\/paca.lpo.fr\\\/blogs\\\/hyeres-les-maures\\\/files\\\/2024\\\/01\\\/cropped-rvb-lpo-paca-logotype-signature-droite-mini-500.jpg\",\"contentUrl\":\"https:\\\/\\\/paca.lpo.fr\\\/blogs\\\/hyeres-les-maures\\\/files\\\/2024\\\/01\\\/cropped-rvb-lpo-paca-logotype-signature-droite-mini-500.jpg\",\"width\":500,\"height\":210,\"caption\":\"Groupe local Hy\u00e8res les Maures\"},\"image\":{\"@id\":\"https:\\\/\\\/paca.lpo.fr\\\/blogs\\\/hyeres-les-maures\\\/#\\\/schema\\\/logo\\\/image\\\/\"}},{\"@type\":\"Person\",\"@id\":\"https:\\\/\\\/paca.lpo.fr\\\/blogs\\\/hyeres-les-maures\\\/#\\\/schema\\\/person\\\/08bc31e186b5e8ad784248324b9e7f21\",\"name\":\"hlm\",\"image\":{\"@type\":\"ImageObject\",\"inLanguage\":\"fr-FR\",\"@id\":\"https:\\\/\\\/secure.gravatar.com\\\/avatar\\\/9a86c8b4130cd709c1bc98f089f507ee4b836587e04a54d2a0bf62671146daa4?s=96&d=mm&r=g\",\"url\":\"https:\\\/\\\/secure.gravatar.com\\\/avatar\\\/9a86c8b4130cd709c1bc98f089f507ee4b836587e04a54d2a0bf62671146daa4?s=96&d=mm&r=g\",\"contentUrl\":\"https:\\\/\\\/secure.gravatar.com\\\/avatar\\\/9a86c8b4130cd709c1bc98f089f507ee4b836587e04a54d2a0bf62671146daa4?s=96&d=mm&r=g\",\"caption\":\"hlm\"},\"url\":\"https:\\\/\\\/paca.lpo.fr\\\/blogs\\\/hyeres-les-maures\\\/author\\\/hyerestoulon5\\\/\"}]}<\/script>\n<!-- \/ Yoast SEO plugin. -->","yoast_head_json":{"title":"ABC entre la Crau et Pierrefeu. - Groupe local Hy\u00e8res les Maures","robots":{"index":"index","follow":"follow","max-snippet":"max-snippet:-1","max-image-preview":"max-image-preview:large","max-video-preview":"max-video-preview:-1"},"canonical":"https:\/\/paca.lpo.fr\/blogs\/hyeres-les-maures\/2026\/06\/25\/abc-entre-la-crau-et-pierrefeu-4\/","og_locale":"fr_FR","og_type":"article","og_title":"ABC entre la Crau et Pierrefeu. - Groupe local Hy\u00e8res les Maures","og_description":"C&rsquo;est la derni\u00e8re avant l&rsquo;automne.Ce lundi, malgr\u00e9 une arriv\u00e9e \u00e0 07h10 sur les lieux c&rsquo;est d\u00e9j\u00e0 les grandes chaleurs. Seules \u00c9velyne et Fran\u00e7oise ont pris le risque de venir avec moi. Je les ai rassur\u00e9es en leur indiquant que la majorit\u00e9 du parcours s&rsquo;effectue \u00e0 l&rsquo;ombre et qu&rsquo;en cas de d\u00e9faillance j&rsquo;ai mon brevet de [&hellip;]","og_url":"https:\/\/paca.lpo.fr\/blogs\/hyeres-les-maures\/2026\/06\/25\/abc-entre-la-crau-et-pierrefeu-4\/","og_site_name":"Groupe local Hy\u00e8res les Maures","article_published_time":"2026-06-25T10:03:09+00:00","article_modified_time":"2026-06-25T16:12:49+00:00","og_image":[{"width":1024,"height":936,"url":"https:\/\/paca.lpo.fr\/blogs\/hyeres-les-maures\/files\/2026\/06\/dscn2546.jpg","type":"image\/jpeg"}],"author":"hlm","twitter_card":"summary_large_image","twitter_misc":{"\u00c9crit par":"hlm","Dur\u00e9e de lecture estim\u00e9e":"1 minute"},"schema":{"@context":"https:\/\/schema.org","@graph":[{"@type":"Article","@id":"https:\/\/paca.lpo.fr\/blogs\/hyeres-les-maures\/2026\/06\/25\/abc-entre-la-crau-et-pierrefeu-4\/#article","isPartOf":{"@id":"https:\/\/paca.lpo.fr\/blogs\/hyeres-les-maures\/2026\/06\/25\/abc-entre-la-crau-et-pierrefeu-4\/"},"author":{"name":"hlm","@id":"https:\/\/paca.lpo.fr\/blogs\/hyeres-les-maures\/#\/schema\/person\/08bc31e186b5e8ad784248324b9e7f21"},"headline":"ABC entre la Crau et Pierrefeu.","datePublished":"2026-06-25T10:03:09+00:00","dateModified":"2026-06-25T16:12:49+00:00","mainEntityOfPage":{"@id":"https:\/\/paca.lpo.fr\/blogs\/hyeres-les-maures\/2026\/06\/25\/abc-entre-la-crau-et-pierrefeu-4\/"},"wordCount":169,"commentCount":2,"publisher":{"@id":"https:\/\/paca.lpo.fr\/blogs\/hyeres-les-maures\/#organization"},"image":{"@id":"https:\/\/paca.lpo.fr\/blogs\/hyeres-les-maures\/2026\/06\/25\/abc-entre-la-crau-et-pierrefeu-4\/#primaryimage"},"thumbnailUrl":"https:\/\/paca.lpo.fr\/blogs\/hyeres-les-maures\/files\/2026\/06\/dscn2546.jpg","articleSection":["Actualit\u00e9s g\u00e9n\u00e9rales"],"inLanguage":"fr-FR","potentialAction":[{"@type":"CommentAction","name":"Comment","target":["https:\/\/paca.lpo.fr\/blogs\/hyeres-les-maures\/2026\/06\/25\/abc-entre-la-crau-et-pierrefeu-4\/#respond"]}]},{"@type":"WebPage","@id":"https:\/\/paca.lpo.fr\/blogs\/hyeres-les-maures\/2026\/06\/25\/abc-entre-la-crau-et-pierrefeu-4\/","url":"https:\/\/paca.lpo.fr\/blogs\/hyeres-les-maures\/2026\/06\/25\/abc-entre-la-crau-et-pierrefeu-4\/","name":"ABC entre la Crau et Pierrefeu. - Groupe local Hy\u00e8res les Maures","isPartOf":{"@id":"https:\/\/paca.lpo.fr\/blogs\/hyeres-les-maures\/#website"},"primaryImageOfPage":{"@id":"https:\/\/paca.lpo.fr\/blogs\/hyeres-les-maures\/2026\/06\/25\/abc-entre-la-crau-et-pierrefeu-4\/#primaryimage"},"image":{"@id":"https:\/\/paca.lpo.fr\/blogs\/hyeres-les-maures\/2026\/06\/25\/abc-entre-la-crau-et-pierrefeu-4\/#primaryimage"},"thumbnailUrl":"https:\/\/paca.lpo.fr\/blogs\/hyeres-les-maures\/files\/2026\/06\/dscn2546.jpg","datePublished":"2026-06-25T10:03:09+00:00","dateModified":"2026-06-25T16:12:49+00:00","breadcrumb":{"@id":"https:\/\/paca.lpo.fr\/blogs\/hyeres-les-maures\/2026\/06\/25\/abc-entre-la-crau-et-pierrefeu-4\/#breadcrumb"},"inLanguage":"fr-FR","potentialAction":[{"@type":"ReadAction","target":["https:\/\/paca.lpo.fr\/blogs\/hyeres-les-maures\/2026\/06\/25\/abc-entre-la-crau-et-pierrefeu-4\/"]}]},{"@type":"ImageObject","inLanguage":"fr-FR","@id":"https:\/\/paca.lpo.fr\/blogs\/hyeres-les-maures\/2026\/06\/25\/abc-entre-la-crau-et-pierrefeu-4\/#primaryimage","url":"https:\/\/paca.lpo.fr\/blogs\/hyeres-les-maures\/files\/2026\/06\/dscn2546.jpg","contentUrl":"https:\/\/paca.lpo.fr\/blogs\/hyeres-les-maures\/files\/2026\/06\/dscn2546.jpg","width":1024,"height":936},{"@type":"BreadcrumbList","@id":"https:\/\/paca.lpo.fr\/blogs\/hyeres-les-maures\/2026\/06\/25\/abc-entre-la-crau-et-pierrefeu-4\/#breadcrumb","itemListElement":[{"@type":"ListItem","position":1,"name":"Accueil","item":"https:\/\/paca.lpo.fr\/blogs\/hyeres-les-maures\/"},{"@type":"ListItem","position":2,"name":"ABC entre la Crau et Pierrefeu."}]},{"@type":"WebSite","@id":"https:\/\/paca.lpo.fr\/blogs\/hyeres-les-maures\/#website","url":"https:\/\/paca.lpo.fr\/blogs\/hyeres-les-maures\/","name":"Groupe local Hy\u00e8res les Maures","description":"Groupe local Hy\u00e8res les Maures","publisher":{"@id":"https:\/\/paca.lpo.fr\/blogs\/hyeres-les-maures\/#organization"},"potentialAction":[{"@type":"SearchAction","target":{"@type":"EntryPoint","urlTemplate":"https:\/\/paca.lpo.fr\/blogs\/hyeres-les-maures\/?s={search_term_string}"},"query-input":{"@type":"PropertyValueSpecification","valueRequired":true,"valueName":"search_term_string"}}],"inLanguage":"fr-FR"},{"@type":"Organization","@id":"https:\/\/paca.lpo.fr\/blogs\/hyeres-les-maures\/#organization","name":"Groupe local Hy\u00e8res les Maures","url":"https:\/\/paca.lpo.fr\/blogs\/hyeres-les-maures\/","logo":{"@type":"ImageObject","inLanguage":"fr-FR","@id":"https:\/\/paca.lpo.fr\/blogs\/hyeres-les-maures\/#\/schema\/logo\/image\/","url":"https:\/\/paca.lpo.fr\/blogs\/hyeres-les-maures\/files\/2024\/01\/cropped-rvb-lpo-paca-logotype-signature-droite-mini-500.jpg","contentUrl":"https:\/\/paca.lpo.fr\/blogs\/hyeres-les-maures\/files\/2024\/01\/cropped-rvb-lpo-paca-logotype-signature-droite-mini-500.jpg","width":500,"height":210,"caption":"Groupe local Hy\u00e8res les Maures"},"image":{"@id":"https:\/\/paca.lpo.fr\/blogs\/hyeres-les-maures\/#\/schema\/logo\/image\/"}},{"@type":"Person","@id":"https:\/\/paca.lpo.fr\/blogs\/hyeres-les-maures\/#\/schema\/person\/08bc31e186b5e8ad784248324b9e7f21","name":"hlm","image":{"@type":"ImageObject","inLanguage":"fr-FR","@id":"https:\/\/secure.gravatar.com\/avatar\/9a86c8b4130cd709c1bc98f089f507ee4b836587e04a54d2a0bf62671146daa4?s=96&d=mm&r=g","url":"https:\/\/secure.gravatar.com\/avatar\/9a86c8b4130cd709c1bc98f089f507ee4b836587e04a54d2a0bf62671146daa4?s=96&d=mm&r=g","contentUrl":"https:\/\/secure.gravatar.com\/avatar\/9a86c8b4130cd709c1bc98f089f507ee4b836587e04a54d2a0bf62671146daa4?s=96&d=mm&r=g","caption":"hlm"},"url":"https:\/\/paca.lpo.fr\/blogs\/hyeres-les-maures\/author\/hyerestoulon5\/"}]}},"jetpack_featured_media_url":"https:\/\/paca.lpo.fr\/blogs\/hyeres-les-maures\/files\/2026\/06\/dscn2546.jpg","_links":{"self":[{"href":"https:\/\/paca.lpo.fr\/blogs\/hyeres-les-maures\/wp-json\/wp\/v2\/posts\/15808","targetHints":{"allow":["GET"]}}],"collection":[{"href":"https:\/\/paca.lpo.fr\/blogs\/hyeres-les-maures\/wp-json\/wp\/v2\/posts"}],"about":[{"href":"https:\/\/paca.lpo.fr\/blogs\/hyeres-les-maures\/wp-json\/wp\/v2\/types\/post"}],"author":[{"embeddable":true,"href":"https:\/\/paca.lpo.fr\/blogs\/hyeres-les-maures\/wp-json\/wp\/v2\/users\/117"}],"replies":[{"embeddable":true,"href":"https:\/\/paca.lpo.fr\/blogs\/hyeres-les-maures\/wp-json\/wp\/v2\/comments?post=15808"}],"version-history":[{"count":4,"href":"https:\/\/paca.lpo.fr\/blogs\/hyeres-les-maures\/wp-json\/wp\/v2\/posts\/15808\/revisions"}],"predecessor-version":[{"id":15839,"href":"https:\/\/paca.lpo.fr\/blogs\/hyeres-les-maures\/wp-json\/wp\/v2\/posts\/15808\/revisions\/15839"}],"wp:featuredmedia":[{"embeddable":true,"href":"https:\/\/paca.lpo.fr\/blogs\/hyeres-les-maures\/wp-json\/wp\/v2\/media\/15820"}],"wp:attachment":[{"href":"https:\/\/paca.lpo.fr\/blogs\/hyeres-les-maures\/wp-json\/wp\/v2\/media?parent=15808"}],"wp:term":[{"taxonomy":"category","embeddable":true,"href":"https:\/\/paca.lpo.fr\/blogs\/hyeres-les-maures\/wp-json\/wp\/v2\/categories?post=15808"},{"taxonomy":"post_tag","embeddable":true,"href":"https:\/\/paca.lpo.fr\/blogs\/hyeres-les-maures\/wp-json\/wp\/v2\/tags?post=15808"}],"curies":[{"name":"wp","href":"https:\/\/api.w.org\/{rel}","templated":true}]}}