{"id":15933,"date":"2026-08-27T17:46:25","date_gmt":"2026-08-27T16:46:25","guid":{"rendered":"https:\/\/paca.lpo.fr\/blogs\/hyeres-les-maures\/?p=15933"},"modified":"2026-08-27T17:47:45","modified_gmt":"2026-08-27T16:47:45","slug":"vieux-salins-3","status":"publish","type":"post","link":"https:\/\/paca.lpo.fr\/blogs\/hyeres-les-maures\/2026\/08\/27\/vieux-salins-3\/","title":{"rendered":"Vieux Salins"},"content":{"rendered":"\n<p class=\"wp-block-paragraph\">Nous \u00e9tions trois ce matin jeudi 27 ao\u00fbt pour la sortie aux Vieux Salins, Pierre, Marie- Laure et moi.<\/p>\n\n\n\n<figure class=\"wp-block-image size-full\"><img loading=\"lazy\" decoding=\"async\" width=\"1024\" height=\"768\" src=\"https:\/\/paca.lpo.fr\/blogs\/hyeres-les-maures\/files\/2026\/08\/img-3415.jpg\" alt=\"\" class=\"wp-image-15936\" srcset=\"https:\/\/paca.lpo.fr\/blogs\/hyeres-les-maures\/files\/2026\/08\/img-3415.jpg 1024w, https:\/\/paca.lpo.fr\/blogs\/hyeres-les-maures\/files\/2026\/08\/img-3415-768x576-1.jpg 768w\" sizes=\"auto, (max-width: 1024px) 100vw, 1024px\" \/><\/figure>\n\n\n\n<p class=\"wp-block-paragraph\"><\/p>\n\n\n\n<p class=\"wp-block-paragraph\">Beaucoup d\u2019eau dans les diff\u00e9rents bassins et le canal de ceinture suite aux deux \u00e9pisodes pluvieux.<\/p>\n\n\n\n<p class=\"wp-block-paragraph\">Apr\u00e8s \u00eatre all\u00e9s jusqu\u2019\u00e0 l\u2019\u00e9tang de l&rsquo;anglais, nous sommes all\u00e9s \u00e0 l\u2019espace nature rendre visite \u00e0 nos coll\u00e8gues salari\u00e9s.<\/p>\n\n\n\n<p class=\"wp-block-paragraph\">Une famille d\u2019\u00e9chasses nous attendait, un vol d\u2019une douzaine d\u2019\u00e9chasses surtout des jeunes nous survolent en arrivant \u00e0 la maison de la nature.<\/p>\n\n\n\n<p class=\"wp-block-paragraph\">Nous avions entendu beaucoup de fauvettes m\u00e9lanoc\u00e9phales, \u00a0et nous avons le plaisir de d\u00e9couvrir l\u2019exposition photos qui se termine le 30 ao\u00fbt, o\u00f9 figure une belle photo de fauvette m\u00e9lanoc\u00e9phale avec son \u0153il bien rouge.<\/p>\n\n\n\n<figure class=\"wp-block-image size-full\"><img loading=\"lazy\" decoding=\"async\" width=\"768\" height=\"1024\" src=\"https:\/\/paca.lpo.fr\/blogs\/hyeres-les-maures\/files\/2026\/08\/img-3422.jpg\" alt=\"\" class=\"wp-image-15937\" srcset=\"https:\/\/paca.lpo.fr\/blogs\/hyeres-les-maures\/files\/2026\/08\/img-3422.jpg 768w, https:\/\/paca.lpo.fr\/blogs\/hyeres-les-maures\/files\/2026\/08\/img-3422-576x768.jpg 576w\" sizes=\"auto, (max-width: 768px) 100vw, 768px\" \/><\/figure>\n\n\n\n<figure class=\"wp-block-image size-full\"><img loading=\"lazy\" decoding=\"async\" width=\"768\" height=\"1024\" src=\"https:\/\/paca.lpo.fr\/blogs\/hyeres-les-maures\/files\/2026\/08\/img-3426.jpg\" alt=\"\" class=\"wp-image-15938\" srcset=\"https:\/\/paca.lpo.fr\/blogs\/hyeres-les-maures\/files\/2026\/08\/img-3426.jpg 768w, https:\/\/paca.lpo.fr\/blogs\/hyeres-les-maures\/files\/2026\/08\/img-3426-576x768.jpg 576w\" sizes=\"auto, (max-width: 768px) 100vw, 768px\" \/><\/figure>\n\n\n\n<p class=\"wp-block-paragraph\"><\/p>\n\n\n\n<p class=\"wp-block-paragraph\">Sylvia2<\/p>\n","protected":false},"excerpt":{"rendered":"<p>Nous \u00e9tions trois ce matin jeudi 27 ao\u00fbt pour la sortie aux Vieux Salins, Pierre, Marie- Laure et moi. Beaucoup d\u2019eau dans les diff\u00e9rents bassins et le canal de ceinture suite aux deux \u00e9pisodes pluvieux. Apr\u00e8s \u00eatre all\u00e9s jusqu\u2019\u00e0 l\u2019\u00e9tang de l&rsquo;anglais, nous sommes all\u00e9s \u00e0 l\u2019espace nature rendre visite \u00e0 nos coll\u00e8gues salari\u00e9s. Une [&hellip;]<\/p>\n","protected":false},"author":117,"featured_media":15935,"comment_status":"open","ping_status":"open","sticky":false,"template":"","format":"standard","meta":{"footnotes":""},"categories":[1],"tags":[],"class_list":["post-15933","post","type-post","status-publish","format-standard","has-post-thumbnail","hentry","category-actualites-generales"],"yoast_head":"<!-- This site is optimized with the Yoast SEO plugin v28.3 - https:\/\/yoast.com\/product\/yoast-seo-wordpress\/ -->\n<title>Vieux Salins - Groupe local Hy\u00e8res les Maures<\/title>\n<meta name=\"robots\" content=\"index, follow, max-snippet:-1, max-image-preview:large, max-video-preview:-1\" \/>\n<link rel=\"canonical\" href=\"https:\/\/paca.lpo.fr\/blogs\/hyeres-les-maures\/2026\/08\/27\/vieux-salins-3\/\" \/>\n<meta property=\"og:locale\" content=\"fr_FR\" \/>\n<meta property=\"og:type\" content=\"article\" \/>\n<meta property=\"og:title\" content=\"Vieux Salins - Groupe local Hy\u00e8res les Maures\" \/>\n<meta property=\"og:description\" content=\"Nous \u00e9tions trois ce matin jeudi 27 ao\u00fbt pour la sortie aux Vieux Salins, Pierre, Marie- Laure et moi. Beaucoup d\u2019eau dans les diff\u00e9rents bassins et le canal de ceinture suite aux deux \u00e9pisodes pluvieux. Apr\u00e8s \u00eatre all\u00e9s jusqu\u2019\u00e0 l\u2019\u00e9tang de l&rsquo;anglais, nous sommes all\u00e9s \u00e0 l\u2019espace nature rendre visite \u00e0 nos coll\u00e8gues salari\u00e9s. Une [&hellip;]\" \/>\n<meta property=\"og:url\" content=\"https:\/\/paca.lpo.fr\/blogs\/hyeres-les-maures\/2026\/08\/27\/vieux-salins-3\/\" \/>\n<meta property=\"og:site_name\" content=\"Groupe local Hy\u00e8res les Maures\" \/>\n<meta property=\"article:published_time\" content=\"2026-08-27T16:46:25+00:00\" \/>\n<meta property=\"article:modified_time\" content=\"2026-08-27T16:47:45+00:00\" \/>\n<meta property=\"og:image\" content=\"https:\/\/paca.lpo.fr\/blogs\/hyeres-les-maures\/files\/2026\/08\/img-3417.jpg\" \/>\n\t<meta property=\"og:image:width\" content=\"768\" \/>\n\t<meta property=\"og:image:height\" content=\"1024\" \/>\n\t<meta property=\"og:image:type\" content=\"image\/jpeg\" \/>\n<meta name=\"author\" content=\"hlm\" \/>\n<meta name=\"twitter:card\" content=\"summary_large_image\" \/>\n<meta name=\"twitter:label1\" content=\"\u00c9crit par\" \/>\n\t<meta name=\"twitter:data1\" content=\"hlm\" \/>\n\t<meta name=\"twitter:label2\" content=\"Dur\u00e9e de lecture estim\u00e9e\" \/>\n\t<meta name=\"twitter:data2\" content=\"2 minutes\" \/>\n<script type=\"application\/ld+json\" class=\"yoast-schema-graph\">{\"@context\":\"https:\\\/\\\/schema.org\",\"@graph\":[{\"@type\":\"Article\",\"@id\":\"https:\\\/\\\/paca.lpo.fr\\\/blogs\\\/hyeres-les-maures\\\/2026\\\/08\\\/27\\\/vieux-salins-3\\\/#article\",\"isPartOf\":{\"@id\":\"https:\\\/\\\/paca.lpo.fr\\\/blogs\\\/hyeres-les-maures\\\/2026\\\/08\\\/27\\\/vieux-salins-3\\\/\"},\"author\":{\"name\":\"hlm\",\"@id\":\"https:\\\/\\\/paca.lpo.fr\\\/blogs\\\/hyeres-les-maures\\\/#\\\/schema\\\/person\\\/08bc31e186b5e8ad784248324b9e7f21\"},\"headline\":\"Vieux Salins\",\"datePublished\":\"2026-08-27T16:46:25+00:00\",\"dateModified\":\"2026-08-27T16:47:45+00:00\",\"mainEntityOfPage\":{\"@id\":\"https:\\\/\\\/paca.lpo.fr\\\/blogs\\\/hyeres-les-maures\\\/2026\\\/08\\\/27\\\/vieux-salins-3\\\/\"},\"wordCount\":131,\"commentCount\":0,\"publisher\":{\"@id\":\"https:\\\/\\\/paca.lpo.fr\\\/blogs\\\/hyeres-les-maures\\\/#organization\"},\"image\":{\"@id\":\"https:\\\/\\\/paca.lpo.fr\\\/blogs\\\/hyeres-les-maures\\\/2026\\\/08\\\/27\\\/vieux-salins-3\\\/#primaryimage\"},\"thumbnailUrl\":\"https:\\\/\\\/paca.lpo.fr\\\/blogs\\\/hyeres-les-maures\\\/files\\\/2026\\\/08\\\/img-3417.jpg\",\"articleSection\":[\"Actualit\u00e9s g\u00e9n\u00e9rales\"],\"inLanguage\":\"fr-FR\",\"potentialAction\":[{\"@type\":\"CommentAction\",\"name\":\"Comment\",\"target\":[\"https:\\\/\\\/paca.lpo.fr\\\/blogs\\\/hyeres-les-maures\\\/2026\\\/08\\\/27\\\/vieux-salins-3\\\/#respond\"]}]},{\"@type\":\"WebPage\",\"@id\":\"https:\\\/\\\/paca.lpo.fr\\\/blogs\\\/hyeres-les-maures\\\/2026\\\/08\\\/27\\\/vieux-salins-3\\\/\",\"url\":\"https:\\\/\\\/paca.lpo.fr\\\/blogs\\\/hyeres-les-maures\\\/2026\\\/08\\\/27\\\/vieux-salins-3\\\/\",\"name\":\"Vieux Salins - Groupe local Hy\u00e8res les Maures\",\"isPartOf\":{\"@id\":\"https:\\\/\\\/paca.lpo.fr\\\/blogs\\\/hyeres-les-maures\\\/#website\"},\"primaryImageOfPage\":{\"@id\":\"https:\\\/\\\/paca.lpo.fr\\\/blogs\\\/hyeres-les-maures\\\/2026\\\/08\\\/27\\\/vieux-salins-3\\\/#primaryimage\"},\"image\":{\"@id\":\"https:\\\/\\\/paca.lpo.fr\\\/blogs\\\/hyeres-les-maures\\\/2026\\\/08\\\/27\\\/vieux-salins-3\\\/#primaryimage\"},\"thumbnailUrl\":\"https:\\\/\\\/paca.lpo.fr\\\/blogs\\\/hyeres-les-maures\\\/files\\\/2026\\\/08\\\/img-3417.jpg\",\"datePublished\":\"2026-08-27T16:46:25+00:00\",\"dateModified\":\"2026-08-27T16:47:45+00:00\",\"breadcrumb\":{\"@id\":\"https:\\\/\\\/paca.lpo.fr\\\/blogs\\\/hyeres-les-maures\\\/2026\\\/08\\\/27\\\/vieux-salins-3\\\/#breadcrumb\"},\"inLanguage\":\"fr-FR\",\"potentialAction\":[{\"@type\":\"ReadAction\",\"target\":[\"https:\\\/\\\/paca.lpo.fr\\\/blogs\\\/hyeres-les-maures\\\/2026\\\/08\\\/27\\\/vieux-salins-3\\\/\"]}]},{\"@type\":\"ImageObject\",\"inLanguage\":\"fr-FR\",\"@id\":\"https:\\\/\\\/paca.lpo.fr\\\/blogs\\\/hyeres-les-maures\\\/2026\\\/08\\\/27\\\/vieux-salins-3\\\/#primaryimage\",\"url\":\"https:\\\/\\\/paca.lpo.fr\\\/blogs\\\/hyeres-les-maures\\\/files\\\/2026\\\/08\\\/img-3417.jpg\",\"contentUrl\":\"https:\\\/\\\/paca.lpo.fr\\\/blogs\\\/hyeres-les-maures\\\/files\\\/2026\\\/08\\\/img-3417.jpg\",\"width\":768,\"height\":1024},{\"@type\":\"BreadcrumbList\",\"@id\":\"https:\\\/\\\/paca.lpo.fr\\\/blogs\\\/hyeres-les-maures\\\/2026\\\/08\\\/27\\\/vieux-salins-3\\\/#breadcrumb\",\"itemListElement\":[{\"@type\":\"ListItem\",\"position\":1,\"name\":\"Accueil\",\"item\":\"https:\\\/\\\/paca.lpo.fr\\\/blogs\\\/hyeres-les-maures\\\/\"},{\"@type\":\"ListItem\",\"position\":2,\"name\":\"Vieux Salins\"}]},{\"@type\":\"WebSite\",\"@id\":\"https:\\\/\\\/paca.lpo.fr\\\/blogs\\\/hyeres-les-maures\\\/#website\",\"url\":\"https:\\\/\\\/paca.lpo.fr\\\/blogs\\\/hyeres-les-maures\\\/\",\"name\":\"Groupe local Hy\u00e8res les Maures\",\"description\":\"Groupe local Hy\u00e8res les Maures\",\"publisher\":{\"@id\":\"https:\\\/\\\/paca.lpo.fr\\\/blogs\\\/hyeres-les-maures\\\/#organization\"},\"potentialAction\":[{\"@type\":\"SearchAction\",\"target\":{\"@type\":\"EntryPoint\",\"urlTemplate\":\"https:\\\/\\\/paca.lpo.fr\\\/blogs\\\/hyeres-les-maures\\\/?s={search_term_string}\"},\"query-input\":{\"@type\":\"PropertyValueSpecification\",\"valueRequired\":true,\"valueName\":\"search_term_string\"}}],\"inLanguage\":\"fr-FR\"},{\"@type\":\"Organization\",\"@id\":\"https:\\\/\\\/paca.lpo.fr\\\/blogs\\\/hyeres-les-maures\\\/#organization\",\"name\":\"Groupe local Hy\u00e8res les Maures\",\"url\":\"https:\\\/\\\/paca.lpo.fr\\\/blogs\\\/hyeres-les-maures\\\/\",\"logo\":{\"@type\":\"ImageObject\",\"inLanguage\":\"fr-FR\",\"@id\":\"https:\\\/\\\/paca.lpo.fr\\\/blogs\\\/hyeres-les-maures\\\/#\\\/schema\\\/logo\\\/image\\\/\",\"url\":\"https:\\\/\\\/paca.lpo.fr\\\/blogs\\\/hyeres-les-maures\\\/files\\\/2024\\\/01\\\/cropped-rvb-lpo-paca-logotype-signature-droite-mini-500.jpg\",\"contentUrl\":\"https:\\\/\\\/paca.lpo.fr\\\/blogs\\\/hyeres-les-maures\\\/files\\\/2024\\\/01\\\/cropped-rvb-lpo-paca-logotype-signature-droite-mini-500.jpg\",\"width\":500,\"height\":210,\"caption\":\"Groupe local Hy\u00e8res les Maures\"},\"image\":{\"@id\":\"https:\\\/\\\/paca.lpo.fr\\\/blogs\\\/hyeres-les-maures\\\/#\\\/schema\\\/logo\\\/image\\\/\"}},{\"@type\":\"Person\",\"@id\":\"https:\\\/\\\/paca.lpo.fr\\\/blogs\\\/hyeres-les-maures\\\/#\\\/schema\\\/person\\\/08bc31e186b5e8ad784248324b9e7f21\",\"name\":\"hlm\",\"image\":{\"@type\":\"ImageObject\",\"inLanguage\":\"fr-FR\",\"@id\":\"https:\\\/\\\/secure.gravatar.com\\\/avatar\\\/9a86c8b4130cd709c1bc98f089f507ee4b836587e04a54d2a0bf62671146daa4?s=96&d=mm&r=g\",\"url\":\"https:\\\/\\\/secure.gravatar.com\\\/avatar\\\/9a86c8b4130cd709c1bc98f089f507ee4b836587e04a54d2a0bf62671146daa4?s=96&d=mm&r=g\",\"contentUrl\":\"https:\\\/\\\/secure.gravatar.com\\\/avatar\\\/9a86c8b4130cd709c1bc98f089f507ee4b836587e04a54d2a0bf62671146daa4?s=96&d=mm&r=g\",\"caption\":\"hlm\"},\"url\":\"https:\\\/\\\/paca.lpo.fr\\\/blogs\\\/hyeres-les-maures\\\/author\\\/hyerestoulon5\\\/\"}]}<\/script>\n<!-- \/ Yoast SEO plugin. -->","yoast_head_json":{"title":"Vieux Salins - Groupe local Hy\u00e8res les Maures","robots":{"index":"index","follow":"follow","max-snippet":"max-snippet:-1","max-image-preview":"max-image-preview:large","max-video-preview":"max-video-preview:-1"},"canonical":"https:\/\/paca.lpo.fr\/blogs\/hyeres-les-maures\/2026\/08\/27\/vieux-salins-3\/","og_locale":"fr_FR","og_type":"article","og_title":"Vieux Salins - Groupe local Hy\u00e8res les Maures","og_description":"Nous \u00e9tions trois ce matin jeudi 27 ao\u00fbt pour la sortie aux Vieux Salins, Pierre, Marie- Laure et moi. Beaucoup d\u2019eau dans les diff\u00e9rents bassins et le canal de ceinture suite aux deux \u00e9pisodes pluvieux. Apr\u00e8s \u00eatre all\u00e9s jusqu\u2019\u00e0 l\u2019\u00e9tang de l&rsquo;anglais, nous sommes all\u00e9s \u00e0 l\u2019espace nature rendre visite \u00e0 nos coll\u00e8gues salari\u00e9s. Une [&hellip;]","og_url":"https:\/\/paca.lpo.fr\/blogs\/hyeres-les-maures\/2026\/08\/27\/vieux-salins-3\/","og_site_name":"Groupe local Hy\u00e8res les Maures","article_published_time":"2026-08-27T16:46:25+00:00","article_modified_time":"2026-08-27T16:47:45+00:00","og_image":[{"width":768,"height":1024,"url":"https:\/\/paca.lpo.fr\/blogs\/hyeres-les-maures\/files\/2026\/08\/img-3417.jpg","type":"image\/jpeg"}],"author":"hlm","twitter_card":"summary_large_image","twitter_misc":{"\u00c9crit par":"hlm","Dur\u00e9e de lecture estim\u00e9e":"2 minutes"},"schema":{"@context":"https:\/\/schema.org","@graph":[{"@type":"Article","@id":"https:\/\/paca.lpo.fr\/blogs\/hyeres-les-maures\/2026\/08\/27\/vieux-salins-3\/#article","isPartOf":{"@id":"https:\/\/paca.lpo.fr\/blogs\/hyeres-les-maures\/2026\/08\/27\/vieux-salins-3\/"},"author":{"name":"hlm","@id":"https:\/\/paca.lpo.fr\/blogs\/hyeres-les-maures\/#\/schema\/person\/08bc31e186b5e8ad784248324b9e7f21"},"headline":"Vieux Salins","datePublished":"2026-08-27T16:46:25+00:00","dateModified":"2026-08-27T16:47:45+00:00","mainEntityOfPage":{"@id":"https:\/\/paca.lpo.fr\/blogs\/hyeres-les-maures\/2026\/08\/27\/vieux-salins-3\/"},"wordCount":131,"commentCount":0,"publisher":{"@id":"https:\/\/paca.lpo.fr\/blogs\/hyeres-les-maures\/#organization"},"image":{"@id":"https:\/\/paca.lpo.fr\/blogs\/hyeres-les-maures\/2026\/08\/27\/vieux-salins-3\/#primaryimage"},"thumbnailUrl":"https:\/\/paca.lpo.fr\/blogs\/hyeres-les-maures\/files\/2026\/08\/img-3417.jpg","articleSection":["Actualit\u00e9s g\u00e9n\u00e9rales"],"inLanguage":"fr-FR","potentialAction":[{"@type":"CommentAction","name":"Comment","target":["https:\/\/paca.lpo.fr\/blogs\/hyeres-les-maures\/2026\/08\/27\/vieux-salins-3\/#respond"]}]},{"@type":"WebPage","@id":"https:\/\/paca.lpo.fr\/blogs\/hyeres-les-maures\/2026\/08\/27\/vieux-salins-3\/","url":"https:\/\/paca.lpo.fr\/blogs\/hyeres-les-maures\/2026\/08\/27\/vieux-salins-3\/","name":"Vieux Salins - Groupe local Hy\u00e8res les Maures","isPartOf":{"@id":"https:\/\/paca.lpo.fr\/blogs\/hyeres-les-maures\/#website"},"primaryImageOfPage":{"@id":"https:\/\/paca.lpo.fr\/blogs\/hyeres-les-maures\/2026\/08\/27\/vieux-salins-3\/#primaryimage"},"image":{"@id":"https:\/\/paca.lpo.fr\/blogs\/hyeres-les-maures\/2026\/08\/27\/vieux-salins-3\/#primaryimage"},"thumbnailUrl":"https:\/\/paca.lpo.fr\/blogs\/hyeres-les-maures\/files\/2026\/08\/img-3417.jpg","datePublished":"2026-08-27T16:46:25+00:00","dateModified":"2026-08-27T16:47:45+00:00","breadcrumb":{"@id":"https:\/\/paca.lpo.fr\/blogs\/hyeres-les-maures\/2026\/08\/27\/vieux-salins-3\/#breadcrumb"},"inLanguage":"fr-FR","potentialAction":[{"@type":"ReadAction","target":["https:\/\/paca.lpo.fr\/blogs\/hyeres-les-maures\/2026\/08\/27\/vieux-salins-3\/"]}]},{"@type":"ImageObject","inLanguage":"fr-FR","@id":"https:\/\/paca.lpo.fr\/blogs\/hyeres-les-maures\/2026\/08\/27\/vieux-salins-3\/#primaryimage","url":"https:\/\/paca.lpo.fr\/blogs\/hyeres-les-maures\/files\/2026\/08\/img-3417.jpg","contentUrl":"https:\/\/paca.lpo.fr\/blogs\/hyeres-les-maures\/files\/2026\/08\/img-3417.jpg","width":768,"height":1024},{"@type":"BreadcrumbList","@id":"https:\/\/paca.lpo.fr\/blogs\/hyeres-les-maures\/2026\/08\/27\/vieux-salins-3\/#breadcrumb","itemListElement":[{"@type":"ListItem","position":1,"name":"Accueil","item":"https:\/\/paca.lpo.fr\/blogs\/hyeres-les-maures\/"},{"@type":"ListItem","position":2,"name":"Vieux Salins"}]},{"@type":"WebSite","@id":"https:\/\/paca.lpo.fr\/blogs\/hyeres-les-maures\/#website","url":"https:\/\/paca.lpo.fr\/blogs\/hyeres-les-maures\/","name":"Groupe local Hy\u00e8res les Maures","description":"Groupe local Hy\u00e8res les Maures","publisher":{"@id":"https:\/\/paca.lpo.fr\/blogs\/hyeres-les-maures\/#organization"},"potentialAction":[{"@type":"SearchAction","target":{"@type":"EntryPoint","urlTemplate":"https:\/\/paca.lpo.fr\/blogs\/hyeres-les-maures\/?s={search_term_string}"},"query-input":{"@type":"PropertyValueSpecification","valueRequired":true,"valueName":"search_term_string"}}],"inLanguage":"fr-FR"},{"@type":"Organization","@id":"https:\/\/paca.lpo.fr\/blogs\/hyeres-les-maures\/#organization","name":"Groupe local Hy\u00e8res les Maures","url":"https:\/\/paca.lpo.fr\/blogs\/hyeres-les-maures\/","logo":{"@type":"ImageObject","inLanguage":"fr-FR","@id":"https:\/\/paca.lpo.fr\/blogs\/hyeres-les-maures\/#\/schema\/logo\/image\/","url":"https:\/\/paca.lpo.fr\/blogs\/hyeres-les-maures\/files\/2024\/01\/cropped-rvb-lpo-paca-logotype-signature-droite-mini-500.jpg","contentUrl":"https:\/\/paca.lpo.fr\/blogs\/hyeres-les-maures\/files\/2024\/01\/cropped-rvb-lpo-paca-logotype-signature-droite-mini-500.jpg","width":500,"height":210,"caption":"Groupe local Hy\u00e8res les Maures"},"image":{"@id":"https:\/\/paca.lpo.fr\/blogs\/hyeres-les-maures\/#\/schema\/logo\/image\/"}},{"@type":"Person","@id":"https:\/\/paca.lpo.fr\/blogs\/hyeres-les-maures\/#\/schema\/person\/08bc31e186b5e8ad784248324b9e7f21","name":"hlm","image":{"@type":"ImageObject","inLanguage":"fr-FR","@id":"https:\/\/secure.gravatar.com\/avatar\/9a86c8b4130cd709c1bc98f089f507ee4b836587e04a54d2a0bf62671146daa4?s=96&d=mm&r=g","url":"https:\/\/secure.gravatar.com\/avatar\/9a86c8b4130cd709c1bc98f089f507ee4b836587e04a54d2a0bf62671146daa4?s=96&d=mm&r=g","contentUrl":"https:\/\/secure.gravatar.com\/avatar\/9a86c8b4130cd709c1bc98f089f507ee4b836587e04a54d2a0bf62671146daa4?s=96&d=mm&r=g","caption":"hlm"},"url":"https:\/\/paca.lpo.fr\/blogs\/hyeres-les-maures\/author\/hyerestoulon5\/"}]}},"jetpack_featured_media_url":"https:\/\/paca.lpo.fr\/blogs\/hyeres-les-maures\/files\/2026\/08\/img-3417.jpg","_links":{"self":[{"href":"https:\/\/paca.lpo.fr\/blogs\/hyeres-les-maures\/wp-json\/wp\/v2\/posts\/15933","targetHints":{"allow":["GET"]}}],"collection":[{"href":"https:\/\/paca.lpo.fr\/blogs\/hyeres-les-maures\/wp-json\/wp\/v2\/posts"}],"about":[{"href":"https:\/\/paca.lpo.fr\/blogs\/hyeres-les-maures\/wp-json\/wp\/v2\/types\/post"}],"author":[{"embeddable":true,"href":"https:\/\/paca.lpo.fr\/blogs\/hyeres-les-maures\/wp-json\/wp\/v2\/users\/117"}],"replies":[{"embeddable":true,"href":"https:\/\/paca.lpo.fr\/blogs\/hyeres-les-maures\/wp-json\/wp\/v2\/comments?post=15933"}],"version-history":[{"count":3,"href":"https:\/\/paca.lpo.fr\/blogs\/hyeres-les-maures\/wp-json\/wp\/v2\/posts\/15933\/revisions"}],"predecessor-version":[{"id":15940,"href":"https:\/\/paca.lpo.fr\/blogs\/hyeres-les-maures\/wp-json\/wp\/v2\/posts\/15933\/revisions\/15940"}],"wp:featuredmedia":[{"embeddable":true,"href":"https:\/\/paca.lpo.fr\/blogs\/hyeres-les-maures\/wp-json\/wp\/v2\/media\/15935"}],"wp:attachment":[{"href":"https:\/\/paca.lpo.fr\/blogs\/hyeres-les-maures\/wp-json\/wp\/v2\/media?parent=15933"}],"wp:term":[{"taxonomy":"category","embeddable":true,"href":"https:\/\/paca.lpo.fr\/blogs\/hyeres-les-maures\/wp-json\/wp\/v2\/categories?post=15933"},{"taxonomy":"post_tag","embeddable":true,"href":"https:\/\/paca.lpo.fr\/blogs\/hyeres-les-maures\/wp-json\/wp\/v2\/tags?post=15933"}],"curies":[{"name":"wp","href":"https:\/\/api.w.org\/{rel}","templated":true}]}}