{"id":6002,"date":"2022-06-09T17:06:39","date_gmt":"2022-06-09T16:06:39","guid":{"rendered":"http:\/\/paca.lpo.fr\/blogs\/hyeres-les-maures\/?p=6002"},"modified":"2022-06-09T18:40:21","modified_gmt":"2022-06-09T17:40:21","slug":"mercredi-de-christine-3","status":"publish","type":"post","link":"https:\/\/paca.lpo.fr\/blogs\/hyeres-les-maures\/2022\/06\/09\/mercredi-de-christine-3\/","title":{"rendered":"Mercredi de Christine"},"content":{"rendered":"\n<p>Mercredi 8 juin  dans les environs de Pierrefeu-du-Var<br>7h30 du matin Pierre et Christine rejoignent Isabelle qui les attend d\u00e9j\u00e0 au bord du Real -Collobrier.<br>Le chant fl\u00fbt\u00e9 du Loriot d\u2019Europe est le premier que nous entendons ,  et il nous accompagnera tout le  long de la balade  que nous d\u00e9marrons doucement sous un ciel  couvert ;  et les oiseaux entonnent leurs premiers refrains : Fauvette  \u00e0 t\u00eate noire, Rossignol philom\u00e8le, Grimpereau des jardins, m\u00e9sanges chantent tous  en c\u0153ur. Plus discret le doux roucoulement d\u2019une  Tourterelle des bois  (Nous l\u2019apercevrons m\u00eame perch\u00e9e dans un milieu bois\u00e9).<br>Des petits cris aigus de Verdier d\u2019Europe nous ont un peu d\u00e9concert\u00e9s, peut \u00eatre des jeunes ? Puis les trilles plus sonores suivies du cri nasillard caract\u00e9ristique de l\u2019oiseau  nous sont soudainement apparus beaucoup  plus familiers !<br>Pic vert et Pic \u00e9peiche \u00e9taient \u00e9galement de la partie, ainsi que des Rolliers d\u2019Europe pos\u00e9s sur des fils \u00e9lectriques au dessus des vignes.<\/p>\n\n\n\n<figure class=\"wp-block-image size-full\"><img loading=\"lazy\" decoding=\"async\" width=\"347\" height=\"753\" src=\"https:\/\/paca.lpo.fr\/blogs\/hyeres-les-maures\/files\/2022\/06\/image-1.jpg\" alt=\"\" class=\"wp-image-6044\" \/><\/figure>\n\n\n\n<p><br>\u00c9videmment, il y avait la Bouscarle de Cetti et nos Corvid\u00e9s pr\u00e9f\u00e9r\u00e9s : Pie bavarde, Choucas des tours,  Geai des ch\u00eanes.<br>Petit cours de botanique au passage  donn\u00e9 par Pierre avec parcimonie pour ne pas nous embrouiller :  scabieuse ;  Bouillon-blanc ; Laitue et chicor\u00e9e sauvage et on termine sur les vertus de la Bardane .<br>Puis nous nous sommes int\u00e9ress\u00e9s aux papillons quelques cents m\u00e8tres plus loin. Observation d\u2019un Paon-du-jour par Isabelle, que Pierre et moi avons rat\u00e9 car en extase devant un Sil\u00e8ne. <\/p>\n\n\n\n<figure class=\"wp-block-image size-full\"><img loading=\"lazy\" decoding=\"async\" width=\"494\" height=\"614\" src=\"https:\/\/paca.lpo.fr\/blogs\/hyeres-les-maures\/files\/2022\/06\/silene-1.jpg\" alt=\"\" class=\"wp-image-6045\" \/><\/figure>\n\n\n\n<p>Nous avons \u00e9galement vu les esp\u00e8ces suivantes  (on a bien v\u00e9rifi\u00e9 sur notre guide des papillons car on d\u00e9bute) :<br>&#8211; Demi-deuil<\/p>\n\n\n\n<figure class=\"wp-block-image size-full\"><img loading=\"lazy\" decoding=\"async\" width=\"407\" height=\"364\" src=\"https:\/\/paca.lpo.fr\/blogs\/hyeres-les-maures\/files\/2022\/06\/demi-deuil-1.jpg\" alt=\"\" class=\"wp-image-6046\" \/><\/figure>\n\n\n\n<p><br>&#8211; Cuivr\u00e9 commun<\/p>\n\n\n\n<figure class=\"wp-block-image size-full\"><img loading=\"lazy\" decoding=\"async\" width=\"576\" height=\"1024\" src=\"https:\/\/paca.lpo.fr\/blogs\/hyeres-les-maures\/files\/2022\/06\/cuivre.jpg\" alt=\"\" class=\"wp-image-6047\" srcset=\"https:\/\/paca.lpo.fr\/blogs\/hyeres-les-maures\/files\/2022\/06\/cuivre.jpg 576w, https:\/\/paca.lpo.fr\/blogs\/hyeres-les-maures\/files\/2022\/06\/cuivre-432x768.jpg 432w\" sizes=\"auto, (max-width: 576px) 100vw, 576px\" \/><\/figure>\n\n\n\n<p><br>&#8211; Sylvain azur\u00e9<br>&#8211; Myrtil<\/p>\n\n\n\n<figure class=\"wp-block-image size-full\"><img loading=\"lazy\" decoding=\"async\" width=\"576\" height=\"1024\" src=\"https:\/\/paca.lpo.fr\/blogs\/hyeres-les-maures\/files\/2022\/06\/myrtil.jpg\" alt=\"\" class=\"wp-image-6048\" srcset=\"https:\/\/paca.lpo.fr\/blogs\/hyeres-les-maures\/files\/2022\/06\/myrtil.jpg 576w, https:\/\/paca.lpo.fr\/blogs\/hyeres-les-maures\/files\/2022\/06\/myrtil-432x768.jpg 432w\" sizes=\"auto, (max-width: 576px) 100vw, 576px\" \/><\/figure>\n\n\n\n<p><br>&#8211; Pi\u00e9ride du navet<br>Et pour finir en beaut\u00e9 : deux superbes Pacha \u00e0 deux queues ,   et un Vulcain dans le jardin d\u2019Isabelle.<br>Nos photos sont moches et peu repr\u00e9sentatives de toutes nos  belles observations, mais on va essayer de s\u2019am\u00e9liorer (on a de la marge).<br><br><\/p>\n","protected":false},"excerpt":{"rendered":"<p>Mercredi 8 juin dans les environs de Pierrefeu-du-Var7h30 du matin Pierre et Christine rejoignent Isabelle qui les attend d\u00e9j\u00e0 au bord du Real -Collobrier.Le chant fl\u00fbt\u00e9 du Loriot d\u2019Europe est le premier que nous entendons , et il nous accompagnera tout le long de la balade que nous d\u00e9marrons doucement sous un ciel couvert ; [&hellip;]<\/p>\n","protected":false},"author":117,"featured_media":6043,"comment_status":"open","ping_status":"open","sticky":false,"template":"","format":"standard","meta":{"footnotes":""},"categories":[1],"tags":[],"class_list":["post-6002","post","type-post","status-publish","format-standard","has-post-thumbnail","hentry","category-actualites-generales"],"jetpack_featured_media_url":"https:\/\/paca.lpo.fr\/blogs\/hyeres-les-maures\/files\/2022\/06\/ghj.jpg","_links":{"self":[{"href":"https:\/\/paca.lpo.fr\/blogs\/hyeres-les-maures\/wp-json\/wp\/v2\/posts\/6002","targetHints":{"allow":["GET"]}}],"collection":[{"href":"https:\/\/paca.lpo.fr\/blogs\/hyeres-les-maures\/wp-json\/wp\/v2\/posts"}],"about":[{"href":"https:\/\/paca.lpo.fr\/blogs\/hyeres-les-maures\/wp-json\/wp\/v2\/types\/post"}],"author":[{"embeddable":true,"href":"https:\/\/paca.lpo.fr\/blogs\/hyeres-les-maures\/wp-json\/wp\/v2\/users\/117"}],"replies":[{"embeddable":true,"href":"https:\/\/paca.lpo.fr\/blogs\/hyeres-les-maures\/wp-json\/wp\/v2\/comments?post=6002"}],"version-history":[{"count":4,"href":"https:\/\/paca.lpo.fr\/blogs\/hyeres-les-maures\/wp-json\/wp\/v2\/posts\/6002\/revisions"}],"predecessor-version":[{"id":6052,"href":"https:\/\/paca.lpo.fr\/blogs\/hyeres-les-maures\/wp-json\/wp\/v2\/posts\/6002\/revisions\/6052"}],"wp:featuredmedia":[{"embeddable":true,"href":"https:\/\/paca.lpo.fr\/blogs\/hyeres-les-maures\/wp-json\/wp\/v2\/media\/6043"}],"wp:attachment":[{"href":"https:\/\/paca.lpo.fr\/blogs\/hyeres-les-maures\/wp-json\/wp\/v2\/media?parent=6002"}],"wp:term":[{"taxonomy":"category","embeddable":true,"href":"https:\/\/paca.lpo.fr\/blogs\/hyeres-les-maures\/wp-json\/wp\/v2\/categories?post=6002"},{"taxonomy":"post_tag","embeddable":true,"href":"https:\/\/paca.lpo.fr\/blogs\/hyeres-les-maures\/wp-json\/wp\/v2\/tags?post=6002"}],"curies":[{"name":"wp","href":"https:\/\/api.w.org\/{rel}","templated":true}]}}