{"id":6040,"date":"2022-06-13T13:02:50","date_gmt":"2022-06-13T12:02:50","guid":{"rendered":"http:\/\/paca.lpo.fr\/blogs\/hyeres-les-maures\/?p=6040"},"modified":"2022-06-13T13:02:50","modified_gmt":"2022-06-13T12:02:50","slug":"le-printemps-des-zanimaux-a-cuers","status":"publish","type":"post","link":"https:\/\/paca.lpo.fr\/blogs\/hyeres-les-maures\/2022\/06\/13\/le-printemps-des-zanimaux-a-cuers\/","title":{"rendered":"Le Printemps des Z\u2019animaux \u00e0 Cuers"},"content":{"rendered":"\n<p>12\/06\/2022 : Le Printemps des Z\u2019animaux \u00e0 Cuers<br><br>Le Printemps des Animaux organis\u00e9 par Les Ailes Cass\u00e9es &amp; Co de Cuers a pr\u00e9sent\u00e9 ses plus beaux sp\u00e9cimens sur le stand de la LPO, \u00e0 c\u00f4t\u00e9 du stand des tortues d\u2019Hermann :<br>Michel, Christine, Marie-Laure attentive nounou d\u2019une tite m\u00e9sange puis Danielle, lamentablement oubli\u00e9e au Casino par H\u00e9l\u00e8ne (pardon, pardon), ont partag\u00e9  grosse chaleur et  fonds sonore d\u2019aboiements joyeux et d\u2019injonctions des ma\u00eetres sur un parcours sportif&#8230; En fin d\u2019apr\u00e8s-midi, Pierre a eu la gentillesse de venir aider H\u00e9l\u00e8ne \u00e0 ranger le mat\u00e9riel en d\u00e9gustant tous deux les g\u00e2teaux dispens\u00e9s par les organisatrices.<br>L\u2019accueil par Virginie et son \u00e9quipe a \u00e9t\u00e9 appr\u00e9ci\u00e9 (mat\u00e9riel, caf\u00e9, sandwichs\u2026g\u00e2teaux hihi ) mais la fr\u00e9quentation fut relativement faible.<br>Cependant,  chaque contact s\u2019est av\u00e9r\u00e9 int\u00e9ressant et fructueux, s\u2019agissant de personnes averties et d\u00e9j\u00e0 impliqu\u00e9es, en demande :  refuges, formation, annonce de braconnage d&rsquo;oiseaux\u2026. en particulier le Zoo du Faron avec ses jeunes repreneurs dans une optique nouvelle, tr\u00e8s tr\u00e8s\u2026.<br><br>Nous avons aussi contact\u00e9 le maire de Cuers et surtout M. Allberigo, l\u2019\u00e9lu \u00e0 l\u2019\u00e9cologie de la mairie (traqu\u00e9 jusqu\u2019au bureau des \u00e9lections), au sujet des r\u00e9novations d\u2019habitats \/ la protection des martinets.<br>Ainsi, malgr\u00e9 la petite fr\u00e9quentation de cette premi\u00e8re manifestation, dans le plaisir d\u2019\u00eatre ensemble, de revoir Marie-Laure aussi, avec les martinets au plafond, la journ\u00e9e fut bonne.<br>Reste \u00e0 enrayer la surchauffe corporelle : \u00e0 la douche !<\/p>\n","protected":false},"excerpt":{"rendered":"<p>12\/06\/2022 : Le Printemps des Z\u2019animaux \u00e0 Cuers Le Printemps des Animaux organis\u00e9 par Les Ailes Cass\u00e9es &amp; Co de Cuers a pr\u00e9sent\u00e9 ses plus beaux sp\u00e9cimens sur le stand de la LPO, \u00e0 c\u00f4t\u00e9 du stand des tortues d\u2019Hermann :Michel, Christine, Marie-Laure attentive nounou d\u2019une tite m\u00e9sange puis Danielle, lamentablement oubli\u00e9e au Casino par [&hellip;]<\/p>\n","protected":false},"author":117,"featured_media":6056,"comment_status":"open","ping_status":"open","sticky":false,"template":"","format":"standard","meta":{"footnotes":""},"categories":[1],"tags":[],"class_list":["post-6040","post","type-post","status-publish","format-standard","has-post-thumbnail","hentry","category-actualites-generales"],"jetpack_featured_media_url":"https:\/\/paca.lpo.fr\/blogs\/hyeres-les-maures\/files\/2022\/06\/cuers-ailes-cassees.jpeg","_links":{"self":[{"href":"https:\/\/paca.lpo.fr\/blogs\/hyeres-les-maures\/wp-json\/wp\/v2\/posts\/6040","targetHints":{"allow":["GET"]}}],"collection":[{"href":"https:\/\/paca.lpo.fr\/blogs\/hyeres-les-maures\/wp-json\/wp\/v2\/posts"}],"about":[{"href":"https:\/\/paca.lpo.fr\/blogs\/hyeres-les-maures\/wp-json\/wp\/v2\/types\/post"}],"author":[{"embeddable":true,"href":"https:\/\/paca.lpo.fr\/blogs\/hyeres-les-maures\/wp-json\/wp\/v2\/users\/117"}],"replies":[{"embeddable":true,"href":"https:\/\/paca.lpo.fr\/blogs\/hyeres-les-maures\/wp-json\/wp\/v2\/comments?post=6040"}],"version-history":[{"count":3,"href":"https:\/\/paca.lpo.fr\/blogs\/hyeres-les-maures\/wp-json\/wp\/v2\/posts\/6040\/revisions"}],"predecessor-version":[{"id":6057,"href":"https:\/\/paca.lpo.fr\/blogs\/hyeres-les-maures\/wp-json\/wp\/v2\/posts\/6040\/revisions\/6057"}],"wp:featuredmedia":[{"embeddable":true,"href":"https:\/\/paca.lpo.fr\/blogs\/hyeres-les-maures\/wp-json\/wp\/v2\/media\/6056"}],"wp:attachment":[{"href":"https:\/\/paca.lpo.fr\/blogs\/hyeres-les-maures\/wp-json\/wp\/v2\/media?parent=6040"}],"wp:term":[{"taxonomy":"category","embeddable":true,"href":"https:\/\/paca.lpo.fr\/blogs\/hyeres-les-maures\/wp-json\/wp\/v2\/categories?post=6040"},{"taxonomy":"post_tag","embeddable":true,"href":"https:\/\/paca.lpo.fr\/blogs\/hyeres-les-maures\/wp-json\/wp\/v2\/tags?post=6040"}],"curies":[{"name":"wp","href":"https:\/\/api.w.org\/{rel}","templated":true}]}}