{"id":6054,"date":"2022-06-15T18:20:28","date_gmt":"2022-06-15T17:20:28","guid":{"rendered":"http:\/\/paca.lpo.fr\/blogs\/hyeres-les-maures\/?p=6054"},"modified":"2022-06-15T18:20:28","modified_gmt":"2022-06-15T17:20:28","slug":"mercredi-de-gilles-christine","status":"publish","type":"post","link":"https:\/\/paca.lpo.fr\/blogs\/hyeres-les-maures\/2022\/06\/15\/mercredi-de-gilles-christine\/","title":{"rendered":"Mercredi de Gilles\u00a0 Christine"},"content":{"rendered":"\n<p>Sortie Castille du mercredi 14 juin<br><br>Apr\u00e8s moulte tergiversations : le Roubaud avec Gilles ou la Castille avec Christine ???  c\u2019est la Castille qui l\u2019a  emport\u00e9  haut la main , car on avait peur de cuire au Roubaud.<br><br>Nous nous sommes donc tous retrouv\u00e9s, c\u2019est-\u00e0-dire   Caroline, Michel et moi au petit matin (enfin 8 h quand m\u00eame ) pour cheminer \u00e0 travers vignes, ripisylves  et sous-bois.<\/p>\n\n\n\n<figure class=\"wp-block-image size-full\"><img loading=\"lazy\" decoding=\"async\" width=\"472\" height=\"1024\" src=\"https:\/\/paca.lpo.fr\/blogs\/hyeres-les-maures\/files\/2022\/06\/image-4.jpg\" alt=\"\" class=\"wp-image-6061\" srcset=\"https:\/\/paca.lpo.fr\/blogs\/hyeres-les-maures\/files\/2022\/06\/image-4.jpg 472w, https:\/\/paca.lpo.fr\/blogs\/hyeres-les-maures\/files\/2022\/06\/image-4-354x768.jpg 354w\" sizes=\"auto, (max-width: 472px) 100vw, 472px\" \/><\/figure>\n\n\n\n<p><br><br>On ne peut pas dire que nous avons \u00e9t\u00e9 \u00e9tourdis par  les chants d\u2019oiseaux,  car c\u2019\u00e9tait disons  plut\u00f4t  limit\u00e9 !  (grosso modo une douzaine d\u2019esp\u00e8ces identifi\u00e9es).<br><br>Mais les libellules ont largement compens\u00e9 cette frustration   (tout comme pour les papillons la semaine derni\u00e8re,  on a pas su identifier nos belles d\u00e9couvertes mais on va chercher sur notre atlas des libellules de PACA).<\/p>\n\n\n\n<figure class=\"wp-block-image size-full\"><img loading=\"lazy\" decoding=\"async\" width=\"472\" height=\"1024\" src=\"https:\/\/paca.lpo.fr\/blogs\/hyeres-les-maures\/files\/2022\/06\/image-2.jpg\" alt=\"\" class=\"wp-image-6062\" srcset=\"https:\/\/paca.lpo.fr\/blogs\/hyeres-les-maures\/files\/2022\/06\/image-2.jpg 472w, https:\/\/paca.lpo.fr\/blogs\/hyeres-les-maures\/files\/2022\/06\/image-2-354x768.jpg 354w\" sizes=\"auto, (max-width: 472px) 100vw, 472px\" \/><\/figure>\n\n\n\n<p><br><br>A mi- parcours  une petite collation ! Et nous voil\u00e0 r\u00e9partis du c\u00f4t\u00e9 d\u2019accrobranche.<\/p>\n\n\n\n<figure class=\"wp-block-image size-full\"><img loading=\"lazy\" decoding=\"async\" width=\"472\" height=\"1024\" src=\"https:\/\/paca.lpo.fr\/blogs\/hyeres-les-maures\/files\/2022\/06\/image-1-1.jpg\" alt=\"\" class=\"wp-image-6064\" srcset=\"https:\/\/paca.lpo.fr\/blogs\/hyeres-les-maures\/files\/2022\/06\/image-1-1.jpg 472w, https:\/\/paca.lpo.fr\/blogs\/hyeres-les-maures\/files\/2022\/06\/image-1-1-354x768.jpg 354w\" sizes=\"auto, (max-width: 472px) 100vw, 472px\" \/><\/figure>\n\n\n\n<p><br><br>Nous sommes all\u00e9s jusqu\u2019\u00e0 la cascade, &#8230; pas de Cincle plongeur. <\/p>\n\n\n\n<figure class=\"wp-block-image size-full\"><img loading=\"lazy\" decoding=\"async\" width=\"472\" height=\"1024\" src=\"https:\/\/paca.lpo.fr\/blogs\/hyeres-les-maures\/files\/2022\/06\/image-3.jpg\" alt=\"\" class=\"wp-image-6063\" srcset=\"https:\/\/paca.lpo.fr\/blogs\/hyeres-les-maures\/files\/2022\/06\/image-3.jpg 472w, https:\/\/paca.lpo.fr\/blogs\/hyeres-les-maures\/files\/2022\/06\/image-3-354x768.jpg 354w\" sizes=\"auto, (max-width: 472px) 100vw, 472px\" \/><\/figure>\n\n\n\n<p>Michel en revanche a aper\u00e7u le Martin-p\u00eacheur qui effectuait son vol en rase-mottes.  Et, la pr\u00e9sence  d\u2019un Geai des ch\u00eanes  tout au long ce  parcours final, aura \u00e9t\u00e9 le point d\u2019orgue de cette sortie. (On l\u2019a vu perch\u00e9, en vol, par terre,  et dans l\u2019eau en train de sautiller de cailloux en cailloux).<\/p>\n\n\n\n<figure class=\"wp-block-image size-full\"><img loading=\"lazy\" decoding=\"async\" width=\"472\" height=\"1024\" src=\"https:\/\/paca.lpo.fr\/blogs\/hyeres-les-maures\/files\/2022\/06\/image-3-1.jpg\" alt=\"\" class=\"wp-image-6065\" srcset=\"https:\/\/paca.lpo.fr\/blogs\/hyeres-les-maures\/files\/2022\/06\/image-3-1.jpg 472w, https:\/\/paca.lpo.fr\/blogs\/hyeres-les-maures\/files\/2022\/06\/image-3-1-354x768.jpg 354w\" sizes=\"auto, (max-width: 472px) 100vw, 472px\" \/><\/figure>\n\n\n\n<p><br><br>Sortie,  soit dit en passant,  que l\u2019on aurait  pu qualifier d\u2019idyllique si Caroline,  toute   contente de trouver de la Salsepareille, n\u2019avait pas \u00e9prouv\u00e9 ensuite  une \u00e9norme d\u00e9ception en attendant les Schtroumpfs qui ne sont jamais venus \u2026   Et oui, et oui  \u2026<br><br>Mais c\u2019\u00e9tait bien quand m\u00eame, on se quitte \u00e0 11h avec la promesse d\u2019une nouvelle balade dans tr\u00e8s vite.<br><br>Christine<\/p>\n\n\n\n<p>\u00a0<\/p>\n<p>Mercredi de <del>Gilles<\/del>\u00a0 Christine, Gilles \u00e9tant du genre girouette (ndlr)<\/p>\n","protected":false},"excerpt":{"rendered":"<p>Sortie Castille du mercredi 14 juin Apr\u00e8s moulte tergiversations : le Roubaud avec Gilles ou la Castille avec Christine ??? c\u2019est la Castille qui l\u2019a emport\u00e9 haut la main , car on avait peur de cuire au Roubaud. Nous nous sommes donc tous retrouv\u00e9s, c\u2019est-\u00e0-dire Caroline, Michel et moi au petit matin (enfin 8 h [&hellip;]<\/p>\n","protected":false},"author":117,"featured_media":6060,"comment_status":"open","ping_status":"open","sticky":false,"template":"","format":"standard","meta":{"footnotes":""},"categories":[1],"tags":[],"class_list":["post-6054","post","type-post","status-publish","format-standard","has-post-thumbnail","hentry","category-actualites-generales"],"jetpack_featured_media_url":"https:\/\/paca.lpo.fr\/blogs\/hyeres-les-maures\/files\/2022\/06\/image-5.jpg","_links":{"self":[{"href":"https:\/\/paca.lpo.fr\/blogs\/hyeres-les-maures\/wp-json\/wp\/v2\/posts\/6054","targetHints":{"allow":["GET"]}}],"collection":[{"href":"https:\/\/paca.lpo.fr\/blogs\/hyeres-les-maures\/wp-json\/wp\/v2\/posts"}],"about":[{"href":"https:\/\/paca.lpo.fr\/blogs\/hyeres-les-maures\/wp-json\/wp\/v2\/types\/post"}],"author":[{"embeddable":true,"href":"https:\/\/paca.lpo.fr\/blogs\/hyeres-les-maures\/wp-json\/wp\/v2\/users\/117"}],"replies":[{"embeddable":true,"href":"https:\/\/paca.lpo.fr\/blogs\/hyeres-les-maures\/wp-json\/wp\/v2\/comments?post=6054"}],"version-history":[{"count":2,"href":"https:\/\/paca.lpo.fr\/blogs\/hyeres-les-maures\/wp-json\/wp\/v2\/posts\/6054\/revisions"}],"predecessor-version":[{"id":6066,"href":"https:\/\/paca.lpo.fr\/blogs\/hyeres-les-maures\/wp-json\/wp\/v2\/posts\/6054\/revisions\/6066"}],"wp:featuredmedia":[{"embeddable":true,"href":"https:\/\/paca.lpo.fr\/blogs\/hyeres-les-maures\/wp-json\/wp\/v2\/media\/6060"}],"wp:attachment":[{"href":"https:\/\/paca.lpo.fr\/blogs\/hyeres-les-maures\/wp-json\/wp\/v2\/media?parent=6054"}],"wp:term":[{"taxonomy":"category","embeddable":true,"href":"https:\/\/paca.lpo.fr\/blogs\/hyeres-les-maures\/wp-json\/wp\/v2\/categories?post=6054"},{"taxonomy":"post_tag","embeddable":true,"href":"https:\/\/paca.lpo.fr\/blogs\/hyeres-les-maures\/wp-json\/wp\/v2\/tags?post=6054"}],"curies":[{"name":"wp","href":"https:\/\/api.w.org\/{rel}","templated":true}]}}