{"id":6059,"date":"2022-06-17T14:35:58","date_gmt":"2022-06-17T13:35:58","guid":{"rendered":"http:\/\/paca.lpo.fr\/blogs\/hyeres-les-maures\/?p=6059"},"modified":"2022-06-17T14:35:59","modified_gmt":"2022-06-17T13:35:59","slug":"myriophylle-sauvebonne","status":"publish","type":"post","link":"https:\/\/paca.lpo.fr\/blogs\/hyeres-les-maures\/2022\/06\/17\/myriophylle-sauvebonne\/","title":{"rendered":"Myriophylle Sauvebonne"},"content":{"rendered":"\n<p>vendredi 17 juin ,  Joseph et moi nous sommes rendus ce matin aux \u00e9tangs de Sauvebonne pour rencontrer l\u2019\u00e9quipe  d\u2019intervention d\u2019arrachage de la Myriophylle du Br\u00e9sil,  ainsi que des repr\u00e9sentants du Syndicat Mixte du Bassin Versant du Gapeau  (SMBVG).<br><br>Vaste chantier,  et compliqu\u00e9 tellement cette  plante est capable de coloniser \u00e0 vitesse grand V&#8230; A suivre dans le temps.<br><br>Joseph en a profit\u00e9 pour d\u00e9broussailler \u00e0  coups de s\u00e9cateurs les roseaux qui envahissaient la passerelle ; de  mon c\u00f4t\u00e9 j\u2019\u00e9tais charg\u00e9e du ramassage et du stockage des d\u00e9chets verts.<\/p>\n\n\n\n<figure class=\"wp-block-image size-full\"><img loading=\"lazy\" decoding=\"async\" width=\"347\" height=\"753\" src=\"https:\/\/paca.lpo.fr\/blogs\/hyeres-les-maures\/files\/2022\/06\/image-2-1.jpg\" alt=\"\" class=\"wp-image-6070\" \/><\/figure>\n\n\n\n<figure class=\"wp-block-image size-full\"><img loading=\"lazy\" decoding=\"async\" width=\"347\" height=\"753\" src=\"https:\/\/paca.lpo.fr\/blogs\/hyeres-les-maures\/files\/2022\/06\/image-1-2.jpg\" alt=\"\" class=\"wp-image-6071\" \/><\/figure>\n\n\n\n<p><br><br>Du coup pas trop le temps, ni le moment pour observer les oiseaux, mais \u00e7a gazouillait encore un petit  peu ;  on a vu un milan noir, quelques martinets noirs aussi.<br><br>Voil\u00e0,  un petit coup de propre pour la prochaine journ\u00e9e portes ouvertes :  dimanche 26 juin.<br><br>Christine<br><\/p>\n","protected":false},"excerpt":{"rendered":"<p>vendredi 17 juin , Joseph et moi nous sommes rendus ce matin aux \u00e9tangs de Sauvebonne pour rencontrer l\u2019\u00e9quipe d\u2019intervention d\u2019arrachage de la Myriophylle du Br\u00e9sil, ainsi que des repr\u00e9sentants du Syndicat Mixte du Bassin Versant du Gapeau (SMBVG). Vaste chantier, et compliqu\u00e9 tellement cette plante est capable de coloniser \u00e0 vitesse grand V&#8230; A [&hellip;]<\/p>\n","protected":false},"author":117,"featured_media":6069,"comment_status":"open","ping_status":"open","sticky":false,"template":"","format":"standard","meta":{"footnotes":""},"categories":[1],"tags":[],"class_list":["post-6059","post","type-post","status-publish","format-standard","has-post-thumbnail","hentry","category-actualites-generales"],"jetpack_featured_media_url":"https:\/\/paca.lpo.fr\/blogs\/hyeres-les-maures\/files\/2022\/06\/image-6.jpg","_links":{"self":[{"href":"https:\/\/paca.lpo.fr\/blogs\/hyeres-les-maures\/wp-json\/wp\/v2\/posts\/6059","targetHints":{"allow":["GET"]}}],"collection":[{"href":"https:\/\/paca.lpo.fr\/blogs\/hyeres-les-maures\/wp-json\/wp\/v2\/posts"}],"about":[{"href":"https:\/\/paca.lpo.fr\/blogs\/hyeres-les-maures\/wp-json\/wp\/v2\/types\/post"}],"author":[{"embeddable":true,"href":"https:\/\/paca.lpo.fr\/blogs\/hyeres-les-maures\/wp-json\/wp\/v2\/users\/117"}],"replies":[{"embeddable":true,"href":"https:\/\/paca.lpo.fr\/blogs\/hyeres-les-maures\/wp-json\/wp\/v2\/comments?post=6059"}],"version-history":[{"count":4,"href":"https:\/\/paca.lpo.fr\/blogs\/hyeres-les-maures\/wp-json\/wp\/v2\/posts\/6059\/revisions"}],"predecessor-version":[{"id":6074,"href":"https:\/\/paca.lpo.fr\/blogs\/hyeres-les-maures\/wp-json\/wp\/v2\/posts\/6059\/revisions\/6074"}],"wp:featuredmedia":[{"embeddable":true,"href":"https:\/\/paca.lpo.fr\/blogs\/hyeres-les-maures\/wp-json\/wp\/v2\/media\/6069"}],"wp:attachment":[{"href":"https:\/\/paca.lpo.fr\/blogs\/hyeres-les-maures\/wp-json\/wp\/v2\/media?parent=6059"}],"wp:term":[{"taxonomy":"category","embeddable":true,"href":"https:\/\/paca.lpo.fr\/blogs\/hyeres-les-maures\/wp-json\/wp\/v2\/categories?post=6059"},{"taxonomy":"post_tag","embeddable":true,"href":"https:\/\/paca.lpo.fr\/blogs\/hyeres-les-maures\/wp-json\/wp\/v2\/tags?post=6059"}],"curies":[{"name":"wp","href":"https:\/\/api.w.org\/{rel}","templated":true}]}}