{"id":6068,"date":"2022-06-19T07:12:20","date_gmt":"2022-06-19T06:12:20","guid":{"rendered":"http:\/\/paca.lpo.fr\/blogs\/hyeres-les-maures\/?p=6068"},"modified":"2022-06-19T07:12:20","modified_gmt":"2022-06-19T06:12:20","slug":"le-cri-des-martinets-dans-le-ciel-vert-michel-tournier-journal-extime","status":"publish","type":"post","link":"https:\/\/paca.lpo.fr\/blogs\/hyeres-les-maures\/2022\/06\/19\/le-cri-des-martinets-dans-le-ciel-vert-michel-tournier-journal-extime\/","title":{"rendered":"\u00ab Le cri des martinets dans le ciel vert\u00a0\u00bb.  (Michel Tournier, Journal extime )"},"content":{"rendered":"\n<p><br><br>&#8211; Lundi 13\/06\/2022 : Inventaire de 19 h 50 \u00e0 21 h. 50<br>En 2 palanqu\u00e9es : (Christine, Pierre, Brigitte, Caroline, Danielle et Fr\u00e9d\u00e9ric, Blandine, Macha, Michel, H\u00e9l\u00e8ne), nous avons identifi\u00e9 une vingtaine de nids dans le bas de la vieille ville.<br>Si les vols dans les rues \u00e9gayent les apr\u00e8s-midis chauds, ce n\u2019est qu\u2019\u00e0 partir de 20h 45 que les oiseaux \u00ab redescendent \u00bb, nourrissent puis rentrent dormir au bercail \u00e0 la tomb\u00e9e de la nuit.<br>La soir\u00e9e dans les rues enfin fra\u00eeches nous r\u00e9gale\u2026<br><br>&#8211; Jeudi 16\/06\/22 : Inventaire de 20 h.30 \u00e0 21 h. 30<br>Toujours en 2 groupes avec des fonctions bien d\u00e9finies (secr\u00e9taire, lecteur de cadastre, photographe) <br>Brigitte, Fr\u00e9d\u00e9ric, Danielle, H\u00e9l\u00e8ne et Christine, Lo\u00efc, Macha, Michel ont inscrit une dizaine de nids sur les fiches.<br><br><br>&#8211; Samedi 18\/06\/22 : Stand \u00e0 l\u2019occasion de la journ\u00e9e internationale du Martinet<br><br>Place Cl\u00e9menceau, en face de l\u2019Excelsior de 16 \u00e0 19 h. Chaud !!<br><br>Pr\u00e9sents : Joseph &amp; Kiss, Christine, Pierre, Danielle, Michel, H\u00e9l\u00e8ne et visite de Sylvia, Juliette et sa famille, Fr\u00e9d\u00e9ric.<br>Grace au transport de mat\u00e9riel pris en charge par Joseph et Michel, le stand est vite mont\u00e9 mais se serait envol\u00e9 sous le grand vent sans l\u2019arrimage r\u00e9ussi des gar\u00e7ons !<br>L\u2019approvisionnement en eau fra\u00eeche n\u2019a pas \u00e9t\u00e9 \u00e9vidente !!<br>Fr\u00e9quentation du stand relativement faible pour la ville, une intention d\u2019adh\u00e9sion, des \u00e9changes \u2026 et les panneaux de l\u2019exposition ont jou\u00e9 leur r\u00f4le d\u2019information jusqu\u2019au d\u00e9montage \u00e0 19 h.<br><br>Apr\u00e8s une pause piscivore bien appr\u00e9ci\u00e9e sur la place Cl\u00e9menceau, c\u2019est reparti pour un inventaire\u2026<br><br>&#8211; Samedi 18\/06\/22 : Inventaire de 20 h.45 \u00e0 21 h 45<br>En groupe unique, Brigitte, Joseph &amp; Kiss, Fr\u00e9d\u00e9ric, Juliette &amp; Gabrielle, H\u00e9l\u00e8ne ont accompagn\u00e9 et initi\u00e9 deux hy\u00e9rois conquis par la surveillance des Martinets.<br>de la rue Massillon \u00e0 la place des Templiers  nous avons pu observer la fulgurance du nourrissage, l\u2019entr\u00e9e de plus de 2 martinets successivement dans le m\u00eame nid et aussi un martinet accroch\u00e9 au mur\u2026<br>Le premier secteur de la ville est boucl\u00e9, on passe au suivant d\u00e8s lundi 20\/06 \u00e0 20 h. 40, place de la R\u00e9publique avec une super \u00e9quipe !<br><br><\/p>\n","protected":false},"excerpt":{"rendered":"<p>&#8211; Lundi 13\/06\/2022 : Inventaire de 19 h 50 \u00e0 21 h. 50En 2 palanqu\u00e9es : (Christine, Pierre, Brigitte, Caroline, Danielle et Fr\u00e9d\u00e9ric, Blandine, Macha, Michel, H\u00e9l\u00e8ne), nous avons identifi\u00e9 une vingtaine de nids dans le bas de la vieille ville.Si les vols dans les rues \u00e9gayent les apr\u00e8s-midis chauds, ce n\u2019est qu\u2019\u00e0 partir de [&hellip;]<\/p>\n","protected":false},"author":117,"featured_media":6078,"comment_status":"open","ping_status":"open","sticky":false,"template":"","format":"standard","meta":{"footnotes":""},"categories":[1],"tags":[],"class_list":["post-6068","post","type-post","status-publish","format-standard","has-post-thumbnail","hentry","category-actualites-generales"],"jetpack_featured_media_url":"https:\/\/paca.lpo.fr\/blogs\/hyeres-les-maures\/files\/2022\/06\/martinets-18-6-22.jpeg","_links":{"self":[{"href":"https:\/\/paca.lpo.fr\/blogs\/hyeres-les-maures\/wp-json\/wp\/v2\/posts\/6068","targetHints":{"allow":["GET"]}}],"collection":[{"href":"https:\/\/paca.lpo.fr\/blogs\/hyeres-les-maures\/wp-json\/wp\/v2\/posts"}],"about":[{"href":"https:\/\/paca.lpo.fr\/blogs\/hyeres-les-maures\/wp-json\/wp\/v2\/types\/post"}],"author":[{"embeddable":true,"href":"https:\/\/paca.lpo.fr\/blogs\/hyeres-les-maures\/wp-json\/wp\/v2\/users\/117"}],"replies":[{"embeddable":true,"href":"https:\/\/paca.lpo.fr\/blogs\/hyeres-les-maures\/wp-json\/wp\/v2\/comments?post=6068"}],"version-history":[{"count":3,"href":"https:\/\/paca.lpo.fr\/blogs\/hyeres-les-maures\/wp-json\/wp\/v2\/posts\/6068\/revisions"}],"predecessor-version":[{"id":6079,"href":"https:\/\/paca.lpo.fr\/blogs\/hyeres-les-maures\/wp-json\/wp\/v2\/posts\/6068\/revisions\/6079"}],"wp:featuredmedia":[{"embeddable":true,"href":"https:\/\/paca.lpo.fr\/blogs\/hyeres-les-maures\/wp-json\/wp\/v2\/media\/6078"}],"wp:attachment":[{"href":"https:\/\/paca.lpo.fr\/blogs\/hyeres-les-maures\/wp-json\/wp\/v2\/media?parent=6068"}],"wp:term":[{"taxonomy":"category","embeddable":true,"href":"https:\/\/paca.lpo.fr\/blogs\/hyeres-les-maures\/wp-json\/wp\/v2\/categories?post=6068"},{"taxonomy":"post_tag","embeddable":true,"href":"https:\/\/paca.lpo.fr\/blogs\/hyeres-les-maures\/wp-json\/wp\/v2\/tags?post=6068"}],"curies":[{"name":"wp","href":"https:\/\/api.w.org\/{rel}","templated":true}]}}