{"id":6081,"date":"2022-06-22T16:56:21","date_gmt":"2022-06-22T15:56:21","guid":{"rendered":"http:\/\/paca.lpo.fr\/blogs\/hyeres-les-maures\/?p=6081"},"modified":"2022-06-22T20:51:27","modified_gmt":"2022-06-22T19:51:27","slug":"le-bord-des-salins","status":"publish","type":"post","link":"https:\/\/paca.lpo.fr\/blogs\/hyeres-les-maures\/2022\/06\/22\/le-bord-des-salins\/","title":{"rendered":"le bord des salins"},"content":{"rendered":"\n<p>Voici enfin r\u00e9unis les deux groupes historiques  des balades du mercredi matin 22 juin :<br><br>1) Le \u00ab groupe \u00bb de Gilles g\u00e9n\u00e9ralement repr\u00e9sent\u00e9 que par lui-m\u00eame, mais aujourd\u2019hui renforc\u00e9 par la pr\u00e9sence de Fran\u00e7ois ;  <br><br>2) Et nous : Caroline,  Pierre,  Michel et Christine fid\u00e8les au poste.<br><br>C\u2019est donc \u00e0 7h du matin que tout ce petit monde s\u2019est retrouv\u00e9 sur le parking de la plage des Vieux Salins pour d\u00e9marrer une sortie d\u00e9licieusement mouill\u00e9e.<br><br>Une vingtaine d\u2019observations quand m\u00eame, parmi lesquelles :<br><br>&#8211; une Bergeronnette printani\u00e8re qui a jou\u00e9 un peu \u00e0 cache-cache mais qui a fini par poser pour tous les paparazzis pr\u00e9sents ;<\/p>\n\n\n\n<figure class=\"wp-block-image size-full\"><img loading=\"lazy\" decoding=\"async\" width=\"1024\" height=\"768\" src=\"https:\/\/paca.lpo.fr\/blogs\/hyeres-les-maures\/files\/2022\/06\/bergeronnette-printaniere-2.jpg\" alt=\"\" class=\"wp-image-6099\" srcset=\"https:\/\/paca.lpo.fr\/blogs\/hyeres-les-maures\/files\/2022\/06\/bergeronnette-printaniere-2.jpg 1024w, https:\/\/paca.lpo.fr\/blogs\/hyeres-les-maures\/files\/2022\/06\/bergeronnette-printaniere-2-768x576.jpg 768w\" sizes=\"auto, (max-width: 1024px) 100vw, 1024px\" \/><\/figure>\n\n\n\n<figure class=\"wp-block-image size-full\"><img loading=\"lazy\" decoding=\"async\" width=\"1024\" height=\"768\" src=\"https:\/\/paca.lpo.fr\/blogs\/hyeres-les-maures\/files\/2022\/06\/bergeronnette-printaniere.jpg\" alt=\"\" class=\"wp-image-6100\" srcset=\"https:\/\/paca.lpo.fr\/blogs\/hyeres-les-maures\/files\/2022\/06\/bergeronnette-printaniere.jpg 1024w, https:\/\/paca.lpo.fr\/blogs\/hyeres-les-maures\/files\/2022\/06\/bergeronnette-printaniere-768x576.jpg 768w\" sizes=\"auto, (max-width: 1024px) 100vw, 1024px\" \/><\/figure>\n\n\n\n<p><br><br>&#8211; une M\u00e9sange hupp\u00e9e qui nous a bien fait parler  : huppe ? pas huppe  ?  Gilles croyant m\u00eame  que c\u2019\u00e9tait une M\u00e9sange bleue (oups, faut le faire -ndlr-), In fine c\u2019\u00e9tait bien une M\u00e9sange hupp\u00e9e !<\/p>\n\n\n\n<p>( webmaster : ancienne photo que m&rsquo;envoie Gilles pour justifier son erreur la m\u00e9sange bluhup\u00e9e<\/p>\n\n\n\n<figure class=\"wp-block-image size-full\"><img loading=\"lazy\" decoding=\"async\" width=\"1024\" height=\"768\" src=\"https:\/\/paca.lpo.fr\/blogs\/hyeres-les-maures\/files\/2022\/06\/mesange-bluppe.jpg\" alt=\"\" class=\"wp-image-6105\" srcset=\"https:\/\/paca.lpo.fr\/blogs\/hyeres-les-maures\/files\/2022\/06\/mesange-bluppe.jpg 1024w, https:\/\/paca.lpo.fr\/blogs\/hyeres-les-maures\/files\/2022\/06\/mesange-bluppe-768x576.jpg 768w\" sizes=\"auto, (max-width: 1024px) 100vw, 1024px\" \/><\/figure>\n\n\n\n<p>)<br><br>&#8211; des magnifiques Tadornes de Belon en vol et pos\u00e9s ;<\/p>\n\n\n\n<figure class=\"wp-block-image size-full\"><img loading=\"lazy\" decoding=\"async\" width=\"1024\" height=\"768\" src=\"https:\/\/paca.lpo.fr\/blogs\/hyeres-les-maures\/files\/2022\/06\/tas-dorne.jpg\" alt=\"\" class=\"wp-image-6101\" srcset=\"https:\/\/paca.lpo.fr\/blogs\/hyeres-les-maures\/files\/2022\/06\/tas-dorne.jpg 1024w, https:\/\/paca.lpo.fr\/blogs\/hyeres-les-maures\/files\/2022\/06\/tas-dorne-768x576.jpg 768w\" sizes=\"auto, (max-width: 1024px) 100vw, 1024px\" \/><\/figure>\n\n\n\n<p><br><br>&#8211; des Avocettes \u00e9l\u00e9gantes (un peu loin) ;<br><br>&#8211; des Hirondelles rustiques et des Hirondelles de fen\u00eatre ;<br><br>&#8211; des Go\u00e9lands railleurs identifi\u00e9s par Gilles parmi tous les leucoph\u00e9es ;  <br><br>&#8211; des Chardonnerets \u00e9l\u00e9gants ;  <br><br>&#8211; Mais surtout un groupe d\u2019une centaine (voire bien davantage )  de Flamants roses qui survolaient la mer en direction des Pesquiers. C\u2019\u00e9tait beau, beau, beau &#8230;<\/p>\n\n\n\n<figure class=\"wp-block-image size-full\"><img loading=\"lazy\" decoding=\"async\" width=\"591\" height=\"443\" src=\"https:\/\/paca.lpo.fr\/blogs\/hyeres-les-maures\/files\/2022\/06\/fl.jpg\" alt=\"\" class=\"wp-image-6098\" \/><\/figure>\n\n\n\n<p><br><br>Parmi les observations attendrissantes  : un Pinson des arbres nourrissant son  petit.<br><br>Et pour terminer une  Courtili\u00e8re que Caroline a  g\u00e9n\u00e9reusement d\u00e9gag\u00e9 du milieu du chemin afin qu\u2019elle ne se fasse pas \u00e9crabouiller par un Homo sapiens inconscient.<\/p>\n\n\n\n<figure class=\"wp-block-image size-full\"><img loading=\"lazy\" decoding=\"async\" width=\"757\" height=\"414\" src=\"https:\/\/paca.lpo.fr\/blogs\/hyeres-les-maures\/files\/2022\/06\/courtilliere.jpg\" alt=\"\" class=\"wp-image-6102\" \/><\/figure>\n\n\n\n<p><br><br>Et puis ~ 11h notre petite pause caf\u00e9 et bla bla bla  hebdomadaire avant de nous s\u00e9parer  (pas pour longtemps car demain soir  Martinets ! ).<br><br>Merci Gilles de nous avoir sugg\u00e9r\u00e9 cette belle sortie,  et tes photos toujours magnifiques .<br><br>Christine<br><\/p>\n","protected":false},"excerpt":{"rendered":"<p>Voici enfin r\u00e9unis les deux groupes historiques des balades du mercredi matin 22 juin : 1) Le \u00ab groupe \u00bb de Gilles g\u00e9n\u00e9ralement repr\u00e9sent\u00e9 que par lui-m\u00eame, mais aujourd\u2019hui renforc\u00e9 par la pr\u00e9sence de Fran\u00e7ois ; 2) Et nous : Caroline, Pierre, Michel et Christine fid\u00e8les au poste. C\u2019est donc \u00e0 7h du matin que [&hellip;]<\/p>\n","protected":false},"author":117,"featured_media":6098,"comment_status":"open","ping_status":"open","sticky":false,"template":"","format":"standard","meta":{"footnotes":""},"categories":[1],"tags":[],"class_list":["post-6081","post","type-post","status-publish","format-standard","has-post-thumbnail","hentry","category-actualites-generales"],"jetpack_featured_media_url":"https:\/\/paca.lpo.fr\/blogs\/hyeres-les-maures\/files\/2022\/06\/fl.jpg","_links":{"self":[{"href":"https:\/\/paca.lpo.fr\/blogs\/hyeres-les-maures\/wp-json\/wp\/v2\/posts\/6081","targetHints":{"allow":["GET"]}}],"collection":[{"href":"https:\/\/paca.lpo.fr\/blogs\/hyeres-les-maures\/wp-json\/wp\/v2\/posts"}],"about":[{"href":"https:\/\/paca.lpo.fr\/blogs\/hyeres-les-maures\/wp-json\/wp\/v2\/types\/post"}],"author":[{"embeddable":true,"href":"https:\/\/paca.lpo.fr\/blogs\/hyeres-les-maures\/wp-json\/wp\/v2\/users\/117"}],"replies":[{"embeddable":true,"href":"https:\/\/paca.lpo.fr\/blogs\/hyeres-les-maures\/wp-json\/wp\/v2\/comments?post=6081"}],"version-history":[{"count":3,"href":"https:\/\/paca.lpo.fr\/blogs\/hyeres-les-maures\/wp-json\/wp\/v2\/posts\/6081\/revisions"}],"predecessor-version":[{"id":6106,"href":"https:\/\/paca.lpo.fr\/blogs\/hyeres-les-maures\/wp-json\/wp\/v2\/posts\/6081\/revisions\/6106"}],"wp:featuredmedia":[{"embeddable":true,"href":"https:\/\/paca.lpo.fr\/blogs\/hyeres-les-maures\/wp-json\/wp\/v2\/media\/6098"}],"wp:attachment":[{"href":"https:\/\/paca.lpo.fr\/blogs\/hyeres-les-maures\/wp-json\/wp\/v2\/media?parent=6081"}],"wp:term":[{"taxonomy":"category","embeddable":true,"href":"https:\/\/paca.lpo.fr\/blogs\/hyeres-les-maures\/wp-json\/wp\/v2\/categories?post=6081"},{"taxonomy":"post_tag","embeddable":true,"href":"https:\/\/paca.lpo.fr\/blogs\/hyeres-les-maures\/wp-json\/wp\/v2\/tags?post=6081"}],"curies":[{"name":"wp","href":"https:\/\/api.w.org\/{rel}","templated":true}]}}