{"id":6145,"date":"2022-07-01T07:22:18","date_gmt":"2022-07-01T06:22:18","guid":{"rendered":"http:\/\/paca.lpo.fr\/blogs\/hyeres-les-maures\/?p=6145"},"modified":"2022-07-01T07:22:18","modified_gmt":"2022-07-01T06:22:18","slug":"mercredi-sans-gilles","status":"publish","type":"post","link":"https:\/\/paca.lpo.fr\/blogs\/hyeres-les-maures\/2022\/07\/01\/mercredi-sans-gilles\/","title":{"rendered":"Mercredi sans Gilles"},"content":{"rendered":"\n<p>Le 29\/06\/2022,<br><br><br>Un seul groupe  ce matin au Plan du Pont, celui de Gilles ayant finalement pr\u00e9f\u00e9r\u00e9 les C\u00e9tac\u00e9s aux Gallinac\u00e9s\u2026<br><br>C\u2019est donc un peu tristes et abandonn\u00e9s   que Caroline,  Michel,  Joseph, Pierre,  Kiss et moi avons d\u00e9marr\u00e9 notre matinale  \u00e0  6h30 p\u00e9tantes.<br><br>Et pour commencer, un magnifique concert d\u2019oiseaux avec des solos interminables de Loriot d\u2019Europe. Quelques notes plus discr\u00e8tes de Sittelle torchepot et de Pic \u00e9peiche, et un accompagnement des plus m\u00e9lodieux de M\u00e9sanges, Fauvettes, Grimpereaux. L\u2019ensemble nous a ravi malgr\u00e9 quelques fausses notes \u00e9mises par des Corvid\u00e9s  (et imitateurs de Corvid\u00e9s)<\/p>\n\n\n\n<figure class=\"wp-block-image size-full\"><img loading=\"lazy\" decoding=\"async\" width=\"780\" height=\"656\" src=\"https:\/\/paca.lpo.fr\/blogs\/hyeres-les-maures\/files\/2022\/07\/dscn5284-copie.jpg\" alt=\"\" class=\"wp-image-6153\" srcset=\"https:\/\/paca.lpo.fr\/blogs\/hyeres-les-maures\/files\/2022\/07\/dscn5284-copie.jpg 780w, https:\/\/paca.lpo.fr\/blogs\/hyeres-les-maures\/files\/2022\/07\/dscn5284-copie-768x646.jpg 768w\" sizes=\"auto, (max-width: 780px) 100vw, 780px\" \/><\/figure>\n\n\n\n<p> et le cri strident du Pic vert qui se faisait entendre de-ci de-l\u00e0. Un regret  toutefois : on ne voyait quasiment pas les musiciens ! et la M\u00e9sange Bluhupp\u00e9e n\u2019a pas montr\u00e9 le bout de son bec.<br><br>En seconde partie un ballet magique de Rolliers d\u2019Europe :<br>Perch\u00e9s  sur des petits arbustes ; en vol ;  se pourchassant ;  prenant leur envol.<br>Ils se sont montr\u00e9s g\u00e9n\u00e9reux dans leur prestation,  et \u00e0   l\u2019unanimit\u00e9 on peut dire que c\u2019\u00e9tait le clou du spectacle .<\/p>\n\n\n\n<figure class=\"wp-block-image size-full\"><img loading=\"lazy\" decoding=\"async\" width=\"876\" height=\"1024\" src=\"https:\/\/paca.lpo.fr\/blogs\/hyeres-les-maures\/files\/2022\/07\/dscn5276-copie.jpg\" alt=\"\" class=\"wp-image-6154\" srcset=\"https:\/\/paca.lpo.fr\/blogs\/hyeres-les-maures\/files\/2022\/07\/dscn5276-copie.jpg 876w, https:\/\/paca.lpo.fr\/blogs\/hyeres-les-maures\/files\/2022\/07\/dscn5276-copie-657x768.jpg 657w, https:\/\/paca.lpo.fr\/blogs\/hyeres-les-maures\/files\/2022\/07\/dscn5276-copie-768x898.jpg 768w\" sizes=\"auto, (max-width: 876px) 100vw, 876px\" \/><\/figure>\n\n\n\n<figure class=\"wp-block-image size-full\"><img loading=\"lazy\" decoding=\"async\" width=\"964\" height=\"1020\" src=\"https:\/\/paca.lpo.fr\/blogs\/hyeres-les-maures\/files\/2022\/07\/dscn5277-copie.jpg\" alt=\"\" class=\"wp-image-6155\" srcset=\"https:\/\/paca.lpo.fr\/blogs\/hyeres-les-maures\/files\/2022\/07\/dscn5277-copie.jpg 964w, https:\/\/paca.lpo.fr\/blogs\/hyeres-les-maures\/files\/2022\/07\/dscn5277-copie-726x768.jpg 726w, https:\/\/paca.lpo.fr\/blogs\/hyeres-les-maures\/files\/2022\/07\/dscn5277-copie-768x813.jpg 768w\" sizes=\"auto, (max-width: 964px) 100vw, 964px\" \/><\/figure>\n\n\n\n<figure class=\"wp-block-image size-full\"><img loading=\"lazy\" decoding=\"async\" width=\"591\" height=\"443\" src=\"https:\/\/paca.lpo.fr\/blogs\/hyeres-les-maures\/files\/2022\/07\/dscn5279-copie.jpg\" alt=\"\" class=\"wp-image-6156\" \/><\/figure>\n\n\n\n<figure class=\"wp-block-image size-full\"><img loading=\"lazy\" decoding=\"async\" width=\"894\" height=\"1006\" src=\"https:\/\/paca.lpo.fr\/blogs\/hyeres-les-maures\/files\/2022\/07\/dscn5270-copie.jpg\" alt=\"\" class=\"wp-image-6157\" srcset=\"https:\/\/paca.lpo.fr\/blogs\/hyeres-les-maures\/files\/2022\/07\/dscn5270-copie.jpg 894w, https:\/\/paca.lpo.fr\/blogs\/hyeres-les-maures\/files\/2022\/07\/dscn5270-copie-682x768.jpg 682w, https:\/\/paca.lpo.fr\/blogs\/hyeres-les-maures\/files\/2022\/07\/dscn5270-copie-768x864.jpg 768w\" sizes=\"auto, (max-width: 894px) 100vw, 894px\" \/><\/figure>\n\n\n\n<p><br><br>Entracte avec la pause caf\u00e9 \/th\u00e9 \u00e0 9h et baignade de Kiss dans une grosse flaque d\u2019eau&#8230;<br><br>Puis petit tour \u00e0 l\u2019\u00e9tang : pas beaucoup d\u2019oiseaux, mais des Tortues de Floride !<br><br>C\u00f4t\u00e9 rapaces : Buse variable ;  Milan noir ; Faucon cr\u00e9cerelle et un Circa\u00e8te Jean-le-Blanc observ\u00e9  par Michel.<\/p>\n\n\n\n<figure class=\"wp-block-image size-full\"><img loading=\"lazy\" decoding=\"async\" width=\"602\" height=\"538\" src=\"https:\/\/paca.lpo.fr\/blogs\/hyeres-les-maures\/files\/2022\/07\/dscn5271-copie.jpg\" alt=\"\" class=\"wp-image-6150\" \/><\/figure>\n\n\n\n<figure class=\"wp-block-image size-full\"><img loading=\"lazy\" decoding=\"async\" width=\"910\" height=\"735\" src=\"https:\/\/paca.lpo.fr\/blogs\/hyeres-les-maures\/files\/2022\/07\/dscn5282-copie.jpg\" alt=\"\" class=\"wp-image-6151\" srcset=\"https:\/\/paca.lpo.fr\/blogs\/hyeres-les-maures\/files\/2022\/07\/dscn5282-copie.jpg 910w, https:\/\/paca.lpo.fr\/blogs\/hyeres-les-maures\/files\/2022\/07\/dscn5282-copie-768x620.jpg 768w\" sizes=\"auto, (max-width: 910px) 100vw, 910px\" \/><\/figure>\n\n\n\n<p><br><br>Pas mal de Geais des ch\u00eanes aussi, avec leur joli croupion blanc.  <br><br>Ah et j\u2019oubliais , Caroline \u00e0 vu le Martin-p\u00eacheur en entier,  Pierre et moi on ne  l\u2019a vu qu&rsquo;\u00e0 moiti\u00e9. Bref il \u00e9tait bien l\u00e0 , sur les bords du Gapeau.<br><br>C\u2019est Joseph qui a rentr\u00e9 les donn\u00e9es sur FAUNE-PACA.  Et pour les photos : Caroline, Joseph et Michel (moi je suis toujours en apprentissage et c\u2019est pas gagn\u00e9).<br><br>Encore une  belle sortie qui s\u2019est achev\u00e9e \u00e0 10h.<br><br>Christine &#x1f426;<\/p>\n","protected":false},"excerpt":{"rendered":"<p>Le 29\/06\/2022, Un seul groupe ce matin au Plan du Pont, celui de Gilles ayant finalement pr\u00e9f\u00e9r\u00e9 les C\u00e9tac\u00e9s aux Gallinac\u00e9s\u2026 C\u2019est donc un peu tristes et abandonn\u00e9s que Caroline, Michel, Joseph, Pierre, Kiss et moi avons d\u00e9marr\u00e9 notre matinale \u00e0 6h30 p\u00e9tantes. Et pour commencer, un magnifique concert d\u2019oiseaux avec des solos interminables de [&hellip;]<\/p>\n","protected":false},"author":117,"featured_media":6148,"comment_status":"open","ping_status":"open","sticky":false,"template":"","format":"standard","meta":{"footnotes":""},"categories":[1],"tags":[],"class_list":["post-6145","post","type-post","status-publish","format-standard","has-post-thumbnail","hentry","category-actualites-generales"],"jetpack_featured_media_url":"https:\/\/paca.lpo.fr\/blogs\/hyeres-les-maures\/files\/2022\/07\/dscn5287-copie.jpg","_links":{"self":[{"href":"https:\/\/paca.lpo.fr\/blogs\/hyeres-les-maures\/wp-json\/wp\/v2\/posts\/6145","targetHints":{"allow":["GET"]}}],"collection":[{"href":"https:\/\/paca.lpo.fr\/blogs\/hyeres-les-maures\/wp-json\/wp\/v2\/posts"}],"about":[{"href":"https:\/\/paca.lpo.fr\/blogs\/hyeres-les-maures\/wp-json\/wp\/v2\/types\/post"}],"author":[{"embeddable":true,"href":"https:\/\/paca.lpo.fr\/blogs\/hyeres-les-maures\/wp-json\/wp\/v2\/users\/117"}],"replies":[{"embeddable":true,"href":"https:\/\/paca.lpo.fr\/blogs\/hyeres-les-maures\/wp-json\/wp\/v2\/comments?post=6145"}],"version-history":[{"count":4,"href":"https:\/\/paca.lpo.fr\/blogs\/hyeres-les-maures\/wp-json\/wp\/v2\/posts\/6145\/revisions"}],"predecessor-version":[{"id":6158,"href":"https:\/\/paca.lpo.fr\/blogs\/hyeres-les-maures\/wp-json\/wp\/v2\/posts\/6145\/revisions\/6158"}],"wp:featuredmedia":[{"embeddable":true,"href":"https:\/\/paca.lpo.fr\/blogs\/hyeres-les-maures\/wp-json\/wp\/v2\/media\/6148"}],"wp:attachment":[{"href":"https:\/\/paca.lpo.fr\/blogs\/hyeres-les-maures\/wp-json\/wp\/v2\/media?parent=6145"}],"wp:term":[{"taxonomy":"category","embeddable":true,"href":"https:\/\/paca.lpo.fr\/blogs\/hyeres-les-maures\/wp-json\/wp\/v2\/categories?post=6145"},{"taxonomy":"post_tag","embeddable":true,"href":"https:\/\/paca.lpo.fr\/blogs\/hyeres-les-maures\/wp-json\/wp\/v2\/tags?post=6145"}],"curies":[{"name":"wp","href":"https:\/\/api.w.org\/{rel}","templated":true}]}}