{"id":6147,"date":"2022-07-03T16:59:28","date_gmt":"2022-07-03T15:59:28","guid":{"rendered":"http:\/\/paca.lpo.fr\/blogs\/hyeres-les-maures\/?p=6147"},"modified":"2022-07-03T16:59:28","modified_gmt":"2022-07-03T15:59:28","slug":"nettoyage-lieurette-8","status":"publish","type":"post","link":"https:\/\/paca.lpo.fr\/blogs\/hyeres-les-maures\/2022\/07\/03\/nettoyage-lieurette-8\/","title":{"rendered":"nettoyage Lieurette"},"content":{"rendered":"\n<p>Samedi 2 juillet, nettoyage de la Lieurette suite aux averses de la semaine, sous l&rsquo;oeil attentif  de l&rsquo;ibis sacr\u00e9. Il se sent observ\u00e9<\/p>\n\n\n\n<figure class=\"wp-block-image size-full\"><img loading=\"lazy\" decoding=\"async\" width=\"627\" height=\"418\" src=\"https:\/\/paca.lpo.fr\/blogs\/hyeres-les-maures\/files\/2022\/07\/p2680744.jpg\" alt=\"\" class=\"wp-image-6168\" \/><\/figure>\n\n\n\n<p><\/p>\n\n\n\n<p>ramassage des d\u00e9chets dans tous les coins<\/p>\n\n\n\n<figure class=\"wp-block-image size-full\"><img loading=\"lazy\" decoding=\"async\" width=\"627\" height=\"418\" src=\"https:\/\/paca.lpo.fr\/blogs\/hyeres-les-maures\/files\/2022\/07\/p2680749.jpg\" alt=\"\" class=\"wp-image-6163\" \/><\/figure>\n\n\n\n<figure class=\"wp-block-image size-full\"><img loading=\"lazy\" decoding=\"async\" width=\"627\" height=\"418\" src=\"https:\/\/paca.lpo.fr\/blogs\/hyeres-les-maures\/files\/2022\/07\/p2680753.jpg\" alt=\"\" class=\"wp-image-6164\" \/><\/figure>\n\n\n\n<figure class=\"wp-block-image size-full\"><img loading=\"lazy\" decoding=\"async\" width=\"627\" height=\"418\" src=\"https:\/\/paca.lpo.fr\/blogs\/hyeres-les-maures\/files\/2022\/07\/p2680752.jpg\" alt=\"\" class=\"wp-image-6165\" \/><\/figure>\n\n\n\n<p>Joseph d\u00e9monte un des ponts qui ne servait pas \u00e0 grand chose<\/p>\n\n\n\n<figure class=\"wp-block-image size-full\"><img loading=\"lazy\" decoding=\"async\" width=\"627\" height=\"418\" src=\"https:\/\/paca.lpo.fr\/blogs\/hyeres-les-maures\/files\/2022\/07\/p2680751.jpg\" alt=\"\" class=\"wp-image-6167\" \/><\/figure>\n\n\n\n<figure class=\"wp-block-image size-full\"><img loading=\"lazy\" decoding=\"async\" width=\"591\" height=\"443\" src=\"https:\/\/paca.lpo.fr\/blogs\/hyeres-les-maures\/files\/2022\/07\/dsc7674.jpg\" alt=\"\" class=\"wp-image-6170\" \/><\/figure>\n\n\n\n<figure class=\"wp-block-image size-full\"><img loading=\"lazy\" decoding=\"async\" width=\"627\" height=\"418\" src=\"https:\/\/paca.lpo.fr\/blogs\/hyeres-les-maures\/files\/2022\/07\/p2680754.jpg\" alt=\"\" class=\"wp-image-6171\" \/><\/figure>\n\n\n\n<p>on peut voir quelques plantes<\/p>\n\n\n\n<figure class=\"wp-block-image size-full\"><img loading=\"lazy\" decoding=\"async\" width=\"591\" height=\"443\" src=\"https:\/\/paca.lpo.fr\/blogs\/hyeres-les-maures\/files\/2022\/07\/dsc7649.jpg\" alt=\"\" class=\"wp-image-6172\" \/><\/figure>\n\n\n\n<figure class=\"wp-block-image size-full\"><img loading=\"lazy\" decoding=\"async\" width=\"591\" height=\"443\" src=\"https:\/\/paca.lpo.fr\/blogs\/hyeres-les-maures\/files\/2022\/07\/dsc7650.jpg\" alt=\"\" class=\"wp-image-6173\" \/><\/figure>\n\n\n\n<figure class=\"wp-block-image size-full\"><img loading=\"lazy\" decoding=\"async\" width=\"591\" height=\"443\" src=\"https:\/\/paca.lpo.fr\/blogs\/hyeres-les-maures\/files\/2022\/07\/dsc7664.jpg\" alt=\"\" class=\"wp-image-6174\" \/><\/figure>\n\n\n\n<figure class=\"wp-block-image size-full\"><img loading=\"lazy\" decoding=\"async\" width=\"591\" height=\"443\" src=\"https:\/\/paca.lpo.fr\/blogs\/hyeres-les-maures\/files\/2022\/07\/dsc7670.jpg\" alt=\"\" class=\"wp-image-6175\" \/><\/figure>\n\n\n\n<figure class=\"wp-block-image size-full\"><img loading=\"lazy\" decoding=\"async\" width=\"591\" height=\"443\" src=\"https:\/\/paca.lpo.fr\/blogs\/hyeres-les-maures\/files\/2022\/07\/dsc7671.jpg\" alt=\"\" class=\"wp-image-6176\" \/><\/figure>\n\n\n\n<p>la r\u00e9colte de ce matin<\/p>\n\n\n\n<figure class=\"wp-block-image size-full\"><img loading=\"lazy\" decoding=\"async\" width=\"591\" height=\"443\" src=\"https:\/\/paca.lpo.fr\/blogs\/hyeres-les-maures\/files\/2022\/07\/dsc7679.jpg\" alt=\"\" class=\"wp-image-6177\" \/><\/figure>\n\n\n\n<p>Le gros sac est celui de Michel qui est all\u00e9 dans un endroit recul\u00e9 rarement nettoy\u00e9. <\/p>\n\n\n\n<p>On \u00e9tait un peu inquiet de ne pas le voir revenir, alors on a mang\u00e9 un Kouglof et bu un caf\u00e9 pour calmer notre angoisse,  et il est enfin arriv\u00e9<\/p>\n\n\n\n<figure class=\"wp-block-image size-full\"><img loading=\"lazy\" decoding=\"async\" width=\"591\" height=\"443\" src=\"https:\/\/paca.lpo.fr\/blogs\/hyeres-les-maures\/files\/2022\/07\/dscn5310.jpg\" alt=\"\" class=\"wp-image-6179\" \/><\/figure>\n\n\n\n<p>Kiss \u00e9tait \u00e9puis\u00e9e<\/p>\n\n\n\n<p>et Michel a pu se d\u00e9salt\u00e9rer<\/p>\n\n\n\n<figure class=\"wp-block-image size-full\"><img loading=\"lazy\" decoding=\"async\" width=\"591\" height=\"443\" src=\"https:\/\/paca.lpo.fr\/blogs\/hyeres-les-maures\/files\/2022\/07\/dsc7680.jpg\" alt=\"\" class=\"wp-image-6181\" \/><\/figure>\n\n\n\n<p><\/p>\n","protected":false},"excerpt":{"rendered":"<p>Samedi 2 juillet, nettoyage de la Lieurette suite aux averses de la semaine, sous l&rsquo;oeil attentif de l&rsquo;ibis sacr\u00e9. Il se sent observ\u00e9 ramassage des d\u00e9chets dans tous les coins Joseph d\u00e9monte un des ponts qui ne servait pas \u00e0 grand chose on peut voir quelques plantes la r\u00e9colte de ce matin Le gros sac [&hellip;]<\/p>\n","protected":false},"author":117,"featured_media":6161,"comment_status":"open","ping_status":"open","sticky":false,"template":"","format":"standard","meta":{"footnotes":""},"categories":[1],"tags":[],"class_list":["post-6147","post","type-post","status-publish","format-standard","has-post-thumbnail","hentry","category-actualites-generales"],"jetpack_featured_media_url":"https:\/\/paca.lpo.fr\/blogs\/hyeres-les-maures\/files\/2022\/07\/dsc7661.jpg","_links":{"self":[{"href":"https:\/\/paca.lpo.fr\/blogs\/hyeres-les-maures\/wp-json\/wp\/v2\/posts\/6147","targetHints":{"allow":["GET"]}}],"collection":[{"href":"https:\/\/paca.lpo.fr\/blogs\/hyeres-les-maures\/wp-json\/wp\/v2\/posts"}],"about":[{"href":"https:\/\/paca.lpo.fr\/blogs\/hyeres-les-maures\/wp-json\/wp\/v2\/types\/post"}],"author":[{"embeddable":true,"href":"https:\/\/paca.lpo.fr\/blogs\/hyeres-les-maures\/wp-json\/wp\/v2\/users\/117"}],"replies":[{"embeddable":true,"href":"https:\/\/paca.lpo.fr\/blogs\/hyeres-les-maures\/wp-json\/wp\/v2\/comments?post=6147"}],"version-history":[{"count":4,"href":"https:\/\/paca.lpo.fr\/blogs\/hyeres-les-maures\/wp-json\/wp\/v2\/posts\/6147\/revisions"}],"predecessor-version":[{"id":6182,"href":"https:\/\/paca.lpo.fr\/blogs\/hyeres-les-maures\/wp-json\/wp\/v2\/posts\/6147\/revisions\/6182"}],"wp:featuredmedia":[{"embeddable":true,"href":"https:\/\/paca.lpo.fr\/blogs\/hyeres-les-maures\/wp-json\/wp\/v2\/media\/6161"}],"wp:attachment":[{"href":"https:\/\/paca.lpo.fr\/blogs\/hyeres-les-maures\/wp-json\/wp\/v2\/media?parent=6147"}],"wp:term":[{"taxonomy":"category","embeddable":true,"href":"https:\/\/paca.lpo.fr\/blogs\/hyeres-les-maures\/wp-json\/wp\/v2\/categories?post=6147"},{"taxonomy":"post_tag","embeddable":true,"href":"https:\/\/paca.lpo.fr\/blogs\/hyeres-les-maures\/wp-json\/wp\/v2\/tags?post=6147"}],"curies":[{"name":"wp","href":"https:\/\/api.w.org\/{rel}","templated":true}]}}