{"id":6160,"date":"2022-07-06T17:53:27","date_gmt":"2022-07-06T16:53:27","guid":{"rendered":"http:\/\/paca.lpo.fr\/blogs\/hyeres-les-maures\/?p=6160"},"modified":"2022-07-06T17:53:28","modified_gmt":"2022-07-06T16:53:28","slug":"mercredi-de-christine-4","status":"publish","type":"post","link":"https:\/\/paca.lpo.fr\/blogs\/hyeres-les-maures\/2022\/07\/06\/mercredi-de-christine-4\/","title":{"rendered":"Mercredi de Christine"},"content":{"rendered":"\n<p>le 6 juillet 2022 deux commentaires me sont parvenus, je vous fait part des deux<\/p>\n\n\n\n<p><br>Pierre Michel Joseph Kiss<br>Comme Gilles n&rsquo;est pas l\u00e0 les oiseaux non plus<br>Le loriot siffle comme Pierre quand il \u00e9tait jeune et sifflait les filles<\/p>\n\n\n\n<figure class=\"wp-block-image size-full\"><img loading=\"lazy\" decoding=\"async\" width=\"591\" height=\"443\" src=\"https:\/\/paca.lpo.fr\/blogs\/hyeres-les-maures\/files\/2022\/07\/dscn5318.jpg\" alt=\"\" class=\"wp-image-6193\" \/><\/figure>\n\n\n\n<p><br>Une photo de moineaux juv\u00e9nile je la mets car on a rien d&rsquo;autre<\/p>\n\n\n\n<figure class=\"wp-block-image size-full\"><img loading=\"lazy\" decoding=\"async\" width=\"628\" height=\"537\" src=\"https:\/\/paca.lpo.fr\/blogs\/hyeres-les-maures\/files\/2022\/07\/dscn5320.jpg\" alt=\"\" class=\"wp-image-6188\" \/><\/figure>\n\n\n\n<p><br>Et une de Calopt\u00e9rix h\u00e9morro\u00efdale<\/p>\n\n\n\n<figure class=\"wp-block-image size-full\"><img loading=\"lazy\" decoding=\"async\" width=\"943\" height=\"885\" src=\"https:\/\/paca.lpo.fr\/blogs\/hyeres-les-maures\/files\/2022\/07\/dscn5321.jpg\" alt=\"\" class=\"wp-image-6189\" srcset=\"https:\/\/paca.lpo.fr\/blogs\/hyeres-les-maures\/files\/2022\/07\/dscn5321.jpg 943w, https:\/\/paca.lpo.fr\/blogs\/hyeres-les-maures\/files\/2022\/07\/dscn5321-768x721.jpg 768w\" sizes=\"auto, (max-width: 943px) 100vw, 943px\" \/><\/figure>\n\n\n\n<p><br>Le lieu est super au bord de l&rsquo;eau<\/p>\n\n\n\n<figure class=\"wp-block-image size-full\"><img loading=\"lazy\" decoding=\"async\" width=\"591\" height=\"443\" src=\"https:\/\/paca.lpo.fr\/blogs\/hyeres-les-maures\/files\/2022\/07\/dscn5319.jpg\" alt=\"\" class=\"wp-image-6190\" \/><\/figure>\n\n\n\n<p><br>Bonnes vacances<br>Joseph<\/p>\n\n\n\n<p>Balade le long du Gapeau \u00e0 Hy\u00e8res de 7h \u00e0 10h.<\/p>\n\n\n\n<p>\u00c9taient pr\u00e9sents : Michel, Pierre, Joseph, Kiss et Christine<\/p>\n\n\n\n<p><\/p>\n\n\n\n<figure class=\"wp-block-image size-full\"><img loading=\"lazy\" decoding=\"async\" width=\"606\" height=\"647\" src=\"https:\/\/paca.lpo.fr\/blogs\/hyeres-les-maures\/files\/2022\/07\/ll.jpg\" alt=\"\" class=\"wp-image-6197\" \/><\/figure>\n\n\n\n<p>Endroit agr\u00e9able et ombrag\u00e9 mais malheureusement c\u2019est bruyant \u00e0 cause de la proximit\u00e9 de la D12 tr\u00e8s emprunt\u00e9e \u00a0le matin.<\/p>\n\n\n\n<figure class=\"wp-block-image size-full\"><img loading=\"lazy\" decoding=\"async\" width=\"400\" height=\"535\" src=\"https:\/\/paca.lpo.fr\/blogs\/hyeres-les-maures\/files\/2022\/07\/gap.jpg\" alt=\"\" class=\"wp-image-6195\" \/><\/figure>\n\n\n\n<p><\/p>\n\n\n\n<p>Plus de cris que de chants \u00e0 pr\u00e9sent mais une &nbsp;bonne vingtaine d\u2019esp\u00e8ces recens\u00e9es , parmi lesquelles :<br>&#8211; &nbsp;On entend toujours le Loriot d\u2019Europe (affirmatif) ;<br>&#8211; Vu et entendu des M\u00e9sanges \u00e0 longue queue, un petit groupe d\u2019une dizaine d\u2019oiseaux ; &nbsp;<br>&#8211; des Moineaux domestiques ;<br>&#8211; des Grimpereaux des jardins<br>&#8211; le Pic vert bien s\u00fbr &nbsp;&#8230;<\/p>\n\n\n\n<p>\u00c0 noter &nbsp;: l\u2019un d\u2019entre nous a eu la chance de trouver une belle plume bleue de Geais des ch\u00eane, c\u2019est un porte-bonheur ; )<\/p>\n\n\n\n<figure class=\"wp-block-image size-full\"><img loading=\"lazy\" decoding=\"async\" width=\"472\" height=\"525\" src=\"https:\/\/paca.lpo.fr\/blogs\/hyeres-les-maures\/files\/2022\/07\/image.jpg\" alt=\"\" class=\"wp-image-6196\" \/><\/figure>\n\n\n\n<p>Et j\u2019ai pu observer (mes coll\u00e8gues ayant d\u00e9j\u00e0 pli\u00e9 bagages, tant pis pour eux), &nbsp;une Nette rousse femelle qui \u00e9tait suivie par un poussin de Gallinule poule d\u2019eau , mais la maman poule d\u2019eau n\u2019\u00e9tait pas loin avec d\u2019autres petits.<\/p>\n\n\n\n<p>Bien s\u00fbr on a termin\u00e9 sur notre pause caf\u00e9 hebdomadaire, et on se revoit d\u00e9j\u00e0 demain soir pour le recensement Martinets qui se fera \u00e0 &nbsp;Giens.<\/p>\n\n\n\n<p>Christine<\/p>\n","protected":false},"excerpt":{"rendered":"<p>le 6 juillet 2022 deux commentaires me sont parvenus, je vous fait part des deux Pierre Michel Joseph KissComme Gilles n&rsquo;est pas l\u00e0 les oiseaux non plusLe loriot siffle comme Pierre quand il \u00e9tait jeune et sifflait les filles Une photo de moineaux juv\u00e9nile je la mets car on a rien d&rsquo;autre Et une de [&hellip;]<\/p>\n","protected":false},"author":117,"featured_media":6192,"comment_status":"open","ping_status":"open","sticky":false,"template":"","format":"standard","meta":{"footnotes":""},"categories":[1],"tags":[],"class_list":["post-6160","post","type-post","status-publish","format-standard","has-post-thumbnail","hentry","category-actualites-generales"],"jetpack_featured_media_url":"https:\/\/paca.lpo.fr\/blogs\/hyeres-les-maures\/files\/2022\/07\/kk.jpg","_links":{"self":[{"href":"https:\/\/paca.lpo.fr\/blogs\/hyeres-les-maures\/wp-json\/wp\/v2\/posts\/6160","targetHints":{"allow":["GET"]}}],"collection":[{"href":"https:\/\/paca.lpo.fr\/blogs\/hyeres-les-maures\/wp-json\/wp\/v2\/posts"}],"about":[{"href":"https:\/\/paca.lpo.fr\/blogs\/hyeres-les-maures\/wp-json\/wp\/v2\/types\/post"}],"author":[{"embeddable":true,"href":"https:\/\/paca.lpo.fr\/blogs\/hyeres-les-maures\/wp-json\/wp\/v2\/users\/117"}],"replies":[{"embeddable":true,"href":"https:\/\/paca.lpo.fr\/blogs\/hyeres-les-maures\/wp-json\/wp\/v2\/comments?post=6160"}],"version-history":[{"count":4,"href":"https:\/\/paca.lpo.fr\/blogs\/hyeres-les-maures\/wp-json\/wp\/v2\/posts\/6160\/revisions"}],"predecessor-version":[{"id":6198,"href":"https:\/\/paca.lpo.fr\/blogs\/hyeres-les-maures\/wp-json\/wp\/v2\/posts\/6160\/revisions\/6198"}],"wp:featuredmedia":[{"embeddable":true,"href":"https:\/\/paca.lpo.fr\/blogs\/hyeres-les-maures\/wp-json\/wp\/v2\/media\/6192"}],"wp:attachment":[{"href":"https:\/\/paca.lpo.fr\/blogs\/hyeres-les-maures\/wp-json\/wp\/v2\/media?parent=6160"}],"wp:term":[{"taxonomy":"category","embeddable":true,"href":"https:\/\/paca.lpo.fr\/blogs\/hyeres-les-maures\/wp-json\/wp\/v2\/categories?post=6160"},{"taxonomy":"post_tag","embeddable":true,"href":"https:\/\/paca.lpo.fr\/blogs\/hyeres-les-maures\/wp-json\/wp\/v2\/tags?post=6160"}],"curies":[{"name":"wp","href":"https:\/\/api.w.org\/{rel}","templated":true}]}}