{"id":6220,"date":"2022-09-13T21:28:42","date_gmt":"2022-09-13T20:28:42","guid":{"rendered":"http:\/\/paca.lpo.fr\/blogs\/hyeres-les-maures\/?p=6220"},"modified":"2022-09-13T21:28:43","modified_gmt":"2022-09-13T20:28:43","slug":"fete-de-la-capte","status":"publish","type":"post","link":"https:\/\/paca.lpo.fr\/blogs\/hyeres-les-maures\/2022\/09\/13\/fete-de-la-capte\/","title":{"rendered":"F\u00eate de la capte"},"content":{"rendered":"\n<p>Samedi 10 et dimanche 11 septembre 2022, le salin des Pesquiers est ouvert au public, les b\u00e9n\u00e9voles LPO sont pr\u00e9sents en nombre pour faire des points d&rsquo;observation et tenir le stand : Joseph, G\u00e9rard, Pierre, Michel, Ir\u00e8ne, Sylvie, Nicole, Christian, Sylvia, Marc, Christine, Gilles, Caroline, H\u00e9l\u00e8ne avec Lola et la visite de Christelle avec Colline, et les salari\u00e9s Elise, Norbert, Hortense.<\/p>\n\n\n\n<figure class=\"wp-block-image size-full\"><img loading=\"lazy\" decoding=\"async\" width=\"1024\" height=\"854\" src=\"https:\/\/paca.lpo.fr\/blogs\/hyeres-les-maures\/files\/2022\/09\/dsc00331.jpg\" alt=\"\" class=\"wp-image-6245\" srcset=\"https:\/\/paca.lpo.fr\/blogs\/hyeres-les-maures\/files\/2022\/09\/dsc00331.jpg 1024w, https:\/\/paca.lpo.fr\/blogs\/hyeres-les-maures\/files\/2022\/09\/dsc00331-768x641.jpg 768w\" sizes=\"auto, (max-width: 1024px) 100vw, 1024px\" \/><figcaption>grand gravelot<\/figcaption><\/figure>\n\n\n\n<figure class=\"wp-block-image size-full\"><img loading=\"lazy\" decoding=\"async\" width=\"687\" height=\"381\" src=\"https:\/\/paca.lpo.fr\/blogs\/hyeres-les-maures\/files\/2022\/09\/dsc00341.jpg\" alt=\"\" class=\"wp-image-6246\" \/><figcaption>des tourne algues<\/figcaption><\/figure>\n\n\n\n<figure class=\"wp-block-image size-full is-resized\"><img loading=\"lazy\" decoding=\"async\" src=\"https:\/\/paca.lpo.fr\/blogs\/hyeres-les-maures\/files\/2022\/09\/dsc00351.jpg\" alt=\"\" class=\"wp-image-6248\" width=\"610\" height=\"482\" \/><figcaption>un guignette tourne pierre<\/figcaption><\/figure>\n\n\n\n<figure class=\"wp-block-image size-full\"><img loading=\"lazy\" decoding=\"async\" width=\"627\" height=\"418\" src=\"https:\/\/paca.lpo.fr\/blogs\/hyeres-les-maures\/files\/2022\/09\/dsc00353.jpg\" alt=\"\" class=\"wp-image-6250\" \/><figcaption>tiens des flamants<\/figcaption><\/figure>\n\n\n\n<figure class=\"wp-block-image size-full\"><img loading=\"lazy\" decoding=\"async\" width=\"675\" height=\"388\" src=\"https:\/\/paca.lpo.fr\/blogs\/hyeres-les-maures\/files\/2022\/09\/dsc00355.jpg\" alt=\"\" class=\"wp-image-6252\" \/><figcaption>Christine et Pierre g\u00e8rent<\/figcaption><\/figure>\n\n\n\n<figure class=\"wp-block-image size-full\"><img loading=\"lazy\" decoding=\"async\" width=\"627\" height=\"418\" src=\"https:\/\/paca.lpo.fr\/blogs\/hyeres-les-maures\/files\/2022\/09\/dsc00356.jpg\" alt=\"\" class=\"wp-image-6254\" \/><figcaption>un oiseau bizarre <\/figcaption><\/figure>\n\n\n\n<figure class=\"wp-block-image size-full\"><img loading=\"lazy\" decoding=\"async\" width=\"627\" height=\"418\" src=\"https:\/\/paca.lpo.fr\/blogs\/hyeres-les-maures\/files\/2022\/09\/dsc00359.jpg\" alt=\"\" class=\"wp-image-6255\" \/><figcaption>Nicole et Christian informent<\/figcaption><\/figure>\n\n\n\n<figure class=\"wp-block-image size-full\"><img loading=\"lazy\" decoding=\"async\" width=\"627\" height=\"418\" src=\"https:\/\/paca.lpo.fr\/blogs\/hyeres-les-maures\/files\/2022\/09\/dsc00366.jpg\" alt=\"\" class=\"wp-image-6257\" \/><figcaption>\u00e7a vole de toutes les couleurs<\/figcaption><\/figure>\n\n\n\n<figure class=\"wp-block-image size-full\"><img loading=\"lazy\" decoding=\"async\" width=\"1024\" height=\"676\" src=\"https:\/\/paca.lpo.fr\/blogs\/hyeres-les-maures\/files\/2022\/09\/dsc00392.jpg\" alt=\"\" class=\"wp-image-6259\" srcset=\"https:\/\/paca.lpo.fr\/blogs\/hyeres-les-maures\/files\/2022\/09\/dsc00392.jpg 1024w, https:\/\/paca.lpo.fr\/blogs\/hyeres-les-maures\/files\/2022\/09\/dsc00392-768x507.jpg 768w\" sizes=\"auto, (max-width: 1024px) 100vw, 1024px\" \/><figcaption>Ir\u00e8ne a rep\u00e9r\u00e9 la star du jour, le phalarope \u00e0 bec \u00e9troit<\/figcaption><\/figure>\n\n\n\n<figure class=\"wp-block-image size-full\"><img loading=\"lazy\" decoding=\"async\" width=\"1024\" height=\"650\" src=\"https:\/\/paca.lpo.fr\/blogs\/hyeres-les-maures\/files\/2022\/09\/dsc00416.jpg\" alt=\"\" class=\"wp-image-6261\" srcset=\"https:\/\/paca.lpo.fr\/blogs\/hyeres-les-maures\/files\/2022\/09\/dsc00416.jpg 1024w, https:\/\/paca.lpo.fr\/blogs\/hyeres-les-maures\/files\/2022\/09\/dsc00416-768x488.jpg 768w\" sizes=\"auto, (max-width: 1024px) 100vw, 1024px\" \/><figcaption>des oiseaux<\/figcaption><\/figure>\n\n\n\n<figure class=\"wp-block-image size-full\"><img loading=\"lazy\" decoding=\"async\" width=\"1024\" height=\"644\" src=\"https:\/\/paca.lpo.fr\/blogs\/hyeres-les-maures\/files\/2022\/09\/dsc00418.jpg\" alt=\"\" class=\"wp-image-6263\" srcset=\"https:\/\/paca.lpo.fr\/blogs\/hyeres-les-maures\/files\/2022\/09\/dsc00418.jpg 1024w, https:\/\/paca.lpo.fr\/blogs\/hyeres-les-maures\/files\/2022\/09\/dsc00418-768x483.jpg 768w\" sizes=\"auto, (max-width: 1024px) 100vw, 1024px\" \/><figcaption>encore des limicoles<\/figcaption><\/figure>\n\n\n\n<figure class=\"wp-block-image size-full\"><img loading=\"lazy\" decoding=\"async\" width=\"627\" height=\"418\" src=\"https:\/\/paca.lpo.fr\/blogs\/hyeres-les-maures\/files\/2022\/09\/dsc00424.jpg\" alt=\"\" class=\"wp-image-6264\" \/><\/figure>\n\n\n\n<figure class=\"wp-block-image size-full\"><img loading=\"lazy\" decoding=\"async\" width=\"627\" height=\"418\" src=\"https:\/\/paca.lpo.fr\/blogs\/hyeres-les-maures\/files\/2022\/09\/dsc00425.jpg\" alt=\"\" class=\"wp-image-6265\" \/><\/figure>\n\n\n\n<figure class=\"wp-block-image size-full\"><img loading=\"lazy\" decoding=\"async\" width=\"627\" height=\"418\" src=\"https:\/\/paca.lpo.fr\/blogs\/hyeres-les-maures\/files\/2022\/09\/dsc00430.jpg\" alt=\"\" class=\"wp-image-6267\" \/><figcaption>le haras de l&rsquo;ange blanc se prom\u00e8ne<\/figcaption><\/figure>\n\n\n\n<figure class=\"wp-block-image size-full\"><img loading=\"lazy\" decoding=\"async\" width=\"627\" height=\"418\" src=\"https:\/\/paca.lpo.fr\/blogs\/hyeres-les-maures\/files\/2022\/09\/dsc00434.jpg\" alt=\"\" class=\"wp-image-6268\" \/><\/figure>\n\n\n\n<figure class=\"wp-block-image size-full\"><img loading=\"lazy\" decoding=\"async\" width=\"878\" height=\"525\" src=\"https:\/\/paca.lpo.fr\/blogs\/hyeres-les-maures\/files\/2022\/09\/dsc00445.jpg\" alt=\"\" class=\"wp-image-6269\" srcset=\"https:\/\/paca.lpo.fr\/blogs\/hyeres-les-maures\/files\/2022\/09\/dsc00445.jpg 878w, https:\/\/paca.lpo.fr\/blogs\/hyeres-les-maures\/files\/2022\/09\/dsc00445-768x459.jpg 768w\" sizes=\"auto, (max-width: 878px) 100vw, 878px\" \/><figcaption>un pluvier argent\u00e9<\/figcaption><\/figure>\n\n\n\n<figure class=\"wp-block-image size-full\"><img loading=\"lazy\" decoding=\"async\" width=\"505\" height=\"508\" src=\"https:\/\/paca.lpo.fr\/blogs\/hyeres-les-maures\/files\/2022\/09\/dsc00453.jpg\" alt=\"\" class=\"wp-image-6271\" srcset=\"https:\/\/paca.lpo.fr\/blogs\/hyeres-les-maures\/files\/2022\/09\/dsc00453.jpg 505w, https:\/\/paca.lpo.fr\/blogs\/hyeres-les-maures\/files\/2022\/09\/dsc00453-144x144.jpg 144w\" sizes=\"auto, (max-width: 505px) 100vw, 505px\" \/><figcaption>un courlis  au loin<\/figcaption><\/figure>\n\n\n\n<figure class=\"wp-block-image size-full\"><img loading=\"lazy\" decoding=\"async\" width=\"860\" height=\"705\" src=\"https:\/\/paca.lpo.fr\/blogs\/hyeres-les-maures\/files\/2022\/09\/dsc00467.jpg\" alt=\"\" class=\"wp-image-6272\" srcset=\"https:\/\/paca.lpo.fr\/blogs\/hyeres-les-maures\/files\/2022\/09\/dsc00467.jpg 860w, https:\/\/paca.lpo.fr\/blogs\/hyeres-les-maures\/files\/2022\/09\/dsc00467-768x630.jpg 768w\" sizes=\"auto, (max-width: 860px) 100vw, 860px\" \/><figcaption>pluvier argent\u00e9<\/figcaption><\/figure>\n\n\n\n<figure class=\"wp-block-image size-full\"><img loading=\"lazy\" decoding=\"async\" width=\"950\" height=\"1018\" src=\"https:\/\/paca.lpo.fr\/blogs\/hyeres-les-maures\/files\/2022\/09\/dsc00483.jpg\" alt=\"\" class=\"wp-image-6274\" srcset=\"https:\/\/paca.lpo.fr\/blogs\/hyeres-les-maures\/files\/2022\/09\/dsc00483.jpg 950w, https:\/\/paca.lpo.fr\/blogs\/hyeres-les-maures\/files\/2022\/09\/dsc00483-717x768.jpg 717w, https:\/\/paca.lpo.fr\/blogs\/hyeres-les-maures\/files\/2022\/09\/dsc00483-768x823.jpg 768w\" sizes=\"auto, (max-width: 950px) 100vw, 950px\" \/><figcaption>gr\u00e8be hupp\u00e9e<\/figcaption><\/figure>\n\n\n\n<figure class=\"wp-block-image size-full\"><img loading=\"lazy\" decoding=\"async\" width=\"777\" height=\"698\" src=\"https:\/\/paca.lpo.fr\/blogs\/hyeres-les-maures\/files\/2022\/09\/dsc00484.jpg\" alt=\"\" class=\"wp-image-6276\" srcset=\"https:\/\/paca.lpo.fr\/blogs\/hyeres-les-maures\/files\/2022\/09\/dsc00484.jpg 777w, https:\/\/paca.lpo.fr\/blogs\/hyeres-les-maures\/files\/2022\/09\/dsc00484-768x690.jpg 768w\" sizes=\"auto, (max-width: 777px) 100vw, 777px\" \/><figcaption>chevalier guignette<\/figcaption><\/figure>\n\n\n\n<figure class=\"wp-block-image size-full\"><img loading=\"lazy\" decoding=\"async\" width=\"1024\" height=\"501\" src=\"https:\/\/paca.lpo.fr\/blogs\/hyeres-les-maures\/files\/2022\/09\/dsc00489.jpg\" alt=\"\" class=\"wp-image-6277\" srcset=\"https:\/\/paca.lpo.fr\/blogs\/hyeres-les-maures\/files\/2022\/09\/dsc00489.jpg 1024w, https:\/\/paca.lpo.fr\/blogs\/hyeres-les-maures\/files\/2022\/09\/dsc00489-768x376.jpg 768w\" sizes=\"auto, (max-width: 1024px) 100vw, 1024px\" \/><figcaption>patrouille de France guignette<\/figcaption><\/figure>\n\n\n\n<figure class=\"wp-block-image size-full\"><img loading=\"lazy\" decoding=\"async\" width=\"1024\" height=\"748\" src=\"https:\/\/paca.lpo.fr\/blogs\/hyeres-les-maures\/files\/2022\/09\/dsc00495.jpg\" alt=\"\" class=\"wp-image-6280\" srcset=\"https:\/\/paca.lpo.fr\/blogs\/hyeres-les-maures\/files\/2022\/09\/dsc00495.jpg 1024w, https:\/\/paca.lpo.fr\/blogs\/hyeres-les-maures\/files\/2022\/09\/dsc00495-768x561.jpg 768w\" sizes=\"auto, (max-width: 1024px) 100vw, 1024px\" \/><figcaption>mouette rieuse attrist\u00e9e<\/figcaption><\/figure>\n\n\n\n<figure class=\"wp-block-image size-full\"><img loading=\"lazy\" decoding=\"async\" width=\"1024\" height=\"964\" src=\"https:\/\/paca.lpo.fr\/blogs\/hyeres-les-maures\/files\/2022\/09\/dsc00500.jpg\" alt=\"\" class=\"wp-image-6282\" srcset=\"https:\/\/paca.lpo.fr\/blogs\/hyeres-les-maures\/files\/2022\/09\/dsc00500.jpg 1024w, https:\/\/paca.lpo.fr\/blogs\/hyeres-les-maures\/files\/2022\/09\/dsc00500-768x723.jpg 768w\" sizes=\"auto, (max-width: 1024px) 100vw, 1024px\" \/><figcaption>Aigrette garzette exhibisionniste<\/figcaption><\/figure>\n\n\n\n<figure class=\"wp-block-image size-full\"><img loading=\"lazy\" decoding=\"async\" width=\"744\" height=\"740\" src=\"https:\/\/paca.lpo.fr\/blogs\/hyeres-les-maures\/files\/2022\/09\/dsc00509.jpg\" alt=\"\" class=\"wp-image-6283\" srcset=\"https:\/\/paca.lpo.fr\/blogs\/hyeres-les-maures\/files\/2022\/09\/dsc00509.jpg 744w, https:\/\/paca.lpo.fr\/blogs\/hyeres-les-maures\/files\/2022\/09\/dsc00509-144x144.jpg 144w\" sizes=\"auto, (max-width: 744px) 100vw, 744px\" \/><figcaption>en col\u00e8re<\/figcaption><\/figure>\n\n\n\n<figure class=\"wp-block-image size-full\"><img loading=\"lazy\" decoding=\"async\" width=\"627\" height=\"418\" src=\"https:\/\/paca.lpo.fr\/blogs\/hyeres-les-maures\/files\/2022\/09\/dsc00507.jpg\" alt=\"\" class=\"wp-image-6284\" \/><\/figure>\n\n\n\n<figure class=\"wp-block-image size-full\"><img loading=\"lazy\" decoding=\"async\" width=\"627\" height=\"418\" src=\"https:\/\/paca.lpo.fr\/blogs\/hyeres-les-maures\/files\/2022\/09\/dsc00517.jpg\" alt=\"\" class=\"wp-image-6286\" \/><\/figure>\n\n\n\n<figure class=\"wp-block-image size-full\"><img loading=\"lazy\" decoding=\"async\" width=\"627\" height=\"418\" src=\"https:\/\/paca.lpo.fr\/blogs\/hyeres-les-maures\/files\/2022\/09\/dsc00519.jpg\" alt=\"\" class=\"wp-image-6287\" \/><figcaption>Gilles expliquant que les macareux peuvent se poser sur le  site<\/figcaption><\/figure>\n\n\n\n<figure class=\"wp-block-image size-full\"><img loading=\"lazy\" decoding=\"async\" width=\"1024\" height=\"874\" src=\"https:\/\/paca.lpo.fr\/blogs\/hyeres-les-maures\/files\/2022\/09\/dsc00527.jpg\" alt=\"\" class=\"wp-image-6291\" srcset=\"https:\/\/paca.lpo.fr\/blogs\/hyeres-les-maures\/files\/2022\/09\/dsc00527.jpg 1024w, https:\/\/paca.lpo.fr\/blogs\/hyeres-les-maures\/files\/2022\/09\/dsc00527-768x656.jpg 768w\" sizes=\"auto, (max-width: 1024px) 100vw, 1024px\" \/><figcaption>un marbr\u00e9 quelque chose<\/figcaption><\/figure>\n\n\n\n<figure class=\"wp-block-image size-full\"><img loading=\"lazy\" decoding=\"async\" width=\"627\" height=\"418\" src=\"https:\/\/paca.lpo.fr\/blogs\/hyeres-les-maures\/files\/2022\/09\/dsc00567.jpg\" alt=\"\" class=\"wp-image-6293\" \/><figcaption>saladelle<\/figcaption><\/figure>\n\n\n\n<figure class=\"wp-block-image size-full\"><img loading=\"lazy\" decoding=\"async\" width=\"627\" height=\"418\" src=\"https:\/\/paca.lpo.fr\/blogs\/hyeres-les-maures\/files\/2022\/09\/dsc00575.jpg\" alt=\"\" class=\"wp-image-6295\" \/><\/figure>\n\n\n\n<figure class=\"wp-block-image size-full\"><img loading=\"lazy\" decoding=\"async\" width=\"627\" height=\"418\" src=\"https:\/\/paca.lpo.fr\/blogs\/hyeres-les-maures\/files\/2022\/09\/dsc00576.jpg\" alt=\"\" class=\"wp-image-6296\" \/><\/figure>\n\n\n\n<figure class=\"wp-block-image size-full\"><img loading=\"lazy\" decoding=\"async\" width=\"1024\" height=\"681\" src=\"https:\/\/paca.lpo.fr\/blogs\/hyeres-les-maures\/files\/2022\/09\/image012.jpg\" alt=\"\" class=\"wp-image-6297\" srcset=\"https:\/\/paca.lpo.fr\/blogs\/hyeres-les-maures\/files\/2022\/09\/image012.jpg 1024w, https:\/\/paca.lpo.fr\/blogs\/hyeres-les-maures\/files\/2022\/09\/image012-768x511.jpg 768w\" sizes=\"auto, (max-width: 1024px) 100vw, 1024px\" \/><figcaption>garzette bien seule<\/figcaption><\/figure>\n\n\n\n<figure class=\"wp-block-image size-full\"><img loading=\"lazy\" decoding=\"async\" width=\"1024\" height=\"731\" src=\"https:\/\/paca.lpo.fr\/blogs\/hyeres-les-maures\/files\/2022\/09\/image014.jpg\" alt=\"\" class=\"wp-image-6298\" srcset=\"https:\/\/paca.lpo.fr\/blogs\/hyeres-les-maures\/files\/2022\/09\/image014.jpg 1024w, https:\/\/paca.lpo.fr\/blogs\/hyeres-les-maures\/files\/2022\/09\/image014-768x548.jpg 768w\" sizes=\"auto, (max-width: 1024px) 100vw, 1024px\" \/><figcaption>et bla bla ba<\/figcaption><\/figure>\n\n\n\n<p>\u00e0 bient\u00f4t<\/p>\n","protected":false},"excerpt":{"rendered":"<p>Samedi 10 et dimanche 11 septembre 2022, le salin des Pesquiers est ouvert au public, les b\u00e9n\u00e9voles LPO sont pr\u00e9sents en nombre pour faire des points d&rsquo;observation et tenir le stand : Joseph, G\u00e9rard, Pierre, Michel, Ir\u00e8ne, Sylvie, Nicole, Christian, Sylvia, Marc, Christine, Gilles, Caroline, H\u00e9l\u00e8ne avec Lola et la visite de Christelle avec Colline, [&hellip;]<\/p>\n","protected":false},"author":117,"featured_media":6240,"comment_status":"open","ping_status":"open","sticky":false,"template":"","format":"standard","meta":{"footnotes":""},"categories":[1],"tags":[],"class_list":["post-6220","post","type-post","status-publish","format-standard","has-post-thumbnail","hentry","category-actualites-generales"],"jetpack_featured_media_url":"https:\/\/paca.lpo.fr\/blogs\/hyeres-les-maures\/files\/2022\/09\/dsc00370.jpg","_links":{"self":[{"href":"https:\/\/paca.lpo.fr\/blogs\/hyeres-les-maures\/wp-json\/wp\/v2\/posts\/6220","targetHints":{"allow":["GET"]}}],"collection":[{"href":"https:\/\/paca.lpo.fr\/blogs\/hyeres-les-maures\/wp-json\/wp\/v2\/posts"}],"about":[{"href":"https:\/\/paca.lpo.fr\/blogs\/hyeres-les-maures\/wp-json\/wp\/v2\/types\/post"}],"author":[{"embeddable":true,"href":"https:\/\/paca.lpo.fr\/blogs\/hyeres-les-maures\/wp-json\/wp\/v2\/users\/117"}],"replies":[{"embeddable":true,"href":"https:\/\/paca.lpo.fr\/blogs\/hyeres-les-maures\/wp-json\/wp\/v2\/comments?post=6220"}],"version-history":[{"count":4,"href":"https:\/\/paca.lpo.fr\/blogs\/hyeres-les-maures\/wp-json\/wp\/v2\/posts\/6220\/revisions"}],"predecessor-version":[{"id":6300,"href":"https:\/\/paca.lpo.fr\/blogs\/hyeres-les-maures\/wp-json\/wp\/v2\/posts\/6220\/revisions\/6300"}],"wp:featuredmedia":[{"embeddable":true,"href":"https:\/\/paca.lpo.fr\/blogs\/hyeres-les-maures\/wp-json\/wp\/v2\/media\/6240"}],"wp:attachment":[{"href":"https:\/\/paca.lpo.fr\/blogs\/hyeres-les-maures\/wp-json\/wp\/v2\/media?parent=6220"}],"wp:term":[{"taxonomy":"category","embeddable":true,"href":"https:\/\/paca.lpo.fr\/blogs\/hyeres-les-maures\/wp-json\/wp\/v2\/categories?post=6220"},{"taxonomy":"post_tag","embeddable":true,"href":"https:\/\/paca.lpo.fr\/blogs\/hyeres-les-maures\/wp-json\/wp\/v2\/tags?post=6220"}],"curies":[{"name":"wp","href":"https:\/\/api.w.org\/{rel}","templated":true}]}}