{"id":6348,"date":"2022-10-05T20:20:25","date_gmt":"2022-10-05T19:20:25","guid":{"rendered":"http:\/\/paca.lpo.fr\/blogs\/hyeres-les-maures\/?p=6348"},"modified":"2022-10-05T20:20:25","modified_gmt":"2022-10-05T19:20:25","slug":"migration-2","status":"publish","type":"post","link":"https:\/\/paca.lpo.fr\/blogs\/hyeres-les-maures\/2022\/10\/05\/migration-2\/","title":{"rendered":"migration"},"content":{"rendered":"\n<p>Spot \u00e0 notre dame de la consolation le 2 octobre 22<\/p>\n<p>A l&rsquo;arriv\u00e9e on fait tous les malins<\/p>\n<p>Gilles qui participe toujours \u00e0 la nourriture des animaux que nous sommes nous a apport\u00e9 une botte de radis<img loading=\"lazy\" decoding=\"async\" class=\"aligncenter size-medium wp-image-6362\" src=\"https:\/\/paca.lpo.fr\/blogs\/hyeres-les-maures\/files\/2022\/10\/dscn5443-768x576.jpg\" alt=\"\" width=\"768\" height=\"576\" srcset=\"https:\/\/paca.lpo.fr\/blogs\/hyeres-les-maures\/files\/2022\/10\/dscn5443-768x576.jpg 768w, https:\/\/paca.lpo.fr\/blogs\/hyeres-les-maures\/files\/2022\/10\/dscn5443.jpg 1024w\" sizes=\"auto, (max-width: 768px) 100vw, 768px\" \/><\/p>\n<p>Marie Laure\u00a0 vient nous voir et s&rsquo;installe confortablement<\/p>\n<p><img loading=\"lazy\" decoding=\"async\" class=\"aligncenter size-medium wp-image-6360\" src=\"https:\/\/paca.lpo.fr\/blogs\/hyeres-les-maures\/files\/2022\/10\/dscn5444-768x576.jpg\" alt=\"\" width=\"768\" height=\"576\" srcset=\"https:\/\/paca.lpo.fr\/blogs\/hyeres-les-maures\/files\/2022\/10\/dscn5444-768x576.jpg 768w, https:\/\/paca.lpo.fr\/blogs\/hyeres-les-maures\/files\/2022\/10\/dscn5444.jpg 1024w\" sizes=\"auto, (max-width: 768px) 100vw, 768px\" \/><\/p>\n<p>Mauvaise id\u00e9e le jour m\u00eame il y a b\u00e9n\u00e9diction des animaux de compagnie et tous ceux qui passent sont avec leur chien. chiens en laisse \u00e0 la demande de Marc et ignorent ce que l&rsquo;on fait. Christine se r\u00e9gale car de nombreux bouledogues fran\u00e7ais cousins germains au sien passent<\/p>\n<p>Marie laure vient avec un truc \u00e0 se casser le ventre et donc je ne dirais que du bien d&rsquo;elle car sinon je suis exclu de sa cuisine<\/p>\n<p>N ayant pas d&rsquo;oiseaux \u00e0 mettre en photo je prends un avion qui part migrer au loin<\/p>\n<p><img loading=\"lazy\" decoding=\"async\" class=\"aligncenter size-medium wp-image-6363\" src=\"https:\/\/paca.lpo.fr\/blogs\/hyeres-les-maures\/files\/2022\/10\/dscn5447-768x576.jpg\" alt=\"\" width=\"768\" height=\"576\" srcset=\"https:\/\/paca.lpo.fr\/blogs\/hyeres-les-maures\/files\/2022\/10\/dscn5447-768x576.jpg 768w, https:\/\/paca.lpo.fr\/blogs\/hyeres-les-maures\/files\/2022\/10\/dscn5447.jpg 1024w\" sizes=\"auto, (max-width: 768px) 100vw, 768px\" \/><\/p>\n<p>Une seule photo de papillon<img loading=\"lazy\" decoding=\"async\" class=\"aligncenter size-medium wp-image-6364\" src=\"https:\/\/paca.lpo.fr\/blogs\/hyeres-les-maures\/files\/2022\/10\/dscn5449-768x576.jpg\" alt=\"\" width=\"768\" height=\"576\" srcset=\"https:\/\/paca.lpo.fr\/blogs\/hyeres-les-maures\/files\/2022\/10\/dscn5449-768x576.jpg 768w, https:\/\/paca.lpo.fr\/blogs\/hyeres-les-maures\/files\/2022\/10\/dscn5449.jpg 1024w\" sizes=\"auto, (max-width: 768px) 100vw, 768px\" \/><\/p>\n<p>Il y a quand m\u00eame eu un milan royal et un faucon cr\u00e9cerelle, des martinets \u00e0 ventre blanc et des p\u00e2les\u00a0 de passage<\/p>\n<p>\u00a0<\/p>\n","protected":false},"excerpt":{"rendered":"","protected":false},"author":117,"featured_media":6361,"comment_status":"open","ping_status":"open","sticky":false,"template":"","format":"standard","meta":{"footnotes":""},"categories":[1],"tags":[],"class_list":["post-6348","post","type-post","status-publish","format-standard","has-post-thumbnail","hentry","category-actualites-generales"],"jetpack_featured_media_url":"https:\/\/paca.lpo.fr\/blogs\/hyeres-les-maures\/files\/2022\/10\/dscn5442.jpg","_links":{"self":[{"href":"https:\/\/paca.lpo.fr\/blogs\/hyeres-les-maures\/wp-json\/wp\/v2\/posts\/6348","targetHints":{"allow":["GET"]}}],"collection":[{"href":"https:\/\/paca.lpo.fr\/blogs\/hyeres-les-maures\/wp-json\/wp\/v2\/posts"}],"about":[{"href":"https:\/\/paca.lpo.fr\/blogs\/hyeres-les-maures\/wp-json\/wp\/v2\/types\/post"}],"author":[{"embeddable":true,"href":"https:\/\/paca.lpo.fr\/blogs\/hyeres-les-maures\/wp-json\/wp\/v2\/users\/117"}],"replies":[{"embeddable":true,"href":"https:\/\/paca.lpo.fr\/blogs\/hyeres-les-maures\/wp-json\/wp\/v2\/comments?post=6348"}],"version-history":[{"count":4,"href":"https:\/\/paca.lpo.fr\/blogs\/hyeres-les-maures\/wp-json\/wp\/v2\/posts\/6348\/revisions"}],"predecessor-version":[{"id":6368,"href":"https:\/\/paca.lpo.fr\/blogs\/hyeres-les-maures\/wp-json\/wp\/v2\/posts\/6348\/revisions\/6368"}],"wp:featuredmedia":[{"embeddable":true,"href":"https:\/\/paca.lpo.fr\/blogs\/hyeres-les-maures\/wp-json\/wp\/v2\/media\/6361"}],"wp:attachment":[{"href":"https:\/\/paca.lpo.fr\/blogs\/hyeres-les-maures\/wp-json\/wp\/v2\/media?parent=6348"}],"wp:term":[{"taxonomy":"category","embeddable":true,"href":"https:\/\/paca.lpo.fr\/blogs\/hyeres-les-maures\/wp-json\/wp\/v2\/categories?post=6348"},{"taxonomy":"post_tag","embeddable":true,"href":"https:\/\/paca.lpo.fr\/blogs\/hyeres-les-maures\/wp-json\/wp\/v2\/tags?post=6348"}],"curies":[{"name":"wp","href":"https:\/\/api.w.org\/{rel}","templated":true}]}}