{"id":6448,"date":"2022-10-11T20:22:39","date_gmt":"2022-10-11T19:22:39","guid":{"rendered":"http:\/\/paca.lpo.fr\/blogs\/hyeres-les-maures\/?p=6448"},"modified":"2022-10-11T20:22:39","modified_gmt":"2022-10-11T19:22:39","slug":"nettoyage-lieurette-9","status":"publish","type":"post","link":"https:\/\/paca.lpo.fr\/blogs\/hyeres-les-maures\/2022\/10\/11\/nettoyage-lieurette-9\/","title":{"rendered":"nettoyage Lieurette"},"content":{"rendered":"\n<p><\/p>\n\n\n\n<p>Dimanche 9 octobre, nettoyage de la Lieurette sous la pluie<br \/>Sont venus \u00a0: H\u00e9l\u00e8ne, \u00a0Danielle et son petit-fils Antoine, \u00a0Michel, \u00a0Pierre, Joseph et Kiss, et Christine.<br \/>On a nettoy\u00e9 pendant un peu plus d&rsquo;une heure. La Sauvette et les roubines \u00a0 \u00e9taient d\u00e9j\u00e0 bien remplies d&rsquo;eau et de petits d\u00e9chets. On ne s&rsquo;est pas d\u00e9plac\u00e9 pour rien. Joseph a bricol\u00e9 sa passerelle. On a termin\u00e9 par l&rsquo;incontournable pause caf\u00e9 et papotage.\u00a0(on \u00e9tait tellement cracra qu&rsquo;on a m\u00eame pas pos\u00e9 pour la photo de groupe).<\/p>\n","protected":false},"excerpt":{"rendered":"","protected":false},"author":117,"featured_media":6482,"comment_status":"open","ping_status":"open","sticky":false,"template":"","format":"standard","meta":{"footnotes":""},"categories":[1],"tags":[],"class_list":["post-6448","post","type-post","status-publish","format-standard","has-post-thumbnail","hentry","category-actualites-generales"],"jetpack_featured_media_url":"https:\/\/paca.lpo.fr\/blogs\/hyeres-les-maures\/files\/2022\/10\/image.jpg","_links":{"self":[{"href":"https:\/\/paca.lpo.fr\/blogs\/hyeres-les-maures\/wp-json\/wp\/v2\/posts\/6448","targetHints":{"allow":["GET"]}}],"collection":[{"href":"https:\/\/paca.lpo.fr\/blogs\/hyeres-les-maures\/wp-json\/wp\/v2\/posts"}],"about":[{"href":"https:\/\/paca.lpo.fr\/blogs\/hyeres-les-maures\/wp-json\/wp\/v2\/types\/post"}],"author":[{"embeddable":true,"href":"https:\/\/paca.lpo.fr\/blogs\/hyeres-les-maures\/wp-json\/wp\/v2\/users\/117"}],"replies":[{"embeddable":true,"href":"https:\/\/paca.lpo.fr\/blogs\/hyeres-les-maures\/wp-json\/wp\/v2\/comments?post=6448"}],"version-history":[{"count":2,"href":"https:\/\/paca.lpo.fr\/blogs\/hyeres-les-maures\/wp-json\/wp\/v2\/posts\/6448\/revisions"}],"predecessor-version":[{"id":6483,"href":"https:\/\/paca.lpo.fr\/blogs\/hyeres-les-maures\/wp-json\/wp\/v2\/posts\/6448\/revisions\/6483"}],"wp:featuredmedia":[{"embeddable":true,"href":"https:\/\/paca.lpo.fr\/blogs\/hyeres-les-maures\/wp-json\/wp\/v2\/media\/6482"}],"wp:attachment":[{"href":"https:\/\/paca.lpo.fr\/blogs\/hyeres-les-maures\/wp-json\/wp\/v2\/media?parent=6448"}],"wp:term":[{"taxonomy":"category","embeddable":true,"href":"https:\/\/paca.lpo.fr\/blogs\/hyeres-les-maures\/wp-json\/wp\/v2\/categories?post=6448"},{"taxonomy":"post_tag","embeddable":true,"href":"https:\/\/paca.lpo.fr\/blogs\/hyeres-les-maures\/wp-json\/wp\/v2\/tags?post=6448"}],"curies":[{"name":"wp","href":"https:\/\/api.w.org\/{rel}","templated":true}]}}