{"id":6521,"date":"2022-10-13T14:25:22","date_gmt":"2022-10-13T13:25:22","guid":{"rendered":"http:\/\/paca.lpo.fr\/blogs\/hyeres-les-maures\/?p=6521"},"modified":"2022-10-13T14:25:22","modified_gmt":"2022-10-13T13:25:22","slug":"plan-du-pont-avec-christine","status":"publish","type":"post","link":"https:\/\/paca.lpo.fr\/blogs\/hyeres-les-maures\/2022\/10\/13\/plan-du-pont-avec-christine\/","title":{"rendered":"plan du pont avec Christine"},"content":{"rendered":"\n<p>Mercredi 12 octobre\u00a0<\/p>\n<p>Tiphaine, \u00a0Caroline, \u00a0Pierre et Christine. On se retrouve \u00e0 8h30 pour 3 h d\u2019\u00e9coute, de balade et de \u00ab d\u00e9briefing \u00bb gourmand .<br \/><br \/>On a commenc\u00e9 par la ripisylve du Gapeau pour poursuivre par le petit lac du Plan, et finir par les chemins sillonnant le site.<br \/><img loading=\"lazy\" decoding=\"async\" class=\"aligncenter size-medium wp-image-6526\" src=\"https:\/\/paca.lpo.fr\/blogs\/hyeres-les-maures\/files\/2022\/10\/image-1-586x768.jpg\" alt=\"\" width=\"586\" height=\"768\" srcset=\"https:\/\/paca.lpo.fr\/blogs\/hyeres-les-maures\/files\/2022\/10\/image-1-586x768.jpg 586w, https:\/\/paca.lpo.fr\/blogs\/hyeres-les-maures\/files\/2022\/10\/image-1.jpg 635w\" sizes=\"auto, (max-width: 586px) 100vw, 586px\" \/><br \/>\u00c7a gazouillait bien. Le chant du Rougegorge familier dominant tous les autres bien s\u00fbr , mais \u00a0la Sitelle torchepot et la Bouscarle de Cetti n\u2019\u00e9taient pas de reste.<br \/><img loading=\"lazy\" decoding=\"async\" class=\"aligncenter size-medium wp-image-6527\" src=\"https:\/\/paca.lpo.fr\/blogs\/hyeres-les-maures\/files\/2022\/10\/image-2-659x768.jpg\" alt=\"\" width=\"659\" height=\"768\" srcset=\"https:\/\/paca.lpo.fr\/blogs\/hyeres-les-maures\/files\/2022\/10\/image-2-659x768.jpg 659w, https:\/\/paca.lpo.fr\/blogs\/hyeres-les-maures\/files\/2022\/10\/image-2.jpg 684w\" sizes=\"auto, (max-width: 659px) 100vw, 659px\" \/><br \/>Le Martin-p\u00eacheur n\u2019a pas failli au rendez-vous, et nous a gratifi\u00e9s de plusieurs allers retours d\u2019une rive \u00e0 l\u2019autre (une petite frustration tout de m\u00eame car il avait tendance \u00e0 pr\u00e9f\u00e9rer la proximit\u00e9 des p\u00eacheurs quand il se posait ..).<br \/><br \/>C\u00f4t\u00e9 ciel, un joli ballet de 2 Faucons cr\u00e9cerelles et tout un cort\u00e8ge d\u2019Aigrettes garzettes.<br \/><br \/>Les m\u00e9sanges \u00e9taient bien pr\u00e9sentes : \u00a0difficile \u00e0 observer la hupp\u00e9e, mais elle \u00e9tait bien l\u00e0 en compagnie des M\u00e9sanges \u00e0 longue queue comme il se doit.<br \/><br \/>Une grosse vingtaine d\u2019oiseaux vus ou entendus (parfois juste un tambourinement de Pic \u00e9peiche ou le miaulement d\u2019une Buse).<br \/><br \/>Charmante sortie sous un soleil d\u2019automne bienveillant. A renouveler !<br \/><br \/>Christine<\/p>\n","protected":false},"excerpt":{"rendered":"","protected":false},"author":117,"featured_media":6525,"comment_status":"open","ping_status":"open","sticky":false,"template":"","format":"standard","meta":{"footnotes":""},"categories":[1],"tags":[],"class_list":["post-6521","post","type-post","status-publish","format-standard","has-post-thumbnail","hentry","category-actualites-generales"],"jetpack_featured_media_url":"https:\/\/paca.lpo.fr\/blogs\/hyeres-les-maures\/files\/2022\/10\/image-3.jpg","_links":{"self":[{"href":"https:\/\/paca.lpo.fr\/blogs\/hyeres-les-maures\/wp-json\/wp\/v2\/posts\/6521","targetHints":{"allow":["GET"]}}],"collection":[{"href":"https:\/\/paca.lpo.fr\/blogs\/hyeres-les-maures\/wp-json\/wp\/v2\/posts"}],"about":[{"href":"https:\/\/paca.lpo.fr\/blogs\/hyeres-les-maures\/wp-json\/wp\/v2\/types\/post"}],"author":[{"embeddable":true,"href":"https:\/\/paca.lpo.fr\/blogs\/hyeres-les-maures\/wp-json\/wp\/v2\/users\/117"}],"replies":[{"embeddable":true,"href":"https:\/\/paca.lpo.fr\/blogs\/hyeres-les-maures\/wp-json\/wp\/v2\/comments?post=6521"}],"version-history":[{"count":4,"href":"https:\/\/paca.lpo.fr\/blogs\/hyeres-les-maures\/wp-json\/wp\/v2\/posts\/6521\/revisions"}],"predecessor-version":[{"id":6528,"href":"https:\/\/paca.lpo.fr\/blogs\/hyeres-les-maures\/wp-json\/wp\/v2\/posts\/6521\/revisions\/6528"}],"wp:featuredmedia":[{"embeddable":true,"href":"https:\/\/paca.lpo.fr\/blogs\/hyeres-les-maures\/wp-json\/wp\/v2\/media\/6525"}],"wp:attachment":[{"href":"https:\/\/paca.lpo.fr\/blogs\/hyeres-les-maures\/wp-json\/wp\/v2\/media?parent=6521"}],"wp:term":[{"taxonomy":"category","embeddable":true,"href":"https:\/\/paca.lpo.fr\/blogs\/hyeres-les-maures\/wp-json\/wp\/v2\/categories?post=6521"},{"taxonomy":"post_tag","embeddable":true,"href":"https:\/\/paca.lpo.fr\/blogs\/hyeres-les-maures\/wp-json\/wp\/v2\/tags?post=6521"}],"curies":[{"name":"wp","href":"https:\/\/api.w.org\/{rel}","templated":true}]}}