{"id":6664,"date":"2022-11-29T18:34:59","date_gmt":"2022-11-29T17:34:59","guid":{"rendered":"http:\/\/paca.lpo.fr\/blogs\/hyeres-les-maures\/?p=6664"},"modified":"2022-12-01T15:57:00","modified_gmt":"2022-12-01T14:57:00","slug":"nature-en-ville","status":"publish","type":"post","link":"https:\/\/paca.lpo.fr\/blogs\/hyeres-les-maures\/2022\/11\/29\/nature-en-ville\/","title":{"rendered":"nature en ville"},"content":{"rendered":"\n<p><\/p>\n\n\n\n<p>Samedi 26 novembre, ils sont venus de Paris, Nice, Marseille et m\u00eame de Hy\u00e8res pour une visite de la zone humide de la Lieurette, Roubaud et la Bascule<\/p>\n<p><img loading=\"lazy\" decoding=\"async\" class=\"aligncenter size-full wp-image-6699\" src=\"https:\/\/paca.lpo.fr\/blogs\/hyeres-les-maures\/files\/2022\/11\/dsc02384.jpg\" alt=\"\" width=\"627\" height=\"418\"><\/p>\n<p>&nbsp;<\/p>\n<p><img loading=\"lazy\" decoding=\"async\" class=\"aligncenter size-full wp-image-6700\" src=\"https:\/\/paca.lpo.fr\/blogs\/hyeres-les-maures\/files\/2022\/11\/dsc02388.jpg\" alt=\"\" width=\"627\" height=\"418\"><\/p>\n<p>pour voir<img loading=\"lazy\" decoding=\"async\" class=\"aligncenter size-full wp-image-6701\" src=\"https:\/\/paca.lpo.fr\/blogs\/hyeres-les-maures\/files\/2022\/11\/dsc02387.jpg\" alt=\"\" width=\"598\" height=\"451\"><\/p>\n<p>&nbsp;<\/p>\n<p>et<img loading=\"lazy\" decoding=\"async\" class=\"aligncenter size-full wp-image-6702\" src=\"https:\/\/paca.lpo.fr\/blogs\/hyeres-les-maures\/files\/2022\/11\/dsc02395.jpg\" alt=\"\" width=\"627\" height=\"418\"><\/p>\n<p>Joseph est oblig\u00e9 de r\u00e9parer le pont-levis que quelqu&rsquo;un a essay\u00e9 d&rsquo;utiliser sans en conna\u00eetre le m\u00e9canisme<\/p>\n<p><img loading=\"lazy\" decoding=\"async\" class=\"aligncenter size-medium wp-image-6703\" src=\"https:\/\/paca.lpo.fr\/blogs\/hyeres-les-maures\/files\/2022\/11\/dsc02397-768x511.jpg\" alt=\"\" width=\"768\" height=\"511\" srcset=\"https:\/\/paca.lpo.fr\/blogs\/hyeres-les-maures\/files\/2022\/11\/dsc02397-768x511.jpg 768w, https:\/\/paca.lpo.fr\/blogs\/hyeres-les-maures\/files\/2022\/11\/dsc02397.jpg 1024w\" sizes=\"auto, (max-width: 768px) 100vw, 768px\" \/><\/p>\n<p>&nbsp;<\/p>\n<p>on peut continuer<img loading=\"lazy\" decoding=\"async\" class=\"aligncenter size-full wp-image-6704\" src=\"https:\/\/paca.lpo.fr\/blogs\/hyeres-les-maures\/files\/2022\/11\/dsc02403.jpg\" alt=\"\" width=\"627\" height=\"418\"><\/p>\n<p>&nbsp;<\/p>\n<p>un h\u00e9ron garde boeuf est de passage<img loading=\"lazy\" decoding=\"async\" class=\"aligncenter size-medium wp-image-6705\" src=\"https:\/\/paca.lpo.fr\/blogs\/hyeres-les-maures\/files\/2022\/11\/dsc02410-768x688.jpg\" alt=\"\" width=\"768\" height=\"688\" srcset=\"https:\/\/paca.lpo.fr\/blogs\/hyeres-les-maures\/files\/2022\/11\/dsc02410-768x688.jpg 768w, https:\/\/paca.lpo.fr\/blogs\/hyeres-les-maures\/files\/2022\/11\/dsc02410.jpg 1003w\" sizes=\"auto, (max-width: 768px) 100vw, 768px\" \/><\/p>\n<p>&nbsp;<\/p>\n<p>il trouve o\u00f9 se poser<img loading=\"lazy\" decoding=\"async\" class=\"aligncenter size-full wp-image-6706\" src=\"https:\/\/paca.lpo.fr\/blogs\/hyeres-les-maures\/files\/2022\/11\/dsc02395-1.jpg\" alt=\"\" width=\"627\" height=\"418\"><\/p>\n\n\n\n\n\n<p>point d&rsquo;observation<img loading=\"lazy\" decoding=\"async\" class=\"aligncenter size-full wp-image-6707\" src=\"https:\/\/paca.lpo.fr\/blogs\/hyeres-les-maures\/files\/2022\/11\/dsc02412.jpg\" alt=\"\" width=\"627\" height=\"418\"><\/p>\n\n\n\n<p>les oiseaux observ\u00e9s par Patrick Nogret<\/p>\n<ul>\n<li>\n<p>Impasse des Cardamines<\/p>\n<\/li>\n<\/ul>\n<p>20 Choucas des Tours EV (en vol)<\/p>\n<p>3 Canards Col Vert EV<\/p>\n<p>1 Bouscarle de Cetti CH (chant)<\/p>\n<p>1 Etourneau Sansonnet CH<\/p>\n<p>1 Pie Bavarde CH<\/p>\n<p>1 M\u00e9sange Charbonni\u00e8re CH<\/p>\n<p>1 Fauvette M\u00e9lanoc\u00e9phale CH<\/p>\n<p>10 pigeons Ramiers PO (pos\u00e9)<\/p>\n<p>1 Rougequeue Noir PO<\/p>\n<p>1 Pic Vert CH<\/p>\n<p>1 troglodyte mignon (vu par Marc=<\/p>\n<ul>\n<li>\n<p>Etang de la Lieurette<\/p>\n<\/li>\n<\/ul>\n<p>5 Canards Col Vert NA (nagent)<\/p>\n<p>2 Sarcelles d\u2019Hiver NA<\/p>\n<p>11 Chevaux Camarguais NO<\/p>\n<p>3 H\u00e9rons Garde B\u0153uf PO<\/p>\n<p>1 Pinson des Arbres CH<\/p>\n<p>1 Rougegorge Familier PO<\/p>\n<p>1 Martin P\u00eacheur EV<\/p>\n<ul>\n<li>\n<p>Chemin du Roubaud<\/p>\n<\/li>\n<\/ul>\n<p>2 Bergeronnettes des Ruisseaux PO\/ NO<\/p>\n<p>1 Bergeronnette Grise PO\/NO<\/p>\n<p>6 Canards Col Vert (4M, 2F)<\/p>\n<p>1 Galinule Poule d\u2019Eau<\/p>\n<p>1 Foulque Macroule<\/p>\n<p>1 Epervier d\u2019Europe EV<\/p>\n<p>1 Bouscarle de Cetti CH<\/p>\n<ul>\n<li>\n<p>Embouchure de la Sauvette et du Roubaud<\/p>\n<\/li>\n<\/ul>\n<p>1 Bergeronnette des Ruisseaux NO<\/p>\n<p>1 Martin P\u00eacheur EV<\/p>\n<p>2 Buses Variables EV<\/p>\n<p>4 Canards Col Vert<\/p>\n<p>2 Rougequeue Noirs<\/p>\n<p>1 Tarier P\u00e2tre Femelle<\/p>\n<p>Observations du samedi 26 novembre 2022<\/p>\n<ul>\n<li>\n<p>Impasse des Cardamines<\/p>\n<\/li>\n<\/ul>\n<p>20 Choucas des Tours EV (en vol)<\/p>\n<p>3 Canards Col Vert EV<\/p>\n<p>1 Bouscarle de Cetti CH (chant)<\/p>\n<p>1 Etourneau Sansonnet CH<\/p>\n<p>1 Pie Bavarde CH<\/p>\n<p>1 M\u00e9sange Charbonni\u00e8re CH<\/p>\n<p>1 Fauvette M\u00e9lanoc\u00e9phale CH<\/p>\n<p>10 pigeons Ramiers PO (pos\u00e9)<\/p>\n<p>1 Rougequeue Noir PO<\/p>\n<p>1 Pic Vert CH<\/p>\n<ul>\n<li>\n<p>Etang de la Lieurette<\/p>\n<\/li>\n<\/ul>\n<p>5 Canards Col Vert NA (nagent)<\/p>\n<p>2 Sarcelles d\u2019Hiver NA<\/p>\n<p>11 Chevaux Camargais NO<\/p>\n<p>3 H\u00e9rons Garde B\u0153uf PO<\/p>\n<p>1 Pinson des Arbres CH<\/p>\n<p>1 Rougegorge Familier PO<\/p>\n<p>1 Martin P\u00eacheur EV<\/p>\n<ul>\n<li>\n<p>Chemin du Roubaud<\/p>\n<\/li>\n<\/ul>\n<p>2 Bergeronnettes des Ruisseaux PO\/ NO<\/p>\n<p>1 Bergeronnette Grise PO\/NO<\/p>\n<p>6 Canards Col Vert (4M, 2F)<\/p>\n<p>1 Gallinule Poule d\u2019Eau<\/p>\n<p>1 Foulque Macroule<\/p>\n<p>1 Epervier d\u2019Europe EV<\/p>\n<p>1 Bouscarle de Cetti CH<\/p>\n<ul>\n<li>\n<p>Embouchure de la Sauvette et du Roubaud<\/p>\n<\/li>\n<\/ul>\n<p>1 Bergeronnette des Ruisseaux NO<\/p>\n<p>1 Martin P\u00eacheur EV<\/p>\n<p>2 Buses Variables EV<\/p>\n<p>4 Canards Col Vert<\/p>\n<p>2 Rougequeue Noirs<\/p>\n<p>1 Tarier P\u00e2tre Femelle<\/p>\n\n\n\n<figure class=\"wp-block-image size-full\"><img loading=\"lazy\" decoding=\"async\" width=\"576\" height=\"454\" src=\"https:\/\/paca.lpo.fr\/blogs\/hyeres-les-maures\/files\/2022\/12\/becassin.jpg\" alt=\"\" class=\"wp-image-6720\" \/><\/figure>\n","protected":false},"excerpt":{"rendered":"","protected":false},"author":117,"featured_media":6696,"comment_status":"open","ping_status":"open","sticky":false,"template":"","format":"standard","meta":{"footnotes":""},"categories":[1],"tags":[],"class_list":["post-6664","post","type-post","status-publish","format-standard","has-post-thumbnail","hentry","category-actualites-generales"],"jetpack_featured_media_url":"https:\/\/paca.lpo.fr\/blogs\/hyeres-les-maures\/files\/2022\/11\/dsc02413.jpg","_links":{"self":[{"href":"https:\/\/paca.lpo.fr\/blogs\/hyeres-les-maures\/wp-json\/wp\/v2\/posts\/6664","targetHints":{"allow":["GET"]}}],"collection":[{"href":"https:\/\/paca.lpo.fr\/blogs\/hyeres-les-maures\/wp-json\/wp\/v2\/posts"}],"about":[{"href":"https:\/\/paca.lpo.fr\/blogs\/hyeres-les-maures\/wp-json\/wp\/v2\/types\/post"}],"author":[{"embeddable":true,"href":"https:\/\/paca.lpo.fr\/blogs\/hyeres-les-maures\/wp-json\/wp\/v2\/users\/117"}],"replies":[{"embeddable":true,"href":"https:\/\/paca.lpo.fr\/blogs\/hyeres-les-maures\/wp-json\/wp\/v2\/comments?post=6664"}],"version-history":[{"count":4,"href":"https:\/\/paca.lpo.fr\/blogs\/hyeres-les-maures\/wp-json\/wp\/v2\/posts\/6664\/revisions"}],"predecessor-version":[{"id":6721,"href":"https:\/\/paca.lpo.fr\/blogs\/hyeres-les-maures\/wp-json\/wp\/v2\/posts\/6664\/revisions\/6721"}],"wp:featuredmedia":[{"embeddable":true,"href":"https:\/\/paca.lpo.fr\/blogs\/hyeres-les-maures\/wp-json\/wp\/v2\/media\/6696"}],"wp:attachment":[{"href":"https:\/\/paca.lpo.fr\/blogs\/hyeres-les-maures\/wp-json\/wp\/v2\/media?parent=6664"}],"wp:term":[{"taxonomy":"category","embeddable":true,"href":"https:\/\/paca.lpo.fr\/blogs\/hyeres-les-maures\/wp-json\/wp\/v2\/categories?post=6664"},{"taxonomy":"post_tag","embeddable":true,"href":"https:\/\/paca.lpo.fr\/blogs\/hyeres-les-maures\/wp-json\/wp\/v2\/tags?post=6664"}],"curies":[{"name":"wp","href":"https:\/\/api.w.org\/{rel}","templated":true}]}}