{"id":6919,"date":"2023-01-11T18:58:49","date_gmt":"2023-01-11T17:58:49","guid":{"rendered":"https:\/\/paca.lpo.fr\/blogs\/hyeres-les-maures\/?p=6919"},"modified":"2023-01-11T18:58:50","modified_gmt":"2023-01-11T17:58:50","slug":"la-castille-en-janvier","status":"publish","type":"post","link":"https:\/\/paca.lpo.fr\/blogs\/hyeres-les-maures\/2023\/01\/11\/la-castille-en-janvier\/","title":{"rendered":"La castille en janvier"},"content":{"rendered":"\n<p><\/p>\n\n\n\n<div dir=\"ltr\" data-setdir=\"false\">Sortie \u00e0 la Castille le mercredi 11 janvier<\/div>\n<div dir=\"ltr\">\u00a0<\/div>\n<div dir=\"ltr\">Ma derni\u00e8re parution ayant \u00e9t\u00e9 un peu borderline, je vais \u00e9dulcorer ma prose afin de la rendre plus douce. Cela m&rsquo;\u00e9vitera de me retrouver \u00e0\u00a0 me faire flageller \u00e0 la prison d&rsquo;Alcatraz moi aussi..<\/div>\n<div dir=\"ltr\" data-setdir=\"false\">Bref une sortie propos\u00e9e par Christine avec un casting de folie. Ir\u00e8ne, Christophe, Joseph, Pierre et ego.<\/div>\n<div dir=\"ltr\" data-setdir=\"false\">La partie musicale a \u00e9t\u00e9 assur\u00e9e par des Chardonnerets, M\u00e9sanges bleues et charbonni\u00e8res, bruant proyer, pipit farlouse et autre piafs en tout genre.<img loading=\"lazy\" decoding=\"async\" class=\"aligncenter size-medium wp-image-6974\" src=\"https:\/\/paca.lpo.fr\/blogs\/hyeres-les-maures\/files\/2023\/01\/dscn6512-768x576.jpg\" alt=\"\" width=\"768\" height=\"576\" srcset=\"https:\/\/paca.lpo.fr\/blogs\/hyeres-les-maures\/files\/2023\/01\/dscn6512-768x576.jpg 768w, https:\/\/paca.lpo.fr\/blogs\/hyeres-les-maures\/files\/2023\/01\/dscn6512.jpg 1024w\" sizes=\"auto, (max-width: 768px) 100vw, 768px\" \/><\/div>\n<div dir=\"ltr\" data-setdir=\"false\">\u00a0<\/div>\n<div dir=\"ltr\" data-setdir=\"false\"><img loading=\"lazy\" decoding=\"async\" class=\"aligncenter size-medium wp-image-6975\" src=\"https:\/\/paca.lpo.fr\/blogs\/hyeres-les-maures\/files\/2023\/01\/dscn6513-768x576.jpg\" alt=\"\" width=\"768\" height=\"576\" srcset=\"https:\/\/paca.lpo.fr\/blogs\/hyeres-les-maures\/files\/2023\/01\/dscn6513-768x576.jpg 768w, https:\/\/paca.lpo.fr\/blogs\/hyeres-les-maures\/files\/2023\/01\/dscn6513.jpg 1024w\" sizes=\"auto, (max-width: 768px) 100vw, 768px\" \/><\/div>\n<div dir=\"ltr\" data-setdir=\"false\">Ir\u00e8ne a partager ses connaissances ornithologiques avec nous et si j&rsquo;ai bien tout compris le bruant proyer imite en volant le cri d&rsquo;un fil \u00e9lectrique???.<\/div>\n<div dir=\"ltr\" data-setdir=\"false\">Un \u00e9cureuil a m\u00eame \u00e9t\u00e9 observ\u00e9, brisant les sempiternelles observation d&rsquo;oiseaux en tout genre.<img loading=\"lazy\" decoding=\"async\" class=\"aligncenter size-medium wp-image-6976\" src=\"https:\/\/paca.lpo.fr\/blogs\/hyeres-les-maures\/files\/2023\/01\/dscn6527-768x576.jpg\" alt=\"\" width=\"768\" height=\"576\" srcset=\"https:\/\/paca.lpo.fr\/blogs\/hyeres-les-maures\/files\/2023\/01\/dscn6527-768x576.jpg 768w, https:\/\/paca.lpo.fr\/blogs\/hyeres-les-maures\/files\/2023\/01\/dscn6527.jpg 1024w\" sizes=\"auto, (max-width: 768px) 100vw, 768px\" \/><\/div>\n<div dir=\"ltr\" data-setdir=\"false\">Nous p\u00fbmes rencontrer une cadre du domaine de la Castille qui nous a expliqu\u00e9 que depuis que les pique-niques, les chiens et les pervers sexuels avait \u00e9t\u00e9 interdits sur le site, celui ci \u00e9t\u00e9 plus propre et plus sur.<\/div>\n<div dir=\"ltr\" data-setdir=\"false\">La visite c&rsquo;est termin\u00e9, par un petit-d\u00e9jeuner pris\u00a0<b>debout bien sur<\/b>\u00a0pour respecter la nouvelle charte du domaine de la Castille o\u00f9 chaises et tables sont d\u00e9sormais prohib\u00e9s.<\/div>\n<div dir=\"ltr\" data-setdir=\"false\">Cette pause nous a permis de compulser le magnifique livre de photos d&rsquo;oiseaux fait par Christophe (disponible sur internet 842 euros aux \u00e9ditions Plomb).<img loading=\"lazy\" decoding=\"async\" class=\"aligncenter size-medium wp-image-6977\" src=\"https:\/\/paca.lpo.fr\/blogs\/hyeres-les-maures\/files\/2023\/01\/dscn6517-768x576.jpg\" alt=\"\" width=\"768\" height=\"576\" srcset=\"https:\/\/paca.lpo.fr\/blogs\/hyeres-les-maures\/files\/2023\/01\/dscn6517-768x576.jpg 768w, https:\/\/paca.lpo.fr\/blogs\/hyeres-les-maures\/files\/2023\/01\/dscn6517.jpg 1024w\" sizes=\"auto, (max-width: 768px) 100vw, 768px\" \/><\/div>\n<div dir=\"ltr\" data-setdir=\"false\">\u00a0<\/div>\n<div dir=\"ltr\" data-setdir=\"false\"><img loading=\"lazy\" decoding=\"async\" class=\"aligncenter size-medium wp-image-6978\" src=\"https:\/\/paca.lpo.fr\/blogs\/hyeres-les-maures\/files\/2023\/01\/dscn6524-768x576.jpg\" alt=\"\" width=\"768\" height=\"576\" srcset=\"https:\/\/paca.lpo.fr\/blogs\/hyeres-les-maures\/files\/2023\/01\/dscn6524-768x576.jpg 768w, https:\/\/paca.lpo.fr\/blogs\/hyeres-les-maures\/files\/2023\/01\/dscn6524.jpg 1024w\" sizes=\"auto, (max-width: 768px) 100vw, 768px\" \/><\/div>\n<div dir=\"ltr\" data-setdir=\"false\">\u00a0<\/div>\n<div dir=\"ltr\" data-setdir=\"false\"><img loading=\"lazy\" decoding=\"async\" class=\"aligncenter size-medium wp-image-6979\" src=\"https:\/\/paca.lpo.fr\/blogs\/hyeres-les-maures\/files\/2023\/01\/dscn6528-768x576.jpg\" alt=\"\" width=\"768\" height=\"576\" srcset=\"https:\/\/paca.lpo.fr\/blogs\/hyeres-les-maures\/files\/2023\/01\/dscn6528-768x576.jpg 768w, https:\/\/paca.lpo.fr\/blogs\/hyeres-les-maures\/files\/2023\/01\/dscn6528.jpg 1024w\" sizes=\"auto, (max-width: 768px) 100vw, 768px\" \/><\/div>\n<div dir=\"ltr\" data-setdir=\"false\">\u00a0<\/div>\n<div dir=\"ltr\" data-setdir=\"false\">\u00a0<\/div>\n<div dir=\"ltr\" data-setdir=\"false\"><img loading=\"lazy\" decoding=\"async\" class=\"aligncenter size-medium wp-image-6980\" src=\"https:\/\/paca.lpo.fr\/blogs\/hyeres-les-maures\/files\/2023\/01\/dscn6533-768x576.jpg\" alt=\"\" width=\"768\" height=\"576\" srcset=\"https:\/\/paca.lpo.fr\/blogs\/hyeres-les-maures\/files\/2023\/01\/dscn6533-768x576.jpg 768w, https:\/\/paca.lpo.fr\/blogs\/hyeres-les-maures\/files\/2023\/01\/dscn6533.jpg 1024w\" sizes=\"auto, (max-width: 768px) 100vw, 768px\" \/><\/div>\n<div dir=\"ltr\" data-setdir=\"false\">\u00a0<\/div>\n<div dir=\"ltr\" data-setdir=\"false\"><img loading=\"lazy\" decoding=\"async\" class=\"aligncenter size-medium wp-image-6981\" src=\"https:\/\/paca.lpo.fr\/blogs\/hyeres-les-maures\/files\/2023\/01\/dscn6536-768x576.jpg\" alt=\"\" width=\"768\" height=\"576\" srcset=\"https:\/\/paca.lpo.fr\/blogs\/hyeres-les-maures\/files\/2023\/01\/dscn6536-768x576.jpg 768w, https:\/\/paca.lpo.fr\/blogs\/hyeres-les-maures\/files\/2023\/01\/dscn6536.jpg 1024w\" sizes=\"auto, (max-width: 768px) 100vw, 768px\" \/><\/div>\n<div dir=\"ltr\" data-setdir=\"false\">Potins divers.<\/div>\n<div dir=\"ltr\" data-setdir=\"false\">C&rsquo;est Christophe qui a eu la f\u00e8ve.<\/div>\n<div dir=\"ltr\" data-setdir=\"false\">La liste compl\u00e8te des oiseaux vus lors de cette sortie est visible sur\u00a0<a class=\"enhancr_card_3694290128\" href=\"https:\/\/www.faune-paca.org\/index.php?m_id=94&amp;p_c=places&amp;p_cc=-&amp;sp_tg=1&amp;sp_DFrom=11.01.2023&amp;sp_DTo=11.01.2023&amp;sp_DSeasonFromDay=1&amp;sp_DSeasonFromMonth=1&amp;sp_DSeasonToDay=31&amp;sp_DSeasonToMonth=12&amp;sp_DChoice=offset&amp;sp_DOffset=5&amp;sp_SChoice=all&amp;speciesFilter=&amp;sp_S=462&amp;sp_Cat%5Bnever%5D=1&amp;sp_Cat%5Bveryrare%5D=1&amp;sp_Cat%5Brare%5D=1&amp;sp_Cat%5Bunusual%5D=1&amp;sp_Cat%5Bescaped%5D=1&amp;sp_Cat%5Bcommon%5D=1&amp;sp_Cat%5Bverycommon%5D=1&amp;sp_Family=1&amp;sp_cC=0001010&amp;sp_PChoice=commune&amp;sp_CommuneCounty=84&amp;sp_Commune=33972&amp;sp_Info=&amp;sp_P=0&amp;sp_Grid_Info=&amp;sp_Polygon=&amp;sp_PolygonSaveName=&amp;sp_AltitudeFrom=-12&amp;sp_AltitudeTo=4200&amp;sp_CommentValue=&amp;sp_OnlyAH=0&amp;sp_Ats=-00000&amp;sp_FChoice=list&amp;sp_FDisplay=DATE_PLACE_SPECIES&amp;sp_DFormat=DESC&amp;sp_FOrderListSpecies=ALPHA&amp;sp_FListSpeciesChoice=DATA&amp;sp_DateSynth=11.01.2023&amp;sp_FOrderSynth=ALPHA&amp;sp_FGraphChoice=DATA&amp;sp_FGraphFormat=auto&amp;sp_FAltScale=250&amp;sp_FAltChoice=DATA&amp;sp_FMapFormat=none&amp;submit=Chercher\" target=\"_blank\" rel=\"nofollow noopener\">R\u00e9sultat de la recherche &#8211; www.faune-paca.org<\/a><\/div>\n","protected":false},"excerpt":{"rendered":"","protected":false},"author":117,"featured_media":6972,"comment_status":"open","ping_status":"open","sticky":false,"template":"","format":"standard","meta":{"footnotes":""},"categories":[1],"tags":[],"class_list":["post-6919","post","type-post","status-publish","format-standard","has-post-thumbnail","hentry","category-actualites-generales"],"jetpack_featured_media_url":"https:\/\/paca.lpo.fr\/blogs\/hyeres-les-maures\/files\/2023\/01\/dscn6529.jpg","_links":{"self":[{"href":"https:\/\/paca.lpo.fr\/blogs\/hyeres-les-maures\/wp-json\/wp\/v2\/posts\/6919","targetHints":{"allow":["GET"]}}],"collection":[{"href":"https:\/\/paca.lpo.fr\/blogs\/hyeres-les-maures\/wp-json\/wp\/v2\/posts"}],"about":[{"href":"https:\/\/paca.lpo.fr\/blogs\/hyeres-les-maures\/wp-json\/wp\/v2\/types\/post"}],"author":[{"embeddable":true,"href":"https:\/\/paca.lpo.fr\/blogs\/hyeres-les-maures\/wp-json\/wp\/v2\/users\/117"}],"replies":[{"embeddable":true,"href":"https:\/\/paca.lpo.fr\/blogs\/hyeres-les-maures\/wp-json\/wp\/v2\/comments?post=6919"}],"version-history":[{"count":3,"href":"https:\/\/paca.lpo.fr\/blogs\/hyeres-les-maures\/wp-json\/wp\/v2\/posts\/6919\/revisions"}],"predecessor-version":[{"id":6982,"href":"https:\/\/paca.lpo.fr\/blogs\/hyeres-les-maures\/wp-json\/wp\/v2\/posts\/6919\/revisions\/6982"}],"wp:featuredmedia":[{"embeddable":true,"href":"https:\/\/paca.lpo.fr\/blogs\/hyeres-les-maures\/wp-json\/wp\/v2\/media\/6972"}],"wp:attachment":[{"href":"https:\/\/paca.lpo.fr\/blogs\/hyeres-les-maures\/wp-json\/wp\/v2\/media?parent=6919"}],"wp:term":[{"taxonomy":"category","embeddable":true,"href":"https:\/\/paca.lpo.fr\/blogs\/hyeres-les-maures\/wp-json\/wp\/v2\/categories?post=6919"},{"taxonomy":"post_tag","embeddable":true,"href":"https:\/\/paca.lpo.fr\/blogs\/hyeres-les-maures\/wp-json\/wp\/v2\/tags?post=6919"}],"curies":[{"name":"wp","href":"https:\/\/api.w.org\/{rel}","templated":true}]}}