{"id":7003,"date":"2023-01-23T17:44:27","date_gmt":"2023-01-23T16:44:27","guid":{"rendered":"https:\/\/paca.lpo.fr\/blogs\/hyeres-les-maures\/?p=7003"},"modified":"2023-01-23T17:44:29","modified_gmt":"2023-01-23T16:44:29","slug":"jeudi-de-christine-3","status":"publish","type":"post","link":"https:\/\/paca.lpo.fr\/blogs\/hyeres-les-maures\/2023\/01\/23\/jeudi-de-christine-3\/","title":{"rendered":"jeudi de Christine"},"content":{"rendered":"\n<p><\/p>\n\n\n\n<p>Jeudi 19 janvier Christine nous donne rendez-vous au Plan du Pont<\/p>\n<p><img loading=\"lazy\" decoding=\"async\" class=\"aligncenter size-full wp-image-7064\" src=\"https:\/\/paca.lpo.fr\/blogs\/hyeres-les-maures\/files\/2023\/01\/dscn5693.jpg\" alt=\"\" width=\"591\" height=\"443\" \/><\/p>\n<p>pour pas se perdre on suit le bonnet blanc<img loading=\"lazy\" decoding=\"async\" class=\"aligncenter size-full wp-image-7065\" src=\"https:\/\/paca.lpo.fr\/blogs\/hyeres-les-maures\/files\/2023\/01\/dscn5694.jpg\" alt=\"\" width=\"591\" height=\"443\" \/><\/p>\n<p>d\u00e8s le d\u00e9but nous apercevons deux bruants zizis, un peu plus loin une cinquantaine de pinsons des arbres auxquels se m\u00ealent des serins cinis<\/p>\n<p><img loading=\"lazy\" decoding=\"async\" class=\"aligncenter size-medium wp-image-7050\" src=\"https:\/\/paca.lpo.fr\/blogs\/hyeres-les-maures\/files\/2023\/01\/dsc04398-598x768.jpg\" alt=\"\" width=\"598\" height=\"768\" srcset=\"https:\/\/paca.lpo.fr\/blogs\/hyeres-les-maures\/files\/2023\/01\/dsc04398-598x768.jpg 598w, https:\/\/paca.lpo.fr\/blogs\/hyeres-les-maures\/files\/2023\/01\/dsc04398-768x987.jpg 768w, https:\/\/paca.lpo.fr\/blogs\/hyeres-les-maures\/files\/2023\/01\/dsc04398.jpg 797w\" sizes=\"auto, (max-width: 598px) 100vw, 598px\" \/><\/p>\n<p><img loading=\"lazy\" decoding=\"async\" class=\"aligncenter size-medium wp-image-7051\" src=\"https:\/\/paca.lpo.fr\/blogs\/hyeres-les-maures\/files\/2023\/01\/dsc04408-768x639.jpg\" alt=\"\" width=\"768\" height=\"639\" srcset=\"https:\/\/paca.lpo.fr\/blogs\/hyeres-les-maures\/files\/2023\/01\/dsc04408-768x639.jpg 768w, https:\/\/paca.lpo.fr\/blogs\/hyeres-les-maures\/files\/2023\/01\/dsc04408.jpg 933w\" sizes=\"auto, (max-width: 768px) 100vw, 768px\" \/><\/p>\n<p><img loading=\"lazy\" decoding=\"async\" class=\"aligncenter size-full wp-image-7056\" src=\"https:\/\/paca.lpo.fr\/blogs\/hyeres-les-maures\/files\/2023\/01\/dscn5700.jpg\" alt=\"\" width=\"683\" height=\"758\" \/><\/p>\n<p>\u00a0<\/p>\n<p>une fauvette \u00e0 t\u00eate noire<\/p>\n<p><img loading=\"lazy\" decoding=\"async\" class=\"aligncenter size-medium wp-image-7052\" src=\"https:\/\/paca.lpo.fr\/blogs\/hyeres-les-maures\/files\/2023\/01\/dsc04412-768x679.jpg\" alt=\"\" width=\"768\" height=\"679\" srcset=\"https:\/\/paca.lpo.fr\/blogs\/hyeres-les-maures\/files\/2023\/01\/dsc04412-768x679.jpg 768w, https:\/\/paca.lpo.fr\/blogs\/hyeres-les-maures\/files\/2023\/01\/dsc04412.jpg 1024w\" sizes=\"auto, (max-width: 768px) 100vw, 768px\" \/><\/p>\n<p>une m\u00e9sange charbonni\u00e8re<\/p>\n<p><img loading=\"lazy\" decoding=\"async\" class=\"aligncenter size-medium wp-image-7048\" src=\"https:\/\/paca.lpo.fr\/blogs\/hyeres-les-maures\/files\/2023\/01\/dsc04391-753x768.jpg\" alt=\"\" width=\"753\" height=\"768\" srcset=\"https:\/\/paca.lpo.fr\/blogs\/hyeres-les-maures\/files\/2023\/01\/dsc04391-753x768.jpg 753w, https:\/\/paca.lpo.fr\/blogs\/hyeres-les-maures\/files\/2023\/01\/dsc04391-768x783.jpg 768w, https:\/\/paca.lpo.fr\/blogs\/hyeres-les-maures\/files\/2023\/01\/dsc04391.jpg 801w\" sizes=\"auto, (max-width: 753px) 100vw, 753px\" \/><\/p>\n<p>un tarier p\u00e2tre qui prend la fuite<\/p>\n<p><img loading=\"lazy\" decoding=\"async\" class=\"aligncenter size-medium wp-image-7049\" src=\"https:\/\/paca.lpo.fr\/blogs\/hyeres-les-maures\/files\/2023\/01\/dsc04396-768x742.jpg\" alt=\"\" width=\"768\" height=\"742\" srcset=\"https:\/\/paca.lpo.fr\/blogs\/hyeres-les-maures\/files\/2023\/01\/dsc04396-768x742.jpg 768w, https:\/\/paca.lpo.fr\/blogs\/hyeres-les-maures\/files\/2023\/01\/dsc04396.jpg 1024w\" sizes=\"auto, (max-width: 768px) 100vw, 768px\" \/><\/p>\n<p>on poursuit la balade<img loading=\"lazy\" decoding=\"async\" class=\"aligncenter size-full wp-image-7054\" src=\"https:\/\/paca.lpo.fr\/blogs\/hyeres-les-maures\/files\/2023\/01\/dsc04423.jpg\" alt=\"\" width=\"627\" height=\"418\" \/><\/p>\n<p>Une retardataire <img loading=\"lazy\" decoding=\"async\" class=\"aligncenter size-full wp-image-7055\" src=\"https:\/\/paca.lpo.fr\/blogs\/hyeres-les-maures\/files\/2023\/01\/dscn5702.jpg\" alt=\"\" width=\"591\" height=\"443\" \/><\/p>\n\n\n\n<figure class=\"wp-block-image size-full\"><img loading=\"lazy\" decoding=\"async\" width=\"659\" height=\"494\" src=\"https:\/\/paca.lpo.fr\/blogs\/hyeres-les-maures\/files\/2023\/01\/dsc04416.jpg\" alt=\"\" class=\"wp-image-7058\" \/><figcaption class=\"wp-element-caption\">une buse variable<\/figcaption><\/figure>\n\n\n\n<p>un petit tour au frais<img loading=\"lazy\" decoding=\"async\" class=\"aligncenter size-full wp-image-7059\" src=\"https:\/\/paca.lpo.fr\/blogs\/hyeres-les-maures\/files\/2023\/01\/dsc04427.jpg\" alt=\"\" width=\"627\" height=\"418\" \/><\/p>\n\n\n\n<p>Quelques plantes et champignon<img loading=\"lazy\" decoding=\"async\" class=\"aligncenter size-full wp-image-7060\" src=\"https:\/\/paca.lpo.fr\/blogs\/hyeres-les-maures\/files\/2023\/01\/dsc04425.jpg\" alt=\"\" width=\"627\" height=\"418\" \/><\/p>\n<p><img loading=\"lazy\" decoding=\"async\" class=\"aligncenter size-full wp-image-7061\" src=\"https:\/\/paca.lpo.fr\/blogs\/hyeres-les-maures\/files\/2023\/01\/dsc04431.jpg\" alt=\"\" width=\"627\" height=\"418\" \/><\/p>\n<p>\u00a0<\/p>\n<p><img loading=\"lazy\" decoding=\"async\" class=\"aligncenter size-full wp-image-7062\" src=\"https:\/\/paca.lpo.fr\/blogs\/hyeres-les-maures\/files\/2023\/01\/dsc04429.jpg\" alt=\"\" width=\"627\" height=\"418\" \/><\/p>\n<p>\u00a0<\/p>\n<p><img loading=\"lazy\" decoding=\"async\" class=\"aligncenter size-full wp-image-7063\" src=\"https:\/\/paca.lpo.fr\/blogs\/hyeres-les-maures\/files\/2023\/01\/dsc04430.jpg\" alt=\"\" width=\"627\" height=\"418\" \/><\/p>\n<p>\u00a0<\/p>\n<p>il est temps de partir<img loading=\"lazy\" decoding=\"async\" class=\"aligncenter size-full wp-image-7068\" src=\"https:\/\/paca.lpo.fr\/blogs\/hyeres-les-maures\/files\/2023\/01\/dsc04434.jpg\" alt=\"\" width=\"627\" height=\"418\" \/><\/p>\n<p>\u00a0<\/p>\n","protected":false},"excerpt":{"rendered":"","protected":false},"author":117,"featured_media":7046,"comment_status":"open","ping_status":"open","sticky":false,"template":"","format":"standard","meta":{"footnotes":""},"categories":[1],"tags":[],"class_list":["post-7003","post","type-post","status-publish","format-standard","has-post-thumbnail","hentry","category-actualites-generales"],"jetpack_featured_media_url":"https:\/\/paca.lpo.fr\/blogs\/hyeres-les-maures\/files\/2023\/01\/dsc04397.jpg","_links":{"self":[{"href":"https:\/\/paca.lpo.fr\/blogs\/hyeres-les-maures\/wp-json\/wp\/v2\/posts\/7003","targetHints":{"allow":["GET"]}}],"collection":[{"href":"https:\/\/paca.lpo.fr\/blogs\/hyeres-les-maures\/wp-json\/wp\/v2\/posts"}],"about":[{"href":"https:\/\/paca.lpo.fr\/blogs\/hyeres-les-maures\/wp-json\/wp\/v2\/types\/post"}],"author":[{"embeddable":true,"href":"https:\/\/paca.lpo.fr\/blogs\/hyeres-les-maures\/wp-json\/wp\/v2\/users\/117"}],"replies":[{"embeddable":true,"href":"https:\/\/paca.lpo.fr\/blogs\/hyeres-les-maures\/wp-json\/wp\/v2\/comments?post=7003"}],"version-history":[{"count":4,"href":"https:\/\/paca.lpo.fr\/blogs\/hyeres-les-maures\/wp-json\/wp\/v2\/posts\/7003\/revisions"}],"predecessor-version":[{"id":7069,"href":"https:\/\/paca.lpo.fr\/blogs\/hyeres-les-maures\/wp-json\/wp\/v2\/posts\/7003\/revisions\/7069"}],"wp:featuredmedia":[{"embeddable":true,"href":"https:\/\/paca.lpo.fr\/blogs\/hyeres-les-maures\/wp-json\/wp\/v2\/media\/7046"}],"wp:attachment":[{"href":"https:\/\/paca.lpo.fr\/blogs\/hyeres-les-maures\/wp-json\/wp\/v2\/media?parent=7003"}],"wp:term":[{"taxonomy":"category","embeddable":true,"href":"https:\/\/paca.lpo.fr\/blogs\/hyeres-les-maures\/wp-json\/wp\/v2\/categories?post=7003"},{"taxonomy":"post_tag","embeddable":true,"href":"https:\/\/paca.lpo.fr\/blogs\/hyeres-les-maures\/wp-json\/wp\/v2\/tags?post=7003"}],"curies":[{"name":"wp","href":"https:\/\/api.w.org\/{rel}","templated":true}]}}