{"id":7185,"date":"2023-02-11T20:09:39","date_gmt":"2023-02-11T19:09:39","guid":{"rendered":"https:\/\/paca.lpo.fr\/blogs\/hyeres-les-maures\/?p=7185"},"modified":"2023-02-11T20:09:40","modified_gmt":"2023-02-11T19:09:40","slug":"sortie-publique-lieurette","status":"publish","type":"post","link":"https:\/\/paca.lpo.fr\/blogs\/hyeres-les-maures\/2023\/02\/11\/sortie-publique-lieurette\/","title":{"rendered":"sortie publique Lieurette"},"content":{"rendered":"\n<p>Samedi 11 janvier 2023<\/p>\n\n\n\n<p>Treize personnes se sont press\u00e9es \u00e0 la Lieurette pour d\u00e9couvrir le site en compagnie de Uncle Jo (seph). <br>Celui \u00e9tait efficcacement (faite gaffe il y a un c en trop) second\u00e9 par Sylvia, Marc, Pierre (pas celui d&rsquo;Ir\u00e8ne mais l&rsquo;autre) et les deux jeunes Gilles et Benoit.<br>La visite commen\u00e7a dans le givre pour s&rsquo;achever en pleine chaleur \u00e0 midi.<\/p>\n\n\n\n<figure class=\"wp-block-image size-full\"><img loading=\"lazy\" decoding=\"async\" width=\"627\" height=\"418\" src=\"https:\/\/paca.lpo.fr\/blogs\/hyeres-les-maures\/files\/2023\/02\/dsc06003.jpg\" alt=\"\" class=\"wp-image-7214\" \/><\/figure>\n\n\n\n\n\n<p><img loading=\"lazy\" decoding=\"async\" class=\"aligncenter size-full wp-image-7215\" src=\"https:\/\/paca.lpo.fr\/blogs\/hyeres-les-maures\/files\/2023\/02\/dsc06005.jpg\" alt=\"\" width=\"627\" height=\"418\" \/><\/p>\n<p>\u00a0<\/p>\n\n\n\n<figure class=\"wp-block-image size-full\"><img loading=\"lazy\" decoding=\"async\" width=\"575\" height=\"455\" src=\"https:\/\/paca.lpo.fr\/blogs\/hyeres-les-maures\/files\/2023\/02\/dscn0770.jpg\" alt=\"\" class=\"wp-image-7222\" \/><\/figure>\n\n\n\n<figure class=\"wp-block-image size-full\"><img loading=\"lazy\" decoding=\"async\" width=\"627\" height=\"418\" src=\"https:\/\/paca.lpo.fr\/blogs\/hyeres-les-maures\/files\/2023\/02\/dsc06027.jpg\" alt=\"\" class=\"wp-image-7223\" \/><\/figure>\n\n\n\n<figure class=\"wp-block-image size-full\"><img loading=\"lazy\" decoding=\"async\" width=\"627\" height=\"418\" src=\"https:\/\/paca.lpo.fr\/blogs\/hyeres-les-maures\/files\/2023\/02\/dsc06073.jpg\" alt=\"\" class=\"wp-image-7224\" \/><\/figure>\n\n\n\n<figure class=\"wp-block-image size-full\"><img loading=\"lazy\" decoding=\"async\" width=\"591\" height=\"443\" src=\"https:\/\/paca.lpo.fr\/blogs\/hyeres-les-maures\/files\/2023\/02\/dscn0750.jpg\" alt=\"\" class=\"wp-image-7225\" \/><\/figure>\n\n\n\n<p><br>Ont \u00e9t\u00e9 vus, en r\u00e9sum\u00e9, des Ibis falcinelles, des canards colvert, des anards (j&rsquo;ai enlev\u00e9 un c pour rattraper l&rsquo;exc\u00e9dent de c pr\u00e9c\u00e9demment cr\u00e9\u00e9.) souchets, des sarcelles d&rsquo;hiver, des chardonnerets, des accenteurs mouchets,<\/p>\n\n\n\n<figure class=\"wp-block-image size-full\"><img loading=\"lazy\" decoding=\"async\" width=\"659\" height=\"397\" src=\"https:\/\/paca.lpo.fr\/blogs\/hyeres-les-maures\/files\/2023\/02\/dscn0762.jpg\" alt=\"\" class=\"wp-image-7216\" \/><\/figure>\n\n\n\n<p>\u00a0<\/p>\n<p><img loading=\"lazy\" decoding=\"async\" class=\"aligncenter size-full wp-image-7217\" src=\"https:\/\/paca.lpo.fr\/blogs\/hyeres-les-maures\/files\/2023\/02\/dscn0764.jpg\" alt=\"\" width=\"597\" height=\"438\" \/><\/p>\n\n\n\n<p><br>un h\u00e9ron cendr\u00e9, des rougequeues et rougegorges <\/p>\n\n\n\n<figure class=\"wp-block-image size-full\"><img loading=\"lazy\" decoding=\"async\" width=\"664\" height=\"594\" src=\"https:\/\/paca.lpo.fr\/blogs\/hyeres-les-maures\/files\/2023\/02\/dsc05995.jpg\" alt=\"\" class=\"wp-image-7218\" \/><\/figure>\n\n\n\n<p>\u00a0<\/p>\n<p><img loading=\"lazy\" decoding=\"async\" class=\"aligncenter size-medium wp-image-7219\" src=\"https:\/\/paca.lpo.fr\/blogs\/hyeres-les-maures\/files\/2023\/02\/dsc05999-768x510.jpg\" alt=\"\" width=\"768\" height=\"510\" srcset=\"https:\/\/paca.lpo.fr\/blogs\/hyeres-les-maures\/files\/2023\/02\/dsc05999-768x510.jpg 768w, https:\/\/paca.lpo.fr\/blogs\/hyeres-les-maures\/files\/2023\/02\/dsc05999.jpg 879w\" sizes=\"auto, (max-width: 768px) 100vw, 768px\" \/><\/p>\n<p>\u00a0<\/p>\n<p><img loading=\"lazy\" decoding=\"async\" class=\"aligncenter size-medium wp-image-7220\" src=\"https:\/\/paca.lpo.fr\/blogs\/hyeres-les-maures\/files\/2023\/02\/dsc06045-483x768.jpg\" alt=\"\" width=\"483\" height=\"768\" srcset=\"https:\/\/paca.lpo.fr\/blogs\/hyeres-les-maures\/files\/2023\/02\/dsc06045-483x768.jpg 483w, https:\/\/paca.lpo.fr\/blogs\/hyeres-les-maures\/files\/2023\/02\/dsc06045.jpg 597w\" sizes=\"auto, (max-width: 483px) 100vw, 483px\" \/><\/p>\n\n\n\n<p>et cerise sur le g\u00e2teau, les quatre oies cendr\u00e9es sont apparues en fin de visite.<\/p>\n\n\n\n<figure class=\"wp-block-image size-full\"><img loading=\"lazy\" decoding=\"async\" width=\"661\" height=\"396\" src=\"https:\/\/paca.lpo.fr\/blogs\/hyeres-les-maures\/files\/2023\/02\/dscn0785.jpg\" alt=\"\" class=\"wp-image-7221\" \/><\/figure>\n\n\n\n<p><br><br>PS<br>Pas de potins, parce que Sylvia en bonne britannique a du mal \u00e0 maitriser notre langue et sait rester \u00e0 sa place, elle.(cf logop\u00e8de)<br><br>Gilles<br><br>PS2<br>les obs\u00e8ques de Gilles auront lieu le Mercredi 08\/03, lendemain de la prochaine r\u00e9union mensuelle.<\/p>\n","protected":false},"excerpt":{"rendered":"<p>Samedi 11 janvier 2023 Treize personnes se sont press\u00e9es \u00e0 la Lieurette pour d\u00e9couvrir le site en compagnie de Uncle Jo (seph). Celui \u00e9tait efficcacement (faite gaffe il y a un c en trop) second\u00e9 par Sylvia, Marc, Pierre (pas celui d&rsquo;Ir\u00e8ne mais l&rsquo;autre) et les deux jeunes Gilles et Benoit.La visite commen\u00e7a dans le [&hellip;]<\/p>\n","protected":false},"author":117,"featured_media":7213,"comment_status":"open","ping_status":"open","sticky":false,"template":"","format":"standard","meta":{"footnotes":""},"categories":[1],"tags":[],"class_list":["post-7185","post","type-post","status-publish","format-standard","has-post-thumbnail","hentry","category-actualites-generales"],"jetpack_featured_media_url":"https:\/\/paca.lpo.fr\/blogs\/hyeres-les-maures\/files\/2023\/02\/dsc06060.jpg","_links":{"self":[{"href":"https:\/\/paca.lpo.fr\/blogs\/hyeres-les-maures\/wp-json\/wp\/v2\/posts\/7185","targetHints":{"allow":["GET"]}}],"collection":[{"href":"https:\/\/paca.lpo.fr\/blogs\/hyeres-les-maures\/wp-json\/wp\/v2\/posts"}],"about":[{"href":"https:\/\/paca.lpo.fr\/blogs\/hyeres-les-maures\/wp-json\/wp\/v2\/types\/post"}],"author":[{"embeddable":true,"href":"https:\/\/paca.lpo.fr\/blogs\/hyeres-les-maures\/wp-json\/wp\/v2\/users\/117"}],"replies":[{"embeddable":true,"href":"https:\/\/paca.lpo.fr\/blogs\/hyeres-les-maures\/wp-json\/wp\/v2\/comments?post=7185"}],"version-history":[{"count":4,"href":"https:\/\/paca.lpo.fr\/blogs\/hyeres-les-maures\/wp-json\/wp\/v2\/posts\/7185\/revisions"}],"predecessor-version":[{"id":7231,"href":"https:\/\/paca.lpo.fr\/blogs\/hyeres-les-maures\/wp-json\/wp\/v2\/posts\/7185\/revisions\/7231"}],"wp:featuredmedia":[{"embeddable":true,"href":"https:\/\/paca.lpo.fr\/blogs\/hyeres-les-maures\/wp-json\/wp\/v2\/media\/7213"}],"wp:attachment":[{"href":"https:\/\/paca.lpo.fr\/blogs\/hyeres-les-maures\/wp-json\/wp\/v2\/media?parent=7185"}],"wp:term":[{"taxonomy":"category","embeddable":true,"href":"https:\/\/paca.lpo.fr\/blogs\/hyeres-les-maures\/wp-json\/wp\/v2\/categories?post=7185"},{"taxonomy":"post_tag","embeddable":true,"href":"https:\/\/paca.lpo.fr\/blogs\/hyeres-les-maures\/wp-json\/wp\/v2\/tags?post=7185"}],"curies":[{"name":"wp","href":"https:\/\/api.w.org\/{rel}","templated":true}]}}