{"id":7254,"date":"2023-03-09T14:55:57","date_gmt":"2023-03-09T13:55:57","guid":{"rendered":"https:\/\/paca.lpo.fr\/blogs\/hyeres-les-maures\/?p=7254"},"modified":"2023-03-09T14:55:58","modified_gmt":"2023-03-09T13:55:58","slug":"christine-a-la-castille","status":"publish","type":"post","link":"https:\/\/paca.lpo.fr\/blogs\/hyeres-les-maures\/2023\/03\/09\/christine-a-la-castille\/","title":{"rendered":"Christine \u00e0 la Castille"},"content":{"rendered":"\n<p><\/p>\n\n\n\n<p>En compagnie d&rsquo;Ir\u00e8ne et Christophe le mercredi 8 mars<br \/>8h ce matin \u00e0 la Castille, nous sommes accueillis par \u00a0une Grive musicienne, peu farouche, \u00a0qui se laisse admirer et photographier, avec en fond sonore le cri du Pic vert (toujours au rendez-vous ).<img loading=\"lazy\" decoding=\"async\" class=\"aligncenter size-medium wp-image-7280\" src=\"https:\/\/paca.lpo.fr\/blogs\/hyeres-les-maures\/files\/2023\/03\/dscn7218-768x576.jpg\" alt=\"\" width=\"768\" height=\"576\" srcset=\"https:\/\/paca.lpo.fr\/blogs\/hyeres-les-maures\/files\/2023\/03\/dscn7218-768x576.jpg 768w, https:\/\/paca.lpo.fr\/blogs\/hyeres-les-maures\/files\/2023\/03\/dscn7218.jpg 1024w\" sizes=\"auto, (max-width: 768px) 100vw, 768px\" \/><br \/>On a la bonne id\u00e9e de se diriger d\u2019embl\u00e9e \u00a0vers un milieu bois\u00e9 : \u00a0 Pic \u00e9peiche, Sitelle torchepot, Grimpereau des jardins chantent, \u00a0tambourinent et s\u2019agitent dans tous les sens. Les m\u00e9sanges ne sont pas de reste, \u00a0 les Choucas des tours tr\u00e8s bruyants et nombreux en vol, se retrouvent in fine bien gentiment pos\u00e9s deux par deux dans les arbres, en couple !<br \/>Nous voil\u00e0 \u00a0repartis dans les vignes, et un \u00a0Faucon \u00e9merillon \u00a0appara\u00eet et s\u2019envole ; une belle et rare observation\u2026 H\u00e9las trop fugace pour \u00eatre photographi\u00e9e.<br \/>Enfin, on \u00a0reprend le circuit habituel, beaucoup de passereaux \u00a0vus et entendus tout le long du chemin : \u00a0\u00e0 \u00a0noter ce joli Geai des ch\u00eanes qui se prenait pour une Buse variable,\u00a0<\/p>\n<p><img loading=\"lazy\" decoding=\"async\" class=\"aligncenter size-medium wp-image-7281\" src=\"https:\/\/paca.lpo.fr\/blogs\/hyeres-les-maures\/files\/2023\/03\/dscn7220-768x576.jpg\" alt=\"\" width=\"768\" height=\"576\" srcset=\"https:\/\/paca.lpo.fr\/blogs\/hyeres-les-maures\/files\/2023\/03\/dscn7220-768x576.jpg 768w, https:\/\/paca.lpo.fr\/blogs\/hyeres-les-maures\/files\/2023\/03\/dscn7220.jpg 1024w\" sizes=\"auto, (max-width: 768px) 100vw, 768px\" \/><\/p>\n<p>\u00a0et \u00a0puis soudain \u00a0l\u2019originale est apparue bien haut dans le ciel.<\/p>\n<p><img loading=\"lazy\" decoding=\"async\" class=\"aligncenter size-medium wp-image-7282\" src=\"https:\/\/paca.lpo.fr\/blogs\/hyeres-les-maures\/files\/2023\/03\/dscn7224-768x576.jpg\" alt=\"\" width=\"768\" height=\"576\" srcset=\"https:\/\/paca.lpo.fr\/blogs\/hyeres-les-maures\/files\/2023\/03\/dscn7224-768x576.jpg 768w, https:\/\/paca.lpo.fr\/blogs\/hyeres-les-maures\/files\/2023\/03\/dscn7224.jpg 1024w\" sizes=\"auto, (max-width: 768px) 100vw, 768px\" \/><br \/>Une charmante sortie, et pas de doute c\u2019est bien le printemps chez les oiseaux !<br \/>Christine<\/p>\n","protected":false},"excerpt":{"rendered":"","protected":false},"author":117,"featured_media":7279,"comment_status":"open","ping_status":"open","sticky":false,"template":"","format":"standard","meta":{"footnotes":""},"categories":[1],"tags":[],"class_list":["post-7254","post","type-post","status-publish","format-standard","has-post-thumbnail","hentry","category-actualites-generales"],"jetpack_featured_media_url":"https:\/\/paca.lpo.fr\/blogs\/hyeres-les-maures\/files\/2023\/03\/dscn7227.jpg","_links":{"self":[{"href":"https:\/\/paca.lpo.fr\/blogs\/hyeres-les-maures\/wp-json\/wp\/v2\/posts\/7254","targetHints":{"allow":["GET"]}}],"collection":[{"href":"https:\/\/paca.lpo.fr\/blogs\/hyeres-les-maures\/wp-json\/wp\/v2\/posts"}],"about":[{"href":"https:\/\/paca.lpo.fr\/blogs\/hyeres-les-maures\/wp-json\/wp\/v2\/types\/post"}],"author":[{"embeddable":true,"href":"https:\/\/paca.lpo.fr\/blogs\/hyeres-les-maures\/wp-json\/wp\/v2\/users\/117"}],"replies":[{"embeddable":true,"href":"https:\/\/paca.lpo.fr\/blogs\/hyeres-les-maures\/wp-json\/wp\/v2\/comments?post=7254"}],"version-history":[{"count":2,"href":"https:\/\/paca.lpo.fr\/blogs\/hyeres-les-maures\/wp-json\/wp\/v2\/posts\/7254\/revisions"}],"predecessor-version":[{"id":7283,"href":"https:\/\/paca.lpo.fr\/blogs\/hyeres-les-maures\/wp-json\/wp\/v2\/posts\/7254\/revisions\/7283"}],"wp:featuredmedia":[{"embeddable":true,"href":"https:\/\/paca.lpo.fr\/blogs\/hyeres-les-maures\/wp-json\/wp\/v2\/media\/7279"}],"wp:attachment":[{"href":"https:\/\/paca.lpo.fr\/blogs\/hyeres-les-maures\/wp-json\/wp\/v2\/media?parent=7254"}],"wp:term":[{"taxonomy":"category","embeddable":true,"href":"https:\/\/paca.lpo.fr\/blogs\/hyeres-les-maures\/wp-json\/wp\/v2\/categories?post=7254"},{"taxonomy":"post_tag","embeddable":true,"href":"https:\/\/paca.lpo.fr\/blogs\/hyeres-les-maures\/wp-json\/wp\/v2\/tags?post=7254"}],"curies":[{"name":"wp","href":"https:\/\/api.w.org\/{rel}","templated":true}]}}