{"id":7270,"date":"2023-03-06T16:05:40","date_gmt":"2023-03-06T15:05:40","guid":{"rendered":"https:\/\/paca.lpo.fr\/blogs\/hyeres-les-maures\/?p=7270"},"modified":"2023-03-06T16:05:40","modified_gmt":"2023-03-06T15:05:40","slug":"nuit-de-la-chouette-3","status":"publish","type":"post","link":"https:\/\/paca.lpo.fr\/blogs\/hyeres-les-maures\/2023\/03\/06\/nuit-de-la-chouette-3\/","title":{"rendered":"Nuit de la chouette"},"content":{"rendered":"\n<p>\u00a0<\/p>\n<p>La LPO organise chaque ann\u00e9e la nuit de la Chouette qui fait peur sur l&rsquo;ensemble de la France.<br \/>Pour notre groupe plusieurs groupes sont constitu\u00e9s, un \u00e0 la Crau, un aux Pesquiers, et un aux Vieux Salins.<br \/>Fuyant les \u00e9l\u00e9ments perturbateurs (Mmes C et Ch et Mr P (pas celui d&rsquo;Ir\u00e8ne , mais l&rsquo;autre)) je me r\u00e9fugie aux Vieux Salins pour suivre la conf\u00e9rence d&rsquo;une jeune transfuge de LPO Toulon Sylvie, efficacement second\u00e9 par Matthieu le nouveau contrat civique qui remplace Hortense (c&rsquo;est le m\u00eame, mais en moins jolie).<br \/>Une quinzaine de personnes \u00e9tait pr\u00e9sente pour une conf\u00e9rence passionnante sur les strigiformes.<br \/>Je partage avec vous quelques infos glan\u00e9es lors de cette conf\u00e9rence de haut niveau.<br \/>Le hibou n&rsquo;est pas le mari de la chouette (contrairement au crapaud et la grenouille).<br \/>Les hiboux sont des oiseaux \u00e0 plumes.<br \/>Les hiboux ont des oreilles mais pas les chouettes.<br \/>Les plumes des ailes ont des peignes.<br \/>La rotation de leur t\u00eate a \u00e9t\u00e9 inspir\u00e9e par le film \u00ab\u00a0l&rsquo;exorciste\u00a0\u00bb.<br \/>(v\u00e9rifiez quand m\u00eame sur wikip\u00e9dia, mes affirmations)<br \/>Une balade digestive \u00e9tait propos\u00e9e \u00e0 l&rsquo;issue de la conf\u00e9rence par les GO.<\/p>\n<p>Dehors nous p\u00fbmes admirer une conjonction entre V\u00e9nus (en haut) et Jupiter (en bas). <img loading=\"lazy\" decoding=\"async\" class=\"aligncenter size-medium wp-image-7272\" src=\"https:\/\/paca.lpo.fr\/blogs\/hyeres-les-maures\/files\/2023\/03\/photo-1-venus-et-jupiter-768x611.jpg\" alt=\"\" width=\"768\" height=\"611\" srcset=\"https:\/\/paca.lpo.fr\/blogs\/hyeres-les-maures\/files\/2023\/03\/photo-1-venus-et-jupiter-768x611.jpg 768w, https:\/\/paca.lpo.fr\/blogs\/hyeres-les-maures\/files\/2023\/03\/photo-1-venus-et-jupiter.jpg 1024w\" sizes=\"auto, (max-width: 768px) 100vw, 768px\" \/><br \/>la suite de le visite nous fit d\u00e9couvrir des traces de chiens, coyotes et sangliers.<br \/>Un Pluvier Argent\u00e9 fit une courte apparition acoustique immortalis\u00e9e en photo.\u00a0<\/p>\n<p>\u00a0<\/p>\n<p><img loading=\"lazy\" decoding=\"async\" class=\"aligncenter size-medium wp-image-7273\" src=\"https:\/\/paca.lpo.fr\/blogs\/hyeres-les-maures\/files\/2023\/03\/photo-2-pluvier-sous-la-lune-1-562x768.jpg\" alt=\"\" width=\"562\" height=\"768\" srcset=\"https:\/\/paca.lpo.fr\/blogs\/hyeres-les-maures\/files\/2023\/03\/photo-2-pluvier-sous-la-lune-1-562x768.jpg 562w, https:\/\/paca.lpo.fr\/blogs\/hyeres-les-maures\/files\/2023\/03\/photo-2-pluvier-sous-la-lune-1.jpg 749w\" sizes=\"auto, (max-width: 562px) 100vw, 562px\" \/><br \/>Des flamants roses sur fond de soleil couch\u00e9 furent \u00e9galement photographi\u00e9s\u00a0<\/p>\n<p>\u00a0<\/p>\n<p><img loading=\"lazy\" decoding=\"async\" class=\"aligncenter size-medium wp-image-7274\" src=\"https:\/\/paca.lpo.fr\/blogs\/hyeres-les-maures\/files\/2023\/03\/photo-3-flamant-rose-sur-fonds-de-soleil-couche-768x548.jpg\" alt=\"\" width=\"768\" height=\"548\" srcset=\"https:\/\/paca.lpo.fr\/blogs\/hyeres-les-maures\/files\/2023\/03\/photo-3-flamant-rose-sur-fonds-de-soleil-couche-768x548.jpg 768w, https:\/\/paca.lpo.fr\/blogs\/hyeres-les-maures\/files\/2023\/03\/photo-3-flamant-rose-sur-fonds-de-soleil-couche.jpg 1024w\" sizes=\"auto, (max-width: 768px) 100vw, 768px\" \/><br \/>La visite se conclut par l&rsquo;apparition fugace d&rsquo;une aigrette.\u00a0<\/p>\n<p>\u00a0<\/p>\n<p><img loading=\"lazy\" decoding=\"async\" class=\"aligncenter size-medium wp-image-7275\" src=\"https:\/\/paca.lpo.fr\/blogs\/hyeres-les-maures\/files\/2023\/03\/photo-4-aigrette-et-lampadaire-768x542.jpg\" alt=\"\" width=\"768\" height=\"542\" srcset=\"https:\/\/paca.lpo.fr\/blogs\/hyeres-les-maures\/files\/2023\/03\/photo-4-aigrette-et-lampadaire-768x542.jpg 768w, https:\/\/paca.lpo.fr\/blogs\/hyeres-les-maures\/files\/2023\/03\/photo-4-aigrette-et-lampadaire.jpg 1024w\" sizes=\"auto, (max-width: 768px) 100vw, 768px\" \/><\/p>\n<p>Gilles<\/p>\n<p>PS : un flamand rose est un belge qui a pris un coup de soleil.<br \/>un flamant rose et oiseau.<\/p>\n<p>PS2 : Pour les animations faites sur les autres sites, je laisse la plume aux autres reporters du groupe.<\/p>\n","protected":false},"excerpt":{"rendered":"","protected":false},"author":117,"featured_media":0,"comment_status":"open","ping_status":"open","sticky":false,"template":"","format":"standard","meta":{"footnotes":""},"categories":[1],"tags":[],"class_list":["post-7270","post","type-post","status-publish","format-standard","hentry","category-actualites-generales"],"jetpack_featured_media_url":"","_links":{"self":[{"href":"https:\/\/paca.lpo.fr\/blogs\/hyeres-les-maures\/wp-json\/wp\/v2\/posts\/7270","targetHints":{"allow":["GET"]}}],"collection":[{"href":"https:\/\/paca.lpo.fr\/blogs\/hyeres-les-maures\/wp-json\/wp\/v2\/posts"}],"about":[{"href":"https:\/\/paca.lpo.fr\/blogs\/hyeres-les-maures\/wp-json\/wp\/v2\/types\/post"}],"author":[{"embeddable":true,"href":"https:\/\/paca.lpo.fr\/blogs\/hyeres-les-maures\/wp-json\/wp\/v2\/users\/117"}],"replies":[{"embeddable":true,"href":"https:\/\/paca.lpo.fr\/blogs\/hyeres-les-maures\/wp-json\/wp\/v2\/comments?post=7270"}],"version-history":[{"count":2,"href":"https:\/\/paca.lpo.fr\/blogs\/hyeres-les-maures\/wp-json\/wp\/v2\/posts\/7270\/revisions"}],"predecessor-version":[{"id":7276,"href":"https:\/\/paca.lpo.fr\/blogs\/hyeres-les-maures\/wp-json\/wp\/v2\/posts\/7270\/revisions\/7276"}],"wp:attachment":[{"href":"https:\/\/paca.lpo.fr\/blogs\/hyeres-les-maures\/wp-json\/wp\/v2\/media?parent=7270"}],"wp:term":[{"taxonomy":"category","embeddable":true,"href":"https:\/\/paca.lpo.fr\/blogs\/hyeres-les-maures\/wp-json\/wp\/v2\/categories?post=7270"},{"taxonomy":"post_tag","embeddable":true,"href":"https:\/\/paca.lpo.fr\/blogs\/hyeres-les-maures\/wp-json\/wp\/v2\/tags?post=7270"}],"curies":[{"name":"wp","href":"https:\/\/api.w.org\/{rel}","templated":true}]}}