{"id":7298,"date":"2023-03-12T19:53:29","date_gmt":"2023-03-12T18:53:29","guid":{"rendered":"https:\/\/paca.lpo.fr\/blogs\/hyeres-les-maures\/?p=7298"},"modified":"2023-03-13T18:08:58","modified_gmt":"2023-03-13T17:08:58","slug":"lieurette-11-3-23","status":"publish","type":"post","link":"https:\/\/paca.lpo.fr\/blogs\/hyeres-les-maures\/2023\/03\/12\/lieurette-11-3-23\/","title":{"rendered":"lieurette 11 3 23"},"content":{"rendered":"\n\n\n<p>Le vent ne nous a pas d\u00e9courag\u00e9 , et Gilles, Isabelle, \u00a0Christophe (notre photographe), Pierre et moi-m\u00eame \u00e9tions ravis d\u2019accueillir \u00a07 visiteurs \u00e0 9h.<br \/><br \/>La plupart de nos petits passereaux nicheurs \u00e9taient \u00a0au rendez-vous, et se sont bien fait entendre pendant la premi\u00e8re partie de la visite.<\/p>\n<p><img loading=\"lazy\" decoding=\"async\" class=\"aligncenter size-medium wp-image-7301\" src=\"https:\/\/paca.lpo.fr\/blogs\/hyeres-les-maures\/files\/2023\/03\/dscn7262-768x576.jpg\" alt=\"\" width=\"768\" height=\"576\" srcset=\"https:\/\/paca.lpo.fr\/blogs\/hyeres-les-maures\/files\/2023\/03\/dscn7262-768x576.jpg 768w, https:\/\/paca.lpo.fr\/blogs\/hyeres-les-maures\/files\/2023\/03\/dscn7262.jpg 1024w\" sizes=\"auto, (max-width: 768px) 100vw, 768px\" \/><\/p>\n<p>\u00a0<\/p>\n<p><img loading=\"lazy\" decoding=\"async\" class=\"aligncenter size-medium wp-image-7302\" src=\"https:\/\/paca.lpo.fr\/blogs\/hyeres-les-maures\/files\/2023\/03\/dscn7263-768x576.jpg\" alt=\"\" width=\"768\" height=\"576\" srcset=\"https:\/\/paca.lpo.fr\/blogs\/hyeres-les-maures\/files\/2023\/03\/dscn7263-768x576.jpg 768w, https:\/\/paca.lpo.fr\/blogs\/hyeres-les-maures\/files\/2023\/03\/dscn7263.jpg 1024w\" sizes=\"auto, (max-width: 768px) 100vw, 768px\" \/><\/p>\n<p>\u00a0<\/p>\n<p><img loading=\"lazy\" decoding=\"async\" class=\"aligncenter size-medium wp-image-7303\" src=\"https:\/\/paca.lpo.fr\/blogs\/hyeres-les-maures\/files\/2023\/03\/dscn7264-768x576.jpg\" alt=\"\" width=\"768\" height=\"576\" srcset=\"https:\/\/paca.lpo.fr\/blogs\/hyeres-les-maures\/files\/2023\/03\/dscn7264-768x576.jpg 768w, https:\/\/paca.lpo.fr\/blogs\/hyeres-les-maures\/files\/2023\/03\/dscn7264.jpg 1024w\" sizes=\"auto, (max-width: 768px) 100vw, 768px\" \/><\/p>\n<p>\u00a0<\/p>\n<p><img loading=\"lazy\" decoding=\"async\" class=\"aligncenter size-medium wp-image-7304\" src=\"https:\/\/paca.lpo.fr\/blogs\/hyeres-les-maures\/files\/2023\/03\/dscn7265-768x576.jpg\" alt=\"\" width=\"768\" height=\"576\" srcset=\"https:\/\/paca.lpo.fr\/blogs\/hyeres-les-maures\/files\/2023\/03\/dscn7265-768x576.jpg 768w, https:\/\/paca.lpo.fr\/blogs\/hyeres-les-maures\/files\/2023\/03\/dscn7265.jpg 1024w\" sizes=\"auto, (max-width: 768px) 100vw, 768px\" \/><\/p>\n<p>\u00a0<\/p>\n<p><br \/><img loading=\"lazy\" decoding=\"async\" class=\"aligncenter size-medium wp-image-7305\" src=\"https:\/\/paca.lpo.fr\/blogs\/hyeres-les-maures\/files\/2023\/03\/dscn7274-768x576.jpg\" alt=\"\" width=\"768\" height=\"576\" srcset=\"https:\/\/paca.lpo.fr\/blogs\/hyeres-les-maures\/files\/2023\/03\/dscn7274-768x576.jpg 768w, https:\/\/paca.lpo.fr\/blogs\/hyeres-les-maures\/files\/2023\/03\/dscn7274.jpg 1024w\" sizes=\"auto, (max-width: 768px) 100vw, 768px\" \/><\/p>\n<p>une aigrette garzette<\/p>\n<p><img loading=\"lazy\" decoding=\"async\" class=\"aligncenter size-medium wp-image-7306\" src=\"https:\/\/paca.lpo.fr\/blogs\/hyeres-les-maures\/files\/2023\/03\/dscn7282-768x576.jpg\" alt=\"\" width=\"768\" height=\"576\" srcset=\"https:\/\/paca.lpo.fr\/blogs\/hyeres-les-maures\/files\/2023\/03\/dscn7282-768x576.jpg 768w, https:\/\/paca.lpo.fr\/blogs\/hyeres-les-maures\/files\/2023\/03\/dscn7282.jpg 1024w\" sizes=\"auto, (max-width: 768px) 100vw, 768px\" \/><br \/><br \/>D&#8217;embl\u00e9e , deux B\u00e9cassines des marais ont d\u00e9tal\u00e9 d\u00e8s que nous nous sommes approch\u00e9s du premier aff\u00fbt !<br \/>Mais des \u00a0 Canards colverts \u00a0plus sto\u00efques sont rest\u00e9s, ainsi que quelques Gallinules poules d&rsquo;eau.<br \/><br \/>Ensuite, \u00a0a l&rsquo;approche du second aff\u00fbt, \u00a0les Sarcelles d\u2019hiver ont (h\u00e9las pour nous) pris leur envol \u00a0! Mais \u00a0un peu plus loin, \u00a0on a pu les observer \u00a0tranquillement pos\u00e9es, et accompagn\u00e9es de Go\u00e9lands leucoph\u00e9es , d\u2019un couple de discrets Canards chipeau et d\u2019un Chevalier cul-blanc, tandis que des Mouettes rieuses en plumage nuptial survolaient le plan d&rsquo;eau.<br \/><br \/>Passer le \u00ab\u00a0pont levis\u00a0\u00bb et la Sauvette, c\u2019est une Aigrette garzette et un couple de Gr\u00e8bes castagneux qui ont fait le spectacle du c\u00f4t\u00e9 du Roubaud.<img loading=\"lazy\" decoding=\"async\" class=\"aligncenter size-medium wp-image-7300\" src=\"https:\/\/paca.lpo.fr\/blogs\/hyeres-les-maures\/files\/2023\/03\/dscn7281-768x576.jpg\" alt=\"\" width=\"768\" height=\"576\" srcset=\"https:\/\/paca.lpo.fr\/blogs\/hyeres-les-maures\/files\/2023\/03\/dscn7281-768x576.jpg 768w, https:\/\/paca.lpo.fr\/blogs\/hyeres-les-maures\/files\/2023\/03\/dscn7281.jpg 1024w\" sizes=\"auto, (max-width: 768px) 100vw, 768px\" \/><br \/><br \/>Et puis, il y a eu des Corneilles noires, \u00a0des Choucas des tours, Geais des ch\u00eanes, le Pic vert, sans oublier les \u00a0Pies bavardes qui se sont bien manifest\u00e9s !<br \/><br \/>Encore une agr\u00e9able \u00a0sortie qui s\u2019est termin\u00e9e \u00e0 11h 30 \u00a0(on ne voit jamais le temps passer dans la jolie Lieurette, tout en fleurs \u00e0 pr\u00e9sent !).<br \/><br \/>Christine<\/p>\n","protected":false},"excerpt":{"rendered":"","protected":false},"author":117,"featured_media":7299,"comment_status":"open","ping_status":"open","sticky":false,"template":"","format":"standard","meta":{"footnotes":""},"categories":[1],"tags":[],"class_list":["post-7298","post","type-post","status-publish","format-standard","has-post-thumbnail","hentry","category-actualites-generales"],"jetpack_featured_media_url":"https:\/\/paca.lpo.fr\/blogs\/hyeres-les-maures\/files\/2023\/03\/dscn7287.jpg","_links":{"self":[{"href":"https:\/\/paca.lpo.fr\/blogs\/hyeres-les-maures\/wp-json\/wp\/v2\/posts\/7298","targetHints":{"allow":["GET"]}}],"collection":[{"href":"https:\/\/paca.lpo.fr\/blogs\/hyeres-les-maures\/wp-json\/wp\/v2\/posts"}],"about":[{"href":"https:\/\/paca.lpo.fr\/blogs\/hyeres-les-maures\/wp-json\/wp\/v2\/types\/post"}],"author":[{"embeddable":true,"href":"https:\/\/paca.lpo.fr\/blogs\/hyeres-les-maures\/wp-json\/wp\/v2\/users\/117"}],"replies":[{"embeddable":true,"href":"https:\/\/paca.lpo.fr\/blogs\/hyeres-les-maures\/wp-json\/wp\/v2\/comments?post=7298"}],"version-history":[{"count":4,"href":"https:\/\/paca.lpo.fr\/blogs\/hyeres-les-maures\/wp-json\/wp\/v2\/posts\/7298\/revisions"}],"predecessor-version":[{"id":7314,"href":"https:\/\/paca.lpo.fr\/blogs\/hyeres-les-maures\/wp-json\/wp\/v2\/posts\/7298\/revisions\/7314"}],"wp:featuredmedia":[{"embeddable":true,"href":"https:\/\/paca.lpo.fr\/blogs\/hyeres-les-maures\/wp-json\/wp\/v2\/media\/7299"}],"wp:attachment":[{"href":"https:\/\/paca.lpo.fr\/blogs\/hyeres-les-maures\/wp-json\/wp\/v2\/media?parent=7298"}],"wp:term":[{"taxonomy":"category","embeddable":true,"href":"https:\/\/paca.lpo.fr\/blogs\/hyeres-les-maures\/wp-json\/wp\/v2\/categories?post=7298"},{"taxonomy":"post_tag","embeddable":true,"href":"https:\/\/paca.lpo.fr\/blogs\/hyeres-les-maures\/wp-json\/wp\/v2\/tags?post=7298"}],"curies":[{"name":"wp","href":"https:\/\/api.w.org\/{rel}","templated":true}]}}