{"id":7310,"date":"2023-03-16T07:25:02","date_gmt":"2023-03-16T06:25:02","guid":{"rendered":"https:\/\/paca.lpo.fr\/blogs\/hyeres-les-maures\/?p=7310"},"modified":"2023-03-24T08:38:33","modified_gmt":"2023-03-24T07:38:33","slug":"esod","status":"publish","type":"post","link":"https:\/\/paca.lpo.fr\/blogs\/hyeres-les-maures\/2023\/03\/16\/esod\/","title":{"rendered":"Esp\u00e8ces susceptibles d&rsquo;occasionner des d\u00e9gats"},"content":{"rendered":"\n<p>Les questions des participants fusent ce soir 14 mars dans la petite salle de r\u00e9union de la LPO \u00e0 Hy\u00e8res : agrainage, pr\u00e9l\u00e8vement, r\u00e9gulation, ESOD* (ex-nuisibles\u2026), pi\u00e9geurs, louveterie, d\u00e9rogations, bonnes pratiques, esp\u00e8ces chassables, petit floril\u00e8ge non exhaustif des nombreuses interrogations de la dizaine de pr\u00e9sents.<br><br> <br><br>Philippe Chesneau, repr\u00e9sentant la LPO \u00e0 la CDCFS** a en effet gentiment r\u00e9pondu \u00e0 l\u2019invitation du groupe LPO des b\u00e9n\u00e9voles de Hy\u00e8res les Maures pour t\u00e9moigner de son mandat.<br><br>But de la r\u00e9union ? \u00c9changer avec Philippe sur un sujet tr\u00e8s complexe et o\u00f9 les points de vue sont souvent tranch\u00e9s et parfois peu document\u00e9s.<br><br> <br><br>Apr\u00e8s une brillante pr\u00e9sentation des enjeux, des forces en pr\u00e9sence et de leur disproportion, avec seulement 2 places pour les associations de d\u00e9fense de l\u2019environnement, des aspects plus techniques ont \u00e9t\u00e9 abord\u00e9s avec entre autres :<br><br>\u00b7         le Sch\u00e9ma Cyn\u00e9g\u00e9tique, \u00e9labor\u00e9 par les chasseurs, <br><br>\u00b7         les arr\u00eat\u00e9s sur les ESOD, avec les nuances selon les d\u00e9partements,<br><br>\u00b7         la navrante m\u00e9thode de d\u00e9compte et de d\u00e9claration des d\u00e9g\u00e2ts aux cultures,<br><br>\u00b7         malgr\u00e9 la difficult\u00e9 de l\u2019exercice, l\u2019imp\u00e9rieuse n\u00e9cessit\u00e9 de \u00ab se parler \u00bb entre acteurs aux positions oppos\u00e9es, avec des exemples de communication fructueuse (cette \u00e9tonnante fa\u00e7on d\u2019alterner le semaines de chasse sur une commune d\u2019un c\u00f4t\u00e9 et de l\u2019autre de la nationale qui traverse le village !).<br><br>\u00b7         la solitude du repr\u00e9sentant LPO malgr\u00e9 des moments de mise en commun avec les homologues des autres d\u00e9partements PACA, l\u2019incertitude parfois sur sa l\u00e9gitimit\u00e9 \u00e0 porter la contradiction, le besoin de partage, de soutien, d\u2019\u00e9change avec les adh\u00e9rents LPO.<br><br> <br><br>Je ne saurais restituer ici le contenu technique de la riche pr\u00e9sentation de Philippe, rien ne remplacera sa connaissance du sujet et sa faconde, mais concluons plut\u00f4t sur la deuxi\u00e8me partie de la soir\u00e9e, avec par exemple les id\u00e9es suivantes partag\u00e9es dans le d\u00e9bat, pour aller plus loin :<br><br>\u00b7         Philippe est partant pour reproduire cette exp\u00e9rience aupr\u00e8s d\u2019autres groupes de b\u00e9n\u00e9voles (ya\u2019ka demander !)<br><br>\u00b7         La dur\u00e9e (1h30) et le nombre de participants (10-15) sont adapt\u00e9s au format d\u2019animation : pr\u00e9sentation et questions-r\u00e9ponses-d\u00e9bat<br><br>\u00b7         Il faut imp\u00e9rativement afficher notre repr\u00e9sentativit\u00e9, se compter, se montrer. Comment ?<br>Les id\u00e9es jaillissent : <br><br>o    p\u00e9tition sur telle ou telle ESOD (le renard par exemple ?)<br><br>o    Tenter de participer \u00e0 2 (Philippe et son suppl\u00e9ant, m\u00eame s\u2019il n\u2019y a qu\u2019une voix) \u00e0 une prochaine r\u00e9union de la CDFCS<br><br>o    Venir le plus nombreux possible le jour d\u2019une r\u00e9union sensible pour afficher notre poids devant les locaux de la Pr\u00e9fecture (sous r\u00e9serve de validation par le CA de LPO PACA)<br><br>\u00b7         Proposer \u00e0 l\u2019\u00c9tat de vulgariser\/diffuser certains \u00e9l\u00e9ments d\u2019une note technique r\u00e9alis\u00e9e par les services de l\u2019\u00c9tat et qui pr\u00e9sentent de bonnes pratiques pour se prot\u00e9ger des d\u00e9g\u00e2ts..<br><br> <br><br>Autrement dit, une bonne partie des participants s\u2019accorde sur le besoin de mobiliser davantage et d\u2019agir ensemble, mobiliser les autres groupes locaux pour se compter nombreux pour des actions plus visibles.<br><br> <br><br>Un grand merci \u00e0 Philippe, merci \u00e0 la LPO pour la salle, bravo aux participants !<\/p>\n\n\n\n<figure class=\"wp-block-image size-full\"><img loading=\"lazy\" decoding=\"async\" width=\"768\" height=\"1024\" src=\"https:\/\/paca.lpo.fr\/blogs\/hyeres-les-maures\/files\/2023\/03\/imag1457.jpg\" alt=\"\" class=\"wp-image-7320\" srcset=\"https:\/\/paca.lpo.fr\/blogs\/hyeres-les-maures\/files\/2023\/03\/imag1457.jpg 768w, https:\/\/paca.lpo.fr\/blogs\/hyeres-les-maures\/files\/2023\/03\/imag1457-576x768.jpg 576w\" sizes=\"auto, (max-width: 768px) 100vw, 768px\" \/><\/figure>\n\n\n\n<p><img loading=\"lazy\" decoding=\"async\" class=\"aligncenter size-medium wp-image-7321\" src=\"https:\/\/paca.lpo.fr\/blogs\/hyeres-les-maures\/files\/2023\/03\/imag1458-576x768.jpg\" alt=\"\" width=\"576\" height=\"768\" srcset=\"https:\/\/paca.lpo.fr\/blogs\/hyeres-les-maures\/files\/2023\/03\/imag1458-576x768.jpg 576w, https:\/\/paca.lpo.fr\/blogs\/hyeres-les-maures\/files\/2023\/03\/imag1458.jpg 768w\" sizes=\"auto, (max-width: 576px) 100vw, 576px\" \/><\/p>\n\n\n\n\n\n<p><br><br> <br><br>Note : et pourquoi ne pas enrichir ce t\u00e9moignage par des contributions des participants ou dans la partie \u00ab commentaires \u00bb de ce blog ?<br><br> <br><br>*ESOD : Esp\u00e8ces Susceptibles d\u2019Occasionner des D\u00e9g\u00e2ts<br><br>** CDCFS : Commission D\u00e9partementale de la Chasse et de la Faune Sauvage<\/p>\n","protected":false},"excerpt":{"rendered":"<p>Les questions des participants fusent ce soir 14 mars dans la petite salle de r\u00e9union de la LPO \u00e0 Hy\u00e8res : agrainage, pr\u00e9l\u00e8vement, r\u00e9gulation, ESOD* (ex-nuisibles\u2026), pi\u00e9geurs, louveterie, d\u00e9rogations, bonnes pratiques, esp\u00e8ces chassables, petit floril\u00e8ge non exhaustif des nombreuses interrogations de la dizaine de pr\u00e9sents. Philippe Chesneau, repr\u00e9sentant la LPO \u00e0 la CDCFS** a en [&hellip;]<\/p>\n","protected":false},"author":117,"featured_media":7319,"comment_status":"open","ping_status":"open","sticky":false,"template":"","format":"standard","meta":{"footnotes":""},"categories":[1],"tags":[],"class_list":["post-7310","post","type-post","status-publish","format-standard","has-post-thumbnail","hentry","category-actualites-generales"],"jetpack_featured_media_url":"https:\/\/paca.lpo.fr\/blogs\/hyeres-les-maures\/files\/2023\/03\/image.jpg","_links":{"self":[{"href":"https:\/\/paca.lpo.fr\/blogs\/hyeres-les-maures\/wp-json\/wp\/v2\/posts\/7310","targetHints":{"allow":["GET"]}}],"collection":[{"href":"https:\/\/paca.lpo.fr\/blogs\/hyeres-les-maures\/wp-json\/wp\/v2\/posts"}],"about":[{"href":"https:\/\/paca.lpo.fr\/blogs\/hyeres-les-maures\/wp-json\/wp\/v2\/types\/post"}],"author":[{"embeddable":true,"href":"https:\/\/paca.lpo.fr\/blogs\/hyeres-les-maures\/wp-json\/wp\/v2\/users\/117"}],"replies":[{"embeddable":true,"href":"https:\/\/paca.lpo.fr\/blogs\/hyeres-les-maures\/wp-json\/wp\/v2\/comments?post=7310"}],"version-history":[{"count":3,"href":"https:\/\/paca.lpo.fr\/blogs\/hyeres-les-maures\/wp-json\/wp\/v2\/posts\/7310\/revisions"}],"predecessor-version":[{"id":7413,"href":"https:\/\/paca.lpo.fr\/blogs\/hyeres-les-maures\/wp-json\/wp\/v2\/posts\/7310\/revisions\/7413"}],"wp:featuredmedia":[{"embeddable":true,"href":"https:\/\/paca.lpo.fr\/blogs\/hyeres-les-maures\/wp-json\/wp\/v2\/media\/7319"}],"wp:attachment":[{"href":"https:\/\/paca.lpo.fr\/blogs\/hyeres-les-maures\/wp-json\/wp\/v2\/media?parent=7310"}],"wp:term":[{"taxonomy":"category","embeddable":true,"href":"https:\/\/paca.lpo.fr\/blogs\/hyeres-les-maures\/wp-json\/wp\/v2\/categories?post=7310"},{"taxonomy":"post_tag","embeddable":true,"href":"https:\/\/paca.lpo.fr\/blogs\/hyeres-les-maures\/wp-json\/wp\/v2\/tags?post=7310"}],"curies":[{"name":"wp","href":"https:\/\/api.w.org\/{rel}","templated":true}]}}