{"id":7365,"date":"2023-03-23T21:01:05","date_gmt":"2023-03-23T20:01:05","guid":{"rendered":"https:\/\/paca.lpo.fr\/blogs\/hyeres-les-maures\/?p=7365"},"modified":"2023-03-23T21:01:05","modified_gmt":"2023-03-23T20:01:05","slug":"un-plan-du-pont-pour-christine","status":"publish","type":"post","link":"https:\/\/paca.lpo.fr\/blogs\/hyeres-les-maures\/2023\/03\/23\/un-plan-du-pont-pour-christine\/","title":{"rendered":"Un plan du pont pour Christine"},"content":{"rendered":"\n<p class=\"wp-block-paragraph\">Pics, pics et col\u00e9gram.<br><br>Un casting de folie pour cette sortie organis\u00e9 par Christine avec par ordre d&rsquo;apparition \u00e0 l&rsquo;\u00e9cran Christine, Gilles, G\u00e9rard, Evelyne, Michel,<br>Marie-Paule, Sandra, Caroline, Marc, Sylvia et Wendy.<br>Un cadre \u00e0 couper le souffle  \u00ab\u00a0The Plan du Pont\u00a0\u00bb.<\/p>\n\n\n\n<figure class=\"wp-block-image size-full\"><img loading=\"lazy\" decoding=\"async\" width=\"627\" height=\"418\" src=\"https:\/\/paca.lpo.fr\/blogs\/hyeres-les-maures\/files\/2023\/03\/dsc08529.jpg\" alt=\"\" class=\"wp-image-7405\" \/><\/figure>\n\n\n\n<figure class=\"wp-block-image size-full\"><img loading=\"lazy\" decoding=\"async\" width=\"627\" height=\"418\" src=\"https:\/\/paca.lpo.fr\/blogs\/hyeres-les-maures\/files\/2023\/03\/dsc08530.jpg\" alt=\"\" class=\"wp-image-7406\" \/><\/figure>\n\n\n\n<p class=\"wp-block-paragraph\"><br>Nous y v\u00eemes, des faucons cr\u00e9cerelles, des fauvettes \u00e0 t\u00eate noire, des pics \u00e9peiches, des pics verts, des pics \u00e9peichettes, des \u00e9tourneaux, des sitelles torchepots.<\/p>\n\n\n\n<figure class=\"wp-block-image size-full\"><img loading=\"lazy\" decoding=\"async\" width=\"754\" height=\"715\" src=\"https:\/\/paca.lpo.fr\/blogs\/hyeres-les-maures\/files\/2023\/03\/dsc08542.jpg\" alt=\"\" class=\"wp-image-7395\" \/><\/figure>\n\n\n\n<p><img loading=\"lazy\" decoding=\"async\" class=\"aligncenter size-full wp-image-7407\" src=\"https:\/\/paca.lpo.fr\/blogs\/hyeres-les-maures\/files\/2023\/03\/dsc08533.jpg\" alt=\"\" width=\"627\" height=\"418\" \/><\/p>\n<p>\u00a0<\/p>\n<p><img loading=\"lazy\" decoding=\"async\" class=\"aligncenter size-full wp-image-7408\" src=\"https:\/\/paca.lpo.fr\/blogs\/hyeres-les-maures\/files\/2023\/03\/dsc08553.jpg\" alt=\"\" width=\"627\" height=\"418\" \/><\/p>\n\n\n\n<figure class=\"wp-block-image size-full\"><img loading=\"lazy\" decoding=\"async\" width=\"753\" height=\"664\" src=\"https:\/\/paca.lpo.fr\/blogs\/hyeres-les-maures\/files\/2023\/03\/etourneaux.jpg\" alt=\"\" class=\"wp-image-7396\" \/><\/figure>\n\n\n\n<p>\u00a0<\/p>\n<p><img loading=\"lazy\" decoding=\"async\" class=\"aligncenter size-medium wp-image-7397\" src=\"https:\/\/paca.lpo.fr\/blogs\/hyeres-les-maures\/files\/2023\/03\/faucon-crecerelle-612x768.jpg\" alt=\"\" width=\"612\" height=\"768\" srcset=\"https:\/\/paca.lpo.fr\/blogs\/hyeres-les-maures\/files\/2023\/03\/faucon-crecerelle-612x768.jpg 612w, https:\/\/paca.lpo.fr\/blogs\/hyeres-les-maures\/files\/2023\/03\/faucon-crecerelle-768x964.jpg 768w, https:\/\/paca.lpo.fr\/blogs\/hyeres-les-maures\/files\/2023\/03\/faucon-crecerelle.jpg 816w\" sizes=\"auto, (max-width: 612px) 100vw, 612px\" \/><\/p>\n<p>\u00a0<\/p>\n<p><img loading=\"lazy\" decoding=\"async\" class=\"aligncenter size-medium wp-image-7398\" src=\"https:\/\/paca.lpo.fr\/blogs\/hyeres-les-maures\/files\/2023\/03\/heron-cendre-768x548.jpg\" alt=\"\" width=\"768\" height=\"548\" srcset=\"https:\/\/paca.lpo.fr\/blogs\/hyeres-les-maures\/files\/2023\/03\/heron-cendre-768x548.jpg 768w, https:\/\/paca.lpo.fr\/blogs\/hyeres-les-maures\/files\/2023\/03\/heron-cendre.jpg 1024w\" sizes=\"auto, (max-width: 768px) 100vw, 768px\" \/><\/p>\n<p>\u00a0<\/p>\n<p><img loading=\"lazy\" decoding=\"async\" class=\"aligncenter size-medium wp-image-7399\" src=\"https:\/\/paca.lpo.fr\/blogs\/hyeres-les-maures\/files\/2023\/03\/pic-vert-768x750.jpg\" alt=\"\" width=\"768\" height=\"750\" srcset=\"https:\/\/paca.lpo.fr\/blogs\/hyeres-les-maures\/files\/2023\/03\/pic-vert-768x750.jpg 768w, https:\/\/paca.lpo.fr\/blogs\/hyeres-les-maures\/files\/2023\/03\/pic-vert.jpg 1024w\" sizes=\"auto, (max-width: 768px) 100vw, 768px\" \/><\/p>\n<p>\u00a0<\/p>\n<p><img loading=\"lazy\" decoding=\"async\" class=\"aligncenter size-medium wp-image-7400\" src=\"https:\/\/paca.lpo.fr\/blogs\/hyeres-les-maures\/files\/2023\/03\/paon-de-jour-768x560.jpg\" alt=\"\" width=\"768\" height=\"560\" srcset=\"https:\/\/paca.lpo.fr\/blogs\/hyeres-les-maures\/files\/2023\/03\/paon-de-jour-768x560.jpg 768w, https:\/\/paca.lpo.fr\/blogs\/hyeres-les-maures\/files\/2023\/03\/paon-de-jour.jpg 1024w\" sizes=\"auto, (max-width: 768px) 100vw, 768px\" \/><\/p>\n\n\n\n<p class=\"wp-block-paragraph\"><br>Nous entend\u00eemes en plus, des pouillots v\u00e9loces, un martin p\u00eacheur, un bruyant zizi mais pas sa femelle la bruyante f&#8230;&#8230;.., des bruants proyers, des bouscarle de Cetti.<br>Il est a noter qu&rsquo;un arbre \u00e0 fant\u00f4mes a \u00e9t\u00e9 plant\u00e9 pr\u00e9s de l&rsquo;\u00e9tang afin de cr\u00e9er un but de balades pour ceux qui confondent sortie ornithologique qui se doit de se d\u00e9rouler dans un silence de cath\u00e9drale<\/p>\n\n\n\n<figure class=\"wp-block-image size-full\"><img loading=\"lazy\" decoding=\"async\" width=\"1024\" height=\"609\" src=\"https:\/\/paca.lpo.fr\/blogs\/hyeres-les-maures\/files\/2023\/03\/dscn1454.jpg\" alt=\"\" class=\"wp-image-7403\" srcset=\"https:\/\/paca.lpo.fr\/blogs\/hyeres-les-maures\/files\/2023\/03\/dscn1454.jpg 1024w, https:\/\/paca.lpo.fr\/blogs\/hyeres-les-maures\/files\/2023\/03\/dscn1454-768x457.jpg 768w\" sizes=\"auto, (max-width: 1024px) 100vw, 1024px\" \/><\/figure>\n\n\n\n<p class=\"wp-block-paragraph\"><br>que j&rsquo;ai beaucoup de mal \u00e0 faire respecter et garderie d&rsquo;enfant bruyant et mal \u00e9lev\u00e9.<\/p>\n\n\n\n<figure class=\"wp-block-image size-full\"><img loading=\"lazy\" decoding=\"async\" width=\"627\" height=\"418\" src=\"https:\/\/paca.lpo.fr\/blogs\/hyeres-les-maures\/files\/2023\/03\/dsc08566.jpg\" alt=\"\" class=\"wp-image-7401\" \/><\/figure>\n\n\n\n<p class=\"wp-block-paragraph\"><br>La visite fut \u00e9court\u00e9e, afin de pouvoir ripailler. th\u00e9, viennoiseries et galettes au menu.<br>Je signale \u00e0 certains, qu&rsquo;il existe aux vieux salins, une bande de salari\u00e9s qui pourraient \u00e9ventuellement vous apprendre \u00e0 diff\u00e9rencier un grand cormoran et un h\u00e9ron cendr\u00e9, ou un pic \u00e9peiche d&rsquo;un \u00e9tourneau sans son nez.<br><br><br>Gilles.<\/p>\n","protected":false},"excerpt":{"rendered":"<p>Pics, pics et col\u00e9gram. Un casting de folie pour cette sortie organis\u00e9 par Christine avec par ordre d&rsquo;apparition \u00e0 l&rsquo;\u00e9cran Christine, Gilles, G\u00e9rard, Evelyne, Michel,Marie-Paule, Sandra, Caroline, Marc, Sylvia et Wendy.Un cadre \u00e0 couper le souffle \u00ab\u00a0The Plan du Pont\u00a0\u00bb. Nous y v\u00eemes, des faucons cr\u00e9cerelles, des fauvettes \u00e0 t\u00eate noire, des pics \u00e9peiches, des [&hellip;]<\/p>\n","protected":false},"author":117,"featured_media":7394,"comment_status":"open","ping_status":"open","sticky":false,"template":"","format":"standard","meta":{"footnotes":""},"categories":[1],"tags":[],"class_list":["post-7365","post","type-post","status-publish","format-standard","has-post-thumbnail","hentry","category-actualites-generales"],"yoast_head":"<!-- This site is optimized with the Yoast SEO plugin v28.3 - https:\/\/yoast.com\/product\/yoast-seo-wordpress\/ -->\n<title>Un plan du pont pour Christine - Groupe local Hy\u00e8res les Maures<\/title>\n<meta name=\"robots\" content=\"index, follow, max-snippet:-1, max-image-preview:large, max-video-preview:-1\" \/>\n<link rel=\"canonical\" href=\"https:\/\/paca.lpo.fr\/blogs\/hyeres-les-maures\/2023\/03\/23\/un-plan-du-pont-pour-christine\/\" \/>\n<meta property=\"og:locale\" content=\"fr_FR\" \/>\n<meta property=\"og:type\" content=\"article\" \/>\n<meta property=\"og:title\" content=\"Un plan du pont pour Christine - Groupe local Hy\u00e8res les Maures\" \/>\n<meta property=\"og:description\" content=\"Pics, pics et col\u00e9gram. Un casting de folie pour cette sortie organis\u00e9 par Christine avec par ordre d&rsquo;apparition \u00e0 l&rsquo;\u00e9cran Christine, Gilles, G\u00e9rard, Evelyne, Michel,Marie-Paule, Sandra, Caroline, Marc, Sylvia et Wendy.Un cadre \u00e0 couper le souffle \u00ab\u00a0The Plan du Pont\u00a0\u00bb. Nous y v\u00eemes, des faucons cr\u00e9cerelles, des fauvettes \u00e0 t\u00eate noire, des pics \u00e9peiches, des [&hellip;]\" \/>\n<meta property=\"og:url\" content=\"https:\/\/paca.lpo.fr\/blogs\/hyeres-les-maures\/2023\/03\/23\/un-plan-du-pont-pour-christine\/\" \/>\n<meta property=\"og:site_name\" content=\"Groupe local Hy\u00e8res les Maures\" \/>\n<meta property=\"article:published_time\" content=\"2023-03-23T20:01:05+00:00\" \/>\n<meta property=\"og:image\" content=\"https:\/\/paca.lpo.fr\/blogs\/hyeres-les-maures\/files\/2023\/03\/dsc08577.jpg\" \/>\n\t<meta property=\"og:image:width\" content=\"627\" \/>\n\t<meta property=\"og:image:height\" content=\"418\" \/>\n\t<meta property=\"og:image:type\" content=\"image\/jpeg\" \/>\n<meta name=\"author\" content=\"hlm\" \/>\n<meta name=\"twitter:card\" content=\"summary_large_image\" \/>\n<meta name=\"twitter:label1\" content=\"\u00c9crit par\" \/>\n\t<meta name=\"twitter:data1\" content=\"hlm\" \/>\n\t<meta name=\"twitter:label2\" content=\"Dur\u00e9e de lecture estim\u00e9e\" \/>\n\t<meta name=\"twitter:data2\" content=\"1 minute\" \/>\n<script type=\"application\/ld+json\" class=\"yoast-schema-graph\">{\"@context\":\"https:\\\/\\\/schema.org\",\"@graph\":[{\"@type\":\"Article\",\"@id\":\"https:\\\/\\\/paca.lpo.fr\\\/blogs\\\/hyeres-les-maures\\\/2023\\\/03\\\/23\\\/un-plan-du-pont-pour-christine\\\/#article\",\"isPartOf\":{\"@id\":\"https:\\\/\\\/paca.lpo.fr\\\/blogs\\\/hyeres-les-maures\\\/2023\\\/03\\\/23\\\/un-plan-du-pont-pour-christine\\\/\"},\"author\":{\"name\":\"hlm\",\"@id\":\"https:\\\/\\\/paca.lpo.fr\\\/blogs\\\/hyeres-les-maures\\\/#\\\/schema\\\/person\\\/08bc31e186b5e8ad784248324b9e7f21\"},\"headline\":\"Un plan du pont pour Christine\",\"datePublished\":\"2023-03-23T20:01:05+00:00\",\"mainEntityOfPage\":{\"@id\":\"https:\\\/\\\/paca.lpo.fr\\\/blogs\\\/hyeres-les-maures\\\/2023\\\/03\\\/23\\\/un-plan-du-pont-pour-christine\\\/\"},\"wordCount\":222,\"commentCount\":0,\"publisher\":{\"@id\":\"https:\\\/\\\/paca.lpo.fr\\\/blogs\\\/hyeres-les-maures\\\/#organization\"},\"image\":{\"@id\":\"https:\\\/\\\/paca.lpo.fr\\\/blogs\\\/hyeres-les-maures\\\/2023\\\/03\\\/23\\\/un-plan-du-pont-pour-christine\\\/#primaryimage\"},\"thumbnailUrl\":\"https:\\\/\\\/paca.lpo.fr\\\/blogs\\\/hyeres-les-maures\\\/files\\\/2023\\\/03\\\/dsc08577.jpg\",\"articleSection\":[\"Actualit\u00e9s g\u00e9n\u00e9rales\"],\"inLanguage\":\"fr-FR\",\"potentialAction\":[{\"@type\":\"CommentAction\",\"name\":\"Comment\",\"target\":[\"https:\\\/\\\/paca.lpo.fr\\\/blogs\\\/hyeres-les-maures\\\/2023\\\/03\\\/23\\\/un-plan-du-pont-pour-christine\\\/#respond\"]}]},{\"@type\":\"WebPage\",\"@id\":\"https:\\\/\\\/paca.lpo.fr\\\/blogs\\\/hyeres-les-maures\\\/2023\\\/03\\\/23\\\/un-plan-du-pont-pour-christine\\\/\",\"url\":\"https:\\\/\\\/paca.lpo.fr\\\/blogs\\\/hyeres-les-maures\\\/2023\\\/03\\\/23\\\/un-plan-du-pont-pour-christine\\\/\",\"name\":\"Un plan du pont pour Christine - Groupe local Hy\u00e8res les Maures\",\"isPartOf\":{\"@id\":\"https:\\\/\\\/paca.lpo.fr\\\/blogs\\\/hyeres-les-maures\\\/#website\"},\"primaryImageOfPage\":{\"@id\":\"https:\\\/\\\/paca.lpo.fr\\\/blogs\\\/hyeres-les-maures\\\/2023\\\/03\\\/23\\\/un-plan-du-pont-pour-christine\\\/#primaryimage\"},\"image\":{\"@id\":\"https:\\\/\\\/paca.lpo.fr\\\/blogs\\\/hyeres-les-maures\\\/2023\\\/03\\\/23\\\/un-plan-du-pont-pour-christine\\\/#primaryimage\"},\"thumbnailUrl\":\"https:\\\/\\\/paca.lpo.fr\\\/blogs\\\/hyeres-les-maures\\\/files\\\/2023\\\/03\\\/dsc08577.jpg\",\"datePublished\":\"2023-03-23T20:01:05+00:00\",\"breadcrumb\":{\"@id\":\"https:\\\/\\\/paca.lpo.fr\\\/blogs\\\/hyeres-les-maures\\\/2023\\\/03\\\/23\\\/un-plan-du-pont-pour-christine\\\/#breadcrumb\"},\"inLanguage\":\"fr-FR\",\"potentialAction\":[{\"@type\":\"ReadAction\",\"target\":[\"https:\\\/\\\/paca.lpo.fr\\\/blogs\\\/hyeres-les-maures\\\/2023\\\/03\\\/23\\\/un-plan-du-pont-pour-christine\\\/\"]}]},{\"@type\":\"ImageObject\",\"inLanguage\":\"fr-FR\",\"@id\":\"https:\\\/\\\/paca.lpo.fr\\\/blogs\\\/hyeres-les-maures\\\/2023\\\/03\\\/23\\\/un-plan-du-pont-pour-christine\\\/#primaryimage\",\"url\":\"https:\\\/\\\/paca.lpo.fr\\\/blogs\\\/hyeres-les-maures\\\/files\\\/2023\\\/03\\\/dsc08577.jpg\",\"contentUrl\":\"https:\\\/\\\/paca.lpo.fr\\\/blogs\\\/hyeres-les-maures\\\/files\\\/2023\\\/03\\\/dsc08577.jpg\",\"width\":627,\"height\":418},{\"@type\":\"BreadcrumbList\",\"@id\":\"https:\\\/\\\/paca.lpo.fr\\\/blogs\\\/hyeres-les-maures\\\/2023\\\/03\\\/23\\\/un-plan-du-pont-pour-christine\\\/#breadcrumb\",\"itemListElement\":[{\"@type\":\"ListItem\",\"position\":1,\"name\":\"Accueil\",\"item\":\"https:\\\/\\\/paca.lpo.fr\\\/blogs\\\/hyeres-les-maures\\\/\"},{\"@type\":\"ListItem\",\"position\":2,\"name\":\"Un plan du pont pour Christine\"}]},{\"@type\":\"WebSite\",\"@id\":\"https:\\\/\\\/paca.lpo.fr\\\/blogs\\\/hyeres-les-maures\\\/#website\",\"url\":\"https:\\\/\\\/paca.lpo.fr\\\/blogs\\\/hyeres-les-maures\\\/\",\"name\":\"Groupe local Hy\u00e8res les Maures\",\"description\":\"Groupe local Hy\u00e8res les Maures\",\"publisher\":{\"@id\":\"https:\\\/\\\/paca.lpo.fr\\\/blogs\\\/hyeres-les-maures\\\/#organization\"},\"potentialAction\":[{\"@type\":\"SearchAction\",\"target\":{\"@type\":\"EntryPoint\",\"urlTemplate\":\"https:\\\/\\\/paca.lpo.fr\\\/blogs\\\/hyeres-les-maures\\\/?s={search_term_string}\"},\"query-input\":{\"@type\":\"PropertyValueSpecification\",\"valueRequired\":true,\"valueName\":\"search_term_string\"}}],\"inLanguage\":\"fr-FR\"},{\"@type\":\"Organization\",\"@id\":\"https:\\\/\\\/paca.lpo.fr\\\/blogs\\\/hyeres-les-maures\\\/#organization\",\"name\":\"Groupe local Hy\u00e8res les Maures\",\"url\":\"https:\\\/\\\/paca.lpo.fr\\\/blogs\\\/hyeres-les-maures\\\/\",\"logo\":{\"@type\":\"ImageObject\",\"inLanguage\":\"fr-FR\",\"@id\":\"https:\\\/\\\/paca.lpo.fr\\\/blogs\\\/hyeres-les-maures\\\/#\\\/schema\\\/logo\\\/image\\\/\",\"url\":\"https:\\\/\\\/paca.lpo.fr\\\/blogs\\\/hyeres-les-maures\\\/files\\\/2024\\\/01\\\/cropped-rvb-lpo-paca-logotype-signature-droite-mini-500.jpg\",\"contentUrl\":\"https:\\\/\\\/paca.lpo.fr\\\/blogs\\\/hyeres-les-maures\\\/files\\\/2024\\\/01\\\/cropped-rvb-lpo-paca-logotype-signature-droite-mini-500.jpg\",\"width\":500,\"height\":210,\"caption\":\"Groupe local Hy\u00e8res les Maures\"},\"image\":{\"@id\":\"https:\\\/\\\/paca.lpo.fr\\\/blogs\\\/hyeres-les-maures\\\/#\\\/schema\\\/logo\\\/image\\\/\"}},{\"@type\":\"Person\",\"@id\":\"https:\\\/\\\/paca.lpo.fr\\\/blogs\\\/hyeres-les-maures\\\/#\\\/schema\\\/person\\\/08bc31e186b5e8ad784248324b9e7f21\",\"name\":\"hlm\",\"image\":{\"@type\":\"ImageObject\",\"inLanguage\":\"fr-FR\",\"@id\":\"https:\\\/\\\/secure.gravatar.com\\\/avatar\\\/9a86c8b4130cd709c1bc98f089f507ee4b836587e04a54d2a0bf62671146daa4?s=96&d=mm&r=g\",\"url\":\"https:\\\/\\\/secure.gravatar.com\\\/avatar\\\/9a86c8b4130cd709c1bc98f089f507ee4b836587e04a54d2a0bf62671146daa4?s=96&d=mm&r=g\",\"contentUrl\":\"https:\\\/\\\/secure.gravatar.com\\\/avatar\\\/9a86c8b4130cd709c1bc98f089f507ee4b836587e04a54d2a0bf62671146daa4?s=96&d=mm&r=g\",\"caption\":\"hlm\"},\"url\":\"https:\\\/\\\/paca.lpo.fr\\\/blogs\\\/hyeres-les-maures\\\/author\\\/hyerestoulon5\\\/\"}]}<\/script>\n<!-- \/ Yoast SEO plugin. -->","yoast_head_json":{"title":"Un plan du pont pour Christine - Groupe local Hy\u00e8res les Maures","robots":{"index":"index","follow":"follow","max-snippet":"max-snippet:-1","max-image-preview":"max-image-preview:large","max-video-preview":"max-video-preview:-1"},"canonical":"https:\/\/paca.lpo.fr\/blogs\/hyeres-les-maures\/2023\/03\/23\/un-plan-du-pont-pour-christine\/","og_locale":"fr_FR","og_type":"article","og_title":"Un plan du pont pour Christine - Groupe local Hy\u00e8res les Maures","og_description":"Pics, pics et col\u00e9gram. Un casting de folie pour cette sortie organis\u00e9 par Christine avec par ordre d&rsquo;apparition \u00e0 l&rsquo;\u00e9cran Christine, Gilles, G\u00e9rard, Evelyne, Michel,Marie-Paule, Sandra, Caroline, Marc, Sylvia et Wendy.Un cadre \u00e0 couper le souffle \u00ab\u00a0The Plan du Pont\u00a0\u00bb. Nous y v\u00eemes, des faucons cr\u00e9cerelles, des fauvettes \u00e0 t\u00eate noire, des pics \u00e9peiches, des [&hellip;]","og_url":"https:\/\/paca.lpo.fr\/blogs\/hyeres-les-maures\/2023\/03\/23\/un-plan-du-pont-pour-christine\/","og_site_name":"Groupe local Hy\u00e8res les Maures","article_published_time":"2023-03-23T20:01:05+00:00","og_image":[{"width":627,"height":418,"url":"https:\/\/paca.lpo.fr\/blogs\/hyeres-les-maures\/files\/2023\/03\/dsc08577.jpg","type":"image\/jpeg"}],"author":"hlm","twitter_card":"summary_large_image","twitter_misc":{"\u00c9crit par":"hlm","Dur\u00e9e de lecture estim\u00e9e":"1 minute"},"schema":{"@context":"https:\/\/schema.org","@graph":[{"@type":"Article","@id":"https:\/\/paca.lpo.fr\/blogs\/hyeres-les-maures\/2023\/03\/23\/un-plan-du-pont-pour-christine\/#article","isPartOf":{"@id":"https:\/\/paca.lpo.fr\/blogs\/hyeres-les-maures\/2023\/03\/23\/un-plan-du-pont-pour-christine\/"},"author":{"name":"hlm","@id":"https:\/\/paca.lpo.fr\/blogs\/hyeres-les-maures\/#\/schema\/person\/08bc31e186b5e8ad784248324b9e7f21"},"headline":"Un plan du pont pour Christine","datePublished":"2023-03-23T20:01:05+00:00","mainEntityOfPage":{"@id":"https:\/\/paca.lpo.fr\/blogs\/hyeres-les-maures\/2023\/03\/23\/un-plan-du-pont-pour-christine\/"},"wordCount":222,"commentCount":0,"publisher":{"@id":"https:\/\/paca.lpo.fr\/blogs\/hyeres-les-maures\/#organization"},"image":{"@id":"https:\/\/paca.lpo.fr\/blogs\/hyeres-les-maures\/2023\/03\/23\/un-plan-du-pont-pour-christine\/#primaryimage"},"thumbnailUrl":"https:\/\/paca.lpo.fr\/blogs\/hyeres-les-maures\/files\/2023\/03\/dsc08577.jpg","articleSection":["Actualit\u00e9s g\u00e9n\u00e9rales"],"inLanguage":"fr-FR","potentialAction":[{"@type":"CommentAction","name":"Comment","target":["https:\/\/paca.lpo.fr\/blogs\/hyeres-les-maures\/2023\/03\/23\/un-plan-du-pont-pour-christine\/#respond"]}]},{"@type":"WebPage","@id":"https:\/\/paca.lpo.fr\/blogs\/hyeres-les-maures\/2023\/03\/23\/un-plan-du-pont-pour-christine\/","url":"https:\/\/paca.lpo.fr\/blogs\/hyeres-les-maures\/2023\/03\/23\/un-plan-du-pont-pour-christine\/","name":"Un plan du pont pour Christine - Groupe local Hy\u00e8res les Maures","isPartOf":{"@id":"https:\/\/paca.lpo.fr\/blogs\/hyeres-les-maures\/#website"},"primaryImageOfPage":{"@id":"https:\/\/paca.lpo.fr\/blogs\/hyeres-les-maures\/2023\/03\/23\/un-plan-du-pont-pour-christine\/#primaryimage"},"image":{"@id":"https:\/\/paca.lpo.fr\/blogs\/hyeres-les-maures\/2023\/03\/23\/un-plan-du-pont-pour-christine\/#primaryimage"},"thumbnailUrl":"https:\/\/paca.lpo.fr\/blogs\/hyeres-les-maures\/files\/2023\/03\/dsc08577.jpg","datePublished":"2023-03-23T20:01:05+00:00","breadcrumb":{"@id":"https:\/\/paca.lpo.fr\/blogs\/hyeres-les-maures\/2023\/03\/23\/un-plan-du-pont-pour-christine\/#breadcrumb"},"inLanguage":"fr-FR","potentialAction":[{"@type":"ReadAction","target":["https:\/\/paca.lpo.fr\/blogs\/hyeres-les-maures\/2023\/03\/23\/un-plan-du-pont-pour-christine\/"]}]},{"@type":"ImageObject","inLanguage":"fr-FR","@id":"https:\/\/paca.lpo.fr\/blogs\/hyeres-les-maures\/2023\/03\/23\/un-plan-du-pont-pour-christine\/#primaryimage","url":"https:\/\/paca.lpo.fr\/blogs\/hyeres-les-maures\/files\/2023\/03\/dsc08577.jpg","contentUrl":"https:\/\/paca.lpo.fr\/blogs\/hyeres-les-maures\/files\/2023\/03\/dsc08577.jpg","width":627,"height":418},{"@type":"BreadcrumbList","@id":"https:\/\/paca.lpo.fr\/blogs\/hyeres-les-maures\/2023\/03\/23\/un-plan-du-pont-pour-christine\/#breadcrumb","itemListElement":[{"@type":"ListItem","position":1,"name":"Accueil","item":"https:\/\/paca.lpo.fr\/blogs\/hyeres-les-maures\/"},{"@type":"ListItem","position":2,"name":"Un plan du pont pour Christine"}]},{"@type":"WebSite","@id":"https:\/\/paca.lpo.fr\/blogs\/hyeres-les-maures\/#website","url":"https:\/\/paca.lpo.fr\/blogs\/hyeres-les-maures\/","name":"Groupe local Hy\u00e8res les Maures","description":"Groupe local Hy\u00e8res les Maures","publisher":{"@id":"https:\/\/paca.lpo.fr\/blogs\/hyeres-les-maures\/#organization"},"potentialAction":[{"@type":"SearchAction","target":{"@type":"EntryPoint","urlTemplate":"https:\/\/paca.lpo.fr\/blogs\/hyeres-les-maures\/?s={search_term_string}"},"query-input":{"@type":"PropertyValueSpecification","valueRequired":true,"valueName":"search_term_string"}}],"inLanguage":"fr-FR"},{"@type":"Organization","@id":"https:\/\/paca.lpo.fr\/blogs\/hyeres-les-maures\/#organization","name":"Groupe local Hy\u00e8res les Maures","url":"https:\/\/paca.lpo.fr\/blogs\/hyeres-les-maures\/","logo":{"@type":"ImageObject","inLanguage":"fr-FR","@id":"https:\/\/paca.lpo.fr\/blogs\/hyeres-les-maures\/#\/schema\/logo\/image\/","url":"https:\/\/paca.lpo.fr\/blogs\/hyeres-les-maures\/files\/2024\/01\/cropped-rvb-lpo-paca-logotype-signature-droite-mini-500.jpg","contentUrl":"https:\/\/paca.lpo.fr\/blogs\/hyeres-les-maures\/files\/2024\/01\/cropped-rvb-lpo-paca-logotype-signature-droite-mini-500.jpg","width":500,"height":210,"caption":"Groupe local Hy\u00e8res les Maures"},"image":{"@id":"https:\/\/paca.lpo.fr\/blogs\/hyeres-les-maures\/#\/schema\/logo\/image\/"}},{"@type":"Person","@id":"https:\/\/paca.lpo.fr\/blogs\/hyeres-les-maures\/#\/schema\/person\/08bc31e186b5e8ad784248324b9e7f21","name":"hlm","image":{"@type":"ImageObject","inLanguage":"fr-FR","@id":"https:\/\/secure.gravatar.com\/avatar\/9a86c8b4130cd709c1bc98f089f507ee4b836587e04a54d2a0bf62671146daa4?s=96&d=mm&r=g","url":"https:\/\/secure.gravatar.com\/avatar\/9a86c8b4130cd709c1bc98f089f507ee4b836587e04a54d2a0bf62671146daa4?s=96&d=mm&r=g","contentUrl":"https:\/\/secure.gravatar.com\/avatar\/9a86c8b4130cd709c1bc98f089f507ee4b836587e04a54d2a0bf62671146daa4?s=96&d=mm&r=g","caption":"hlm"},"url":"https:\/\/paca.lpo.fr\/blogs\/hyeres-les-maures\/author\/hyerestoulon5\/"}]}},"jetpack_featured_media_url":"https:\/\/paca.lpo.fr\/blogs\/hyeres-les-maures\/files\/2023\/03\/dsc08577.jpg","_links":{"self":[{"href":"https:\/\/paca.lpo.fr\/blogs\/hyeres-les-maures\/wp-json\/wp\/v2\/posts\/7365","targetHints":{"allow":["GET"]}}],"collection":[{"href":"https:\/\/paca.lpo.fr\/blogs\/hyeres-les-maures\/wp-json\/wp\/v2\/posts"}],"about":[{"href":"https:\/\/paca.lpo.fr\/blogs\/hyeres-les-maures\/wp-json\/wp\/v2\/types\/post"}],"author":[{"embeddable":true,"href":"https:\/\/paca.lpo.fr\/blogs\/hyeres-les-maures\/wp-json\/wp\/v2\/users\/117"}],"replies":[{"embeddable":true,"href":"https:\/\/paca.lpo.fr\/blogs\/hyeres-les-maures\/wp-json\/wp\/v2\/comments?post=7365"}],"version-history":[{"count":4,"href":"https:\/\/paca.lpo.fr\/blogs\/hyeres-les-maures\/wp-json\/wp\/v2\/posts\/7365\/revisions"}],"predecessor-version":[{"id":7410,"href":"https:\/\/paca.lpo.fr\/blogs\/hyeres-les-maures\/wp-json\/wp\/v2\/posts\/7365\/revisions\/7410"}],"wp:featuredmedia":[{"embeddable":true,"href":"https:\/\/paca.lpo.fr\/blogs\/hyeres-les-maures\/wp-json\/wp\/v2\/media\/7394"}],"wp:attachment":[{"href":"https:\/\/paca.lpo.fr\/blogs\/hyeres-les-maures\/wp-json\/wp\/v2\/media?parent=7365"}],"wp:term":[{"taxonomy":"category","embeddable":true,"href":"https:\/\/paca.lpo.fr\/blogs\/hyeres-les-maures\/wp-json\/wp\/v2\/categories?post=7365"},{"taxonomy":"post_tag","embeddable":true,"href":"https:\/\/paca.lpo.fr\/blogs\/hyeres-les-maures\/wp-json\/wp\/v2\/tags?post=7365"}],"curies":[{"name":"wp","href":"https:\/\/api.w.org\/{rel}","templated":true}]}}