{"id":7393,"date":"2023-03-27T07:58:06","date_gmt":"2023-03-27T06:58:06","guid":{"rendered":"https:\/\/paca.lpo.fr\/blogs\/hyeres-les-maures\/?p=7393"},"modified":"2023-03-27T07:58:07","modified_gmt":"2023-03-27T06:58:07","slug":"lieurette-publique","status":"publish","type":"post","link":"https:\/\/paca.lpo.fr\/blogs\/hyeres-les-maures\/2023\/03\/27\/lieurette-publique\/","title":{"rendered":"Lieurette publique"},"content":{"rendered":"\n<p>Une douzaine de participants \u00e0 cette visite Lieurette du samedi 25 mars, men\u00e9e par Gilles.<br><\/p>\n\n\n\n<figure class=\"wp-block-image size-full\"><img loading=\"lazy\" decoding=\"async\" width=\"591\" height=\"443\" src=\"https:\/\/paca.lpo.fr\/blogs\/hyeres-les-maures\/files\/2023\/03\/dscn1515.jpg\" alt=\"\" class=\"wp-image-7418\" \/><\/figure>\n\n\n\n<p><br>Peu de passereaux observ\u00e9s en raison du vent. Mais les Ibis falcinelles \u00e9taient encore pr\u00e9sents, ainsi que quelques Sarcelles d\u2019hiver et des Canards colverts.<\/p>\n\n\n\n<figure class=\"wp-block-image size-full\"><img loading=\"lazy\" decoding=\"async\" width=\"1024\" height=\"746\" src=\"https:\/\/paca.lpo.fr\/blogs\/hyeres-les-maures\/files\/2023\/03\/dscn1509-1.jpg\" alt=\"\" class=\"wp-image-7420\" srcset=\"https:\/\/paca.lpo.fr\/blogs\/hyeres-les-maures\/files\/2023\/03\/dscn1509-1.jpg 1024w, https:\/\/paca.lpo.fr\/blogs\/hyeres-les-maures\/files\/2023\/03\/dscn1509-1-768x560.jpg 768w\" sizes=\"auto, (max-width: 1024px) 100vw, 1024px\" \/><\/figure>\n\n\n\n<figure class=\"wp-block-image size-full\"><img loading=\"lazy\" decoding=\"async\" width=\"591\" height=\"443\" src=\"https:\/\/paca.lpo.fr\/blogs\/hyeres-les-maures\/files\/2023\/03\/dscn1521.jpg\" alt=\"\" class=\"wp-image-7421\" \/><\/figure>\n\n\n\n<p><br><\/p>\n\n\n\n<p><br><br><br>Une visite bien boucl\u00e9e ; des visiteurs enchant\u00e9s par la beaut\u00e9 du site, et nous ravis de ces moments partag\u00e9s.<br><br>Christine<br><\/p>\n","protected":false},"excerpt":{"rendered":"<p>Une douzaine de participants \u00e0 cette visite Lieurette du samedi 25 mars, men\u00e9e par Gilles. Peu de passereaux observ\u00e9s en raison du vent. Mais les Ibis falcinelles \u00e9taient encore pr\u00e9sents, ainsi que quelques Sarcelles d\u2019hiver et des Canards colverts. Une visite bien boucl\u00e9e ; des visiteurs enchant\u00e9s par la beaut\u00e9 du site, et nous ravis [&hellip;]<\/p>\n","protected":false},"author":117,"featured_media":7417,"comment_status":"open","ping_status":"open","sticky":false,"template":"","format":"standard","meta":{"footnotes":""},"categories":[1],"tags":[],"class_list":["post-7393","post","type-post","status-publish","format-standard","has-post-thumbnail","hentry","category-actualites-generales"],"jetpack_featured_media_url":"https:\/\/paca.lpo.fr\/blogs\/hyeres-les-maures\/files\/2023\/03\/dscn1522.jpg","_links":{"self":[{"href":"https:\/\/paca.lpo.fr\/blogs\/hyeres-les-maures\/wp-json\/wp\/v2\/posts\/7393","targetHints":{"allow":["GET"]}}],"collection":[{"href":"https:\/\/paca.lpo.fr\/blogs\/hyeres-les-maures\/wp-json\/wp\/v2\/posts"}],"about":[{"href":"https:\/\/paca.lpo.fr\/blogs\/hyeres-les-maures\/wp-json\/wp\/v2\/types\/post"}],"author":[{"embeddable":true,"href":"https:\/\/paca.lpo.fr\/blogs\/hyeres-les-maures\/wp-json\/wp\/v2\/users\/117"}],"replies":[{"embeddable":true,"href":"https:\/\/paca.lpo.fr\/blogs\/hyeres-les-maures\/wp-json\/wp\/v2\/comments?post=7393"}],"version-history":[{"count":4,"href":"https:\/\/paca.lpo.fr\/blogs\/hyeres-les-maures\/wp-json\/wp\/v2\/posts\/7393\/revisions"}],"predecessor-version":[{"id":7423,"href":"https:\/\/paca.lpo.fr\/blogs\/hyeres-les-maures\/wp-json\/wp\/v2\/posts\/7393\/revisions\/7423"}],"wp:featuredmedia":[{"embeddable":true,"href":"https:\/\/paca.lpo.fr\/blogs\/hyeres-les-maures\/wp-json\/wp\/v2\/media\/7417"}],"wp:attachment":[{"href":"https:\/\/paca.lpo.fr\/blogs\/hyeres-les-maures\/wp-json\/wp\/v2\/media?parent=7393"}],"wp:term":[{"taxonomy":"category","embeddable":true,"href":"https:\/\/paca.lpo.fr\/blogs\/hyeres-les-maures\/wp-json\/wp\/v2\/categories?post=7393"},{"taxonomy":"post_tag","embeddable":true,"href":"https:\/\/paca.lpo.fr\/blogs\/hyeres-les-maures\/wp-json\/wp\/v2\/tags?post=7393"}],"curies":[{"name":"wp","href":"https:\/\/api.w.org\/{rel}","templated":true}]}}