{"id":7729,"date":"2023-05-10T09:35:55","date_gmt":"2023-05-10T08:35:55","guid":{"rendered":"https:\/\/paca.lpo.fr\/blogs\/hyeres-les-maures\/?p=7729"},"modified":"2023-05-10T09:35:56","modified_gmt":"2023-05-10T08:35:56","slug":"fete-a-la-londe","status":"publish","type":"post","link":"https:\/\/paca.lpo.fr\/blogs\/hyeres-les-maures\/2023\/05\/10\/fete-a-la-londe\/","title":{"rendered":"F\u00eate \u00e0 la Londe"},"content":{"rendered":"\n<p><\/p>\n\n\n\n<p>Nature ne f\u00eate \u00e0 la Londe le dimanche 7 mai.<\/p>\n<p>Gestion du stand par Christine et Joseph, rejoints par Michel et Pierre.<\/p>\n<p><img loading=\"lazy\" decoding=\"async\" class=\"aligncenter size-medium wp-image-7793\" src=\"https:\/\/paca.lpo.fr\/blogs\/hyeres-les-maures\/files\/2023\/05\/image-1-576x768.jpg\" alt=\"\" width=\"576\" height=\"768\" srcset=\"https:\/\/paca.lpo.fr\/blogs\/hyeres-les-maures\/files\/2023\/05\/image-1-576x768.jpg 576w, https:\/\/paca.lpo.fr\/blogs\/hyeres-les-maures\/files\/2023\/05\/image-1.jpg 756w\" sizes=\"auto, (max-width: 576px) 100vw, 576px\" \/><\/p>\n<p>Beaucoup d&rsquo;animations \u00e0 cette manifestation, spectacle \u00e9questre, fanfare, exposition d&rsquo;animaux ( \u00e0 vocation p\u00e9dagogique bien s\u00fbr ), divers exposants&#8230; Quelques 5000 visiteurs selon les organisateurs (la police n&rsquo;a pas transmis leur compte.\u00a0 ndlr)\u00a0<\/p>\n<p>Notre stand n&rsquo;a pas d\u00e9sempli et le jeu de la migration \u00e0 rencontr\u00e9 toujours autant de succ\u00e8s .<\/p>\n<p><img loading=\"lazy\" decoding=\"async\" class=\"aligncenter size-medium wp-image-7794\" src=\"https:\/\/paca.lpo.fr\/blogs\/hyeres-les-maures\/files\/2023\/05\/image-2-576x768.jpg\" alt=\"\" width=\"576\" height=\"768\" srcset=\"https:\/\/paca.lpo.fr\/blogs\/hyeres-les-maures\/files\/2023\/05\/image-2-576x768.jpg 576w, https:\/\/paca.lpo.fr\/blogs\/hyeres-les-maures\/files\/2023\/05\/image-2.jpg 756w\" sizes=\"auto, (max-width: 576px) 100vw, 576px\" \/><\/p>\n<p>Le programme refuges suscite aussi beaucoup d&rsquo;int\u00e9r\u00eat.<\/p>\n<p>On esp\u00e8re avoir bien accompli notre mission de sensibilisation.<\/p>\n<p>Christine<\/p>\n","protected":false},"excerpt":{"rendered":"","protected":false},"author":117,"featured_media":7791,"comment_status":"open","ping_status":"open","sticky":false,"template":"","format":"standard","meta":{"footnotes":""},"categories":[1],"tags":[],"class_list":["post-7729","post","type-post","status-publish","format-standard","has-post-thumbnail","hentry","category-actualites-generales"],"jetpack_featured_media_url":"https:\/\/paca.lpo.fr\/blogs\/hyeres-les-maures\/files\/2023\/05\/image.jpg","_links":{"self":[{"href":"https:\/\/paca.lpo.fr\/blogs\/hyeres-les-maures\/wp-json\/wp\/v2\/posts\/7729","targetHints":{"allow":["GET"]}}],"collection":[{"href":"https:\/\/paca.lpo.fr\/blogs\/hyeres-les-maures\/wp-json\/wp\/v2\/posts"}],"about":[{"href":"https:\/\/paca.lpo.fr\/blogs\/hyeres-les-maures\/wp-json\/wp\/v2\/types\/post"}],"author":[{"embeddable":true,"href":"https:\/\/paca.lpo.fr\/blogs\/hyeres-les-maures\/wp-json\/wp\/v2\/users\/117"}],"replies":[{"embeddable":true,"href":"https:\/\/paca.lpo.fr\/blogs\/hyeres-les-maures\/wp-json\/wp\/v2\/comments?post=7729"}],"version-history":[{"count":3,"href":"https:\/\/paca.lpo.fr\/blogs\/hyeres-les-maures\/wp-json\/wp\/v2\/posts\/7729\/revisions"}],"predecessor-version":[{"id":7795,"href":"https:\/\/paca.lpo.fr\/blogs\/hyeres-les-maures\/wp-json\/wp\/v2\/posts\/7729\/revisions\/7795"}],"wp:featuredmedia":[{"embeddable":true,"href":"https:\/\/paca.lpo.fr\/blogs\/hyeres-les-maures\/wp-json\/wp\/v2\/media\/7791"}],"wp:attachment":[{"href":"https:\/\/paca.lpo.fr\/blogs\/hyeres-les-maures\/wp-json\/wp\/v2\/media?parent=7729"}],"wp:term":[{"taxonomy":"category","embeddable":true,"href":"https:\/\/paca.lpo.fr\/blogs\/hyeres-les-maures\/wp-json\/wp\/v2\/categories?post=7729"},{"taxonomy":"post_tag","embeddable":true,"href":"https:\/\/paca.lpo.fr\/blogs\/hyeres-les-maures\/wp-json\/wp\/v2\/tags?post=7729"}],"curies":[{"name":"wp","href":"https:\/\/api.w.org\/{rel}","templated":true}]}}