{"id":7790,"date":"2023-05-16T16:18:20","date_gmt":"2023-05-16T15:18:20","guid":{"rendered":"https:\/\/paca.lpo.fr\/blogs\/hyeres-les-maures\/?p=7790"},"modified":"2023-05-16T16:18:21","modified_gmt":"2023-05-16T15:18:21","slug":"jardin-du-real-7","status":"publish","type":"post","link":"https:\/\/paca.lpo.fr\/blogs\/hyeres-les-maures\/2023\/05\/16\/jardin-du-real-7\/","title":{"rendered":"Jardin du R\u00e9al"},"content":{"rendered":"\n<p>JARDIN du REAL<br><br>Le weekend des 13 et 14 mai la LPO animait un stand dans ce jardin par\u00e9 de milliers de fleurs printani\u00e8res..<\/p>\n\n\n\n<figure class=\"wp-block-image size-full\"><img loading=\"lazy\" decoding=\"async\" width=\"1024\" height=\"576\" src=\"https:\/\/paca.lpo.fr\/blogs\/hyeres-les-maures\/files\/2023\/05\/p1190068-r25.jpg\" alt=\"\" class=\"wp-image-7802\" srcset=\"https:\/\/paca.lpo.fr\/blogs\/hyeres-les-maures\/files\/2023\/05\/p1190068-r25.jpg 1024w, https:\/\/paca.lpo.fr\/blogs\/hyeres-les-maures\/files\/2023\/05\/p1190068-r25-768x432.jpg 768w\" sizes=\"auto, (max-width: 1024px) 100vw, 1024px\" \/><\/figure>\n\n\n\n<p><\/p>\n\n\n\n<figure class=\"wp-block-image size-full\"><img loading=\"lazy\" decoding=\"async\" width=\"1024\" height=\"576\" src=\"https:\/\/paca.lpo.fr\/blogs\/hyeres-les-maures\/files\/2023\/05\/p1190067-r25.jpg\" alt=\"\" class=\"wp-image-7801\" srcset=\"https:\/\/paca.lpo.fr\/blogs\/hyeres-les-maures\/files\/2023\/05\/p1190067-r25.jpg 1024w, https:\/\/paca.lpo.fr\/blogs\/hyeres-les-maures\/files\/2023\/05\/p1190067-r25-768x432.jpg 768w\" sizes=\"auto, (max-width: 1024px) 100vw, 1024px\" \/><\/figure>\n\n\n\n<p><br><br>Le samedi la m\u00e9t\u00e9o peu engageante a du d\u00e9courager des visiteurs.<br><br>Cependant  il n\u2019a pas plu au jardin, alors qu\u2019en partant nous avons constat\u00e9 qu\u2019\u00e0 moins de 500 m\u00e8tres les routes \u00e9taient d\u00e9tremp\u00e9es.<br><br>Le dimanche tr\u00e8s ensoleill\u00e9 a vu  arriver beaucoup plus de monde, mais \u00e0 17h de tr\u00e8s fortes pluies orageuses ont bien arros\u00e9 visiteurs et exposants.<\/p>\n\n\n\n<figure class=\"wp-block-image size-full\"><img loading=\"lazy\" decoding=\"async\" width=\"1024\" height=\"576\" src=\"https:\/\/paca.lpo.fr\/blogs\/hyeres-les-maures\/files\/2023\/05\/p1190075-r25.jpg\" alt=\"\" class=\"wp-image-7803\" srcset=\"https:\/\/paca.lpo.fr\/blogs\/hyeres-les-maures\/files\/2023\/05\/p1190075-r25.jpg 1024w, https:\/\/paca.lpo.fr\/blogs\/hyeres-les-maures\/files\/2023\/05\/p1190075-r25-768x432.jpg 768w\" sizes=\"auto, (max-width: 1024px) 100vw, 1024px\" \/><\/figure>\n\n\n\n<figure class=\"wp-block-image size-full\"><img loading=\"lazy\" decoding=\"async\" width=\"1024\" height=\"576\" src=\"https:\/\/paca.lpo.fr\/blogs\/hyeres-les-maures\/files\/2023\/05\/p1190077-r25.jpg\" alt=\"\" class=\"wp-image-7804\" srcset=\"https:\/\/paca.lpo.fr\/blogs\/hyeres-les-maures\/files\/2023\/05\/p1190077-r25.jpg 1024w, https:\/\/paca.lpo.fr\/blogs\/hyeres-les-maures\/files\/2023\/05\/p1190077-r25-768x432.jpg 768w\" sizes=\"auto, (max-width: 1024px) 100vw, 1024px\" \/><\/figure>\n\n\n\n<p><\/p>\n\n\n\n<p><br><br>Comme \u00e0 chaque fois l\u2019organisation (Barnum fourni et install\u00e9) et  la sympathie des membres de l\u2019association ont \u00e9t\u00e9 remarquables.<br><br>Sans oublier la Pa\u00eblla du samedi et la Daube du dimanche !<br><br>Cot\u00e9 oiseaux, concert au petit matin (y compris Loriots) , Blongios signal\u00e9 et une \u00ab naissance \u00bb.<br><br>Au milieu de l\u2019apr\u00e8s midi un oisillon a quitt\u00e9 son nichoir et est venu se poser sur une \u00e9paule accueillante, puis a repris son vol pour aller se cacher dans les buissons.<\/p>\n\n\n\n<figure class=\"wp-block-image size-full\"><img loading=\"lazy\" decoding=\"async\" width=\"1024\" height=\"576\" src=\"https:\/\/paca.lpo.fr\/blogs\/hyeres-les-maures\/files\/2023\/05\/p1190080-r25.jpg\" alt=\"\" class=\"wp-image-7805\" srcset=\"https:\/\/paca.lpo.fr\/blogs\/hyeres-les-maures\/files\/2023\/05\/p1190080-r25.jpg 1024w, https:\/\/paca.lpo.fr\/blogs\/hyeres-les-maures\/files\/2023\/05\/p1190080-r25-768x432.jpg 768w\" sizes=\"auto, (max-width: 1024px) 100vw, 1024px\" \/><\/figure>\n\n\n\n<p><\/p>\n\n\n\n<figure class=\"wp-block-image size-full\"><img loading=\"lazy\" decoding=\"async\" width=\"1024\" height=\"576\" src=\"https:\/\/paca.lpo.fr\/blogs\/hyeres-les-maures\/files\/2023\/05\/p1190083-r25.jpg\" alt=\"\" class=\"wp-image-7806\" srcset=\"https:\/\/paca.lpo.fr\/blogs\/hyeres-les-maures\/files\/2023\/05\/p1190083-r25.jpg 1024w, https:\/\/paca.lpo.fr\/blogs\/hyeres-les-maures\/files\/2023\/05\/p1190083-r25-768x432.jpg 768w\" sizes=\"auto, (max-width: 1024px) 100vw, 1024px\" \/><\/figure>\n\n\n\n<p><br><br>Une nouvelle caisse (totalement vide 2 jours avant) a \u00e9t\u00e9 mise en service.<br><br>Les jeux \u00ab O\u00f9 est Charlie \u00bb et \u00ab Migration \u00bb ont \u00e0 nouveau \u00e9t\u00e9 appr\u00e9ci\u00e9s des plus jeunes.<\/p>\n\n\n\n<figure class=\"wp-block-image size-full\"><img loading=\"lazy\" decoding=\"async\" width=\"1024\" height=\"576\" src=\"https:\/\/paca.lpo.fr\/blogs\/hyeres-les-maures\/files\/2023\/05\/p1190070-r25.jpg\" alt=\"\" class=\"wp-image-7799\" srcset=\"https:\/\/paca.lpo.fr\/blogs\/hyeres-les-maures\/files\/2023\/05\/p1190070-r25.jpg 1024w, https:\/\/paca.lpo.fr\/blogs\/hyeres-les-maures\/files\/2023\/05\/p1190070-r25-768x432.jpg 768w\" sizes=\"auto, (max-width: 1024px) 100vw, 1024px\" \/><\/figure>\n\n\n\n<p><br><br>D\u2019autres rencontres de ce type sont pr\u00e9vues en mai et juin.<br><br>HLM<\/p>\n","protected":false},"excerpt":{"rendered":"<p>JARDIN du REAL Le weekend des 13 et 14 mai la LPO animait un stand dans ce jardin par\u00e9 de milliers de fleurs printani\u00e8res.. Le samedi la m\u00e9t\u00e9o peu engageante a du d\u00e9courager des visiteurs. Cependant il n\u2019a pas plu au jardin, alors qu\u2019en partant nous avons constat\u00e9 qu\u2019\u00e0 moins de 500 m\u00e8tres les routes [&hellip;]<\/p>\n","protected":false},"author":117,"featured_media":7798,"comment_status":"open","ping_status":"open","sticky":false,"template":"","format":"standard","meta":{"footnotes":""},"categories":[1],"tags":[],"class_list":["post-7790","post","type-post","status-publish","format-standard","has-post-thumbnail","hentry","category-actualites-generales"],"jetpack_featured_media_url":"https:\/\/paca.lpo.fr\/blogs\/hyeres-les-maures\/files\/2023\/05\/p1190066-r25.jpg","_links":{"self":[{"href":"https:\/\/paca.lpo.fr\/blogs\/hyeres-les-maures\/wp-json\/wp\/v2\/posts\/7790","targetHints":{"allow":["GET"]}}],"collection":[{"href":"https:\/\/paca.lpo.fr\/blogs\/hyeres-les-maures\/wp-json\/wp\/v2\/posts"}],"about":[{"href":"https:\/\/paca.lpo.fr\/blogs\/hyeres-les-maures\/wp-json\/wp\/v2\/types\/post"}],"author":[{"embeddable":true,"href":"https:\/\/paca.lpo.fr\/blogs\/hyeres-les-maures\/wp-json\/wp\/v2\/users\/117"}],"replies":[{"embeddable":true,"href":"https:\/\/paca.lpo.fr\/blogs\/hyeres-les-maures\/wp-json\/wp\/v2\/comments?post=7790"}],"version-history":[{"count":3,"href":"https:\/\/paca.lpo.fr\/blogs\/hyeres-les-maures\/wp-json\/wp\/v2\/posts\/7790\/revisions"}],"predecessor-version":[{"id":7807,"href":"https:\/\/paca.lpo.fr\/blogs\/hyeres-les-maures\/wp-json\/wp\/v2\/posts\/7790\/revisions\/7807"}],"wp:featuredmedia":[{"embeddable":true,"href":"https:\/\/paca.lpo.fr\/blogs\/hyeres-les-maures\/wp-json\/wp\/v2\/media\/7798"}],"wp:attachment":[{"href":"https:\/\/paca.lpo.fr\/blogs\/hyeres-les-maures\/wp-json\/wp\/v2\/media?parent=7790"}],"wp:term":[{"taxonomy":"category","embeddable":true,"href":"https:\/\/paca.lpo.fr\/blogs\/hyeres-les-maures\/wp-json\/wp\/v2\/categories?post=7790"},{"taxonomy":"post_tag","embeddable":true,"href":"https:\/\/paca.lpo.fr\/blogs\/hyeres-les-maures\/wp-json\/wp\/v2\/tags?post=7790"}],"curies":[{"name":"wp","href":"https:\/\/api.w.org\/{rel}","templated":true}]}}