{"id":7808,"date":"2023-05-25T16:27:37","date_gmt":"2023-05-25T15:27:37","guid":{"rendered":"https:\/\/paca.lpo.fr\/blogs\/hyeres-les-maures\/?p=7808"},"modified":"2023-05-25T16:27:37","modified_gmt":"2023-05-25T15:27:37","slug":"loiseau-du-mois-2","status":"publish","type":"post","link":"https:\/\/paca.lpo.fr\/blogs\/hyeres-les-maures\/2023\/05\/25\/loiseau-du-mois-2\/","title":{"rendered":"L&rsquo;oiseau du mois"},"content":{"rendered":"\n<p>i<br>Les Rougequeues.<br>Les rougequeues comme leur nom l\u2019indique poss\u00e8dent une queue orange (comme quoi, on peut \u00eatre daltonien et r\u00e9ussir dans l\u2019ornithologie). A Hy\u00e8res et sa r\u00e9gion deux versions sont disponibles<br>Le rougequeue noir (Phoenicurus ochruros Gmelin, 1774)<br>Le rougequeue \u00e0 front blanc (Phoenicurus phoenicurus Linnaeus, 1758).<br>Contrairement \u00e0 Homo sapiens sapiens, chez les Rougequeues ce sont les m\u00e2les qui sont color\u00e9 de fa\u00e7on outrageuse, les femelles peu bavardes ont un plumage discret assurant leur camouflage pendant la couvaison qu\u2019elles assurent seules pendant que leurs concubins s\u2019\u00e9gosillent \u00e0 longueur de temps et assurent le ravitaillement en insectes et chenilles ragoutantes.<br>Ce dimorphisme entre les sexes nous \u00e9vite de rechercher les trililis et grololos pour savoir qui fait quoi avec qui.<br>Les deux esp\u00e8ces font Tchip Tchip et d\u2019autres chants pour signaler leur pr\u00e9sence, le Noir imite aussi \u00e0 la perfection le cri du papier froiss\u00e9.<br>Pour les diff\u00e9rencier c\u2019est fastoche, tu le prends en photo et tu la montre \u00e0 Aur\u00e9lien, sinon le Noir a des teintes plut\u00f4t gris\u00e2tres, le front blanc plut\u00f4t chamois.<br>La version noire est rupestre, elle adore les pierres (pas celui d\u2019Ir\u00e8ne, ni l\u2019autre d\u2019ailleurs, mais les cailloux et les rochers). Cette attirance pour les milieux min\u00e9raux la fait fr\u00e9quenter les montagnes et les milieux fa\u00e7onn\u00e9s par l\u2019homme.<\/p>\n\n\n\n<figure class=\"wp-block-image size-full\"><img loading=\"lazy\" decoding=\"async\" width=\"1000\" height=\"803\" src=\"https:\/\/paca.lpo.fr\/blogs\/hyeres-les-maures\/files\/2023\/05\/rougequeue-noir-le-papa.jpg\" alt=\"\" class=\"wp-image-7814\" srcset=\"https:\/\/paca.lpo.fr\/blogs\/hyeres-les-maures\/files\/2023\/05\/rougequeue-noir-le-papa.jpg 1000w, https:\/\/paca.lpo.fr\/blogs\/hyeres-les-maures\/files\/2023\/05\/rougequeue-noir-le-papa-768x617.jpg 768w\" sizes=\"auto, (max-width: 1000px) 100vw, 1000px\" \/><\/figure>\n\n\n\n<figure class=\"wp-block-image size-full\"><img loading=\"lazy\" decoding=\"async\" width=\"1000\" height=\"750\" src=\"https:\/\/paca.lpo.fr\/blogs\/hyeres-les-maures\/files\/2023\/05\/rougequeue-noir-male.jpg\" alt=\"\" class=\"wp-image-7815\" srcset=\"https:\/\/paca.lpo.fr\/blogs\/hyeres-les-maures\/files\/2023\/05\/rougequeue-noir-male.jpg 1000w, https:\/\/paca.lpo.fr\/blogs\/hyeres-les-maures\/files\/2023\/05\/rougequeue-noir-male-768x576.jpg 768w\" sizes=\"auto, (max-width: 1000px) 100vw, 1000px\" \/><\/figure>\n\n\n\n<figure class=\"wp-block-image size-full\"><img loading=\"lazy\" decoding=\"async\" width=\"1000\" height=\"704\" src=\"https:\/\/paca.lpo.fr\/blogs\/hyeres-les-maures\/files\/2023\/05\/rougequeuenoir-la-maman.jpg\" alt=\"\" class=\"wp-image-7816\" srcset=\"https:\/\/paca.lpo.fr\/blogs\/hyeres-les-maures\/files\/2023\/05\/rougequeuenoir-la-maman.jpg 1000w, https:\/\/paca.lpo.fr\/blogs\/hyeres-les-maures\/files\/2023\/05\/rougequeuenoir-la-maman-768x541.jpg 768w\" sizes=\"auto, (max-width: 1000px) 100vw, 1000px\" \/><\/figure>\n\n\n\n<p><br>Le rougequeue \u00e0 front blanc est plus inf\u00e9od\u00e9 aux arbres et beaucoup moins proche de l\u2019homme que son cousin black. De plus cette esp\u00e8ce migratrice transsaharienne n\u2019est pr\u00e9sente qu\u2019en \u00e9t\u00e9 contrairement \u00e0 l\u2019autre sp\u00e9cimen qui descend de la montagne (\u00e0 cheval\u00a0???) en automne et est beaucoup plus pr\u00e9sent chez nous en hiver qu\u2019en \u00e9t\u00e9.<\/p>\n\n\n\n<figure class=\"wp-block-image size-full\"><img loading=\"lazy\" decoding=\"async\" width=\"1000\" height=\"750\" src=\"https:\/\/paca.lpo.fr\/blogs\/hyeres-les-maures\/files\/2023\/05\/rougequeue-a-front-blanc-le-papa.jpg\" alt=\"\" class=\"wp-image-7811\" srcset=\"https:\/\/paca.lpo.fr\/blogs\/hyeres-les-maures\/files\/2023\/05\/rougequeue-a-front-blanc-le-papa.jpg 1000w, https:\/\/paca.lpo.fr\/blogs\/hyeres-les-maures\/files\/2023\/05\/rougequeue-a-front-blanc-le-papa-768x576.jpg 768w\" sizes=\"auto, (max-width: 1000px) 100vw, 1000px\" \/><\/figure>\n\n\n\n<figure class=\"wp-block-image size-full\"><img loading=\"lazy\" decoding=\"async\" width=\"1000\" height=\"750\" src=\"https:\/\/paca.lpo.fr\/blogs\/hyeres-les-maures\/files\/2023\/05\/rougequeue-front-blanc-femelle-2-.jpg\" alt=\"\" class=\"wp-image-7812\" srcset=\"https:\/\/paca.lpo.fr\/blogs\/hyeres-les-maures\/files\/2023\/05\/rougequeue-front-blanc-femelle-2-.jpg 1000w, https:\/\/paca.lpo.fr\/blogs\/hyeres-les-maures\/files\/2023\/05\/rougequeue-front-blanc-femelle-2--768x576.jpg 768w\" sizes=\"auto, (max-width: 1000px) 100vw, 1000px\" \/><\/figure>\n\n\n\n<figure class=\"wp-block-image size-full\"><img loading=\"lazy\" decoding=\"async\" width=\"699\" height=\"531\" src=\"https:\/\/paca.lpo.fr\/blogs\/hyeres-les-maures\/files\/2023\/05\/rougequeue-front-blanc-la-maman.jpg\" alt=\"\" class=\"wp-image-7813\" \/><\/figure>\n\n\n\n<p><br>Les beaux jours revenus, le rougequeue noir repart vers les Alpes et les milieux moins secs, toutefois certains fain\u00e9ants restent avec nous toute l\u2019ann\u00e9e.<br>En attendant, le prochain \u00e9pisode sur les poules ou le macareux du Gapeau.<br>Bonne semaine<br>Gilles<br><\/p>\n","protected":false},"excerpt":{"rendered":"<p>iLes Rougequeues.Les rougequeues comme leur nom l\u2019indique poss\u00e8dent une queue orange (comme quoi, on peut \u00eatre daltonien et r\u00e9ussir dans l\u2019ornithologie). A Hy\u00e8res et sa r\u00e9gion deux versions sont disponiblesLe rougequeue noir (Phoenicurus ochruros Gmelin, 1774)Le rougequeue \u00e0 front blanc (Phoenicurus phoenicurus Linnaeus, 1758).Contrairement \u00e0 Homo sapiens sapiens, chez les Rougequeues ce sont les m\u00e2les [&hellip;]<\/p>\n","protected":false},"author":117,"featured_media":7811,"comment_status":"open","ping_status":"open","sticky":false,"template":"","format":"standard","meta":{"footnotes":""},"categories":[1],"tags":[],"class_list":["post-7808","post","type-post","status-publish","format-standard","has-post-thumbnail","hentry","category-actualites-generales"],"jetpack_featured_media_url":"https:\/\/paca.lpo.fr\/blogs\/hyeres-les-maures\/files\/2023\/05\/rougequeue-a-front-blanc-le-papa.jpg","_links":{"self":[{"href":"https:\/\/paca.lpo.fr\/blogs\/hyeres-les-maures\/wp-json\/wp\/v2\/posts\/7808","targetHints":{"allow":["GET"]}}],"collection":[{"href":"https:\/\/paca.lpo.fr\/blogs\/hyeres-les-maures\/wp-json\/wp\/v2\/posts"}],"about":[{"href":"https:\/\/paca.lpo.fr\/blogs\/hyeres-les-maures\/wp-json\/wp\/v2\/types\/post"}],"author":[{"embeddable":true,"href":"https:\/\/paca.lpo.fr\/blogs\/hyeres-les-maures\/wp-json\/wp\/v2\/users\/117"}],"replies":[{"embeddable":true,"href":"https:\/\/paca.lpo.fr\/blogs\/hyeres-les-maures\/wp-json\/wp\/v2\/comments?post=7808"}],"version-history":[{"count":3,"href":"https:\/\/paca.lpo.fr\/blogs\/hyeres-les-maures\/wp-json\/wp\/v2\/posts\/7808\/revisions"}],"predecessor-version":[{"id":7818,"href":"https:\/\/paca.lpo.fr\/blogs\/hyeres-les-maures\/wp-json\/wp\/v2\/posts\/7808\/revisions\/7818"}],"wp:featuredmedia":[{"embeddable":true,"href":"https:\/\/paca.lpo.fr\/blogs\/hyeres-les-maures\/wp-json\/wp\/v2\/media\/7811"}],"wp:attachment":[{"href":"https:\/\/paca.lpo.fr\/blogs\/hyeres-les-maures\/wp-json\/wp\/v2\/media?parent=7808"}],"wp:term":[{"taxonomy":"category","embeddable":true,"href":"https:\/\/paca.lpo.fr\/blogs\/hyeres-les-maures\/wp-json\/wp\/v2\/categories?post=7808"},{"taxonomy":"post_tag","embeddable":true,"href":"https:\/\/paca.lpo.fr\/blogs\/hyeres-les-maures\/wp-json\/wp\/v2\/tags?post=7808"}],"curies":[{"name":"wp","href":"https:\/\/api.w.org\/{rel}","templated":true}]}}