{"id":7820,"date":"2023-05-31T16:54:04","date_gmt":"2023-05-31T15:54:04","guid":{"rendered":"https:\/\/paca.lpo.fr\/blogs\/hyeres-les-maures\/?p=7820"},"modified":"2023-05-31T16:54:05","modified_gmt":"2023-05-31T15:54:05","slug":"christine-en-vadrouille","status":"publish","type":"post","link":"https:\/\/paca.lpo.fr\/blogs\/hyeres-les-maures\/2023\/05\/31\/christine-en-vadrouille\/","title":{"rendered":"Christine en vadrouille"},"content":{"rendered":"\n<p>Le Plan du Pont sous les nuages, et en petit comit\u00e9 ce mercredi 31 mai, mais dans une v\u00e9g\u00e9tation dense, verte  et  une explosion de  fleurs.<br><br>Les oiseaux se font entendre &#8211; plus de 25 chants\/cris Identifi\u00e9s  &#8211;  en revanche ils sont bien cach\u00e9s !  <br><br>La star des m\u00e2les chanteurs est incontestablement le Rossignol philom\u00e8le, relay\u00e9 par la Bouscarle de Cetti qui avait du mal \u00e0 en placer une !<\/p>\n\n\n\n<figure class=\"wp-block-image size-full\"><img loading=\"lazy\" decoding=\"async\" width=\"756\" height=\"1008\" src=\"https:\/\/paca.lpo.fr\/blogs\/hyeres-les-maures\/files\/2023\/05\/image-1-1.jpg\" alt=\"\" class=\"wp-image-7863\" srcset=\"https:\/\/paca.lpo.fr\/blogs\/hyeres-les-maures\/files\/2023\/05\/image-1-1.jpg 756w, https:\/\/paca.lpo.fr\/blogs\/hyeres-les-maures\/files\/2023\/05\/image-1-1-576x768.jpg 576w\" sizes=\"auto, (max-width: 756px) 100vw, 756px\" \/><\/figure>\n\n\n\n<p><br><br>Dans tout ce \u00ab vacarme \u00bb, on a quand m\u00eame pu \u00e9couter le roucoulement de la Tourterelle des bois.<br><br>Et, on a eu la chance d\u2019apercevoir un Blongios nain \u2026  quelques instants !<br><br>Bref, beaucoup de gazouillis charmants,  et encore un bon moment partag\u00e9.<br><\/p>\n","protected":false},"excerpt":{"rendered":"<p>Le Plan du Pont sous les nuages, et en petit comit\u00e9 ce mercredi 31 mai, mais dans une v\u00e9g\u00e9tation dense, verte et une explosion de fleurs. Les oiseaux se font entendre &#8211; plus de 25 chants\/cris Identifi\u00e9s &#8211; en revanche ils sont bien cach\u00e9s ! La star des m\u00e2les chanteurs est incontestablement le Rossignol philom\u00e8le, [&hellip;]<\/p>\n","protected":false},"author":117,"featured_media":7862,"comment_status":"open","ping_status":"open","sticky":false,"template":"","format":"standard","meta":{"footnotes":""},"categories":[1],"tags":[],"class_list":["post-7820","post","type-post","status-publish","format-standard","has-post-thumbnail","hentry","category-actualites-generales"],"jetpack_featured_media_url":"https:\/\/paca.lpo.fr\/blogs\/hyeres-les-maures\/files\/2023\/05\/image-3.jpg","_links":{"self":[{"href":"https:\/\/paca.lpo.fr\/blogs\/hyeres-les-maures\/wp-json\/wp\/v2\/posts\/7820","targetHints":{"allow":["GET"]}}],"collection":[{"href":"https:\/\/paca.lpo.fr\/blogs\/hyeres-les-maures\/wp-json\/wp\/v2\/posts"}],"about":[{"href":"https:\/\/paca.lpo.fr\/blogs\/hyeres-les-maures\/wp-json\/wp\/v2\/types\/post"}],"author":[{"embeddable":true,"href":"https:\/\/paca.lpo.fr\/blogs\/hyeres-les-maures\/wp-json\/wp\/v2\/users\/117"}],"replies":[{"embeddable":true,"href":"https:\/\/paca.lpo.fr\/blogs\/hyeres-les-maures\/wp-json\/wp\/v2\/comments?post=7820"}],"version-history":[{"count":2,"href":"https:\/\/paca.lpo.fr\/blogs\/hyeres-les-maures\/wp-json\/wp\/v2\/posts\/7820\/revisions"}],"predecessor-version":[{"id":7864,"href":"https:\/\/paca.lpo.fr\/blogs\/hyeres-les-maures\/wp-json\/wp\/v2\/posts\/7820\/revisions\/7864"}],"wp:featuredmedia":[{"embeddable":true,"href":"https:\/\/paca.lpo.fr\/blogs\/hyeres-les-maures\/wp-json\/wp\/v2\/media\/7862"}],"wp:attachment":[{"href":"https:\/\/paca.lpo.fr\/blogs\/hyeres-les-maures\/wp-json\/wp\/v2\/media?parent=7820"}],"wp:term":[{"taxonomy":"category","embeddable":true,"href":"https:\/\/paca.lpo.fr\/blogs\/hyeres-les-maures\/wp-json\/wp\/v2\/categories?post=7820"},{"taxonomy":"post_tag","embeddable":true,"href":"https:\/\/paca.lpo.fr\/blogs\/hyeres-les-maures\/wp-json\/wp\/v2\/tags?post=7820"}],"curies":[{"name":"wp","href":"https:\/\/api.w.org\/{rel}","templated":true}]}}